{"id":9125,"date":"2026-09-01T12:39:08","date_gmt":"2026-09-01T18:39:08","guid":{"rendered":"https:\/\/www.univa.mx\/zamora\/?p=9125"},"modified":"2026-09-01T12:39:08","modified_gmt":"2026-09-01T18:39:08","slug":"egresados-de-univa-zamora-jacona-reciben-el-reconocimiento-coparmex-a-la-excelencia-educativa-2026","status":"publish","type":"post","link":"https:\/\/www.univa.mx\/zamora\/egresados-de-univa-zamora-jacona-reciben-el-reconocimiento-coparmex-a-la-excelencia-educativa-2026\/","title":{"rendered":"Egresados de UNIVA Zamora-Jacona reciben el Reconocimiento COPARMEX a la Excelencia Educativa 2026"},"content":{"rendered":"<p>Con orgullo y satisfacci\u00f3n, la Universidad del Valle de Atemajac (UNIVA), Campus Zamora-Jacona, celebra el reconocimiento otorgado a trece de sus egresadas y egresados durante la ceremonia del <strong>Reconocimiento COPARMEX a la Excelencia Educativa 2026<\/strong>, una distinci\u00f3n que exalta el talento, la dedicaci\u00f3n y el compromiso de j\u00f3venes profesionistas que hoy contribuyen al desarrollo de sus comunidades desde diversos \u00e1mbitos.<\/p>\n<p>En un ambiente de entusiasmo y orgullo universitario, la ceremonia reuni\u00f3 a representantes del sector empresarial, autoridades acad\u00e9micas y familiares de los galardonados, quienes fueron reconocidos por destacar no solo por su desempe\u00f1o acad\u00e9mico, sino tambi\u00e9n por su liderazgo, responsabilidad social y capacidad para generar un impacto positivo en su entorno.<\/p>\n<p>Para la comunidad UNIVA, este reconocimiento representa la consolidaci\u00f3n de una formaci\u00f3n integral que impulsa a sus estudiantes a convertirse en profesionales competentes, comprometidos con los valores humanistas y preparados para responder a los desaf\u00edos de una sociedad en constante transformaci\u00f3n.<\/p>\n<p>Los gresados distinguidos fueron:<\/p>\n<ul>\n<li>Alma Delia Zamora Minchaca \u2013 Licenciatura en Contadur\u00eda Fiscal y Finanzas.<\/li>\n<li>Andrea Arredondo G\u00e1lvez \u2013 Licenciatura en Administraci\u00f3n e Innovaci\u00f3n de Negocios.<\/li>\n<li>Wendy Elizabeth Zamora M\u00e9ndez \u2013 Licenciatura en Dise\u00f1o Gr\u00e1fico Estrat\u00e9gico.<\/li>\n<li>Zuriel Jes\u00fas \u00c1lvarez Rodr\u00edguez \u2013 Licenciatura en Derecho.<\/li>\n<li>Montserrat Pascuala Maga\u00f1a Cerda \u2013 Licenciatura en Derecho.<\/li>\n<li>Melissa Guadalupe Ayala B\u00e1ez \u2013 Ingenier\u00eda en Arquitectura.<\/li>\n<li>Karla Lynette Torres Romero \u2013 Licenciatura en Psicolog\u00eda.<\/li>\n<li>Carlos Manuel Hern\u00e1ndez Cort\u00e9s \u2013 Ingenier\u00eda en Arquitectura.<\/li>\n<li>Marian Vega Navarrete \u2013 Licenciatura en Comercio y Negocios Internacionales.<\/li>\n<li>Ivonne Montserrat Garibay R\u00edos \u2013 Licenciatura en Ense\u00f1anza y Gesti\u00f3n del Ingl\u00e9s.<\/li>\n<li>Graciela Guadalupe Ch\u00e1vez Silva \u2013 Licenciatura en Comercio y Negocios Internacionales.<\/li>\n<li>Ana Sof\u00eda Fuentes Licea \u2013 Licenciatura en Derecho.<\/li>\n<li>\u00c1mbar Yunuen Rosas Inocencio \u2013 Licenciatura en Psicolog\u00eda.<\/li>\n<\/ul>\n<p>Cada uno de ellos representa una historia de esfuerzo, disciplina y perseverancia. Su trayectoria refleja el compromiso con la excelencia que distingue a la comunidad UNIVA y reafirma el prop\u00f3sito institucional de formar l\u00edderes capaces de transformar positivamente la realidad desde el ejercicio \u00e9tico de su profesi\u00f3n.<\/p>\n<p>La participaci\u00f3n de UNIVA Zamora-Jacona en este importante reconocimiento fortalece los lazos de colaboraci\u00f3n con el sector empresarial y refrenda el compromiso de la Universidad por impulsar una educaci\u00f3n de calidad, pertinente y con profundo sentido humano.<\/p>\n<p>M\u00e1s all\u00e1 de un reconocimiento individual, esta distinci\u00f3n simboliza el impacto que las instituciones de educaci\u00f3n superior generan cuando forman profesionistas comprometidos con el bien com\u00fan. Cada logro alcanzado por sus egresadas y egresados es tambi\u00e9n un reflejo de una comunidad universitaria que cree en el conocimiento como motor de transformaci\u00f3n social.<\/p>\n<p>Con este reconocimiento, UNIVA celebra el presente de sus egresados y mira con entusiasmo hacia el futuro, convencida de que el talento, cuando se acompa\u00f1a de valores y compromiso, tiene la capacidad de construir una sociedad m\u00e1s justa, innovadora y solidaria.<\/p>\n","protected":false},"excerpt":{"rendered":"<p>Con orgullo y satisfacci\u00f3n, la Universidad del Valle de Atemajac (UNIVA), Campus Zamora-Jacona, celebra el reconocimiento otorgado a trece de sus egresadas y egresados durante la ceremonia del Reconocimiento COPARMEX&#8230;<\/p>\n","protected":false},"author":30,"featured_media":9126,"comment_status":"closed","ping_status":"closed","sticky":false,"template":"","format":"standard","meta":{"footnotes":""},"categories":[2],"tags":[],"class_list":["post-9125","post","type-post","status-publish","format-standard","has-post-thumbnail","category-noticias"],"yoast_head":"<!-- This site is optimized with the Yoast SEO plugin v28.0 - https:\/\/yoast.com\/product\/yoast-seo-wordpress\/ -->\n<title>Egresados de UNIVA Zamora-Jacona reciben el Reconocimiento COPARMEX a la Excelencia Educativa 2026 - Zamora<\/title>\n<meta name=\"robots\" content=\"index, follow, max-snippet:-1, max-image-preview:large, max-video-preview:-1\" \/>\n<link rel=\"canonical\" href=\"https:\/\/www.univa.mx\/zamora\/egresados-de-univa-zamora-jacona-reciben-el-reconocimiento-coparmex-a-la-excelencia-educativa-2026\/\" \/>\n<meta property=\"og:locale\" content=\"es_ES\" \/>\n<meta property=\"og:type\" content=\"article\" \/>\n<meta property=\"og:title\" content=\"Egresados de UNIVA Zamora-Jacona reciben el Reconocimiento COPARMEX a la Excelencia Educativa 2026 - Zamora\" \/>\n<meta property=\"og:description\" content=\"Con orgullo y satisfacci\u00f3n, la Universidad del Valle de Atemajac (UNIVA), Campus Zamora-Jacona, celebra el reconocimiento otorgado a trece de sus egresadas y egresados durante la ceremonia del Reconocimiento COPARMEX...\" \/>\n<meta property=\"og:url\" content=\"https:\/\/www.univa.mx\/zamora\/egresados-de-univa-zamora-jacona-reciben-el-reconocimiento-coparmex-a-la-excelencia-educativa-2026\/\" \/>\n<meta property=\"og:site_name\" content=\"Zamora\" \/>\n<meta property=\"article:published_time\" content=\"2026-09-01T18:39:08+00:00\" \/>\n<meta property=\"og:image\" content=\"https:\/\/www.univa.mx\/zamora\/wp-content\/uploads\/sites\/3\/2026\/09\/coparmex-9-e1788287869303.jpg\" \/>\n\t<meta property=\"og:image:width\" content=\"864\" \/>\n\t<meta property=\"og:image:height\" content=\"720\" \/>\n\t<meta property=\"og:image:type\" content=\"image\/jpeg\" \/>\n<meta name=\"author\" content=\"Comunicaci\u00f3n Sistema UNIVA\" \/>\n<meta name=\"twitter:card\" content=\"summary_large_image\" \/>\n<meta name=\"twitter:label1\" content=\"Escrito por\" \/>\n\t<meta name=\"twitter:data1\" content=\"Comunicaci\u00f3n Sistema UNIVA\" \/>\n\t<meta name=\"twitter:label2\" content=\"Tiempo de lectura\" \/>\n\t<meta name=\"twitter:data2\" content=\"3 minutos\" \/>\n<script type=\"application\/ld+json\" class=\"yoast-schema-graph\">{\"@context\":\"https:\\\/\\\/schema.org\",\"@graph\":[{\"@type\":\"Article\",\"@id\":\"https:\\\/\\\/www.univa.mx\\\/zamora\\\/egresados-de-univa-zamora-jacona-reciben-el-reconocimiento-coparmex-a-la-excelencia-educativa-2026\\\/#article\",\"isPartOf\":{\"@id\":\"https:\\\/\\\/www.univa.mx\\\/zamora\\\/egresados-de-univa-zamora-jacona-reciben-el-reconocimiento-coparmex-a-la-excelencia-educativa-2026\\\/\"},\"author\":{\"name\":\"Comunicaci\u00f3n Sistema UNIVA\",\"@id\":\"https:\\\/\\\/www.univa.mx\\\/zamora\\\/#\\\/schema\\\/person\\\/692cf72d7872d318f79d4fbac1091082\"},\"headline\":\"Egresados de UNIVA Zamora-Jacona reciben el Reconocimiento COPARMEX a la Excelencia Educativa 2026\",\"datePublished\":\"2026-09-01T18:39:08+00:00\",\"mainEntityOfPage\":{\"@id\":\"https:\\\/\\\/www.univa.mx\\\/zamora\\\/egresados-de-univa-zamora-jacona-reciben-el-reconocimiento-coparmex-a-la-excelencia-educativa-2026\\\/\"},\"wordCount\":502,\"image\":{\"@id\":\"https:\\\/\\\/www.univa.mx\\\/zamora\\\/egresados-de-univa-zamora-jacona-reciben-el-reconocimiento-coparmex-a-la-excelencia-educativa-2026\\\/#primaryimage\"},\"thumbnailUrl\":\"https:\\\/\\\/www.univa.mx\\\/zamora\\\/wp-content\\\/uploads\\\/sites\\\/3\\\/2026\\\/09\\\/coparmex-9-e1788287869303.jpg\",\"articleSection\":[\"Noticias\"],\"inLanguage\":\"es\"},{\"@type\":\"WebPage\",\"@id\":\"https:\\\/\\\/www.univa.mx\\\/zamora\\\/egresados-de-univa-zamora-jacona-reciben-el-reconocimiento-coparmex-a-la-excelencia-educativa-2026\\\/\",\"url\":\"https:\\\/\\\/www.univa.mx\\\/zamora\\\/egresados-de-univa-zamora-jacona-reciben-el-reconocimiento-coparmex-a-la-excelencia-educativa-2026\\\/\",\"name\":\"Egresados de UNIVA Zamora-Jacona reciben el Reconocimiento COPARMEX a la Excelencia Educativa 2026 - Zamora\",\"isPartOf\":{\"@id\":\"https:\\\/\\\/www.univa.mx\\\/zamora\\\/#website\"},\"primaryImageOfPage\":{\"@id\":\"https:\\\/\\\/www.univa.mx\\\/zamora\\\/egresados-de-univa-zamora-jacona-reciben-el-reconocimiento-coparmex-a-la-excelencia-educativa-2026\\\/#primaryimage\"},\"image\":{\"@id\":\"https:\\\/\\\/www.univa.mx\\\/zamora\\\/egresados-de-univa-zamora-jacona-reciben-el-reconocimiento-coparmex-a-la-excelencia-educativa-2026\\\/#primaryimage\"},\"thumbnailUrl\":\"https:\\\/\\\/www.univa.mx\\\/zamora\\\/wp-content\\\/uploads\\\/sites\\\/3\\\/2026\\\/09\\\/coparmex-9-e1788287869303.jpg\",\"datePublished\":\"2026-09-01T18:39:08+00:00\",\"author\":{\"@id\":\"https:\\\/\\\/www.univa.mx\\\/zamora\\\/#\\\/schema\\\/person\\\/692cf72d7872d318f79d4fbac1091082\"},\"breadcrumb\":{\"@id\":\"https:\\\/\\\/www.univa.mx\\\/zamora\\\/egresados-de-univa-zamora-jacona-reciben-el-reconocimiento-coparmex-a-la-excelencia-educativa-2026\\\/#breadcrumb\"},\"inLanguage\":\"es\",\"potentialAction\":[{\"@type\":\"ReadAction\",\"target\":[\"https:\\\/\\\/www.univa.mx\\\/zamora\\\/egresados-de-univa-zamora-jacona-reciben-el-reconocimiento-coparmex-a-la-excelencia-educativa-2026\\\/\"]}]},{\"@type\":\"ImageObject\",\"inLanguage\":\"es\",\"@id\":\"https:\\\/\\\/www.univa.mx\\\/zamora\\\/egresados-de-univa-zamora-jacona-reciben-el-reconocimiento-coparmex-a-la-excelencia-educativa-2026\\\/#primaryimage\",\"url\":\"https:\\\/\\\/www.univa.mx\\\/zamora\\\/wp-content\\\/uploads\\\/sites\\\/3\\\/2026\\\/09\\\/coparmex-9-e1788287869303.jpg\",\"contentUrl\":\"https:\\\/\\\/www.univa.mx\\\/zamora\\\/wp-content\\\/uploads\\\/sites\\\/3\\\/2026\\\/09\\\/coparmex-9-e1788287869303.jpg\",\"width\":864,\"height\":720},{\"@type\":\"BreadcrumbList\",\"@id\":\"https:\\\/\\\/www.univa.mx\\\/zamora\\\/egresados-de-univa-zamora-jacona-reciben-el-reconocimiento-coparmex-a-la-excelencia-educativa-2026\\\/#breadcrumb\",\"itemListElement\":[{\"@type\":\"ListItem\",\"position\":1,\"name\":\"Portada\",\"item\":\"https:\\\/\\\/www.univa.mx\\\/zamora\\\/\"},{\"@type\":\"ListItem\",\"position\":2,\"name\":\"Egresados de UNIVA Zamora-Jacona reciben el Reconocimiento COPARMEX a la Excelencia Educativa 2026\"}]},{\"@type\":\"WebSite\",\"@id\":\"https:\\\/\\\/www.univa.mx\\\/zamora\\\/#website\",\"url\":\"https:\\\/\\\/www.univa.mx\\\/zamora\\\/\",\"name\":\"Zamora\",\"description\":\"Univa\",\"potentialAction\":[{\"@type\":\"SearchAction\",\"target\":{\"@type\":\"EntryPoint\",\"urlTemplate\":\"https:\\\/\\\/www.univa.mx\\\/zamora\\\/?s={search_term_string}\"},\"query-input\":{\"@type\":\"PropertyValueSpecification\",\"valueRequired\":true,\"valueName\":\"search_term_string\"}}],\"inLanguage\":\"es\"},{\"@type\":\"Person\",\"@id\":\"https:\\\/\\\/www.univa.mx\\\/zamora\\\/#\\\/schema\\\/person\\\/692cf72d7872d318f79d4fbac1091082\",\"name\":\"Comunicaci\u00f3n Sistema UNIVA\",\"image\":{\"@type\":\"ImageObject\",\"inLanguage\":\"es\",\"@id\":\"https:\\\/\\\/secure.gravatar.com\\\/avatar\\\/43ae2b7a627388c2529404c7698448b06e79e664875a93a164cc62f42f2cee17?s=96&d=mm&r=g\",\"url\":\"https:\\\/\\\/secure.gravatar.com\\\/avatar\\\/43ae2b7a627388c2529404c7698448b06e79e664875a93a164cc62f42f2cee17?s=96&d=mm&r=g\",\"contentUrl\":\"https:\\\/\\\/secure.gravatar.com\\\/avatar\\\/43ae2b7a627388c2529404c7698448b06e79e664875a93a164cc62f42f2cee17?s=96&d=mm&r=g\",\"caption\":\"Comunicaci\u00f3n Sistema UNIVA\"},\"url\":\"https:\\\/\\\/www.univa.mx\\\/zamora\\\/author\\\/alejandrareyes\\\/\"}]}<\/script>\n<!-- \/ Yoast SEO plugin. -->","yoast_head_json":{"title":"Egresados de UNIVA Zamora-Jacona reciben el Reconocimiento COPARMEX a la Excelencia Educativa 2026 - Zamora","robots":{"index":"index","follow":"follow","max-snippet":"max-snippet:-1","max-image-preview":"max-image-preview:large","max-video-preview":"max-video-preview:-1"},"canonical":"https:\/\/www.univa.mx\/zamora\/egresados-de-univa-zamora-jacona-reciben-el-reconocimiento-coparmex-a-la-excelencia-educativa-2026\/","og_locale":"es_ES","og_type":"article","og_title":"Egresados de UNIVA Zamora-Jacona reciben el Reconocimiento COPARMEX a la Excelencia Educativa 2026 - Zamora","og_description":"Con orgullo y satisfacci\u00f3n, la Universidad del Valle de Atemajac (UNIVA), Campus Zamora-Jacona, celebra el reconocimiento otorgado a trece de sus egresadas y egresados durante la ceremonia del Reconocimiento COPARMEX...","og_url":"https:\/\/www.univa.mx\/zamora\/egresados-de-univa-zamora-jacona-reciben-el-reconocimiento-coparmex-a-la-excelencia-educativa-2026\/","og_site_name":"Zamora","article_published_time":"2026-09-01T18:39:08+00:00","og_image":[{"width":864,"height":720,"url":"https:\/\/www.univa.mx\/zamora\/wp-content\/uploads\/sites\/3\/2026\/09\/coparmex-9-e1788287869303.jpg","type":"image\/jpeg"}],"author":"Comunicaci\u00f3n Sistema UNIVA","twitter_card":"summary_large_image","twitter_misc":{"Escrito por":"Comunicaci\u00f3n Sistema UNIVA","Tiempo de lectura":"3 minutos"},"schema":{"@context":"https:\/\/schema.org","@graph":[{"@type":"Article","@id":"https:\/\/www.univa.mx\/zamora\/egresados-de-univa-zamora-jacona-reciben-el-reconocimiento-coparmex-a-la-excelencia-educativa-2026\/#article","isPartOf":{"@id":"https:\/\/www.univa.mx\/zamora\/egresados-de-univa-zamora-jacona-reciben-el-reconocimiento-coparmex-a-la-excelencia-educativa-2026\/"},"author":{"name":"Comunicaci\u00f3n Sistema UNIVA","@id":"https:\/\/www.univa.mx\/zamora\/#\/schema\/person\/692cf72d7872d318f79d4fbac1091082"},"headline":"Egresados de UNIVA Zamora-Jacona reciben el Reconocimiento COPARMEX a la Excelencia Educativa 2026","datePublished":"2026-09-01T18:39:08+00:00","mainEntityOfPage":{"@id":"https:\/\/www.univa.mx\/zamora\/egresados-de-univa-zamora-jacona-reciben-el-reconocimiento-coparmex-a-la-excelencia-educativa-2026\/"},"wordCount":502,"image":{"@id":"https:\/\/www.univa.mx\/zamora\/egresados-de-univa-zamora-jacona-reciben-el-reconocimiento-coparmex-a-la-excelencia-educativa-2026\/#primaryimage"},"thumbnailUrl":"https:\/\/www.univa.mx\/zamora\/wp-content\/uploads\/sites\/3\/2026\/09\/coparmex-9-e1788287869303.jpg","articleSection":["Noticias"],"inLanguage":"es"},{"@type":"WebPage","@id":"https:\/\/www.univa.mx\/zamora\/egresados-de-univa-zamora-jacona-reciben-el-reconocimiento-coparmex-a-la-excelencia-educativa-2026\/","url":"https:\/\/www.univa.mx\/zamora\/egresados-de-univa-zamora-jacona-reciben-el-reconocimiento-coparmex-a-la-excelencia-educativa-2026\/","name":"Egresados de UNIVA Zamora-Jacona reciben el Reconocimiento COPARMEX a la Excelencia Educativa 2026 - Zamora","isPartOf":{"@id":"https:\/\/www.univa.mx\/zamora\/#website"},"primaryImageOfPage":{"@id":"https:\/\/www.univa.mx\/zamora\/egresados-de-univa-zamora-jacona-reciben-el-reconocimiento-coparmex-a-la-excelencia-educativa-2026\/#primaryimage"},"image":{"@id":"https:\/\/www.univa.mx\/zamora\/egresados-de-univa-zamora-jacona-reciben-el-reconocimiento-coparmex-a-la-excelencia-educativa-2026\/#primaryimage"},"thumbnailUrl":"https:\/\/www.univa.mx\/zamora\/wp-content\/uploads\/sites\/3\/2026\/09\/coparmex-9-e1788287869303.jpg","datePublished":"2026-09-01T18:39:08+00:00","author":{"@id":"https:\/\/www.univa.mx\/zamora\/#\/schema\/person\/692cf72d7872d318f79d4fbac1091082"},"breadcrumb":{"@id":"https:\/\/www.univa.mx\/zamora\/egresados-de-univa-zamora-jacona-reciben-el-reconocimiento-coparmex-a-la-excelencia-educativa-2026\/#breadcrumb"},"inLanguage":"es","potentialAction":[{"@type":"ReadAction","target":["https:\/\/www.univa.mx\/zamora\/egresados-de-univa-zamora-jacona-reciben-el-reconocimiento-coparmex-a-la-excelencia-educativa-2026\/"]}]},{"@type":"ImageObject","inLanguage":"es","@id":"https:\/\/www.univa.mx\/zamora\/egresados-de-univa-zamora-jacona-reciben-el-reconocimiento-coparmex-a-la-excelencia-educativa-2026\/#primaryimage","url":"https:\/\/www.univa.mx\/zamora\/wp-content\/uploads\/sites\/3\/2026\/09\/coparmex-9-e1788287869303.jpg","contentUrl":"https:\/\/www.univa.mx\/zamora\/wp-content\/uploads\/sites\/3\/2026\/09\/coparmex-9-e1788287869303.jpg","width":864,"height":720},{"@type":"BreadcrumbList","@id":"https:\/\/www.univa.mx\/zamora\/egresados-de-univa-zamora-jacona-reciben-el-reconocimiento-coparmex-a-la-excelencia-educativa-2026\/#breadcrumb","itemListElement":[{"@type":"ListItem","position":1,"name":"Portada","item":"https:\/\/www.univa.mx\/zamora\/"},{"@type":"ListItem","position":2,"name":"Egresados de UNIVA Zamora-Jacona reciben el Reconocimiento COPARMEX a la Excelencia Educativa 2026"}]},{"@type":"WebSite","@id":"https:\/\/www.univa.mx\/zamora\/#website","url":"https:\/\/www.univa.mx\/zamora\/","name":"Zamora","description":"Univa","potentialAction":[{"@type":"SearchAction","target":{"@type":"EntryPoint","urlTemplate":"https:\/\/www.univa.mx\/zamora\/?s={search_term_string}"},"query-input":{"@type":"PropertyValueSpecification","valueRequired":true,"valueName":"search_term_string"}}],"inLanguage":"es"},{"@type":"Person","@id":"https:\/\/www.univa.mx\/zamora\/#\/schema\/person\/692cf72d7872d318f79d4fbac1091082","name":"Comunicaci\u00f3n Sistema UNIVA","image":{"@type":"ImageObject","inLanguage":"es","@id":"https:\/\/secure.gravatar.com\/avatar\/43ae2b7a627388c2529404c7698448b06e79e664875a93a164cc62f42f2cee17?s=96&d=mm&r=g","url":"https:\/\/secure.gravatar.com\/avatar\/43ae2b7a627388c2529404c7698448b06e79e664875a93a164cc62f42f2cee17?s=96&d=mm&r=g","contentUrl":"https:\/\/secure.gravatar.com\/avatar\/43ae2b7a627388c2529404c7698448b06e79e664875a93a164cc62f42f2cee17?s=96&d=mm&r=g","caption":"Comunicaci\u00f3n Sistema UNIVA"},"url":"https:\/\/www.univa.mx\/zamora\/author\/alejandrareyes\/"}]}},"_links":{"self":[{"href":"https:\/\/www.univa.mx\/zamora\/wp-json\/wp\/v2\/posts\/9125","targetHints":{"allow":["GET"]}}],"collection":[{"href":"https:\/\/www.univa.mx\/zamora\/wp-json\/wp\/v2\/posts"}],"about":[{"href":"https:\/\/www.univa.mx\/zamora\/wp-json\/wp\/v2\/types\/post"}],"author":[{"embeddable":true,"href":"https:\/\/www.univa.mx\/zamora\/wp-json\/wp\/v2\/users\/30"}],"replies":[{"embeddable":true,"href":"https:\/\/www.univa.mx\/zamora\/wp-json\/wp\/v2\/comments?post=9125"}],"version-history":[{"count":1,"href":"https:\/\/www.univa.mx\/zamora\/wp-json\/wp\/v2\/posts\/9125\/revisions"}],"predecessor-version":[{"id":9127,"href":"https:\/\/www.univa.mx\/zamora\/wp-json\/wp\/v2\/posts\/9125\/revisions\/9127"}],"wp:featuredmedia":[{"embeddable":true,"href":"https:\/\/www.univa.mx\/zamora\/wp-json\/wp\/v2\/media\/9126"}],"wp:attachment":[{"href":"https:\/\/www.univa.mx\/zamora\/wp-json\/wp\/v2\/media?parent=9125"}],"wp:term":[{"taxonomy":"category","embeddable":true,"href":"https:\/\/www.univa.mx\/zamora\/wp-json\/wp\/v2\/categories?post=9125"},{"taxonomy":"post_tag","embeddable":true,"href":"https:\/\/www.univa.mx\/zamora\/wp-json\/wp\/v2\/tags?post=9125"}],"curies":[{"name":"wp","href":"https:\/\/api.w.org\/{rel}","templated":true}]}}