{"id":9119,"date":"2026-09-01T12:35:53","date_gmt":"2026-09-01T18:35:53","guid":{"rendered":"https:\/\/www.univa.mx\/zamora\/?p=9119"},"modified":"2026-09-01T12:36:29","modified_gmt":"2026-09-01T18:36:29","slug":"con-gran-exito-culmina-el-iv-foro-de-negocios-internacionales-global-link-conectando-mercados-en-univa-zamora-jacona","status":"publish","type":"post","link":"https:\/\/www.univa.mx\/zamora\/con-gran-exito-culmina-el-iv-foro-de-negocios-internacionales-global-link-conectando-mercados-en-univa-zamora-jacona\/","title":{"rendered":"Culmina el IV Foro de Negocios Internacionales \u201cGlobal Link: Conectando Mercados\u201d en UNIVA Zamora-Jacona"},"content":{"rendered":"<p>En un marco de innovaci\u00f3n, visi\u00f3n global y cooperaci\u00f3n acad\u00e9mica e industrial, el auditorio de la Universidad del Valle de Atemajac (UNIVA) Campus Zamora alberg\u00f3 la cuarta edici\u00f3n del <strong>Foro de Negocios Internacionales: \u00abGlobal Link: Conectando Mercados\u00bb<\/strong>. El magno evento fue organizado por los alumnos del noveno cuatrimestre de la Licenciatura en Comercio y Negocios Internacionales, bajo la coordinaci\u00f3n del Mtro. C\u00e9sar Javier Hern\u00e1ndez Monsiv\u00e1is y la Mtra. Esther Adriana Ambriz Ventura, coordinadora de Ciencias Comerciales.<\/p>\n<p>La inauguraci\u00f3n oficial estuvo a cargo de la jefa acad\u00e9mica del campus, la Mtra. Ma. del Carmen Rodr\u00edguez Fern\u00e1ndez, quien destac\u00f3 la s\u00f3lida trayectoria, la evoluci\u00f3n y el impacto transformador que ha tenido este foro a lo largo de sus ediciones. Asimismo, reconoci\u00f3 el compromiso y talento del alumnado para convertir este encuentro en una plataforma clave de aprendizaje, vinculaci\u00f3n y <em>networking<\/em>.<\/p>\n<p>El programa acad\u00e9mico inici\u00f3 con la participaci\u00f3n de <strong>Alfonso Robles Villalobos<\/strong> \u2014especialista en ventas, comunicaci\u00f3n, lenguaje no verbal, Inteligencia Artificial aplicada y <em>Project Management Professional<\/em>\u2014, quien con la conferencia <em>\u00abEl Algoritmo del L\u00edder: Comunicaci\u00f3n y Conectividad Global\u00bb<\/em> inspir\u00f3 a la audiencia compartiendo herramientas fundamentales ante los retos del nuevo liderazgo.<\/p>\n<p>Posteriormente, la Ing. Ma. Guadalupe Alfaro Sep\u00falveda y el Lic. Jes\u00fas Silva Camacho, representantes de la empresa <strong>Driscoll\u2019s<\/strong>, presentaron la ponencia <em>\u00abCadena de Suministro en la Industria de Berries\u00bb<\/em>. Con m\u00e1s de 15 a\u00f1os de experiencia, los ponentes explicaron a detalle el funcionamiento de la cadena de suministro global y el valor del trabajo interdisciplinario en la agroindustria, ofreciendo una perspectiva integral del sector.<\/p>\n<p>Uno de los momentos cumbre de la primera jornada fue el <strong>Panel Internacional de Expertos: \u00abPuntos de Convergencia: Conectando Estrategias de Negocios\u00bb<\/strong>, moderado por la Mtra. Esther Adriana Ambriz Ventura. El panel cont\u00f3 con la participaci\u00f3n de destacadas figuras internacionales:<\/p>\n<ul>\n<li><strong>Dra. Lorena Paola Ch\u00e1vez<\/strong> (Argentina)<\/li>\n<li><strong>Dra. Alma C. Valendez<\/strong> (Filipinas)<\/li>\n<li><strong>Mtra. Ada Roxana Torres de Acevedo<\/strong> (El Salvador)<\/li>\n<li><strong>Mtra. Marcela Fernanda Coronel Pinduisaca<\/strong> (Ecuador)<\/li>\n<li><strong>Lic. Jos\u00e9 Carlos Bautista Gonz\u00e1lez<\/strong> (M\u00e9xico)<\/li>\n<\/ul>\n<p>Durante el panel se abordaron tem\u00e1ticas cruciales como el liderazgo efectivo, el trabajo en equipo, la adaptaci\u00f3n a la Inteligencia Artificial y los requisitos para posicionarse en corporativos internacionales, as\u00ed como el ser emprendedores competentes a nivel internacional Los panelistas coincidieron en un mensaje central para los j\u00f3venes: <em>arriesgarse, innovar, perder el miedo al error y asumir un rol protag\u00f3nico en su desarrollo profesional<\/em>.<\/p>\n<p>En la segunda jornada del foro se desarrollaron de forma simult\u00e1nea dos talleres de alta especializaci\u00f3n:<\/p>\n<ol>\n<li><strong>Optimizaci\u00f3n de la Cadena de Suministro<\/strong>, impartido por la Mtra. Marcela Coronel (Docente de Verano Global, Ecuador).<\/li>\n<li><strong>Marketing que Conecta con IA<\/strong>, espacio pr\u00e1ctico en el que los participantes exploraron herramientas de Inteligencia Artificial aplicables a la estrategia comercial y al desarrollo personal.<\/li>\n<\/ol>\n<p>Ambos talleres registraron un lleno total con la asistencia activa de estudiantes y representantes del sector productivo.<\/p>\n<p>De manera paralela, el foro alberg\u00f3 una exposici\u00f3n con diversos <em>stands<\/em> de empresas patrocinadoras de la regi\u00f3n y espacios dedicados a la oferta de servicio social y pr\u00e1cticas profesionales, consolidando el enlace entre la academia y el entorno empresarial.<\/p>\n<p>Reforzando el car\u00e1cter interdisciplinario de la instituci\u00f3n, los ponentes e invitados especiales disfrutaron de un <em>coffee break<\/em> y una comida regional de honor preparada por estudiantes de tercer y sexto cuatrimestre de la Licenciatura en Gastronom\u00eda, bajo la direcci\u00f3n del Chef Edgar Montelongo y el Chef Darwin Rosales. El desempe\u00f1o de los alumnos demostr\u00f3 el talento y la calidad culinaria que se cultiva desde los primeros cuatrimestres en UNIVA.<\/p>\n<p>Con esta exitosa edici\u00f3n, el <strong>Foro de Negocios Internacionales 2026 \u00abGlobal Link\u00bb<\/strong> concluye reafirm\u00e1ndose como el punto donde las estrategias convergen, impulsando la visi\u00f3n global, las alianzas estrat\u00e9gicas y la competitividad en el \u00e1mbito de los negocios internacionales.<\/p>\n","protected":false},"excerpt":{"rendered":"<p>En un marco de innovaci\u00f3n, visi\u00f3n global y cooperaci\u00f3n acad\u00e9mica e industrial, el auditorio de la Universidad del Valle de Atemajac (UNIVA) Campus Zamora alberg\u00f3 la cuarta edici\u00f3n del Foro&#8230;<\/p>\n","protected":false},"author":30,"featured_media":9121,"comment_status":"closed","ping_status":"closed","sticky":false,"template":"","format":"standard","meta":{"footnotes":""},"categories":[2],"tags":[],"class_list":["post-9119","post","type-post","status-publish","format-standard","has-post-thumbnail","category-noticias"],"yoast_head":"<!-- This site is optimized with the Yoast SEO plugin v28.0 - https:\/\/yoast.com\/product\/yoast-seo-wordpress\/ -->\n<title>Culmina el IV Foro de Negocios Internacionales \u201cGlobal Link: Conectando Mercados\u201d en UNIVA Zamora-Jacona - Zamora<\/title>\n<meta name=\"robots\" content=\"index, follow, max-snippet:-1, max-image-preview:large, max-video-preview:-1\" \/>\n<link rel=\"canonical\" href=\"https:\/\/www.univa.mx\/zamora\/con-gran-exito-culmina-el-iv-foro-de-negocios-internacionales-global-link-conectando-mercados-en-univa-zamora-jacona\/\" \/>\n<meta property=\"og:locale\" content=\"es_ES\" \/>\n<meta property=\"og:type\" content=\"article\" \/>\n<meta property=\"og:title\" content=\"Culmina el IV Foro de Negocios Internacionales \u201cGlobal Link: Conectando Mercados\u201d en UNIVA Zamora-Jacona - Zamora\" \/>\n<meta property=\"og:description\" content=\"En un marco de innovaci\u00f3n, visi\u00f3n global y cooperaci\u00f3n acad\u00e9mica e industrial, el auditorio de la Universidad del Valle de Atemajac (UNIVA) Campus Zamora alberg\u00f3 la cuarta edici\u00f3n del Foro...\" \/>\n<meta property=\"og:url\" content=\"https:\/\/www.univa.mx\/zamora\/con-gran-exito-culmina-el-iv-foro-de-negocios-internacionales-global-link-conectando-mercados-en-univa-zamora-jacona\/\" \/>\n<meta property=\"og:site_name\" content=\"Zamora\" \/>\n<meta property=\"article:published_time\" content=\"2026-09-01T18:35:53+00:00\" \/>\n<meta property=\"article:modified_time\" content=\"2026-09-01T18:36:29+00:00\" \/>\n<meta property=\"og:image\" content=\"https:\/\/www.univa.mx\/zamora\/wp-content\/uploads\/sites\/3\/2026\/09\/Foro-de-negocios-int-2026_13-scaled-e1788287645696.jpg\" \/>\n\t<meta property=\"og:image:width\" content=\"1080\" \/>\n\t<meta property=\"og:image:height\" content=\"720\" \/>\n\t<meta property=\"og:image:type\" content=\"image\/jpeg\" \/>\n<meta name=\"author\" content=\"Comunicaci\u00f3n Sistema UNIVA\" \/>\n<meta name=\"twitter:card\" content=\"summary_large_image\" \/>\n<meta name=\"twitter:label1\" content=\"Escrito por\" \/>\n\t<meta name=\"twitter:data1\" content=\"Comunicaci\u00f3n Sistema UNIVA\" \/>\n\t<meta name=\"twitter:label2\" content=\"Tiempo de lectura\" \/>\n\t<meta name=\"twitter:data2\" content=\"3 minutos\" \/>\n<script type=\"application\/ld+json\" class=\"yoast-schema-graph\">{\"@context\":\"https:\\\/\\\/schema.org\",\"@graph\":[{\"@type\":\"Article\",\"@id\":\"https:\\\/\\\/www.univa.mx\\\/zamora\\\/con-gran-exito-culmina-el-iv-foro-de-negocios-internacionales-global-link-conectando-mercados-en-univa-zamora-jacona\\\/#article\",\"isPartOf\":{\"@id\":\"https:\\\/\\\/www.univa.mx\\\/zamora\\\/con-gran-exito-culmina-el-iv-foro-de-negocios-internacionales-global-link-conectando-mercados-en-univa-zamora-jacona\\\/\"},\"author\":{\"name\":\"Comunicaci\u00f3n Sistema UNIVA\",\"@id\":\"https:\\\/\\\/www.univa.mx\\\/zamora\\\/#\\\/schema\\\/person\\\/692cf72d7872d318f79d4fbac1091082\"},\"headline\":\"Culmina el IV Foro de Negocios Internacionales \u201cGlobal Link: Conectando Mercados\u201d en UNIVA Zamora-Jacona\",\"datePublished\":\"2026-09-01T18:35:53+00:00\",\"dateModified\":\"2026-09-01T18:36:29+00:00\",\"mainEntityOfPage\":{\"@id\":\"https:\\\/\\\/www.univa.mx\\\/zamora\\\/con-gran-exito-culmina-el-iv-foro-de-negocios-internacionales-global-link-conectando-mercados-en-univa-zamora-jacona\\\/\"},\"wordCount\":670,\"image\":{\"@id\":\"https:\\\/\\\/www.univa.mx\\\/zamora\\\/con-gran-exito-culmina-el-iv-foro-de-negocios-internacionales-global-link-conectando-mercados-en-univa-zamora-jacona\\\/#primaryimage\"},\"thumbnailUrl\":\"https:\\\/\\\/www.univa.mx\\\/zamora\\\/wp-content\\\/uploads\\\/sites\\\/3\\\/2026\\\/09\\\/Foro-de-negocios-int-2026_13-scaled-e1788287645696.jpg\",\"articleSection\":[\"Noticias\"],\"inLanguage\":\"es\"},{\"@type\":\"WebPage\",\"@id\":\"https:\\\/\\\/www.univa.mx\\\/zamora\\\/con-gran-exito-culmina-el-iv-foro-de-negocios-internacionales-global-link-conectando-mercados-en-univa-zamora-jacona\\\/\",\"url\":\"https:\\\/\\\/www.univa.mx\\\/zamora\\\/con-gran-exito-culmina-el-iv-foro-de-negocios-internacionales-global-link-conectando-mercados-en-univa-zamora-jacona\\\/\",\"name\":\"Culmina el IV Foro de Negocios Internacionales \u201cGlobal Link: Conectando Mercados\u201d en UNIVA Zamora-Jacona - Zamora\",\"isPartOf\":{\"@id\":\"https:\\\/\\\/www.univa.mx\\\/zamora\\\/#website\"},\"primaryImageOfPage\":{\"@id\":\"https:\\\/\\\/www.univa.mx\\\/zamora\\\/con-gran-exito-culmina-el-iv-foro-de-negocios-internacionales-global-link-conectando-mercados-en-univa-zamora-jacona\\\/#primaryimage\"},\"image\":{\"@id\":\"https:\\\/\\\/www.univa.mx\\\/zamora\\\/con-gran-exito-culmina-el-iv-foro-de-negocios-internacionales-global-link-conectando-mercados-en-univa-zamora-jacona\\\/#primaryimage\"},\"thumbnailUrl\":\"https:\\\/\\\/www.univa.mx\\\/zamora\\\/wp-content\\\/uploads\\\/sites\\\/3\\\/2026\\\/09\\\/Foro-de-negocios-int-2026_13-scaled-e1788287645696.jpg\",\"datePublished\":\"2026-09-01T18:35:53+00:00\",\"dateModified\":\"2026-09-01T18:36:29+00:00\",\"author\":{\"@id\":\"https:\\\/\\\/www.univa.mx\\\/zamora\\\/#\\\/schema\\\/person\\\/692cf72d7872d318f79d4fbac1091082\"},\"breadcrumb\":{\"@id\":\"https:\\\/\\\/www.univa.mx\\\/zamora\\\/con-gran-exito-culmina-el-iv-foro-de-negocios-internacionales-global-link-conectando-mercados-en-univa-zamora-jacona\\\/#breadcrumb\"},\"inLanguage\":\"es\",\"potentialAction\":[{\"@type\":\"ReadAction\",\"target\":[\"https:\\\/\\\/www.univa.mx\\\/zamora\\\/con-gran-exito-culmina-el-iv-foro-de-negocios-internacionales-global-link-conectando-mercados-en-univa-zamora-jacona\\\/\"]}]},{\"@type\":\"ImageObject\",\"inLanguage\":\"es\",\"@id\":\"https:\\\/\\\/www.univa.mx\\\/zamora\\\/con-gran-exito-culmina-el-iv-foro-de-negocios-internacionales-global-link-conectando-mercados-en-univa-zamora-jacona\\\/#primaryimage\",\"url\":\"https:\\\/\\\/www.univa.mx\\\/zamora\\\/wp-content\\\/uploads\\\/sites\\\/3\\\/2026\\\/09\\\/Foro-de-negocios-int-2026_13-scaled-e1788287645696.jpg\",\"contentUrl\":\"https:\\\/\\\/www.univa.mx\\\/zamora\\\/wp-content\\\/uploads\\\/sites\\\/3\\\/2026\\\/09\\\/Foro-de-negocios-int-2026_13-scaled-e1788287645696.jpg\",\"width\":1080,\"height\":720},{\"@type\":\"BreadcrumbList\",\"@id\":\"https:\\\/\\\/www.univa.mx\\\/zamora\\\/con-gran-exito-culmina-el-iv-foro-de-negocios-internacionales-global-link-conectando-mercados-en-univa-zamora-jacona\\\/#breadcrumb\",\"itemListElement\":[{\"@type\":\"ListItem\",\"position\":1,\"name\":\"Portada\",\"item\":\"https:\\\/\\\/www.univa.mx\\\/zamora\\\/\"},{\"@type\":\"ListItem\",\"position\":2,\"name\":\"Culmina el IV Foro de Negocios Internacionales \u201cGlobal Link: Conectando Mercados\u201d en UNIVA Zamora-Jacona\"}]},{\"@type\":\"WebSite\",\"@id\":\"https:\\\/\\\/www.univa.mx\\\/zamora\\\/#website\",\"url\":\"https:\\\/\\\/www.univa.mx\\\/zamora\\\/\",\"name\":\"Zamora\",\"description\":\"Univa\",\"potentialAction\":[{\"@type\":\"SearchAction\",\"target\":{\"@type\":\"EntryPoint\",\"urlTemplate\":\"https:\\\/\\\/www.univa.mx\\\/zamora\\\/?s={search_term_string}\"},\"query-input\":{\"@type\":\"PropertyValueSpecification\",\"valueRequired\":true,\"valueName\":\"search_term_string\"}}],\"inLanguage\":\"es\"},{\"@type\":\"Person\",\"@id\":\"https:\\\/\\\/www.univa.mx\\\/zamora\\\/#\\\/schema\\\/person\\\/692cf72d7872d318f79d4fbac1091082\",\"name\":\"Comunicaci\u00f3n Sistema UNIVA\",\"image\":{\"@type\":\"ImageObject\",\"inLanguage\":\"es\",\"@id\":\"https:\\\/\\\/secure.gravatar.com\\\/avatar\\\/43ae2b7a627388c2529404c7698448b06e79e664875a93a164cc62f42f2cee17?s=96&d=mm&r=g\",\"url\":\"https:\\\/\\\/secure.gravatar.com\\\/avatar\\\/43ae2b7a627388c2529404c7698448b06e79e664875a93a164cc62f42f2cee17?s=96&d=mm&r=g\",\"contentUrl\":\"https:\\\/\\\/secure.gravatar.com\\\/avatar\\\/43ae2b7a627388c2529404c7698448b06e79e664875a93a164cc62f42f2cee17?s=96&d=mm&r=g\",\"caption\":\"Comunicaci\u00f3n Sistema UNIVA\"},\"url\":\"https:\\\/\\\/www.univa.mx\\\/zamora\\\/author\\\/alejandrareyes\\\/\"}]}<\/script>\n<!-- \/ Yoast SEO plugin. -->","yoast_head_json":{"title":"Culmina el IV Foro de Negocios Internacionales \u201cGlobal Link: Conectando Mercados\u201d en UNIVA Zamora-Jacona - Zamora","robots":{"index":"index","follow":"follow","max-snippet":"max-snippet:-1","max-image-preview":"max-image-preview:large","max-video-preview":"max-video-preview:-1"},"canonical":"https:\/\/www.univa.mx\/zamora\/con-gran-exito-culmina-el-iv-foro-de-negocios-internacionales-global-link-conectando-mercados-en-univa-zamora-jacona\/","og_locale":"es_ES","og_type":"article","og_title":"Culmina el IV Foro de Negocios Internacionales \u201cGlobal Link: Conectando Mercados\u201d en UNIVA Zamora-Jacona - Zamora","og_description":"En un marco de innovaci\u00f3n, visi\u00f3n global y cooperaci\u00f3n acad\u00e9mica e industrial, el auditorio de la Universidad del Valle de Atemajac (UNIVA) Campus Zamora alberg\u00f3 la cuarta edici\u00f3n del Foro...","og_url":"https:\/\/www.univa.mx\/zamora\/con-gran-exito-culmina-el-iv-foro-de-negocios-internacionales-global-link-conectando-mercados-en-univa-zamora-jacona\/","og_site_name":"Zamora","article_published_time":"2026-09-01T18:35:53+00:00","article_modified_time":"2026-09-01T18:36:29+00:00","og_image":[{"width":1080,"height":720,"url":"https:\/\/www.univa.mx\/zamora\/wp-content\/uploads\/sites\/3\/2026\/09\/Foro-de-negocios-int-2026_13-scaled-e1788287645696.jpg","type":"image\/jpeg"}],"author":"Comunicaci\u00f3n Sistema UNIVA","twitter_card":"summary_large_image","twitter_misc":{"Escrito por":"Comunicaci\u00f3n Sistema UNIVA","Tiempo de lectura":"3 minutos"},"schema":{"@context":"https:\/\/schema.org","@graph":[{"@type":"Article","@id":"https:\/\/www.univa.mx\/zamora\/con-gran-exito-culmina-el-iv-foro-de-negocios-internacionales-global-link-conectando-mercados-en-univa-zamora-jacona\/#article","isPartOf":{"@id":"https:\/\/www.univa.mx\/zamora\/con-gran-exito-culmina-el-iv-foro-de-negocios-internacionales-global-link-conectando-mercados-en-univa-zamora-jacona\/"},"author":{"name":"Comunicaci\u00f3n Sistema UNIVA","@id":"https:\/\/www.univa.mx\/zamora\/#\/schema\/person\/692cf72d7872d318f79d4fbac1091082"},"headline":"Culmina el IV Foro de Negocios Internacionales \u201cGlobal Link: Conectando Mercados\u201d en UNIVA Zamora-Jacona","datePublished":"2026-09-01T18:35:53+00:00","dateModified":"2026-09-01T18:36:29+00:00","mainEntityOfPage":{"@id":"https:\/\/www.univa.mx\/zamora\/con-gran-exito-culmina-el-iv-foro-de-negocios-internacionales-global-link-conectando-mercados-en-univa-zamora-jacona\/"},"wordCount":670,"image":{"@id":"https:\/\/www.univa.mx\/zamora\/con-gran-exito-culmina-el-iv-foro-de-negocios-internacionales-global-link-conectando-mercados-en-univa-zamora-jacona\/#primaryimage"},"thumbnailUrl":"https:\/\/www.univa.mx\/zamora\/wp-content\/uploads\/sites\/3\/2026\/09\/Foro-de-negocios-int-2026_13-scaled-e1788287645696.jpg","articleSection":["Noticias"],"inLanguage":"es"},{"@type":"WebPage","@id":"https:\/\/www.univa.mx\/zamora\/con-gran-exito-culmina-el-iv-foro-de-negocios-internacionales-global-link-conectando-mercados-en-univa-zamora-jacona\/","url":"https:\/\/www.univa.mx\/zamora\/con-gran-exito-culmina-el-iv-foro-de-negocios-internacionales-global-link-conectando-mercados-en-univa-zamora-jacona\/","name":"Culmina el IV Foro de Negocios Internacionales \u201cGlobal Link: Conectando Mercados\u201d en UNIVA Zamora-Jacona - Zamora","isPartOf":{"@id":"https:\/\/www.univa.mx\/zamora\/#website"},"primaryImageOfPage":{"@id":"https:\/\/www.univa.mx\/zamora\/con-gran-exito-culmina-el-iv-foro-de-negocios-internacionales-global-link-conectando-mercados-en-univa-zamora-jacona\/#primaryimage"},"image":{"@id":"https:\/\/www.univa.mx\/zamora\/con-gran-exito-culmina-el-iv-foro-de-negocios-internacionales-global-link-conectando-mercados-en-univa-zamora-jacona\/#primaryimage"},"thumbnailUrl":"https:\/\/www.univa.mx\/zamora\/wp-content\/uploads\/sites\/3\/2026\/09\/Foro-de-negocios-int-2026_13-scaled-e1788287645696.jpg","datePublished":"2026-09-01T18:35:53+00:00","dateModified":"2026-09-01T18:36:29+00:00","author":{"@id":"https:\/\/www.univa.mx\/zamora\/#\/schema\/person\/692cf72d7872d318f79d4fbac1091082"},"breadcrumb":{"@id":"https:\/\/www.univa.mx\/zamora\/con-gran-exito-culmina-el-iv-foro-de-negocios-internacionales-global-link-conectando-mercados-en-univa-zamora-jacona\/#breadcrumb"},"inLanguage":"es","potentialAction":[{"@type":"ReadAction","target":["https:\/\/www.univa.mx\/zamora\/con-gran-exito-culmina-el-iv-foro-de-negocios-internacionales-global-link-conectando-mercados-en-univa-zamora-jacona\/"]}]},{"@type":"ImageObject","inLanguage":"es","@id":"https:\/\/www.univa.mx\/zamora\/con-gran-exito-culmina-el-iv-foro-de-negocios-internacionales-global-link-conectando-mercados-en-univa-zamora-jacona\/#primaryimage","url":"https:\/\/www.univa.mx\/zamora\/wp-content\/uploads\/sites\/3\/2026\/09\/Foro-de-negocios-int-2026_13-scaled-e1788287645696.jpg","contentUrl":"https:\/\/www.univa.mx\/zamora\/wp-content\/uploads\/sites\/3\/2026\/09\/Foro-de-negocios-int-2026_13-scaled-e1788287645696.jpg","width":1080,"height":720},{"@type":"BreadcrumbList","@id":"https:\/\/www.univa.mx\/zamora\/con-gran-exito-culmina-el-iv-foro-de-negocios-internacionales-global-link-conectando-mercados-en-univa-zamora-jacona\/#breadcrumb","itemListElement":[{"@type":"ListItem","position":1,"name":"Portada","item":"https:\/\/www.univa.mx\/zamora\/"},{"@type":"ListItem","position":2,"name":"Culmina el IV Foro de Negocios Internacionales \u201cGlobal Link: Conectando Mercados\u201d en UNIVA Zamora-Jacona"}]},{"@type":"WebSite","@id":"https:\/\/www.univa.mx\/zamora\/#website","url":"https:\/\/www.univa.mx\/zamora\/","name":"Zamora","description":"Univa","potentialAction":[{"@type":"SearchAction","target":{"@type":"EntryPoint","urlTemplate":"https:\/\/www.univa.mx\/zamora\/?s={search_term_string}"},"query-input":{"@type":"PropertyValueSpecification","valueRequired":true,"valueName":"search_term_string"}}],"inLanguage":"es"},{"@type":"Person","@id":"https:\/\/www.univa.mx\/zamora\/#\/schema\/person\/692cf72d7872d318f79d4fbac1091082","name":"Comunicaci\u00f3n Sistema UNIVA","image":{"@type":"ImageObject","inLanguage":"es","@id":"https:\/\/secure.gravatar.com\/avatar\/43ae2b7a627388c2529404c7698448b06e79e664875a93a164cc62f42f2cee17?s=96&d=mm&r=g","url":"https:\/\/secure.gravatar.com\/avatar\/43ae2b7a627388c2529404c7698448b06e79e664875a93a164cc62f42f2cee17?s=96&d=mm&r=g","contentUrl":"https:\/\/secure.gravatar.com\/avatar\/43ae2b7a627388c2529404c7698448b06e79e664875a93a164cc62f42f2cee17?s=96&d=mm&r=g","caption":"Comunicaci\u00f3n Sistema UNIVA"},"url":"https:\/\/www.univa.mx\/zamora\/author\/alejandrareyes\/"}]}},"_links":{"self":[{"href":"https:\/\/www.univa.mx\/zamora\/wp-json\/wp\/v2\/posts\/9119","targetHints":{"allow":["GET"]}}],"collection":[{"href":"https:\/\/www.univa.mx\/zamora\/wp-json\/wp\/v2\/posts"}],"about":[{"href":"https:\/\/www.univa.mx\/zamora\/wp-json\/wp\/v2\/types\/post"}],"author":[{"embeddable":true,"href":"https:\/\/www.univa.mx\/zamora\/wp-json\/wp\/v2\/users\/30"}],"replies":[{"embeddable":true,"href":"https:\/\/www.univa.mx\/zamora\/wp-json\/wp\/v2\/comments?post=9119"}],"version-history":[{"count":2,"href":"https:\/\/www.univa.mx\/zamora\/wp-json\/wp\/v2\/posts\/9119\/revisions"}],"predecessor-version":[{"id":9124,"href":"https:\/\/www.univa.mx\/zamora\/wp-json\/wp\/v2\/posts\/9119\/revisions\/9124"}],"wp:featuredmedia":[{"embeddable":true,"href":"https:\/\/www.univa.mx\/zamora\/wp-json\/wp\/v2\/media\/9121"}],"wp:attachment":[{"href":"https:\/\/www.univa.mx\/zamora\/wp-json\/wp\/v2\/media?parent=9119"}],"wp:term":[{"taxonomy":"category","embeddable":true,"href":"https:\/\/www.univa.mx\/zamora\/wp-json\/wp\/v2\/categories?post=9119"},{"taxonomy":"post_tag","embeddable":true,"href":"https:\/\/www.univa.mx\/zamora\/wp-json\/wp\/v2\/tags?post=9119"}],"curies":[{"name":"wp","href":"https:\/\/api.w.org\/{rel}","templated":true}]}}