{"id":9116,"date":"2026-09-01T12:31:48","date_gmt":"2026-09-01T18:31:48","guid":{"rendered":"https:\/\/www.univa.mx\/zamora\/?p=9116"},"modified":"2026-09-01T12:31:48","modified_gmt":"2026-09-01T18:31:48","slug":"entrega-de-titulos-y-grados-en-univa-zamora-jacona","status":"publish","type":"post","link":"https:\/\/www.univa.mx\/zamora\/entrega-de-titulos-y-grados-en-univa-zamora-jacona\/","title":{"rendered":"Entrega de T\u00edtulos y Grados en UNIVA Zamora-Jacona"},"content":{"rendered":"<p>Este viernes 17 de julio de 2026, se llev\u00f3 a cabo la Ceremonia de Entrega de T\u00edtulos y Grados, en punto de las 3:00 de la tarde en el auditorio del Campus Zamora-Jacona, en el cual se realiz\u00f3 la entrega de los t\u00edtulos y documentaci\u00f3n a 32 egresados titulados de licenciaturas y maestr\u00edas.<\/p>\n<p>La ceremonia comenz\u00f3 con la bienvenida oficial a los egresados, familiares y se invita a las autoridades acad\u00e9micas correspondientes pasar al pres\u00eddium. En esta etapa, se presenta un breve discurso de introducci\u00f3n, donde se menciona la importancia de la titulaci\u00f3n y el compromiso acad\u00e9mico alcanzado.<\/p>\n<p>Se entregaron t\u00edtulos de las siguientes Licenciaturas y Maestr\u00edas: Licenciatura en Administraci\u00f3n de Empresas, Licenciatura en Administraci\u00f3n e Innovaci\u00f3n de Negocios, Licenciatura en Comercio y Negocios Internacionales, Licenciatura en Comercio y Log\u00edstica Internacional, Licenciatura en Contadur\u00eda P\u00fablica, Licenciatura en Contadur\u00eda, Fiscal y Finanzas, Licenciatura en Derecho, Licenciatura en Dise\u00f1o Gr\u00e1fico Estrat\u00e9gico, Licenciatura en Gastronom\u00eda, Licenciatura en Ingeniero Arquitecto, Licenciatura en Nutrici\u00f3n, Licenciatura en Ense\u00f1anza y Gesti\u00f3n del Ingl\u00e9s, Maestr\u00eda en Desarrollo Organizacional y Humano, Maestr\u00eda en Nutrici\u00f3n Cl\u00ednica, Maestr\u00eda en Valuaci\u00f3n y Especialidad en Tecnolog\u00eda Digital para Dise\u00f1o y Construcci\u00f3n<\/p>\n<p>El pres\u00eddium se conform\u00f3 por la Mtra. Norma Angelica Arias Navarro, coordinadora de Posgrados; Mtra. Blanca Estela Barboza Ayala, jefa administrativa; Mtra. Alma Isabel Madrigal Buenrostro, jefa de Servicios Estudiantiles; Mtra. Vanesa Guill\u00e9n Arroyo, jefa de Ciencias Exactas; Mtra. Norma Luz Arechandieta Bogarin, jefa de Posgrado e Investigaci\u00f3n; Mtra. Mar\u00eda del Carmen Rodr\u00edguez Fern\u00e1ndez, jefa general acad\u00e9mica; Dra. Adriana Villica\u00f1a Mart\u00ednez, directora del campus.<\/p>\n<p>Nuestra egresada titulada Ana Sofia Fuentes Licea nos comparti\u00f3 un discurso acompa\u00f1ado de mensajes de felicitaci\u00f3n y reconocimiento a las familias, quienes desempe\u00f1an un papel esencial en el camino acad\u00e9mico de cada estudiante. \u00a0Posteriormente los titulados se ponen de pie para realizar la toma de protesta dirigida por la Doctora Adriana Villica\u00f1a Mart\u00ednez, un acto formal en el cual se comprometen a ejercer sus profesiones con responsabilidad, \u00e9tica y dedicaci\u00f3n.<\/p>\n<p>Tras la ceremonia formal de titulaci\u00f3n, se llev\u00f3 a cabo una celebraci\u00f3n o recepci\u00f3n con bocadillos en donde titulados y familiares pueden compartir momentos de alegr\u00eda y orgullo, adem\u00e1s de tomar fotos con sus t\u00edtulos. Entre aplausos, fotograf\u00edas y abrazos, los egresados titulados compartieron la satisfacci\u00f3n de ver concretada una meta que simboliza crecimiento, preparaci\u00f3n y nuevas oportunidades.<\/p>\n<p>&nbsp;<\/p>\n","protected":false},"excerpt":{"rendered":"<p>Este viernes 17 de julio de 2026, se llev\u00f3 a cabo la Ceremonia de Entrega de T\u00edtulos y Grados, en punto de las 3:00 de la tarde en el auditorio&#8230;<\/p>\n","protected":false},"author":30,"featured_media":9117,"comment_status":"closed","ping_status":"closed","sticky":false,"template":"","format":"standard","meta":{"footnotes":""},"categories":[2],"tags":[],"class_list":["post-9116","post","type-post","status-publish","format-standard","has-post-thumbnail","category-noticias"],"yoast_head":"<!-- This site is optimized with the Yoast SEO plugin v28.0 - https:\/\/yoast.com\/product\/yoast-seo-wordpress\/ -->\n<title>Entrega de T\u00edtulos y Grados en UNIVA Zamora-Jacona - Zamora<\/title>\n<meta name=\"robots\" content=\"index, follow, max-snippet:-1, max-image-preview:large, max-video-preview:-1\" \/>\n<link rel=\"canonical\" href=\"https:\/\/www.univa.mx\/zamora\/entrega-de-titulos-y-grados-en-univa-zamora-jacona\/\" \/>\n<meta property=\"og:locale\" content=\"es_ES\" \/>\n<meta property=\"og:type\" content=\"article\" \/>\n<meta property=\"og:title\" content=\"Entrega de T\u00edtulos y Grados en UNIVA Zamora-Jacona - Zamora\" \/>\n<meta property=\"og:description\" content=\"Este viernes 17 de julio de 2026, se llev\u00f3 a cabo la Ceremonia de Entrega de T\u00edtulos y Grados, en punto de las 3:00 de la tarde en el auditorio...\" \/>\n<meta property=\"og:url\" content=\"https:\/\/www.univa.mx\/zamora\/entrega-de-titulos-y-grados-en-univa-zamora-jacona\/\" \/>\n<meta property=\"og:site_name\" content=\"Zamora\" \/>\n<meta property=\"article:published_time\" content=\"2026-09-01T18:31:48+00:00\" \/>\n<meta property=\"og:image\" content=\"https:\/\/www.univa.mx\/zamora\/wp-content\/uploads\/sites\/3\/2026\/09\/titulacion_5-scaled-e1788287478361.jpg\" \/>\n\t<meta property=\"og:image:width\" content=\"1080\" \/>\n\t<meta property=\"og:image:height\" content=\"720\" \/>\n\t<meta property=\"og:image:type\" content=\"image\/jpeg\" \/>\n<meta name=\"author\" content=\"Comunicaci\u00f3n Sistema UNIVA\" \/>\n<meta name=\"twitter:card\" content=\"summary_large_image\" \/>\n<meta name=\"twitter:label1\" content=\"Escrito por\" \/>\n\t<meta name=\"twitter:data1\" content=\"Comunicaci\u00f3n Sistema UNIVA\" \/>\n\t<meta name=\"twitter:label2\" content=\"Tiempo de lectura\" \/>\n\t<meta name=\"twitter:data2\" content=\"2 minutos\" \/>\n<script type=\"application\/ld+json\" class=\"yoast-schema-graph\">{\"@context\":\"https:\\\/\\\/schema.org\",\"@graph\":[{\"@type\":\"Article\",\"@id\":\"https:\\\/\\\/www.univa.mx\\\/zamora\\\/entrega-de-titulos-y-grados-en-univa-zamora-jacona\\\/#article\",\"isPartOf\":{\"@id\":\"https:\\\/\\\/www.univa.mx\\\/zamora\\\/entrega-de-titulos-y-grados-en-univa-zamora-jacona\\\/\"},\"author\":{\"name\":\"Comunicaci\u00f3n Sistema UNIVA\",\"@id\":\"https:\\\/\\\/www.univa.mx\\\/zamora\\\/#\\\/schema\\\/person\\\/692cf72d7872d318f79d4fbac1091082\"},\"headline\":\"Entrega de T\u00edtulos y Grados en UNIVA Zamora-Jacona\",\"datePublished\":\"2026-09-01T18:31:48+00:00\",\"mainEntityOfPage\":{\"@id\":\"https:\\\/\\\/www.univa.mx\\\/zamora\\\/entrega-de-titulos-y-grados-en-univa-zamora-jacona\\\/\"},\"wordCount\":446,\"image\":{\"@id\":\"https:\\\/\\\/www.univa.mx\\\/zamora\\\/entrega-de-titulos-y-grados-en-univa-zamora-jacona\\\/#primaryimage\"},\"thumbnailUrl\":\"https:\\\/\\\/www.univa.mx\\\/zamora\\\/wp-content\\\/uploads\\\/sites\\\/3\\\/2026\\\/09\\\/titulacion_5-scaled-e1788287478361.jpg\",\"articleSection\":[\"Noticias\"],\"inLanguage\":\"es\"},{\"@type\":\"WebPage\",\"@id\":\"https:\\\/\\\/www.univa.mx\\\/zamora\\\/entrega-de-titulos-y-grados-en-univa-zamora-jacona\\\/\",\"url\":\"https:\\\/\\\/www.univa.mx\\\/zamora\\\/entrega-de-titulos-y-grados-en-univa-zamora-jacona\\\/\",\"name\":\"Entrega de T\u00edtulos y Grados en UNIVA Zamora-Jacona - Zamora\",\"isPartOf\":{\"@id\":\"https:\\\/\\\/www.univa.mx\\\/zamora\\\/#website\"},\"primaryImageOfPage\":{\"@id\":\"https:\\\/\\\/www.univa.mx\\\/zamora\\\/entrega-de-titulos-y-grados-en-univa-zamora-jacona\\\/#primaryimage\"},\"image\":{\"@id\":\"https:\\\/\\\/www.univa.mx\\\/zamora\\\/entrega-de-titulos-y-grados-en-univa-zamora-jacona\\\/#primaryimage\"},\"thumbnailUrl\":\"https:\\\/\\\/www.univa.mx\\\/zamora\\\/wp-content\\\/uploads\\\/sites\\\/3\\\/2026\\\/09\\\/titulacion_5-scaled-e1788287478361.jpg\",\"datePublished\":\"2026-09-01T18:31:48+00:00\",\"author\":{\"@id\":\"https:\\\/\\\/www.univa.mx\\\/zamora\\\/#\\\/schema\\\/person\\\/692cf72d7872d318f79d4fbac1091082\"},\"breadcrumb\":{\"@id\":\"https:\\\/\\\/www.univa.mx\\\/zamora\\\/entrega-de-titulos-y-grados-en-univa-zamora-jacona\\\/#breadcrumb\"},\"inLanguage\":\"es\",\"potentialAction\":[{\"@type\":\"ReadAction\",\"target\":[\"https:\\\/\\\/www.univa.mx\\\/zamora\\\/entrega-de-titulos-y-grados-en-univa-zamora-jacona\\\/\"]}]},{\"@type\":\"ImageObject\",\"inLanguage\":\"es\",\"@id\":\"https:\\\/\\\/www.univa.mx\\\/zamora\\\/entrega-de-titulos-y-grados-en-univa-zamora-jacona\\\/#primaryimage\",\"url\":\"https:\\\/\\\/www.univa.mx\\\/zamora\\\/wp-content\\\/uploads\\\/sites\\\/3\\\/2026\\\/09\\\/titulacion_5-scaled-e1788287478361.jpg\",\"contentUrl\":\"https:\\\/\\\/www.univa.mx\\\/zamora\\\/wp-content\\\/uploads\\\/sites\\\/3\\\/2026\\\/09\\\/titulacion_5-scaled-e1788287478361.jpg\",\"width\":1080,\"height\":720},{\"@type\":\"BreadcrumbList\",\"@id\":\"https:\\\/\\\/www.univa.mx\\\/zamora\\\/entrega-de-titulos-y-grados-en-univa-zamora-jacona\\\/#breadcrumb\",\"itemListElement\":[{\"@type\":\"ListItem\",\"position\":1,\"name\":\"Portada\",\"item\":\"https:\\\/\\\/www.univa.mx\\\/zamora\\\/\"},{\"@type\":\"ListItem\",\"position\":2,\"name\":\"Entrega de T\u00edtulos y Grados en UNIVA Zamora-Jacona\"}]},{\"@type\":\"WebSite\",\"@id\":\"https:\\\/\\\/www.univa.mx\\\/zamora\\\/#website\",\"url\":\"https:\\\/\\\/www.univa.mx\\\/zamora\\\/\",\"name\":\"Zamora\",\"description\":\"Univa\",\"potentialAction\":[{\"@type\":\"SearchAction\",\"target\":{\"@type\":\"EntryPoint\",\"urlTemplate\":\"https:\\\/\\\/www.univa.mx\\\/zamora\\\/?s={search_term_string}\"},\"query-input\":{\"@type\":\"PropertyValueSpecification\",\"valueRequired\":true,\"valueName\":\"search_term_string\"}}],\"inLanguage\":\"es\"},{\"@type\":\"Person\",\"@id\":\"https:\\\/\\\/www.univa.mx\\\/zamora\\\/#\\\/schema\\\/person\\\/692cf72d7872d318f79d4fbac1091082\",\"name\":\"Comunicaci\u00f3n Sistema UNIVA\",\"image\":{\"@type\":\"ImageObject\",\"inLanguage\":\"es\",\"@id\":\"https:\\\/\\\/secure.gravatar.com\\\/avatar\\\/43ae2b7a627388c2529404c7698448b06e79e664875a93a164cc62f42f2cee17?s=96&d=mm&r=g\",\"url\":\"https:\\\/\\\/secure.gravatar.com\\\/avatar\\\/43ae2b7a627388c2529404c7698448b06e79e664875a93a164cc62f42f2cee17?s=96&d=mm&r=g\",\"contentUrl\":\"https:\\\/\\\/secure.gravatar.com\\\/avatar\\\/43ae2b7a627388c2529404c7698448b06e79e664875a93a164cc62f42f2cee17?s=96&d=mm&r=g\",\"caption\":\"Comunicaci\u00f3n Sistema UNIVA\"},\"url\":\"https:\\\/\\\/www.univa.mx\\\/zamora\\\/author\\\/alejandrareyes\\\/\"}]}<\/script>\n<!-- \/ Yoast SEO plugin. -->","yoast_head_json":{"title":"Entrega de T\u00edtulos y Grados en UNIVA Zamora-Jacona - Zamora","robots":{"index":"index","follow":"follow","max-snippet":"max-snippet:-1","max-image-preview":"max-image-preview:large","max-video-preview":"max-video-preview:-1"},"canonical":"https:\/\/www.univa.mx\/zamora\/entrega-de-titulos-y-grados-en-univa-zamora-jacona\/","og_locale":"es_ES","og_type":"article","og_title":"Entrega de T\u00edtulos y Grados en UNIVA Zamora-Jacona - Zamora","og_description":"Este viernes 17 de julio de 2026, se llev\u00f3 a cabo la Ceremonia de Entrega de T\u00edtulos y Grados, en punto de las 3:00 de la tarde en el auditorio...","og_url":"https:\/\/www.univa.mx\/zamora\/entrega-de-titulos-y-grados-en-univa-zamora-jacona\/","og_site_name":"Zamora","article_published_time":"2026-09-01T18:31:48+00:00","og_image":[{"width":1080,"height":720,"url":"https:\/\/www.univa.mx\/zamora\/wp-content\/uploads\/sites\/3\/2026\/09\/titulacion_5-scaled-e1788287478361.jpg","type":"image\/jpeg"}],"author":"Comunicaci\u00f3n Sistema UNIVA","twitter_card":"summary_large_image","twitter_misc":{"Escrito por":"Comunicaci\u00f3n Sistema UNIVA","Tiempo de lectura":"2 minutos"},"schema":{"@context":"https:\/\/schema.org","@graph":[{"@type":"Article","@id":"https:\/\/www.univa.mx\/zamora\/entrega-de-titulos-y-grados-en-univa-zamora-jacona\/#article","isPartOf":{"@id":"https:\/\/www.univa.mx\/zamora\/entrega-de-titulos-y-grados-en-univa-zamora-jacona\/"},"author":{"name":"Comunicaci\u00f3n Sistema UNIVA","@id":"https:\/\/www.univa.mx\/zamora\/#\/schema\/person\/692cf72d7872d318f79d4fbac1091082"},"headline":"Entrega de T\u00edtulos y Grados en UNIVA Zamora-Jacona","datePublished":"2026-09-01T18:31:48+00:00","mainEntityOfPage":{"@id":"https:\/\/www.univa.mx\/zamora\/entrega-de-titulos-y-grados-en-univa-zamora-jacona\/"},"wordCount":446,"image":{"@id":"https:\/\/www.univa.mx\/zamora\/entrega-de-titulos-y-grados-en-univa-zamora-jacona\/#primaryimage"},"thumbnailUrl":"https:\/\/www.univa.mx\/zamora\/wp-content\/uploads\/sites\/3\/2026\/09\/titulacion_5-scaled-e1788287478361.jpg","articleSection":["Noticias"],"inLanguage":"es"},{"@type":"WebPage","@id":"https:\/\/www.univa.mx\/zamora\/entrega-de-titulos-y-grados-en-univa-zamora-jacona\/","url":"https:\/\/www.univa.mx\/zamora\/entrega-de-titulos-y-grados-en-univa-zamora-jacona\/","name":"Entrega de T\u00edtulos y Grados en UNIVA Zamora-Jacona - Zamora","isPartOf":{"@id":"https:\/\/www.univa.mx\/zamora\/#website"},"primaryImageOfPage":{"@id":"https:\/\/www.univa.mx\/zamora\/entrega-de-titulos-y-grados-en-univa-zamora-jacona\/#primaryimage"},"image":{"@id":"https:\/\/www.univa.mx\/zamora\/entrega-de-titulos-y-grados-en-univa-zamora-jacona\/#primaryimage"},"thumbnailUrl":"https:\/\/www.univa.mx\/zamora\/wp-content\/uploads\/sites\/3\/2026\/09\/titulacion_5-scaled-e1788287478361.jpg","datePublished":"2026-09-01T18:31:48+00:00","author":{"@id":"https:\/\/www.univa.mx\/zamora\/#\/schema\/person\/692cf72d7872d318f79d4fbac1091082"},"breadcrumb":{"@id":"https:\/\/www.univa.mx\/zamora\/entrega-de-titulos-y-grados-en-univa-zamora-jacona\/#breadcrumb"},"inLanguage":"es","potentialAction":[{"@type":"ReadAction","target":["https:\/\/www.univa.mx\/zamora\/entrega-de-titulos-y-grados-en-univa-zamora-jacona\/"]}]},{"@type":"ImageObject","inLanguage":"es","@id":"https:\/\/www.univa.mx\/zamora\/entrega-de-titulos-y-grados-en-univa-zamora-jacona\/#primaryimage","url":"https:\/\/www.univa.mx\/zamora\/wp-content\/uploads\/sites\/3\/2026\/09\/titulacion_5-scaled-e1788287478361.jpg","contentUrl":"https:\/\/www.univa.mx\/zamora\/wp-content\/uploads\/sites\/3\/2026\/09\/titulacion_5-scaled-e1788287478361.jpg","width":1080,"height":720},{"@type":"BreadcrumbList","@id":"https:\/\/www.univa.mx\/zamora\/entrega-de-titulos-y-grados-en-univa-zamora-jacona\/#breadcrumb","itemListElement":[{"@type":"ListItem","position":1,"name":"Portada","item":"https:\/\/www.univa.mx\/zamora\/"},{"@type":"ListItem","position":2,"name":"Entrega de T\u00edtulos y Grados en UNIVA Zamora-Jacona"}]},{"@type":"WebSite","@id":"https:\/\/www.univa.mx\/zamora\/#website","url":"https:\/\/www.univa.mx\/zamora\/","name":"Zamora","description":"Univa","potentialAction":[{"@type":"SearchAction","target":{"@type":"EntryPoint","urlTemplate":"https:\/\/www.univa.mx\/zamora\/?s={search_term_string}"},"query-input":{"@type":"PropertyValueSpecification","valueRequired":true,"valueName":"search_term_string"}}],"inLanguage":"es"},{"@type":"Person","@id":"https:\/\/www.univa.mx\/zamora\/#\/schema\/person\/692cf72d7872d318f79d4fbac1091082","name":"Comunicaci\u00f3n Sistema UNIVA","image":{"@type":"ImageObject","inLanguage":"es","@id":"https:\/\/secure.gravatar.com\/avatar\/43ae2b7a627388c2529404c7698448b06e79e664875a93a164cc62f42f2cee17?s=96&d=mm&r=g","url":"https:\/\/secure.gravatar.com\/avatar\/43ae2b7a627388c2529404c7698448b06e79e664875a93a164cc62f42f2cee17?s=96&d=mm&r=g","contentUrl":"https:\/\/secure.gravatar.com\/avatar\/43ae2b7a627388c2529404c7698448b06e79e664875a93a164cc62f42f2cee17?s=96&d=mm&r=g","caption":"Comunicaci\u00f3n Sistema UNIVA"},"url":"https:\/\/www.univa.mx\/zamora\/author\/alejandrareyes\/"}]}},"_links":{"self":[{"href":"https:\/\/www.univa.mx\/zamora\/wp-json\/wp\/v2\/posts\/9116","targetHints":{"allow":["GET"]}}],"collection":[{"href":"https:\/\/www.univa.mx\/zamora\/wp-json\/wp\/v2\/posts"}],"about":[{"href":"https:\/\/www.univa.mx\/zamora\/wp-json\/wp\/v2\/types\/post"}],"author":[{"embeddable":true,"href":"https:\/\/www.univa.mx\/zamora\/wp-json\/wp\/v2\/users\/30"}],"replies":[{"embeddable":true,"href":"https:\/\/www.univa.mx\/zamora\/wp-json\/wp\/v2\/comments?post=9116"}],"version-history":[{"count":1,"href":"https:\/\/www.univa.mx\/zamora\/wp-json\/wp\/v2\/posts\/9116\/revisions"}],"predecessor-version":[{"id":9118,"href":"https:\/\/www.univa.mx\/zamora\/wp-json\/wp\/v2\/posts\/9116\/revisions\/9118"}],"wp:featuredmedia":[{"embeddable":true,"href":"https:\/\/www.univa.mx\/zamora\/wp-json\/wp\/v2\/media\/9117"}],"wp:attachment":[{"href":"https:\/\/www.univa.mx\/zamora\/wp-json\/wp\/v2\/media?parent=9116"}],"wp:term":[{"taxonomy":"category","embeddable":true,"href":"https:\/\/www.univa.mx\/zamora\/wp-json\/wp\/v2\/categories?post=9116"},{"taxonomy":"post_tag","embeddable":true,"href":"https:\/\/www.univa.mx\/zamora\/wp-json\/wp\/v2\/tags?post=9116"}],"curies":[{"name":"wp","href":"https:\/\/api.w.org\/{rel}","templated":true}]}}