{"id":9110,"date":"2026-09-01T11:46:12","date_gmt":"2026-09-01T17:46:12","guid":{"rendered":"https:\/\/www.univa.mx\/zamora\/?p=9110"},"modified":"2026-09-01T11:46:12","modified_gmt":"2026-09-01T17:46:12","slug":"univa-zamora-jacona-fue-sede-de-la-graduacion-del-colegio-inedi-y-reconoce-la-excelencia-academica","status":"publish","type":"post","link":"https:\/\/www.univa.mx\/zamora\/univa-zamora-jacona-fue-sede-de-la-graduacion-del-colegio-inedi-y-reconoce-la-excelencia-academica\/","title":{"rendered":"UNIVA Zamora-Jacona fue sede de la graduaci\u00f3n del Colegio INEDI y reconoce la excelencia acad\u00e9mica"},"content":{"rendered":"<p>La Universidad del Valle de Atemajac (UNIVA), Campus Zamora-Jacona, fue sede de la ceremonia de graduaci\u00f3n del Colegio INEDI, evento que reuni\u00f3 a estudiantes, familias, docentes y autoridades educativas para celebrar la culminaci\u00f3n de una importante etapa acad\u00e9mica y el inicio de nuevos retos para los egresados.<\/p>\n<p>En un ambiente de orgullo, emoci\u00f3n y satisfacci\u00f3n, se reconoci\u00f3 el esfuerzo, la dedicaci\u00f3n y la constancia de los estudiantes que concluyeron exitosamente su formaci\u00f3n. Durante la ceremonia se destac\u00f3 que este logro representa el resultado de a\u00f1os de compromiso, aprendizaje y crecimiento personal, as\u00ed como del acompa\u00f1amiento de sus familias y docentes, quienes fueron pieza fundamental en este camino.<\/p>\n<p>En representaci\u00f3n de la Universidad del Valle de Atemajac (UNIVA), Campus Zamora-Jacona, la Mtra. Ma. del Carmen Rodr\u00edguez Fern\u00e1ndez, jefa general acad\u00e9mica, dirigi\u00f3 un mensaje de felicitaci\u00f3n a los graduados, exhort\u00e1ndolos a continuar prepar\u00e1ndose con entusiasmo, responsabilidad y compromiso, record\u00e1ndoles que cada meta alcanzada representa el inicio de nuevas oportunidades para su desarrollo profesional y personal.<\/p>\n<p>Como parte de esta significativa celebraci\u00f3n, la Universidad del Valle de Atemajac (UNIVA), Campus Zamora-Jacona, hizo entrega de reconocimientos a los estudiantes con el mejor promedio de la generaci\u00f3n, distinguiendo su excelencia acad\u00e9mica, disciplina y dedicaci\u00f3n a lo largo de sus estudios. La entrega se realiz\u00f3 entre aplausos y muestras de admiraci\u00f3n por parte de los asistentes, resaltando el esfuerzo de quienes sobresalieron por su destacado desempe\u00f1o acad\u00e9mico.<\/p>\n<p>Durante la ceremonia tambi\u00e9n se destac\u00f3 que la excelencia es fruto de la constancia, el compromiso y la perseverancia, valores que los egresados han demostrado a lo largo de su formaci\u00f3n y que ser\u00e1n fundamentales para afrontar los desaf\u00edos de la siguiente etapa de su vida.<\/p>\n<p>Con esta participaci\u00f3n, la Universidad del Valle de Atemajac (UNIVA), Campus Zamora-Jacona, reafirma su compromiso con la educaci\u00f3n y con el reconocimiento al talento acad\u00e9mico, al abrir sus puertas para celebrar los logros de las instituciones educativas de la regi\u00f3n y acompa\u00f1ar a una generaci\u00f3n que hoy concluye una etapa trascendental para comenzar un futuro lleno de oportunidades.<\/p>\n<p>&nbsp;<\/p>\n","protected":false},"excerpt":{"rendered":"<p>La Universidad del Valle de Atemajac (UNIVA), Campus Zamora-Jacona, fue sede de la ceremonia de graduaci\u00f3n del Colegio INEDI, evento que reuni\u00f3 a estudiantes, familias, docentes y autoridades educativas para&#8230;<\/p>\n","protected":false},"author":30,"featured_media":9111,"comment_status":"closed","ping_status":"closed","sticky":false,"template":"","format":"standard","meta":{"footnotes":""},"categories":[2],"tags":[],"class_list":["post-9110","post","type-post","status-publish","format-standard","has-post-thumbnail","category-noticias"],"yoast_head":"<!-- This site is optimized with the Yoast SEO plugin v28.0 - https:\/\/yoast.com\/product\/yoast-seo-wordpress\/ -->\n<title>UNIVA Zamora-Jacona fue sede de la graduaci\u00f3n del Colegio INEDI y reconoce la excelencia acad\u00e9mica - Zamora<\/title>\n<meta name=\"robots\" content=\"index, follow, max-snippet:-1, max-image-preview:large, max-video-preview:-1\" \/>\n<link rel=\"canonical\" href=\"https:\/\/www.univa.mx\/zamora\/univa-zamora-jacona-fue-sede-de-la-graduacion-del-colegio-inedi-y-reconoce-la-excelencia-academica\/\" \/>\n<meta property=\"og:locale\" content=\"es_ES\" \/>\n<meta property=\"og:type\" content=\"article\" \/>\n<meta property=\"og:title\" content=\"UNIVA Zamora-Jacona fue sede de la graduaci\u00f3n del Colegio INEDI y reconoce la excelencia acad\u00e9mica - Zamora\" \/>\n<meta property=\"og:description\" content=\"La Universidad del Valle de Atemajac (UNIVA), Campus Zamora-Jacona, fue sede de la ceremonia de graduaci\u00f3n del Colegio INEDI, evento que reuni\u00f3 a estudiantes, familias, docentes y autoridades educativas para...\" \/>\n<meta property=\"og:url\" content=\"https:\/\/www.univa.mx\/zamora\/univa-zamora-jacona-fue-sede-de-la-graduacion-del-colegio-inedi-y-reconoce-la-excelencia-academica\/\" \/>\n<meta property=\"og:site_name\" content=\"Zamora\" \/>\n<meta property=\"article:published_time\" content=\"2026-09-01T17:46:12+00:00\" \/>\n<meta property=\"og:image\" content=\"https:\/\/www.univa.mx\/zamora\/wp-content\/uploads\/sites\/3\/2026\/09\/grad-inedi_7-scaled-e1788284725290.jpg\" \/>\n\t<meta property=\"og:image:width\" content=\"1081\" \/>\n\t<meta property=\"og:image:height\" content=\"721\" \/>\n\t<meta property=\"og:image:type\" content=\"image\/jpeg\" \/>\n<meta name=\"author\" content=\"Comunicaci\u00f3n Sistema UNIVA\" \/>\n<meta name=\"twitter:card\" content=\"summary_large_image\" \/>\n<meta name=\"twitter:label1\" content=\"Escrito por\" \/>\n\t<meta name=\"twitter:data1\" content=\"Comunicaci\u00f3n Sistema UNIVA\" \/>\n\t<meta name=\"twitter:label2\" content=\"Tiempo de lectura\" \/>\n\t<meta name=\"twitter:data2\" content=\"2 minutos\" \/>\n<script type=\"application\/ld+json\" class=\"yoast-schema-graph\">{\"@context\":\"https:\\\/\\\/schema.org\",\"@graph\":[{\"@type\":\"Article\",\"@id\":\"https:\\\/\\\/www.univa.mx\\\/zamora\\\/univa-zamora-jacona-fue-sede-de-la-graduacion-del-colegio-inedi-y-reconoce-la-excelencia-academica\\\/#article\",\"isPartOf\":{\"@id\":\"https:\\\/\\\/www.univa.mx\\\/zamora\\\/univa-zamora-jacona-fue-sede-de-la-graduacion-del-colegio-inedi-y-reconoce-la-excelencia-academica\\\/\"},\"author\":{\"name\":\"Comunicaci\u00f3n Sistema UNIVA\",\"@id\":\"https:\\\/\\\/www.univa.mx\\\/zamora\\\/#\\\/schema\\\/person\\\/692cf72d7872d318f79d4fbac1091082\"},\"headline\":\"UNIVA Zamora-Jacona fue sede de la graduaci\u00f3n del Colegio INEDI y reconoce la excelencia acad\u00e9mica\",\"datePublished\":\"2026-09-01T17:46:12+00:00\",\"mainEntityOfPage\":{\"@id\":\"https:\\\/\\\/www.univa.mx\\\/zamora\\\/univa-zamora-jacona-fue-sede-de-la-graduacion-del-colegio-inedi-y-reconoce-la-excelencia-academica\\\/\"},\"wordCount\":387,\"image\":{\"@id\":\"https:\\\/\\\/www.univa.mx\\\/zamora\\\/univa-zamora-jacona-fue-sede-de-la-graduacion-del-colegio-inedi-y-reconoce-la-excelencia-academica\\\/#primaryimage\"},\"thumbnailUrl\":\"https:\\\/\\\/www.univa.mx\\\/zamora\\\/wp-content\\\/uploads\\\/sites\\\/3\\\/2026\\\/09\\\/grad-inedi_7-scaled-e1788284725290.jpg\",\"articleSection\":[\"Noticias\"],\"inLanguage\":\"es\"},{\"@type\":\"WebPage\",\"@id\":\"https:\\\/\\\/www.univa.mx\\\/zamora\\\/univa-zamora-jacona-fue-sede-de-la-graduacion-del-colegio-inedi-y-reconoce-la-excelencia-academica\\\/\",\"url\":\"https:\\\/\\\/www.univa.mx\\\/zamora\\\/univa-zamora-jacona-fue-sede-de-la-graduacion-del-colegio-inedi-y-reconoce-la-excelencia-academica\\\/\",\"name\":\"UNIVA Zamora-Jacona fue sede de la graduaci\u00f3n del Colegio INEDI y reconoce la excelencia acad\u00e9mica - Zamora\",\"isPartOf\":{\"@id\":\"https:\\\/\\\/www.univa.mx\\\/zamora\\\/#website\"},\"primaryImageOfPage\":{\"@id\":\"https:\\\/\\\/www.univa.mx\\\/zamora\\\/univa-zamora-jacona-fue-sede-de-la-graduacion-del-colegio-inedi-y-reconoce-la-excelencia-academica\\\/#primaryimage\"},\"image\":{\"@id\":\"https:\\\/\\\/www.univa.mx\\\/zamora\\\/univa-zamora-jacona-fue-sede-de-la-graduacion-del-colegio-inedi-y-reconoce-la-excelencia-academica\\\/#primaryimage\"},\"thumbnailUrl\":\"https:\\\/\\\/www.univa.mx\\\/zamora\\\/wp-content\\\/uploads\\\/sites\\\/3\\\/2026\\\/09\\\/grad-inedi_7-scaled-e1788284725290.jpg\",\"datePublished\":\"2026-09-01T17:46:12+00:00\",\"author\":{\"@id\":\"https:\\\/\\\/www.univa.mx\\\/zamora\\\/#\\\/schema\\\/person\\\/692cf72d7872d318f79d4fbac1091082\"},\"breadcrumb\":{\"@id\":\"https:\\\/\\\/www.univa.mx\\\/zamora\\\/univa-zamora-jacona-fue-sede-de-la-graduacion-del-colegio-inedi-y-reconoce-la-excelencia-academica\\\/#breadcrumb\"},\"inLanguage\":\"es\",\"potentialAction\":[{\"@type\":\"ReadAction\",\"target\":[\"https:\\\/\\\/www.univa.mx\\\/zamora\\\/univa-zamora-jacona-fue-sede-de-la-graduacion-del-colegio-inedi-y-reconoce-la-excelencia-academica\\\/\"]}]},{\"@type\":\"ImageObject\",\"inLanguage\":\"es\",\"@id\":\"https:\\\/\\\/www.univa.mx\\\/zamora\\\/univa-zamora-jacona-fue-sede-de-la-graduacion-del-colegio-inedi-y-reconoce-la-excelencia-academica\\\/#primaryimage\",\"url\":\"https:\\\/\\\/www.univa.mx\\\/zamora\\\/wp-content\\\/uploads\\\/sites\\\/3\\\/2026\\\/09\\\/grad-inedi_7-scaled-e1788284725290.jpg\",\"contentUrl\":\"https:\\\/\\\/www.univa.mx\\\/zamora\\\/wp-content\\\/uploads\\\/sites\\\/3\\\/2026\\\/09\\\/grad-inedi_7-scaled-e1788284725290.jpg\",\"width\":1081,\"height\":721},{\"@type\":\"BreadcrumbList\",\"@id\":\"https:\\\/\\\/www.univa.mx\\\/zamora\\\/univa-zamora-jacona-fue-sede-de-la-graduacion-del-colegio-inedi-y-reconoce-la-excelencia-academica\\\/#breadcrumb\",\"itemListElement\":[{\"@type\":\"ListItem\",\"position\":1,\"name\":\"Portada\",\"item\":\"https:\\\/\\\/www.univa.mx\\\/zamora\\\/\"},{\"@type\":\"ListItem\",\"position\":2,\"name\":\"UNIVA Zamora-Jacona fue sede de la graduaci\u00f3n del Colegio INEDI y reconoce la excelencia acad\u00e9mica\"}]},{\"@type\":\"WebSite\",\"@id\":\"https:\\\/\\\/www.univa.mx\\\/zamora\\\/#website\",\"url\":\"https:\\\/\\\/www.univa.mx\\\/zamora\\\/\",\"name\":\"Zamora\",\"description\":\"Univa\",\"potentialAction\":[{\"@type\":\"SearchAction\",\"target\":{\"@type\":\"EntryPoint\",\"urlTemplate\":\"https:\\\/\\\/www.univa.mx\\\/zamora\\\/?s={search_term_string}\"},\"query-input\":{\"@type\":\"PropertyValueSpecification\",\"valueRequired\":true,\"valueName\":\"search_term_string\"}}],\"inLanguage\":\"es\"},{\"@type\":\"Person\",\"@id\":\"https:\\\/\\\/www.univa.mx\\\/zamora\\\/#\\\/schema\\\/person\\\/692cf72d7872d318f79d4fbac1091082\",\"name\":\"Comunicaci\u00f3n Sistema UNIVA\",\"image\":{\"@type\":\"ImageObject\",\"inLanguage\":\"es\",\"@id\":\"https:\\\/\\\/secure.gravatar.com\\\/avatar\\\/43ae2b7a627388c2529404c7698448b06e79e664875a93a164cc62f42f2cee17?s=96&d=mm&r=g\",\"url\":\"https:\\\/\\\/secure.gravatar.com\\\/avatar\\\/43ae2b7a627388c2529404c7698448b06e79e664875a93a164cc62f42f2cee17?s=96&d=mm&r=g\",\"contentUrl\":\"https:\\\/\\\/secure.gravatar.com\\\/avatar\\\/43ae2b7a627388c2529404c7698448b06e79e664875a93a164cc62f42f2cee17?s=96&d=mm&r=g\",\"caption\":\"Comunicaci\u00f3n Sistema UNIVA\"},\"url\":\"https:\\\/\\\/www.univa.mx\\\/zamora\\\/author\\\/alejandrareyes\\\/\"}]}<\/script>\n<!-- \/ Yoast SEO plugin. -->","yoast_head_json":{"title":"UNIVA Zamora-Jacona fue sede de la graduaci\u00f3n del Colegio INEDI y reconoce la excelencia acad\u00e9mica - Zamora","robots":{"index":"index","follow":"follow","max-snippet":"max-snippet:-1","max-image-preview":"max-image-preview:large","max-video-preview":"max-video-preview:-1"},"canonical":"https:\/\/www.univa.mx\/zamora\/univa-zamora-jacona-fue-sede-de-la-graduacion-del-colegio-inedi-y-reconoce-la-excelencia-academica\/","og_locale":"es_ES","og_type":"article","og_title":"UNIVA Zamora-Jacona fue sede de la graduaci\u00f3n del Colegio INEDI y reconoce la excelencia acad\u00e9mica - Zamora","og_description":"La Universidad del Valle de Atemajac (UNIVA), Campus Zamora-Jacona, fue sede de la ceremonia de graduaci\u00f3n del Colegio INEDI, evento que reuni\u00f3 a estudiantes, familias, docentes y autoridades educativas para...","og_url":"https:\/\/www.univa.mx\/zamora\/univa-zamora-jacona-fue-sede-de-la-graduacion-del-colegio-inedi-y-reconoce-la-excelencia-academica\/","og_site_name":"Zamora","article_published_time":"2026-09-01T17:46:12+00:00","og_image":[{"width":1081,"height":721,"url":"https:\/\/www.univa.mx\/zamora\/wp-content\/uploads\/sites\/3\/2026\/09\/grad-inedi_7-scaled-e1788284725290.jpg","type":"image\/jpeg"}],"author":"Comunicaci\u00f3n Sistema UNIVA","twitter_card":"summary_large_image","twitter_misc":{"Escrito por":"Comunicaci\u00f3n Sistema UNIVA","Tiempo de lectura":"2 minutos"},"schema":{"@context":"https:\/\/schema.org","@graph":[{"@type":"Article","@id":"https:\/\/www.univa.mx\/zamora\/univa-zamora-jacona-fue-sede-de-la-graduacion-del-colegio-inedi-y-reconoce-la-excelencia-academica\/#article","isPartOf":{"@id":"https:\/\/www.univa.mx\/zamora\/univa-zamora-jacona-fue-sede-de-la-graduacion-del-colegio-inedi-y-reconoce-la-excelencia-academica\/"},"author":{"name":"Comunicaci\u00f3n Sistema UNIVA","@id":"https:\/\/www.univa.mx\/zamora\/#\/schema\/person\/692cf72d7872d318f79d4fbac1091082"},"headline":"UNIVA Zamora-Jacona fue sede de la graduaci\u00f3n del Colegio INEDI y reconoce la excelencia acad\u00e9mica","datePublished":"2026-09-01T17:46:12+00:00","mainEntityOfPage":{"@id":"https:\/\/www.univa.mx\/zamora\/univa-zamora-jacona-fue-sede-de-la-graduacion-del-colegio-inedi-y-reconoce-la-excelencia-academica\/"},"wordCount":387,"image":{"@id":"https:\/\/www.univa.mx\/zamora\/univa-zamora-jacona-fue-sede-de-la-graduacion-del-colegio-inedi-y-reconoce-la-excelencia-academica\/#primaryimage"},"thumbnailUrl":"https:\/\/www.univa.mx\/zamora\/wp-content\/uploads\/sites\/3\/2026\/09\/grad-inedi_7-scaled-e1788284725290.jpg","articleSection":["Noticias"],"inLanguage":"es"},{"@type":"WebPage","@id":"https:\/\/www.univa.mx\/zamora\/univa-zamora-jacona-fue-sede-de-la-graduacion-del-colegio-inedi-y-reconoce-la-excelencia-academica\/","url":"https:\/\/www.univa.mx\/zamora\/univa-zamora-jacona-fue-sede-de-la-graduacion-del-colegio-inedi-y-reconoce-la-excelencia-academica\/","name":"UNIVA Zamora-Jacona fue sede de la graduaci\u00f3n del Colegio INEDI y reconoce la excelencia acad\u00e9mica - Zamora","isPartOf":{"@id":"https:\/\/www.univa.mx\/zamora\/#website"},"primaryImageOfPage":{"@id":"https:\/\/www.univa.mx\/zamora\/univa-zamora-jacona-fue-sede-de-la-graduacion-del-colegio-inedi-y-reconoce-la-excelencia-academica\/#primaryimage"},"image":{"@id":"https:\/\/www.univa.mx\/zamora\/univa-zamora-jacona-fue-sede-de-la-graduacion-del-colegio-inedi-y-reconoce-la-excelencia-academica\/#primaryimage"},"thumbnailUrl":"https:\/\/www.univa.mx\/zamora\/wp-content\/uploads\/sites\/3\/2026\/09\/grad-inedi_7-scaled-e1788284725290.jpg","datePublished":"2026-09-01T17:46:12+00:00","author":{"@id":"https:\/\/www.univa.mx\/zamora\/#\/schema\/person\/692cf72d7872d318f79d4fbac1091082"},"breadcrumb":{"@id":"https:\/\/www.univa.mx\/zamora\/univa-zamora-jacona-fue-sede-de-la-graduacion-del-colegio-inedi-y-reconoce-la-excelencia-academica\/#breadcrumb"},"inLanguage":"es","potentialAction":[{"@type":"ReadAction","target":["https:\/\/www.univa.mx\/zamora\/univa-zamora-jacona-fue-sede-de-la-graduacion-del-colegio-inedi-y-reconoce-la-excelencia-academica\/"]}]},{"@type":"ImageObject","inLanguage":"es","@id":"https:\/\/www.univa.mx\/zamora\/univa-zamora-jacona-fue-sede-de-la-graduacion-del-colegio-inedi-y-reconoce-la-excelencia-academica\/#primaryimage","url":"https:\/\/www.univa.mx\/zamora\/wp-content\/uploads\/sites\/3\/2026\/09\/grad-inedi_7-scaled-e1788284725290.jpg","contentUrl":"https:\/\/www.univa.mx\/zamora\/wp-content\/uploads\/sites\/3\/2026\/09\/grad-inedi_7-scaled-e1788284725290.jpg","width":1081,"height":721},{"@type":"BreadcrumbList","@id":"https:\/\/www.univa.mx\/zamora\/univa-zamora-jacona-fue-sede-de-la-graduacion-del-colegio-inedi-y-reconoce-la-excelencia-academica\/#breadcrumb","itemListElement":[{"@type":"ListItem","position":1,"name":"Portada","item":"https:\/\/www.univa.mx\/zamora\/"},{"@type":"ListItem","position":2,"name":"UNIVA Zamora-Jacona fue sede de la graduaci\u00f3n del Colegio INEDI y reconoce la excelencia acad\u00e9mica"}]},{"@type":"WebSite","@id":"https:\/\/www.univa.mx\/zamora\/#website","url":"https:\/\/www.univa.mx\/zamora\/","name":"Zamora","description":"Univa","potentialAction":[{"@type":"SearchAction","target":{"@type":"EntryPoint","urlTemplate":"https:\/\/www.univa.mx\/zamora\/?s={search_term_string}"},"query-input":{"@type":"PropertyValueSpecification","valueRequired":true,"valueName":"search_term_string"}}],"inLanguage":"es"},{"@type":"Person","@id":"https:\/\/www.univa.mx\/zamora\/#\/schema\/person\/692cf72d7872d318f79d4fbac1091082","name":"Comunicaci\u00f3n Sistema UNIVA","image":{"@type":"ImageObject","inLanguage":"es","@id":"https:\/\/secure.gravatar.com\/avatar\/43ae2b7a627388c2529404c7698448b06e79e664875a93a164cc62f42f2cee17?s=96&d=mm&r=g","url":"https:\/\/secure.gravatar.com\/avatar\/43ae2b7a627388c2529404c7698448b06e79e664875a93a164cc62f42f2cee17?s=96&d=mm&r=g","contentUrl":"https:\/\/secure.gravatar.com\/avatar\/43ae2b7a627388c2529404c7698448b06e79e664875a93a164cc62f42f2cee17?s=96&d=mm&r=g","caption":"Comunicaci\u00f3n Sistema UNIVA"},"url":"https:\/\/www.univa.mx\/zamora\/author\/alejandrareyes\/"}]}},"_links":{"self":[{"href":"https:\/\/www.univa.mx\/zamora\/wp-json\/wp\/v2\/posts\/9110","targetHints":{"allow":["GET"]}}],"collection":[{"href":"https:\/\/www.univa.mx\/zamora\/wp-json\/wp\/v2\/posts"}],"about":[{"href":"https:\/\/www.univa.mx\/zamora\/wp-json\/wp\/v2\/types\/post"}],"author":[{"embeddable":true,"href":"https:\/\/www.univa.mx\/zamora\/wp-json\/wp\/v2\/users\/30"}],"replies":[{"embeddable":true,"href":"https:\/\/www.univa.mx\/zamora\/wp-json\/wp\/v2\/comments?post=9110"}],"version-history":[{"count":1,"href":"https:\/\/www.univa.mx\/zamora\/wp-json\/wp\/v2\/posts\/9110\/revisions"}],"predecessor-version":[{"id":9112,"href":"https:\/\/www.univa.mx\/zamora\/wp-json\/wp\/v2\/posts\/9110\/revisions\/9112"}],"wp:featuredmedia":[{"embeddable":true,"href":"https:\/\/www.univa.mx\/zamora\/wp-json\/wp\/v2\/media\/9111"}],"wp:attachment":[{"href":"https:\/\/www.univa.mx\/zamora\/wp-json\/wp\/v2\/media?parent=9110"}],"wp:term":[{"taxonomy":"category","embeddable":true,"href":"https:\/\/www.univa.mx\/zamora\/wp-json\/wp\/v2\/categories?post=9110"},{"taxonomy":"post_tag","embeddable":true,"href":"https:\/\/www.univa.mx\/zamora\/wp-json\/wp\/v2\/tags?post=9110"}],"curies":[{"name":"wp","href":"https:\/\/api.w.org\/{rel}","templated":true}]}}