{"id":7861,"date":"2024-04-16T10:19:27","date_gmt":"2024-04-16T16:19:27","guid":{"rendered":"https:\/\/www.univa.mx\/zamora\/expo-bio-innova-univa-zamora\/"},"modified":"2024-04-16T10:19:28","modified_gmt":"2024-04-16T16:19:28","slug":"expo-bio-innova-univa-zamora","status":"publish","type":"post","link":"https:\/\/www.univa.mx\/zamora\/expo-bio-innova-univa-zamora\/","title":{"rendered":"Fusi\u00f3n de la nutrici\u00f3n y la gastronom\u00eda en la 14.a Expo Bio Innova UNIVA Zamora"},"content":{"rendered":"<p>El Jard\u00edn de Ni\u00f1os Estefan\u00eda Casta\u00f1eda fue el escenario de la 14.a Expo Bio Innova, bajo la direcci\u00f3n de la Mtra. Ver\u00f3nica Cort\u00e9s S\u00e1nchez, donde se expusieron cinco productos innovadores, contribuyendo as\u00ed con las materias de Innovaci\u00f3n de Productos Alimenticios y Tecnolog\u00eda; y Bromatolog\u00eda de los Alimentos.<\/p>\n<p>El jurado se compuso de egresadas de UNIVA Zamora, como lo fueron la L. N. Maryl\u00fa Vega Mero\u00f1o, nutri\u00f3loga del Hospital General de Zamora, la chef Melissa V\u00e1zquez Canela, propietaria de Punto Delicia, y el Mtro. Roberto Hern\u00e1ndez Medr\u00e1n, coordinador acad\u00e9mico del \u00e1rea de CEA en UNIVA. Este equipo de expertos aport\u00f3 una amplia gama de conocimientos y experiencias. Algo sumamente importante fue la participaci\u00f3n de los docentes, alumnos y padres de familia de la instituci\u00f3n. Su entusiasmo y compromiso demostraron que la innovaci\u00f3n pr\u00f3spera en un ambiente colaborativo y enriquecedor.<\/p>\n<p>La 14.a Expo Bio Innova no solo fue una exhibici\u00f3n de productos, sino tambi\u00e9n un testimonio del poder de la colaboraci\u00f3n interdisciplinaria y el compromiso con la innovaci\u00f3n en el \u00e1mbito de la alimentaci\u00f3n. Este evento dej\u00f3 una impresi\u00f3n positiva en todos los participantes, inspir\u00e1ndolos a seguir explorando nuevas fronteras en la nutrici\u00f3n y la gastronom\u00eda.<\/p>\n<p>El agradecimiento especial al Jard\u00edn de Ni\u00f1os Estefan\u00eda Casta\u00f1eda por abrir las puertas y ser sede de este evento. No cabe duda que su generosidad y hospitalidad hicieron posible la realizaci\u00f3n de este, que sin duda dej\u00f3 una huella perdurable en todos los participantes.<\/p>\n","protected":false},"excerpt":{"rendered":"<p>El Jard\u00edn de Ni\u00f1os Estefan\u00eda Casta\u00f1eda fue el escenario de la 14.a Expo Bio Innova, bajo la direcci\u00f3n de la Mtra. Ver\u00f3nica Cort\u00e9s S\u00e1nchez, donde se expusieron cinco productos innovadores,&#8230;<\/p>\n","protected":false},"author":40,"featured_media":7862,"comment_status":"closed","ping_status":"","sticky":false,"template":"","format":"standard","meta":{"footnotes":""},"categories":[2],"tags":[143,144,20],"class_list":{"0":"post-7861","1":"post","2":"type-post","3":"status-publish","4":"format-standard","5":"has-post-thumbnail","7":"category-noticias","8":"tag-alumnos","9":"tag-liderazgo","10":"tag-univa-zamora"},"yoast_head":"<!-- This site is optimized with the Yoast SEO plugin v26.6 - https:\/\/yoast.com\/wordpress\/plugins\/seo\/ -->\n<title>Fusi\u00f3n de la nutrici\u00f3n y la gastronom\u00eda en la 14.a Expo Bio Innova UNIVA Zamora - Zamora<\/title>\n<meta name=\"robots\" content=\"index, follow, max-snippet:-1, max-image-preview:large, max-video-preview:-1\" \/>\n<link rel=\"canonical\" href=\"https:\/\/www.univa.mx\/zamora\/expo-bio-innova-univa-zamora\/\" \/>\n<meta property=\"og:locale\" content=\"es_ES\" \/>\n<meta property=\"og:type\" content=\"article\" \/>\n<meta property=\"og:title\" content=\"Fusi\u00f3n de la nutrici\u00f3n y la gastronom\u00eda en la 14.a Expo Bio Innova UNIVA Zamora - Zamora\" \/>\n<meta property=\"og:description\" content=\"El Jard\u00edn de Ni\u00f1os Estefan\u00eda Casta\u00f1eda fue el escenario de la 14.a Expo Bio Innova, bajo la direcci\u00f3n de la Mtra. Ver\u00f3nica Cort\u00e9s S\u00e1nchez, donde se expusieron cinco productos innovadores,...\" \/>\n<meta property=\"og:url\" content=\"https:\/\/www.univa.mx\/zamora\/expo-bio-innova-univa-zamora\/\" \/>\n<meta property=\"og:site_name\" content=\"Zamora\" \/>\n<meta property=\"article:published_time\" content=\"2024-04-16T16:19:27+00:00\" \/>\n<meta property=\"article:modified_time\" content=\"2024-04-16T16:19:28+00:00\" \/>\n<meta property=\"og:image\" content=\"https:\/\/www.univa.mx\/zamora\/wp-content\/uploads\/sites\/3\/2024\/04\/DSC07803.gif\" \/>\n\t<meta property=\"og:image:width\" content=\"1280\" \/>\n\t<meta property=\"og:image:height\" content=\"720\" \/>\n\t<meta property=\"og:image:type\" content=\"image\/gif\" \/>\n<meta name=\"author\" content=\"Comunicaci\u00f3n Sistema UNIVA\" \/>\n<meta name=\"twitter:card\" content=\"summary_large_image\" \/>\n<meta name=\"twitter:label1\" content=\"Escrito por\" \/>\n\t<meta name=\"twitter:data1\" content=\"Comunicaci\u00f3n Sistema UNIVA\" \/>\n\t<meta name=\"twitter:label2\" content=\"Tiempo de lectura\" \/>\n\t<meta name=\"twitter:data2\" content=\"1 minuto\" \/>\n<script type=\"application\/ld+json\" class=\"yoast-schema-graph\">{\"@context\":\"https:\/\/schema.org\",\"@graph\":[{\"@type\":\"WebPage\",\"@id\":\"https:\/\/www.univa.mx\/zamora\/expo-bio-innova-univa-zamora\/\",\"url\":\"https:\/\/www.univa.mx\/zamora\/expo-bio-innova-univa-zamora\/\",\"name\":\"Fusi\u00f3n de la nutrici\u00f3n y la gastronom\u00eda en la 14.a Expo Bio Innova UNIVA Zamora - Zamora\",\"isPartOf\":{\"@id\":\"https:\/\/www.univa.mx\/zamora\/#website\"},\"primaryImageOfPage\":{\"@id\":\"https:\/\/www.univa.mx\/zamora\/expo-bio-innova-univa-zamora\/#primaryimage\"},\"image\":{\"@id\":\"https:\/\/www.univa.mx\/zamora\/expo-bio-innova-univa-zamora\/#primaryimage\"},\"thumbnailUrl\":\"https:\/\/www.univa.mx\/zamora\/wp-content\/uploads\/sites\/3\/2024\/04\/DSC07803.gif\",\"datePublished\":\"2024-04-16T16:19:27+00:00\",\"dateModified\":\"2024-04-16T16:19:28+00:00\",\"author\":{\"@id\":\"https:\/\/www.univa.mx\/zamora\/#\/schema\/person\/257d6e84e733cd038299033a4e51daf8\"},\"breadcrumb\":{\"@id\":\"https:\/\/www.univa.mx\/zamora\/expo-bio-innova-univa-zamora\/#breadcrumb\"},\"inLanguage\":\"es\",\"potentialAction\":[{\"@type\":\"ReadAction\",\"target\":[\"https:\/\/www.univa.mx\/zamora\/expo-bio-innova-univa-zamora\/\"]}]},{\"@type\":\"ImageObject\",\"inLanguage\":\"es\",\"@id\":\"https:\/\/www.univa.mx\/zamora\/expo-bio-innova-univa-zamora\/#primaryimage\",\"url\":\"https:\/\/www.univa.mx\/zamora\/wp-content\/uploads\/sites\/3\/2024\/04\/DSC07803.gif\",\"contentUrl\":\"https:\/\/www.univa.mx\/zamora\/wp-content\/uploads\/sites\/3\/2024\/04\/DSC07803.gif\",\"width\":1280,\"height\":720},{\"@type\":\"BreadcrumbList\",\"@id\":\"https:\/\/www.univa.mx\/zamora\/expo-bio-innova-univa-zamora\/#breadcrumb\",\"itemListElement\":[{\"@type\":\"ListItem\",\"position\":1,\"name\":\"Portada\",\"item\":\"https:\/\/www.univa.mx\/zamora\/\"},{\"@type\":\"ListItem\",\"position\":2,\"name\":\"Fusi\u00f3n de la nutrici\u00f3n y la gastronom\u00eda en la 14.a Expo Bio Innova UNIVA Zamora\"}]},{\"@type\":\"WebSite\",\"@id\":\"https:\/\/www.univa.mx\/zamora\/#website\",\"url\":\"https:\/\/www.univa.mx\/zamora\/\",\"name\":\"Zamora\",\"description\":\"Univa\",\"potentialAction\":[{\"@type\":\"SearchAction\",\"target\":{\"@type\":\"EntryPoint\",\"urlTemplate\":\"https:\/\/www.univa.mx\/zamora\/?s={search_term_string}\"},\"query-input\":{\"@type\":\"PropertyValueSpecification\",\"valueRequired\":true,\"valueName\":\"search_term_string\"}}],\"inLanguage\":\"es\"},{\"@type\":\"Person\",\"@id\":\"https:\/\/www.univa.mx\/zamora\/#\/schema\/person\/257d6e84e733cd038299033a4e51daf8\",\"name\":\"Comunicaci\u00f3n Sistema UNIVA\",\"image\":{\"@type\":\"ImageObject\",\"inLanguage\":\"es\",\"@id\":\"https:\/\/www.univa.mx\/zamora\/#\/schema\/person\/image\/\",\"url\":\"https:\/\/secure.gravatar.com\/avatar\/6aa0bbdc2764d6dabb18e0075a849c5887b5f3f2c39e3b19384bfd22e55dba7c?s=96&d=mm&r=g\",\"contentUrl\":\"https:\/\/secure.gravatar.com\/avatar\/6aa0bbdc2764d6dabb18e0075a849c5887b5f3f2c39e3b19384bfd22e55dba7c?s=96&d=mm&r=g\",\"caption\":\"Comunicaci\u00f3n Sistema UNIVA\"},\"url\":\"https:\/\/www.univa.mx\/zamora\/author\/gustavo\/\"}]}<\/script>\n<!-- \/ Yoast SEO plugin. -->","yoast_head_json":{"title":"Fusi\u00f3n de la nutrici\u00f3n y la gastronom\u00eda en la 14.a Expo Bio Innova UNIVA Zamora - Zamora","robots":{"index":"index","follow":"follow","max-snippet":"max-snippet:-1","max-image-preview":"max-image-preview:large","max-video-preview":"max-video-preview:-1"},"canonical":"https:\/\/www.univa.mx\/zamora\/expo-bio-innova-univa-zamora\/","og_locale":"es_ES","og_type":"article","og_title":"Fusi\u00f3n de la nutrici\u00f3n y la gastronom\u00eda en la 14.a Expo Bio Innova UNIVA Zamora - Zamora","og_description":"El Jard\u00edn de Ni\u00f1os Estefan\u00eda Casta\u00f1eda fue el escenario de la 14.a Expo Bio Innova, bajo la direcci\u00f3n de la Mtra. Ver\u00f3nica Cort\u00e9s S\u00e1nchez, donde se expusieron cinco productos innovadores,...","og_url":"https:\/\/www.univa.mx\/zamora\/expo-bio-innova-univa-zamora\/","og_site_name":"Zamora","article_published_time":"2024-04-16T16:19:27+00:00","article_modified_time":"2024-04-16T16:19:28+00:00","og_image":[{"width":1280,"height":720,"url":"https:\/\/www.univa.mx\/zamora\/wp-content\/uploads\/sites\/3\/2024\/04\/DSC07803.gif","type":"image\/gif"}],"author":"Comunicaci\u00f3n Sistema UNIVA","twitter_card":"summary_large_image","twitter_misc":{"Escrito por":"Comunicaci\u00f3n Sistema UNIVA","Tiempo de lectura":"1 minuto"},"schema":{"@context":"https:\/\/schema.org","@graph":[{"@type":"WebPage","@id":"https:\/\/www.univa.mx\/zamora\/expo-bio-innova-univa-zamora\/","url":"https:\/\/www.univa.mx\/zamora\/expo-bio-innova-univa-zamora\/","name":"Fusi\u00f3n de la nutrici\u00f3n y la gastronom\u00eda en la 14.a Expo Bio Innova UNIVA Zamora - Zamora","isPartOf":{"@id":"https:\/\/www.univa.mx\/zamora\/#website"},"primaryImageOfPage":{"@id":"https:\/\/www.univa.mx\/zamora\/expo-bio-innova-univa-zamora\/#primaryimage"},"image":{"@id":"https:\/\/www.univa.mx\/zamora\/expo-bio-innova-univa-zamora\/#primaryimage"},"thumbnailUrl":"https:\/\/www.univa.mx\/zamora\/wp-content\/uploads\/sites\/3\/2024\/04\/DSC07803.gif","datePublished":"2024-04-16T16:19:27+00:00","dateModified":"2024-04-16T16:19:28+00:00","author":{"@id":"https:\/\/www.univa.mx\/zamora\/#\/schema\/person\/257d6e84e733cd038299033a4e51daf8"},"breadcrumb":{"@id":"https:\/\/www.univa.mx\/zamora\/expo-bio-innova-univa-zamora\/#breadcrumb"},"inLanguage":"es","potentialAction":[{"@type":"ReadAction","target":["https:\/\/www.univa.mx\/zamora\/expo-bio-innova-univa-zamora\/"]}]},{"@type":"ImageObject","inLanguage":"es","@id":"https:\/\/www.univa.mx\/zamora\/expo-bio-innova-univa-zamora\/#primaryimage","url":"https:\/\/www.univa.mx\/zamora\/wp-content\/uploads\/sites\/3\/2024\/04\/DSC07803.gif","contentUrl":"https:\/\/www.univa.mx\/zamora\/wp-content\/uploads\/sites\/3\/2024\/04\/DSC07803.gif","width":1280,"height":720},{"@type":"BreadcrumbList","@id":"https:\/\/www.univa.mx\/zamora\/expo-bio-innova-univa-zamora\/#breadcrumb","itemListElement":[{"@type":"ListItem","position":1,"name":"Portada","item":"https:\/\/www.univa.mx\/zamora\/"},{"@type":"ListItem","position":2,"name":"Fusi\u00f3n de la nutrici\u00f3n y la gastronom\u00eda en la 14.a Expo Bio Innova UNIVA Zamora"}]},{"@type":"WebSite","@id":"https:\/\/www.univa.mx\/zamora\/#website","url":"https:\/\/www.univa.mx\/zamora\/","name":"Zamora","description":"Univa","potentialAction":[{"@type":"SearchAction","target":{"@type":"EntryPoint","urlTemplate":"https:\/\/www.univa.mx\/zamora\/?s={search_term_string}"},"query-input":{"@type":"PropertyValueSpecification","valueRequired":true,"valueName":"search_term_string"}}],"inLanguage":"es"},{"@type":"Person","@id":"https:\/\/www.univa.mx\/zamora\/#\/schema\/person\/257d6e84e733cd038299033a4e51daf8","name":"Comunicaci\u00f3n Sistema UNIVA","image":{"@type":"ImageObject","inLanguage":"es","@id":"https:\/\/www.univa.mx\/zamora\/#\/schema\/person\/image\/","url":"https:\/\/secure.gravatar.com\/avatar\/6aa0bbdc2764d6dabb18e0075a849c5887b5f3f2c39e3b19384bfd22e55dba7c?s=96&d=mm&r=g","contentUrl":"https:\/\/secure.gravatar.com\/avatar\/6aa0bbdc2764d6dabb18e0075a849c5887b5f3f2c39e3b19384bfd22e55dba7c?s=96&d=mm&r=g","caption":"Comunicaci\u00f3n Sistema UNIVA"},"url":"https:\/\/www.univa.mx\/zamora\/author\/gustavo\/"}]}},"_links":{"self":[{"href":"https:\/\/www.univa.mx\/zamora\/wp-json\/wp\/v2\/posts\/7861","targetHints":{"allow":["GET"]}}],"collection":[{"href":"https:\/\/www.univa.mx\/zamora\/wp-json\/wp\/v2\/posts"}],"about":[{"href":"https:\/\/www.univa.mx\/zamora\/wp-json\/wp\/v2\/types\/post"}],"author":[{"embeddable":true,"href":"https:\/\/www.univa.mx\/zamora\/wp-json\/wp\/v2\/users\/40"}],"replies":[{"embeddable":true,"href":"https:\/\/www.univa.mx\/zamora\/wp-json\/wp\/v2\/comments?post=7861"}],"version-history":[{"count":1,"href":"https:\/\/www.univa.mx\/zamora\/wp-json\/wp\/v2\/posts\/7861\/revisions"}],"predecessor-version":[{"id":7863,"href":"https:\/\/www.univa.mx\/zamora\/wp-json\/wp\/v2\/posts\/7861\/revisions\/7863"}],"wp:featuredmedia":[{"embeddable":true,"href":"https:\/\/www.univa.mx\/zamora\/wp-json\/wp\/v2\/media\/7862"}],"wp:attachment":[{"href":"https:\/\/www.univa.mx\/zamora\/wp-json\/wp\/v2\/media?parent=7861"}],"wp:term":[{"taxonomy":"category","embeddable":true,"href":"https:\/\/www.univa.mx\/zamora\/wp-json\/wp\/v2\/categories?post=7861"},{"taxonomy":"post_tag","embeddable":true,"href":"https:\/\/www.univa.mx\/zamora\/wp-json\/wp\/v2\/tags?post=7861"}],"curies":[{"name":"wp","href":"https:\/\/api.w.org\/{rel}","templated":true}]}}