{"id":6898,"date":"2023-01-12T08:09:44","date_gmt":"2023-01-12T14:09:44","guid":{"rendered":"https:\/\/www.univa.mx\/zamora\/?p=6898"},"modified":"2023-01-12T08:09:44","modified_gmt":"2023-01-12T14:09:44","slug":"dia-de-reyes","status":"publish","type":"post","link":"https:\/\/www.univa.mx\/zamora\/dia-de-reyes\/","title":{"rendered":"D\u00eda de Reyes"},"content":{"rendered":"<p>Con la presencia de 315 ni\u00f1os, se realiz\u00f3 en el Auditorio de UNIVA campus Jacona el tradicional Dia de Reyes UNIVA. Los ni\u00f1os que pasaron por los juguetes, que los Reyes Magos les dejaron en el plantel, disfrutaron como bienvenida, de una taza con chocolate y una sabrosa pieza de pan. Posteriormente se les invito a entrar al auditorio donde la Dra. Adriana Villica\u00f1a Martinez directora general de Plantel Zamora les comparti\u00f3 el significado de este d\u00eda especial e invitarles a portarse bien en el a\u00f1o. Para terminar, a los ni\u00f1os se les hizo entrega de su juguete, no sin antes tomarse las fotos con los tres Reyes Magos presentes en el evento. En total se entregaron 360 juguetes.<\/p>\n","protected":false},"excerpt":{"rendered":"<p>Con la presencia de 315 ni\u00f1os, se realiz\u00f3 en el Auditorio de UNIVA campus Jacona el tradicional Dia de Reyes UNIVA. Los ni\u00f1os que pasaron por los juguetes, que los&#8230;<\/p>\n","protected":false},"author":2,"featured_media":6899,"comment_status":"open","ping_status":"open","sticky":false,"template":"","format":"standard","meta":{"footnotes":""},"categories":[2],"tags":[],"class_list":{"0":"post-6898","1":"post","2":"type-post","3":"status-publish","4":"format-standard","5":"has-post-thumbnail","7":"category-noticias"},"yoast_head":"<!-- This site is optimized with the Yoast SEO plugin v26.6 - https:\/\/yoast.com\/wordpress\/plugins\/seo\/ -->\n<title>D\u00eda de Reyes - Zamora<\/title>\n<meta name=\"robots\" content=\"index, follow, max-snippet:-1, max-image-preview:large, max-video-preview:-1\" \/>\n<link rel=\"canonical\" href=\"https:\/\/www.univa.mx\/zamora\/dia-de-reyes\/\" \/>\n<meta property=\"og:locale\" content=\"es_ES\" \/>\n<meta property=\"og:type\" content=\"article\" \/>\n<meta property=\"og:title\" content=\"D\u00eda de Reyes - Zamora\" \/>\n<meta property=\"og:description\" content=\"Con la presencia de 315 ni\u00f1os, se realiz\u00f3 en el Auditorio de UNIVA campus Jacona el tradicional Dia de Reyes UNIVA. Los ni\u00f1os que pasaron por los juguetes, que los...\" \/>\n<meta property=\"og:url\" content=\"https:\/\/www.univa.mx\/zamora\/dia-de-reyes\/\" \/>\n<meta property=\"og:site_name\" content=\"Zamora\" \/>\n<meta property=\"article:published_time\" content=\"2023-01-12T14:09:44+00:00\" \/>\n<meta property=\"og:image\" content=\"https:\/\/www.univa.mx\/zamora\/wp-content\/uploads\/sites\/3\/2023\/01\/Di\u0301a-de-Reyes.gif\" \/>\n\t<meta property=\"og:image:width\" content=\"1280\" \/>\n\t<meta property=\"og:image:height\" content=\"720\" \/>\n\t<meta property=\"og:image:type\" content=\"image\/gif\" \/>\n<meta name=\"author\" content=\"Comunicaci\u00f3n Sistema UNIVA\" \/>\n<meta name=\"twitter:card\" content=\"summary_large_image\" \/>\n<meta name=\"twitter:label1\" content=\"Escrito por\" \/>\n\t<meta name=\"twitter:data1\" content=\"Comunicaci\u00f3n Sistema UNIVA\" \/>\n\t<meta name=\"twitter:label2\" content=\"Tiempo de lectura\" \/>\n\t<meta name=\"twitter:data2\" content=\"1 minuto\" \/>\n<script type=\"application\/ld+json\" class=\"yoast-schema-graph\">{\"@context\":\"https:\/\/schema.org\",\"@graph\":[{\"@type\":\"WebPage\",\"@id\":\"https:\/\/www.univa.mx\/zamora\/dia-de-reyes\/\",\"url\":\"https:\/\/www.univa.mx\/zamora\/dia-de-reyes\/\",\"name\":\"D\u00eda de Reyes - Zamora\",\"isPartOf\":{\"@id\":\"https:\/\/www.univa.mx\/zamora\/#website\"},\"primaryImageOfPage\":{\"@id\":\"https:\/\/www.univa.mx\/zamora\/dia-de-reyes\/#primaryimage\"},\"image\":{\"@id\":\"https:\/\/www.univa.mx\/zamora\/dia-de-reyes\/#primaryimage\"},\"thumbnailUrl\":\"https:\/\/www.univa.mx\/zamora\/wp-content\/uploads\/sites\/3\/2023\/01\/Di\u0301a-de-Reyes.gif\",\"datePublished\":\"2023-01-12T14:09:44+00:00\",\"author\":{\"@id\":\"https:\/\/www.univa.mx\/zamora\/#\/schema\/person\/69c7c7ff4ec76903a1b7038cb8f0b6cd\"},\"breadcrumb\":{\"@id\":\"https:\/\/www.univa.mx\/zamora\/dia-de-reyes\/#breadcrumb\"},\"inLanguage\":\"es\",\"potentialAction\":[{\"@type\":\"ReadAction\",\"target\":[\"https:\/\/www.univa.mx\/zamora\/dia-de-reyes\/\"]}]},{\"@type\":\"ImageObject\",\"inLanguage\":\"es\",\"@id\":\"https:\/\/www.univa.mx\/zamora\/dia-de-reyes\/#primaryimage\",\"url\":\"https:\/\/www.univa.mx\/zamora\/wp-content\/uploads\/sites\/3\/2023\/01\/Di\u0301a-de-Reyes.gif\",\"contentUrl\":\"https:\/\/www.univa.mx\/zamora\/wp-content\/uploads\/sites\/3\/2023\/01\/Di\u0301a-de-Reyes.gif\",\"width\":1280,\"height\":720},{\"@type\":\"BreadcrumbList\",\"@id\":\"https:\/\/www.univa.mx\/zamora\/dia-de-reyes\/#breadcrumb\",\"itemListElement\":[{\"@type\":\"ListItem\",\"position\":1,\"name\":\"Portada\",\"item\":\"https:\/\/www.univa.mx\/zamora\/\"},{\"@type\":\"ListItem\",\"position\":2,\"name\":\"D\u00eda de Reyes\"}]},{\"@type\":\"WebSite\",\"@id\":\"https:\/\/www.univa.mx\/zamora\/#website\",\"url\":\"https:\/\/www.univa.mx\/zamora\/\",\"name\":\"Zamora\",\"description\":\"Univa\",\"potentialAction\":[{\"@type\":\"SearchAction\",\"target\":{\"@type\":\"EntryPoint\",\"urlTemplate\":\"https:\/\/www.univa.mx\/zamora\/?s={search_term_string}\"},\"query-input\":{\"@type\":\"PropertyValueSpecification\",\"valueRequired\":true,\"valueName\":\"search_term_string\"}}],\"inLanguage\":\"es\"},{\"@type\":\"Person\",\"@id\":\"https:\/\/www.univa.mx\/zamora\/#\/schema\/person\/69c7c7ff4ec76903a1b7038cb8f0b6cd\",\"name\":\"Comunicaci\u00f3n Sistema UNIVA\",\"image\":{\"@type\":\"ImageObject\",\"inLanguage\":\"es\",\"@id\":\"https:\/\/www.univa.mx\/zamora\/#\/schema\/person\/image\/\",\"url\":\"https:\/\/secure.gravatar.com\/avatar\/e5c70e7a9e29f270de612e0fc3ec80dfe6dcaa543bd068051f89740873db7146?s=96&d=mm&r=g\",\"contentUrl\":\"https:\/\/secure.gravatar.com\/avatar\/e5c70e7a9e29f270de612e0fc3ec80dfe6dcaa543bd068051f89740873db7146?s=96&d=mm&r=g\",\"caption\":\"Comunicaci\u00f3n Sistema UNIVA\"},\"url\":\"https:\/\/www.univa.mx\/zamora\/author\/davidrosas\/\"}]}<\/script>\n<!-- \/ Yoast SEO plugin. -->","yoast_head_json":{"title":"D\u00eda de Reyes - Zamora","robots":{"index":"index","follow":"follow","max-snippet":"max-snippet:-1","max-image-preview":"max-image-preview:large","max-video-preview":"max-video-preview:-1"},"canonical":"https:\/\/www.univa.mx\/zamora\/dia-de-reyes\/","og_locale":"es_ES","og_type":"article","og_title":"D\u00eda de Reyes - Zamora","og_description":"Con la presencia de 315 ni\u00f1os, se realiz\u00f3 en el Auditorio de UNIVA campus Jacona el tradicional Dia de Reyes UNIVA. Los ni\u00f1os que pasaron por los juguetes, que los...","og_url":"https:\/\/www.univa.mx\/zamora\/dia-de-reyes\/","og_site_name":"Zamora","article_published_time":"2023-01-12T14:09:44+00:00","og_image":[{"width":1280,"height":720,"url":"https:\/\/www.univa.mx\/zamora\/wp-content\/uploads\/sites\/3\/2023\/01\/Di\u0301a-de-Reyes.gif","type":"image\/gif"}],"author":"Comunicaci\u00f3n Sistema UNIVA","twitter_card":"summary_large_image","twitter_misc":{"Escrito por":"Comunicaci\u00f3n Sistema UNIVA","Tiempo de lectura":"1 minuto"},"schema":{"@context":"https:\/\/schema.org","@graph":[{"@type":"WebPage","@id":"https:\/\/www.univa.mx\/zamora\/dia-de-reyes\/","url":"https:\/\/www.univa.mx\/zamora\/dia-de-reyes\/","name":"D\u00eda de Reyes - Zamora","isPartOf":{"@id":"https:\/\/www.univa.mx\/zamora\/#website"},"primaryImageOfPage":{"@id":"https:\/\/www.univa.mx\/zamora\/dia-de-reyes\/#primaryimage"},"image":{"@id":"https:\/\/www.univa.mx\/zamora\/dia-de-reyes\/#primaryimage"},"thumbnailUrl":"https:\/\/www.univa.mx\/zamora\/wp-content\/uploads\/sites\/3\/2023\/01\/Di\u0301a-de-Reyes.gif","datePublished":"2023-01-12T14:09:44+00:00","author":{"@id":"https:\/\/www.univa.mx\/zamora\/#\/schema\/person\/69c7c7ff4ec76903a1b7038cb8f0b6cd"},"breadcrumb":{"@id":"https:\/\/www.univa.mx\/zamora\/dia-de-reyes\/#breadcrumb"},"inLanguage":"es","potentialAction":[{"@type":"ReadAction","target":["https:\/\/www.univa.mx\/zamora\/dia-de-reyes\/"]}]},{"@type":"ImageObject","inLanguage":"es","@id":"https:\/\/www.univa.mx\/zamora\/dia-de-reyes\/#primaryimage","url":"https:\/\/www.univa.mx\/zamora\/wp-content\/uploads\/sites\/3\/2023\/01\/Di\u0301a-de-Reyes.gif","contentUrl":"https:\/\/www.univa.mx\/zamora\/wp-content\/uploads\/sites\/3\/2023\/01\/Di\u0301a-de-Reyes.gif","width":1280,"height":720},{"@type":"BreadcrumbList","@id":"https:\/\/www.univa.mx\/zamora\/dia-de-reyes\/#breadcrumb","itemListElement":[{"@type":"ListItem","position":1,"name":"Portada","item":"https:\/\/www.univa.mx\/zamora\/"},{"@type":"ListItem","position":2,"name":"D\u00eda de Reyes"}]},{"@type":"WebSite","@id":"https:\/\/www.univa.mx\/zamora\/#website","url":"https:\/\/www.univa.mx\/zamora\/","name":"Zamora","description":"Univa","potentialAction":[{"@type":"SearchAction","target":{"@type":"EntryPoint","urlTemplate":"https:\/\/www.univa.mx\/zamora\/?s={search_term_string}"},"query-input":{"@type":"PropertyValueSpecification","valueRequired":true,"valueName":"search_term_string"}}],"inLanguage":"es"},{"@type":"Person","@id":"https:\/\/www.univa.mx\/zamora\/#\/schema\/person\/69c7c7ff4ec76903a1b7038cb8f0b6cd","name":"Comunicaci\u00f3n Sistema UNIVA","image":{"@type":"ImageObject","inLanguage":"es","@id":"https:\/\/www.univa.mx\/zamora\/#\/schema\/person\/image\/","url":"https:\/\/secure.gravatar.com\/avatar\/e5c70e7a9e29f270de612e0fc3ec80dfe6dcaa543bd068051f89740873db7146?s=96&d=mm&r=g","contentUrl":"https:\/\/secure.gravatar.com\/avatar\/e5c70e7a9e29f270de612e0fc3ec80dfe6dcaa543bd068051f89740873db7146?s=96&d=mm&r=g","caption":"Comunicaci\u00f3n Sistema UNIVA"},"url":"https:\/\/www.univa.mx\/zamora\/author\/davidrosas\/"}]}},"_links":{"self":[{"href":"https:\/\/www.univa.mx\/zamora\/wp-json\/wp\/v2\/posts\/6898","targetHints":{"allow":["GET"]}}],"collection":[{"href":"https:\/\/www.univa.mx\/zamora\/wp-json\/wp\/v2\/posts"}],"about":[{"href":"https:\/\/www.univa.mx\/zamora\/wp-json\/wp\/v2\/types\/post"}],"author":[{"embeddable":true,"href":"https:\/\/www.univa.mx\/zamora\/wp-json\/wp\/v2\/users\/2"}],"replies":[{"embeddable":true,"href":"https:\/\/www.univa.mx\/zamora\/wp-json\/wp\/v2\/comments?post=6898"}],"version-history":[{"count":1,"href":"https:\/\/www.univa.mx\/zamora\/wp-json\/wp\/v2\/posts\/6898\/revisions"}],"predecessor-version":[{"id":6900,"href":"https:\/\/www.univa.mx\/zamora\/wp-json\/wp\/v2\/posts\/6898\/revisions\/6900"}],"wp:featuredmedia":[{"embeddable":true,"href":"https:\/\/www.univa.mx\/zamora\/wp-json\/wp\/v2\/media\/6899"}],"wp:attachment":[{"href":"https:\/\/www.univa.mx\/zamora\/wp-json\/wp\/v2\/media?parent=6898"}],"wp:term":[{"taxonomy":"category","embeddable":true,"href":"https:\/\/www.univa.mx\/zamora\/wp-json\/wp\/v2\/categories?post=6898"},{"taxonomy":"post_tag","embeddable":true,"href":"https:\/\/www.univa.mx\/zamora\/wp-json\/wp\/v2\/tags?post=6898"}],"curies":[{"name":"wp","href":"https:\/\/api.w.org\/{rel}","templated":true}]}}