{"id":4311,"date":"2020-10-21T09:41:59","date_gmt":"2020-10-21T14:41:59","guid":{"rendered":"https:\/\/www.univa.mx\/zamora\/conferencias-virtuales-idex-univa-charlas-compartidas-por-estudiantes-egresados-docentes-y-administrativos-del-sistema-univa\/"},"modified":"2020-10-21T09:42:14","modified_gmt":"2020-10-21T14:42:14","slug":"conferencias-virtuales-idex-univa-charlas-compartidas-por-estudiantes-egresados-docentes-y-administrativos-del-sistema-univa","status":"publish","type":"post","link":"https:\/\/www.univa.mx\/zamora\/conferencias-virtuales-idex-univa-charlas-compartidas-por-estudiantes-egresados-docentes-y-administrativos-del-sistema-univa\/","title":{"rendered":"Conferencias virtuales, IDEx UNIVA \u201cCharlas compartidas por estudiantes, egresados, docentes y administrativos del Sistema  UNIVA\u201d"},"content":{"rendered":"<p>En el segundo d\u00eda de la Semana UNIVA 2020, se llev\u00f3 a cabo el evento IDEx UNIVA, que son charlas compartidas por estudiantes, egresados, docentes y administrativos del Sistema UNIVA, con el objetivo de inspirar, informar e innovar.<\/p>\n<p>La convocatoria fue con el prop\u00f3sito de que se plasmaran ideas originales en un video de 10 minutos, las cuales ser\u00edan expuestas en plataformas digitales el d\u00eda 20 de octubre, una vez seleccionados por los jueces.<\/p>\n<p>En esta edici\u00f3n, organizada por UNIVA Uruapan, los ganadores fueron L\u00eda Dafne Hern\u00e1ndez \u00c1lvarez de Uruapan con su video \u201c\u00bfC\u00f3mo impacta el miedo en la nueva normalidad?\u201d, Lorena Ram\u00edrez Herrera de Quer\u00e9taro con su video \u201c\u00bfPor qu\u00e9 envidio a los millennials?\u201d, Jimena Ortiz M\u00e1rquez de Guadalajara con su video \u201c\u00bfQui\u00e9n eres y qu\u00e9 te hace diferente?\u201d, Angie Hern\u00e1ndez Estrada de Tepic con su video \u201cUna deportista excepcional\u201d, Ana Michelle Garnica Herrena de Zamora con su video \u201cSalvando al planeta con arquitectura\u201d y Cindy Maga\u00f1a Guzm\u00e1n de Uruapan con su video \u201cHaz lo que te da la gana\u201d.<\/p>\n","protected":false},"excerpt":{"rendered":"<p>En el segundo d\u00eda de la Semana UNIVA 2020, se llev\u00f3 a cabo el evento IDEx UNIVA, que son charlas compartidas por estudiantes, egresados, docentes y administrativos del Sistema UNIVA,&#8230;<\/p>\n","protected":false},"author":2,"featured_media":4312,"comment_status":"open","ping_status":"open","sticky":false,"template":"","format":"standard","meta":{"footnotes":""},"categories":[2],"tags":[],"class_list":{"0":"post-4311","1":"post","2":"type-post","3":"status-publish","4":"format-standard","5":"has-post-thumbnail","7":"category-noticias"},"yoast_head":"<!-- This site is optimized with the Yoast SEO plugin v26.6 - https:\/\/yoast.com\/wordpress\/plugins\/seo\/ -->\n<title>Conferencias virtuales, IDEx UNIVA \u201cCharlas compartidas por estudiantes, egresados, docentes y administrativos del Sistema UNIVA\u201d - Zamora<\/title>\n<meta name=\"robots\" content=\"index, follow, max-snippet:-1, max-image-preview:large, max-video-preview:-1\" \/>\n<link rel=\"canonical\" href=\"https:\/\/www.univa.mx\/zamora\/conferencias-virtuales-idex-univa-charlas-compartidas-por-estudiantes-egresados-docentes-y-administrativos-del-sistema-univa\/\" \/>\n<meta property=\"og:locale\" content=\"es_ES\" \/>\n<meta property=\"og:type\" content=\"article\" \/>\n<meta property=\"og:title\" content=\"Conferencias virtuales, IDEx UNIVA \u201cCharlas compartidas por estudiantes, egresados, docentes y administrativos del Sistema UNIVA\u201d - Zamora\" \/>\n<meta property=\"og:description\" content=\"En el segundo d\u00eda de la Semana UNIVA 2020, se llev\u00f3 a cabo el evento IDEx UNIVA, que son charlas compartidas por estudiantes, egresados, docentes y administrativos del Sistema UNIVA,...\" \/>\n<meta property=\"og:url\" content=\"https:\/\/www.univa.mx\/zamora\/conferencias-virtuales-idex-univa-charlas-compartidas-por-estudiantes-egresados-docentes-y-administrativos-del-sistema-univa\/\" \/>\n<meta property=\"og:site_name\" content=\"Zamora\" \/>\n<meta property=\"article:published_time\" content=\"2020-10-21T14:41:59+00:00\" \/>\n<meta property=\"article:modified_time\" content=\"2020-10-21T14:42:14+00:00\" \/>\n<meta property=\"og:image\" content=\"https:\/\/www.univa.mx\/zamora\/wp-content\/uploads\/sites\/3\/2020\/10\/IDEX-UNIVA.jpg\" \/>\n\t<meta property=\"og:image:width\" content=\"1280\" \/>\n\t<meta property=\"og:image:height\" content=\"720\" \/>\n\t<meta property=\"og:image:type\" content=\"image\/jpeg\" \/>\n<meta name=\"author\" content=\"Comunicaci\u00f3n Sistema UNIVA\" \/>\n<meta name=\"twitter:card\" content=\"summary_large_image\" \/>\n<meta name=\"twitter:label1\" content=\"Escrito por\" \/>\n\t<meta name=\"twitter:data1\" content=\"Comunicaci\u00f3n Sistema UNIVA\" \/>\n\t<meta name=\"twitter:label2\" content=\"Tiempo de lectura\" \/>\n\t<meta name=\"twitter:data2\" content=\"1 minuto\" \/>\n<script type=\"application\/ld+json\" class=\"yoast-schema-graph\">{\"@context\":\"https:\/\/schema.org\",\"@graph\":[{\"@type\":\"WebPage\",\"@id\":\"https:\/\/www.univa.mx\/zamora\/conferencias-virtuales-idex-univa-charlas-compartidas-por-estudiantes-egresados-docentes-y-administrativos-del-sistema-univa\/\",\"url\":\"https:\/\/www.univa.mx\/zamora\/conferencias-virtuales-idex-univa-charlas-compartidas-por-estudiantes-egresados-docentes-y-administrativos-del-sistema-univa\/\",\"name\":\"Conferencias virtuales, IDEx UNIVA \u201cCharlas compartidas por estudiantes, egresados, docentes y administrativos del Sistema UNIVA\u201d - Zamora\",\"isPartOf\":{\"@id\":\"https:\/\/www.univa.mx\/zamora\/#website\"},\"primaryImageOfPage\":{\"@id\":\"https:\/\/www.univa.mx\/zamora\/conferencias-virtuales-idex-univa-charlas-compartidas-por-estudiantes-egresados-docentes-y-administrativos-del-sistema-univa\/#primaryimage\"},\"image\":{\"@id\":\"https:\/\/www.univa.mx\/zamora\/conferencias-virtuales-idex-univa-charlas-compartidas-por-estudiantes-egresados-docentes-y-administrativos-del-sistema-univa\/#primaryimage\"},\"thumbnailUrl\":\"https:\/\/www.univa.mx\/zamora\/wp-content\/uploads\/sites\/3\/2020\/10\/IDEX-UNIVA.jpg\",\"datePublished\":\"2020-10-21T14:41:59+00:00\",\"dateModified\":\"2020-10-21T14:42:14+00:00\",\"author\":{\"@id\":\"https:\/\/www.univa.mx\/zamora\/#\/schema\/person\/69c7c7ff4ec76903a1b7038cb8f0b6cd\"},\"breadcrumb\":{\"@id\":\"https:\/\/www.univa.mx\/zamora\/conferencias-virtuales-idex-univa-charlas-compartidas-por-estudiantes-egresados-docentes-y-administrativos-del-sistema-univa\/#breadcrumb\"},\"inLanguage\":\"es\",\"potentialAction\":[{\"@type\":\"ReadAction\",\"target\":[\"https:\/\/www.univa.mx\/zamora\/conferencias-virtuales-idex-univa-charlas-compartidas-por-estudiantes-egresados-docentes-y-administrativos-del-sistema-univa\/\"]}]},{\"@type\":\"ImageObject\",\"inLanguage\":\"es\",\"@id\":\"https:\/\/www.univa.mx\/zamora\/conferencias-virtuales-idex-univa-charlas-compartidas-por-estudiantes-egresados-docentes-y-administrativos-del-sistema-univa\/#primaryimage\",\"url\":\"https:\/\/www.univa.mx\/zamora\/wp-content\/uploads\/sites\/3\/2020\/10\/IDEX-UNIVA.jpg\",\"contentUrl\":\"https:\/\/www.univa.mx\/zamora\/wp-content\/uploads\/sites\/3\/2020\/10\/IDEX-UNIVA.jpg\",\"width\":1280,\"height\":720},{\"@type\":\"BreadcrumbList\",\"@id\":\"https:\/\/www.univa.mx\/zamora\/conferencias-virtuales-idex-univa-charlas-compartidas-por-estudiantes-egresados-docentes-y-administrativos-del-sistema-univa\/#breadcrumb\",\"itemListElement\":[{\"@type\":\"ListItem\",\"position\":1,\"name\":\"Portada\",\"item\":\"https:\/\/www.univa.mx\/zamora\/\"},{\"@type\":\"ListItem\",\"position\":2,\"name\":\"Conferencias virtuales, IDEx UNIVA \u201cCharlas compartidas por estudiantes, egresados, docentes y administrativos del Sistema UNIVA\u201d\"}]},{\"@type\":\"WebSite\",\"@id\":\"https:\/\/www.univa.mx\/zamora\/#website\",\"url\":\"https:\/\/www.univa.mx\/zamora\/\",\"name\":\"Zamora\",\"description\":\"Univa\",\"potentialAction\":[{\"@type\":\"SearchAction\",\"target\":{\"@type\":\"EntryPoint\",\"urlTemplate\":\"https:\/\/www.univa.mx\/zamora\/?s={search_term_string}\"},\"query-input\":{\"@type\":\"PropertyValueSpecification\",\"valueRequired\":true,\"valueName\":\"search_term_string\"}}],\"inLanguage\":\"es\"},{\"@type\":\"Person\",\"@id\":\"https:\/\/www.univa.mx\/zamora\/#\/schema\/person\/69c7c7ff4ec76903a1b7038cb8f0b6cd\",\"name\":\"Comunicaci\u00f3n Sistema UNIVA\",\"image\":{\"@type\":\"ImageObject\",\"inLanguage\":\"es\",\"@id\":\"https:\/\/www.univa.mx\/zamora\/#\/schema\/person\/image\/\",\"url\":\"https:\/\/secure.gravatar.com\/avatar\/e5c70e7a9e29f270de612e0fc3ec80dfe6dcaa543bd068051f89740873db7146?s=96&d=mm&r=g\",\"contentUrl\":\"https:\/\/secure.gravatar.com\/avatar\/e5c70e7a9e29f270de612e0fc3ec80dfe6dcaa543bd068051f89740873db7146?s=96&d=mm&r=g\",\"caption\":\"Comunicaci\u00f3n Sistema UNIVA\"},\"url\":\"https:\/\/www.univa.mx\/zamora\/author\/davidrosas\/\"}]}<\/script>\n<!-- \/ Yoast SEO plugin. -->","yoast_head_json":{"title":"Conferencias virtuales, IDEx UNIVA \u201cCharlas compartidas por estudiantes, egresados, docentes y administrativos del Sistema UNIVA\u201d - Zamora","robots":{"index":"index","follow":"follow","max-snippet":"max-snippet:-1","max-image-preview":"max-image-preview:large","max-video-preview":"max-video-preview:-1"},"canonical":"https:\/\/www.univa.mx\/zamora\/conferencias-virtuales-idex-univa-charlas-compartidas-por-estudiantes-egresados-docentes-y-administrativos-del-sistema-univa\/","og_locale":"es_ES","og_type":"article","og_title":"Conferencias virtuales, IDEx UNIVA \u201cCharlas compartidas por estudiantes, egresados, docentes y administrativos del Sistema UNIVA\u201d - Zamora","og_description":"En el segundo d\u00eda de la Semana UNIVA 2020, se llev\u00f3 a cabo el evento IDEx UNIVA, que son charlas compartidas por estudiantes, egresados, docentes y administrativos del Sistema UNIVA,...","og_url":"https:\/\/www.univa.mx\/zamora\/conferencias-virtuales-idex-univa-charlas-compartidas-por-estudiantes-egresados-docentes-y-administrativos-del-sistema-univa\/","og_site_name":"Zamora","article_published_time":"2020-10-21T14:41:59+00:00","article_modified_time":"2020-10-21T14:42:14+00:00","og_image":[{"width":1280,"height":720,"url":"https:\/\/www.univa.mx\/zamora\/wp-content\/uploads\/sites\/3\/2020\/10\/IDEX-UNIVA.jpg","type":"image\/jpeg"}],"author":"Comunicaci\u00f3n Sistema UNIVA","twitter_card":"summary_large_image","twitter_misc":{"Escrito por":"Comunicaci\u00f3n Sistema UNIVA","Tiempo de lectura":"1 minuto"},"schema":{"@context":"https:\/\/schema.org","@graph":[{"@type":"WebPage","@id":"https:\/\/www.univa.mx\/zamora\/conferencias-virtuales-idex-univa-charlas-compartidas-por-estudiantes-egresados-docentes-y-administrativos-del-sistema-univa\/","url":"https:\/\/www.univa.mx\/zamora\/conferencias-virtuales-idex-univa-charlas-compartidas-por-estudiantes-egresados-docentes-y-administrativos-del-sistema-univa\/","name":"Conferencias virtuales, IDEx UNIVA \u201cCharlas compartidas por estudiantes, egresados, docentes y administrativos del Sistema UNIVA\u201d - Zamora","isPartOf":{"@id":"https:\/\/www.univa.mx\/zamora\/#website"},"primaryImageOfPage":{"@id":"https:\/\/www.univa.mx\/zamora\/conferencias-virtuales-idex-univa-charlas-compartidas-por-estudiantes-egresados-docentes-y-administrativos-del-sistema-univa\/#primaryimage"},"image":{"@id":"https:\/\/www.univa.mx\/zamora\/conferencias-virtuales-idex-univa-charlas-compartidas-por-estudiantes-egresados-docentes-y-administrativos-del-sistema-univa\/#primaryimage"},"thumbnailUrl":"https:\/\/www.univa.mx\/zamora\/wp-content\/uploads\/sites\/3\/2020\/10\/IDEX-UNIVA.jpg","datePublished":"2020-10-21T14:41:59+00:00","dateModified":"2020-10-21T14:42:14+00:00","author":{"@id":"https:\/\/www.univa.mx\/zamora\/#\/schema\/person\/69c7c7ff4ec76903a1b7038cb8f0b6cd"},"breadcrumb":{"@id":"https:\/\/www.univa.mx\/zamora\/conferencias-virtuales-idex-univa-charlas-compartidas-por-estudiantes-egresados-docentes-y-administrativos-del-sistema-univa\/#breadcrumb"},"inLanguage":"es","potentialAction":[{"@type":"ReadAction","target":["https:\/\/www.univa.mx\/zamora\/conferencias-virtuales-idex-univa-charlas-compartidas-por-estudiantes-egresados-docentes-y-administrativos-del-sistema-univa\/"]}]},{"@type":"ImageObject","inLanguage":"es","@id":"https:\/\/www.univa.mx\/zamora\/conferencias-virtuales-idex-univa-charlas-compartidas-por-estudiantes-egresados-docentes-y-administrativos-del-sistema-univa\/#primaryimage","url":"https:\/\/www.univa.mx\/zamora\/wp-content\/uploads\/sites\/3\/2020\/10\/IDEX-UNIVA.jpg","contentUrl":"https:\/\/www.univa.mx\/zamora\/wp-content\/uploads\/sites\/3\/2020\/10\/IDEX-UNIVA.jpg","width":1280,"height":720},{"@type":"BreadcrumbList","@id":"https:\/\/www.univa.mx\/zamora\/conferencias-virtuales-idex-univa-charlas-compartidas-por-estudiantes-egresados-docentes-y-administrativos-del-sistema-univa\/#breadcrumb","itemListElement":[{"@type":"ListItem","position":1,"name":"Portada","item":"https:\/\/www.univa.mx\/zamora\/"},{"@type":"ListItem","position":2,"name":"Conferencias virtuales, IDEx UNIVA \u201cCharlas compartidas por estudiantes, egresados, docentes y administrativos del Sistema UNIVA\u201d"}]},{"@type":"WebSite","@id":"https:\/\/www.univa.mx\/zamora\/#website","url":"https:\/\/www.univa.mx\/zamora\/","name":"Zamora","description":"Univa","potentialAction":[{"@type":"SearchAction","target":{"@type":"EntryPoint","urlTemplate":"https:\/\/www.univa.mx\/zamora\/?s={search_term_string}"},"query-input":{"@type":"PropertyValueSpecification","valueRequired":true,"valueName":"search_term_string"}}],"inLanguage":"es"},{"@type":"Person","@id":"https:\/\/www.univa.mx\/zamora\/#\/schema\/person\/69c7c7ff4ec76903a1b7038cb8f0b6cd","name":"Comunicaci\u00f3n Sistema UNIVA","image":{"@type":"ImageObject","inLanguage":"es","@id":"https:\/\/www.univa.mx\/zamora\/#\/schema\/person\/image\/","url":"https:\/\/secure.gravatar.com\/avatar\/e5c70e7a9e29f270de612e0fc3ec80dfe6dcaa543bd068051f89740873db7146?s=96&d=mm&r=g","contentUrl":"https:\/\/secure.gravatar.com\/avatar\/e5c70e7a9e29f270de612e0fc3ec80dfe6dcaa543bd068051f89740873db7146?s=96&d=mm&r=g","caption":"Comunicaci\u00f3n Sistema UNIVA"},"url":"https:\/\/www.univa.mx\/zamora\/author\/davidrosas\/"}]}},"_links":{"self":[{"href":"https:\/\/www.univa.mx\/zamora\/wp-json\/wp\/v2\/posts\/4311","targetHints":{"allow":["GET"]}}],"collection":[{"href":"https:\/\/www.univa.mx\/zamora\/wp-json\/wp\/v2\/posts"}],"about":[{"href":"https:\/\/www.univa.mx\/zamora\/wp-json\/wp\/v2\/types\/post"}],"author":[{"embeddable":true,"href":"https:\/\/www.univa.mx\/zamora\/wp-json\/wp\/v2\/users\/2"}],"replies":[{"embeddable":true,"href":"https:\/\/www.univa.mx\/zamora\/wp-json\/wp\/v2\/comments?post=4311"}],"version-history":[{"count":1,"href":"https:\/\/www.univa.mx\/zamora\/wp-json\/wp\/v2\/posts\/4311\/revisions"}],"predecessor-version":[{"id":4313,"href":"https:\/\/www.univa.mx\/zamora\/wp-json\/wp\/v2\/posts\/4311\/revisions\/4313"}],"wp:featuredmedia":[{"embeddable":true,"href":"https:\/\/www.univa.mx\/zamora\/wp-json\/wp\/v2\/media\/4312"}],"wp:attachment":[{"href":"https:\/\/www.univa.mx\/zamora\/wp-json\/wp\/v2\/media?parent=4311"}],"wp:term":[{"taxonomy":"category","embeddable":true,"href":"https:\/\/www.univa.mx\/zamora\/wp-json\/wp\/v2\/categories?post=4311"},{"taxonomy":"post_tag","embeddable":true,"href":"https:\/\/www.univa.mx\/zamora\/wp-json\/wp\/v2\/tags?post=4311"}],"curies":[{"name":"wp","href":"https:\/\/api.w.org\/{rel}","templated":true}]}}