{"id":4245,"date":"2020-10-09T11:48:09","date_gmt":"2020-10-09T16:48:09","guid":{"rendered":"https:\/\/www.univa.mx\/zamora\/pa-que-filosofia\/"},"modified":"2020-10-09T11:48:24","modified_gmt":"2020-10-09T16:48:24","slug":"pa-que-filosofia","status":"publish","type":"post","link":"https:\/\/www.univa.mx\/zamora\/pa-que-filosofia\/","title":{"rendered":"\u00bfPa\u00b4 qu\u00e9 filosof\u00eda?"},"content":{"rendered":"<p><em><strong>Mtro. Carmelo Varela Villalpando \u2022 Docente UNIVA Online<\/strong><\/em><\/p>\n<p>&nbsp;<\/p>\n<p>D\u00eda a d\u00eda se piensa de manera general, aunque se act\u00fae de forma particular. \u00bfCu\u00e1ntas de las situaciones que nos rodean, nos hacen detenernos un momento a reflexionar para revisar nuestras opciones?<\/p>\n<p>Vivimos en una situaci\u00f3n que pareciera se nos sale de control, descuidamos todo aquello que nutre a nuestra persona: buena alimentaci\u00f3n, espiritualidad, actividades l\u00fadicas, lo intelectual, etc. \u00bfSe deber\u00e1 a que nos hemos acostumbrado a la vida rutinaria?<\/p>\n<p>De todas las \u00e1reas del saber, hay una en particular que inquieta al ser humano por saber realmente de qu\u00e9 trata: la filosof\u00eda. Hay quienes las relacionan con saberes metaf\u00edsicos, otros con ideas complejas, que a veces, no tienen nada que ver con lo que es. Otras aproximaciones la han delimitado a momentos hist\u00f3ricos, personajes y corrientes de pensamiento de un tiempo y un espacio determinado.<\/p>\n<p>Pero para acercarse al \u201camor por la sabidur\u00eda\u201d, es necesario indagar, profundizar y confrontar a diferentes ideas, posturas y autores; para luego entonces, vernos en la posibilidad de encontrar respuestas a las interrogantes que le surgen al ser humano. No me refiero a las interrogantes que antes se hac\u00edan los fil\u00f3sofos sobre el origen del universo o del hombre, sino a las que hoy en d\u00eda se nos presentan en nuestro caminar.<\/p>\n<p>Cierto es que la Filosof\u00eda abarca varias \u00e1reas del saber, como la l\u00f3gica, ontolog\u00eda, cosmolog\u00eda, antropolog\u00eda, \u00e9tica, entre muchas otras; lo interesante de cada una de ellas, es que conoces y desarrollas herramientas que ser\u00e1n \u00fatiles para el crecimiento de tu propia persona, as\u00ed como para tu vida laboral. Es un saber pr\u00e1ctico hasta donde quieras desarrollarlo.<\/p>\n<p>El quehacer filos\u00f3fico por su parte, tambi\u00e9n se encuentra en indagar sobre la elaboraci\u00f3n de materiales encaminados a proporcionar posibles soluciones al ser humano. Desde Arist\u00f3teles se tiene en mente a la filosof\u00eda como un conocimiento de validez. La especulaci\u00f3n y reflexi\u00f3n parten de la realidad, la materia del quehacer que le agrada a la filosof\u00eda.<\/p>\n<p>La gran mayor\u00eda de las universidades contemplan algunas materias que tienen que ver con la filosof\u00eda, algunas, por ejemplo, son \u00e9tica, teor\u00eda del conocimiento o l\u00f3gica, pero a nivel licenciatura son muy pocas las instituciones que las ofertan y, lamentablemente se les tilda a los estudiantes como personas que consumen sustancias t\u00f3xicas para elaborar teor\u00edas o discursos ajenos a la realidad (vulgarmente se ponen \u201cpachecos\u201d).<\/p>\n<p>En esta l\u00ednea, pocos son los programas que contemplan temas selectos o espec\u00edficos en filosof\u00eda avalados por la Secretar\u00eda de Educaci\u00f3n, para que sean impartidos en universidades que cuenten con validaci\u00f3n oficial y\/o est\u00e9n certificadas. Esto \u00faltimo, es de sumo cuidado, ya que hay \u201cescuelas\u201d que no cuentan con el profesorado debidamente acreditado para impartir dichas asignaturas.<\/p>\n<p>Uno de los quehaceres del fil\u00f3sofo es generar propuestas a las diversas situaciones que le ata\u00f1en en las diversas esferas de su vida personal, laboral, social e institucional. Hoy, te invito a que conozcas una propuesta educativa con visi\u00f3n humanista, como lo hace la UNIVA.<\/p>\n","protected":false},"excerpt":{"rendered":"<p>Mtro. Carmelo Varela Villalpando \u2022 Docente UNIVA Online &nbsp; D\u00eda a d\u00eda se piensa de manera general, aunque se act\u00fae de forma particular. \u00bfCu\u00e1ntas de las situaciones que nos rodean,&#8230;<\/p>\n","protected":false},"author":2,"featured_media":4246,"comment_status":"open","ping_status":"open","sticky":false,"template":"","format":"standard","meta":{"footnotes":""},"categories":[1],"tags":[],"class_list":{"0":"post-4245","1":"post","2":"type-post","3":"status-publish","4":"format-standard","5":"has-post-thumbnail","7":"category-convocatorias"},"yoast_head":"<!-- This site is optimized with the Yoast SEO plugin v26.6 - https:\/\/yoast.com\/wordpress\/plugins\/seo\/ -->\n<title>\u00bfPa\u00b4 qu\u00e9 filosof\u00eda? - Zamora<\/title>\n<meta name=\"robots\" content=\"index, follow, max-snippet:-1, max-image-preview:large, max-video-preview:-1\" \/>\n<link rel=\"canonical\" href=\"https:\/\/www.univa.mx\/zamora\/pa-que-filosofia\/\" \/>\n<meta property=\"og:locale\" content=\"es_ES\" \/>\n<meta property=\"og:type\" content=\"article\" \/>\n<meta property=\"og:title\" content=\"\u00bfPa\u00b4 qu\u00e9 filosof\u00eda? - Zamora\" \/>\n<meta property=\"og:description\" content=\"Mtro. Carmelo Varela Villalpando \u2022 Docente UNIVA Online &nbsp; D\u00eda a d\u00eda se piensa de manera general, aunque se act\u00fae de forma particular. \u00bfCu\u00e1ntas de las situaciones que nos rodean,...\" \/>\n<meta property=\"og:url\" content=\"https:\/\/www.univa.mx\/zamora\/pa-que-filosofia\/\" \/>\n<meta property=\"og:site_name\" content=\"Zamora\" \/>\n<meta property=\"article:published_time\" content=\"2020-10-09T16:48:09+00:00\" \/>\n<meta property=\"article:modified_time\" content=\"2020-10-09T16:48:24+00:00\" \/>\n<meta property=\"og:image\" content=\"https:\/\/www.univa.mx\/zamora\/wp-content\/uploads\/sites\/3\/2020\/10\/UNIVA-Carmelo-Varela-Villalpando.jpg\" \/>\n\t<meta property=\"og:image:width\" content=\"1280\" \/>\n\t<meta property=\"og:image:height\" content=\"720\" \/>\n\t<meta property=\"og:image:type\" content=\"image\/jpeg\" \/>\n<meta name=\"author\" content=\"Comunicaci\u00f3n Sistema UNIVA\" \/>\n<meta name=\"twitter:card\" content=\"summary_large_image\" \/>\n<meta name=\"twitter:label1\" content=\"Escrito por\" \/>\n\t<meta name=\"twitter:data1\" content=\"Comunicaci\u00f3n Sistema UNIVA\" \/>\n\t<meta name=\"twitter:label2\" content=\"Tiempo de lectura\" \/>\n\t<meta name=\"twitter:data2\" content=\"3 minutos\" \/>\n<script type=\"application\/ld+json\" class=\"yoast-schema-graph\">{\"@context\":\"https:\/\/schema.org\",\"@graph\":[{\"@type\":\"WebPage\",\"@id\":\"https:\/\/www.univa.mx\/zamora\/pa-que-filosofia\/\",\"url\":\"https:\/\/www.univa.mx\/zamora\/pa-que-filosofia\/\",\"name\":\"\u00bfPa\u00b4 qu\u00e9 filosof\u00eda? - Zamora\",\"isPartOf\":{\"@id\":\"https:\/\/www.univa.mx\/zamora\/#website\"},\"primaryImageOfPage\":{\"@id\":\"https:\/\/www.univa.mx\/zamora\/pa-que-filosofia\/#primaryimage\"},\"image\":{\"@id\":\"https:\/\/www.univa.mx\/zamora\/pa-que-filosofia\/#primaryimage\"},\"thumbnailUrl\":\"https:\/\/www.univa.mx\/zamora\/wp-content\/uploads\/sites\/3\/2020\/10\/UNIVA-Carmelo-Varela-Villalpando.jpg\",\"datePublished\":\"2020-10-09T16:48:09+00:00\",\"dateModified\":\"2020-10-09T16:48:24+00:00\",\"author\":{\"@id\":\"https:\/\/www.univa.mx\/zamora\/#\/schema\/person\/69c7c7ff4ec76903a1b7038cb8f0b6cd\"},\"breadcrumb\":{\"@id\":\"https:\/\/www.univa.mx\/zamora\/pa-que-filosofia\/#breadcrumb\"},\"inLanguage\":\"es\",\"potentialAction\":[{\"@type\":\"ReadAction\",\"target\":[\"https:\/\/www.univa.mx\/zamora\/pa-que-filosofia\/\"]}]},{\"@type\":\"ImageObject\",\"inLanguage\":\"es\",\"@id\":\"https:\/\/www.univa.mx\/zamora\/pa-que-filosofia\/#primaryimage\",\"url\":\"https:\/\/www.univa.mx\/zamora\/wp-content\/uploads\/sites\/3\/2020\/10\/UNIVA-Carmelo-Varela-Villalpando.jpg\",\"contentUrl\":\"https:\/\/www.univa.mx\/zamora\/wp-content\/uploads\/sites\/3\/2020\/10\/UNIVA-Carmelo-Varela-Villalpando.jpg\",\"width\":1280,\"height\":720},{\"@type\":\"BreadcrumbList\",\"@id\":\"https:\/\/www.univa.mx\/zamora\/pa-que-filosofia\/#breadcrumb\",\"itemListElement\":[{\"@type\":\"ListItem\",\"position\":1,\"name\":\"Portada\",\"item\":\"https:\/\/www.univa.mx\/zamora\/\"},{\"@type\":\"ListItem\",\"position\":2,\"name\":\"\u00bfPa\u00b4 qu\u00e9 filosof\u00eda?\"}]},{\"@type\":\"WebSite\",\"@id\":\"https:\/\/www.univa.mx\/zamora\/#website\",\"url\":\"https:\/\/www.univa.mx\/zamora\/\",\"name\":\"Zamora\",\"description\":\"Univa\",\"potentialAction\":[{\"@type\":\"SearchAction\",\"target\":{\"@type\":\"EntryPoint\",\"urlTemplate\":\"https:\/\/www.univa.mx\/zamora\/?s={search_term_string}\"},\"query-input\":{\"@type\":\"PropertyValueSpecification\",\"valueRequired\":true,\"valueName\":\"search_term_string\"}}],\"inLanguage\":\"es\"},{\"@type\":\"Person\",\"@id\":\"https:\/\/www.univa.mx\/zamora\/#\/schema\/person\/69c7c7ff4ec76903a1b7038cb8f0b6cd\",\"name\":\"Comunicaci\u00f3n Sistema UNIVA\",\"image\":{\"@type\":\"ImageObject\",\"inLanguage\":\"es\",\"@id\":\"https:\/\/www.univa.mx\/zamora\/#\/schema\/person\/image\/\",\"url\":\"https:\/\/secure.gravatar.com\/avatar\/e5c70e7a9e29f270de612e0fc3ec80dfe6dcaa543bd068051f89740873db7146?s=96&d=mm&r=g\",\"contentUrl\":\"https:\/\/secure.gravatar.com\/avatar\/e5c70e7a9e29f270de612e0fc3ec80dfe6dcaa543bd068051f89740873db7146?s=96&d=mm&r=g\",\"caption\":\"Comunicaci\u00f3n Sistema UNIVA\"},\"url\":\"https:\/\/www.univa.mx\/zamora\/author\/davidrosas\/\"}]}<\/script>\n<!-- \/ Yoast SEO plugin. -->","yoast_head_json":{"title":"\u00bfPa\u00b4 qu\u00e9 filosof\u00eda? - Zamora","robots":{"index":"index","follow":"follow","max-snippet":"max-snippet:-1","max-image-preview":"max-image-preview:large","max-video-preview":"max-video-preview:-1"},"canonical":"https:\/\/www.univa.mx\/zamora\/pa-que-filosofia\/","og_locale":"es_ES","og_type":"article","og_title":"\u00bfPa\u00b4 qu\u00e9 filosof\u00eda? - Zamora","og_description":"Mtro. Carmelo Varela Villalpando \u2022 Docente UNIVA Online &nbsp; D\u00eda a d\u00eda se piensa de manera general, aunque se act\u00fae de forma particular. \u00bfCu\u00e1ntas de las situaciones que nos rodean,...","og_url":"https:\/\/www.univa.mx\/zamora\/pa-que-filosofia\/","og_site_name":"Zamora","article_published_time":"2020-10-09T16:48:09+00:00","article_modified_time":"2020-10-09T16:48:24+00:00","og_image":[{"width":1280,"height":720,"url":"https:\/\/www.univa.mx\/zamora\/wp-content\/uploads\/sites\/3\/2020\/10\/UNIVA-Carmelo-Varela-Villalpando.jpg","type":"image\/jpeg"}],"author":"Comunicaci\u00f3n Sistema UNIVA","twitter_card":"summary_large_image","twitter_misc":{"Escrito por":"Comunicaci\u00f3n Sistema UNIVA","Tiempo de lectura":"3 minutos"},"schema":{"@context":"https:\/\/schema.org","@graph":[{"@type":"WebPage","@id":"https:\/\/www.univa.mx\/zamora\/pa-que-filosofia\/","url":"https:\/\/www.univa.mx\/zamora\/pa-que-filosofia\/","name":"\u00bfPa\u00b4 qu\u00e9 filosof\u00eda? - Zamora","isPartOf":{"@id":"https:\/\/www.univa.mx\/zamora\/#website"},"primaryImageOfPage":{"@id":"https:\/\/www.univa.mx\/zamora\/pa-que-filosofia\/#primaryimage"},"image":{"@id":"https:\/\/www.univa.mx\/zamora\/pa-que-filosofia\/#primaryimage"},"thumbnailUrl":"https:\/\/www.univa.mx\/zamora\/wp-content\/uploads\/sites\/3\/2020\/10\/UNIVA-Carmelo-Varela-Villalpando.jpg","datePublished":"2020-10-09T16:48:09+00:00","dateModified":"2020-10-09T16:48:24+00:00","author":{"@id":"https:\/\/www.univa.mx\/zamora\/#\/schema\/person\/69c7c7ff4ec76903a1b7038cb8f0b6cd"},"breadcrumb":{"@id":"https:\/\/www.univa.mx\/zamora\/pa-que-filosofia\/#breadcrumb"},"inLanguage":"es","potentialAction":[{"@type":"ReadAction","target":["https:\/\/www.univa.mx\/zamora\/pa-que-filosofia\/"]}]},{"@type":"ImageObject","inLanguage":"es","@id":"https:\/\/www.univa.mx\/zamora\/pa-que-filosofia\/#primaryimage","url":"https:\/\/www.univa.mx\/zamora\/wp-content\/uploads\/sites\/3\/2020\/10\/UNIVA-Carmelo-Varela-Villalpando.jpg","contentUrl":"https:\/\/www.univa.mx\/zamora\/wp-content\/uploads\/sites\/3\/2020\/10\/UNIVA-Carmelo-Varela-Villalpando.jpg","width":1280,"height":720},{"@type":"BreadcrumbList","@id":"https:\/\/www.univa.mx\/zamora\/pa-que-filosofia\/#breadcrumb","itemListElement":[{"@type":"ListItem","position":1,"name":"Portada","item":"https:\/\/www.univa.mx\/zamora\/"},{"@type":"ListItem","position":2,"name":"\u00bfPa\u00b4 qu\u00e9 filosof\u00eda?"}]},{"@type":"WebSite","@id":"https:\/\/www.univa.mx\/zamora\/#website","url":"https:\/\/www.univa.mx\/zamora\/","name":"Zamora","description":"Univa","potentialAction":[{"@type":"SearchAction","target":{"@type":"EntryPoint","urlTemplate":"https:\/\/www.univa.mx\/zamora\/?s={search_term_string}"},"query-input":{"@type":"PropertyValueSpecification","valueRequired":true,"valueName":"search_term_string"}}],"inLanguage":"es"},{"@type":"Person","@id":"https:\/\/www.univa.mx\/zamora\/#\/schema\/person\/69c7c7ff4ec76903a1b7038cb8f0b6cd","name":"Comunicaci\u00f3n Sistema UNIVA","image":{"@type":"ImageObject","inLanguage":"es","@id":"https:\/\/www.univa.mx\/zamora\/#\/schema\/person\/image\/","url":"https:\/\/secure.gravatar.com\/avatar\/e5c70e7a9e29f270de612e0fc3ec80dfe6dcaa543bd068051f89740873db7146?s=96&d=mm&r=g","contentUrl":"https:\/\/secure.gravatar.com\/avatar\/e5c70e7a9e29f270de612e0fc3ec80dfe6dcaa543bd068051f89740873db7146?s=96&d=mm&r=g","caption":"Comunicaci\u00f3n Sistema UNIVA"},"url":"https:\/\/www.univa.mx\/zamora\/author\/davidrosas\/"}]}},"_links":{"self":[{"href":"https:\/\/www.univa.mx\/zamora\/wp-json\/wp\/v2\/posts\/4245","targetHints":{"allow":["GET"]}}],"collection":[{"href":"https:\/\/www.univa.mx\/zamora\/wp-json\/wp\/v2\/posts"}],"about":[{"href":"https:\/\/www.univa.mx\/zamora\/wp-json\/wp\/v2\/types\/post"}],"author":[{"embeddable":true,"href":"https:\/\/www.univa.mx\/zamora\/wp-json\/wp\/v2\/users\/2"}],"replies":[{"embeddable":true,"href":"https:\/\/www.univa.mx\/zamora\/wp-json\/wp\/v2\/comments?post=4245"}],"version-history":[{"count":1,"href":"https:\/\/www.univa.mx\/zamora\/wp-json\/wp\/v2\/posts\/4245\/revisions"}],"predecessor-version":[{"id":4247,"href":"https:\/\/www.univa.mx\/zamora\/wp-json\/wp\/v2\/posts\/4245\/revisions\/4247"}],"wp:featuredmedia":[{"embeddable":true,"href":"https:\/\/www.univa.mx\/zamora\/wp-json\/wp\/v2\/media\/4246"}],"wp:attachment":[{"href":"https:\/\/www.univa.mx\/zamora\/wp-json\/wp\/v2\/media?parent=4245"}],"wp:term":[{"taxonomy":"category","embeddable":true,"href":"https:\/\/www.univa.mx\/zamora\/wp-json\/wp\/v2\/categories?post=4245"},{"taxonomy":"post_tag","embeddable":true,"href":"https:\/\/www.univa.mx\/zamora\/wp-json\/wp\/v2\/tags?post=4245"}],"curies":[{"name":"wp","href":"https:\/\/api.w.org\/{rel}","templated":true}]}}