{"id":3489,"date":"2021-11-09T14:52:44","date_gmt":"2021-11-09T20:52:44","guid":{"rendered":"https:\/\/www.univa.mx\/uruapan\/dispuestos-a-no-trabajar\/"},"modified":"2021-11-09T14:52:46","modified_gmt":"2021-11-09T20:52:46","slug":"dispuestos-a-no-trabajar","status":"publish","type":"post","link":"https:\/\/www.univa.mx\/uruapan\/dispuestos-a-no-trabajar\/","title":{"rendered":"Dispuestos a no trabajar"},"content":{"rendered":"<p><em><strong>Laura O. Robles Sahag\u00fan Coordinadora de Alumni y Bolsa de Trabajo UNIVA Guadalajara<\/strong><\/em><\/p>\n<p>&nbsp;<\/p>\n<p>El mundo despu\u00e9s de la pandemia definitivamente no volver\u00e1 a ser igual en muchos aspectos, no solamente en los sanitarios. El \u00e1mbito laboral ser\u00e1 uno de los que sufran mayores transformaciones, principalmente con la trascendencia del movimiento antitrabajo.<\/p>\n<p>La forma de trabajar se est\u00e1 revolucionando a tal grado, que miles de personas est\u00e1n prefiriendo renunciar a sus centros de trabajo porque se han dado cuenta que es necesario equilibrar la vida familiar con la laboral o porque no se sienten satisfechos.<\/p>\n<p>El Departamento del Trabajo de Estados Unidos reporta que casi cuatro millones de personas abandonaron sus puestos de trabajo en abril 2021, este fen\u00f3meno ya ha sido denominado como \u201cLa gran renuncia\u201d o \u201cThe great resignation\u201d, t\u00e9rmino acu\u00f1ado por el Psic\u00f3logo organizacional y Profesor de Texas A&amp;M, Anthony Klotz.<\/p>\n<p>Si bien es cierto, que la pandemia aceler\u00f3 los procesos de uso de la tecnolog\u00eda, tambi\u00e9n lo es que aceler\u00f3 el proceso en el que los trabajadores se han decidido a romper con a\u00f1os de bajos salarios, condiciones laborales deplorables, malos jefes y todos estos temas que ya hemos visto aqu\u00ed como el mobbing, el s\u00edndrome de bornout o el catastr\u00f3fico karoshi.<\/p>\n<p>El hecho de que la gente se sintiera que le cortaron su forma de vida de la noche a la ma\u00f1ana, el encontrarse de manera tan cercana a la muerte y enfrentarse al miedo del exceso de la informaci\u00f3n ante una terrible desinformaci\u00f3n y desconocimiento de lo que representaba el COVID-19 (muchas dudas aun persisten a 20 meses del estallido pand\u00e9mico), le ha hecho reconsiderar la importancia del trabajo.<\/p>\n<p>\u00bfVivir para trabajar o trabajar para vivir? \u00bfLo que hago me produce satisfacci\u00f3n o solamente estr\u00e9s? \u00bfVale la pena lo que estoy pasando en el trabajo por menos tiempo con mi familia, por un salario bajo y poner en riesgo mi salud? Son algunas de las consideraciones que se pueden leer en la subcomunidad \u201cantiwork\u201d de Reddit, la plataforma o red social que se alimenta de comentarios de los usuarios y que pueden ser votados a favor o en contra. Tambi\u00e9n se leen infinidad de narraciones de hechos en donde las vejaciones en sus centros de trabajo son la raz\u00f3n para su renuncia.<\/p>\n<p>Las exigencias laborales han crecido, no solamente se demandan mejores salarios monetarios, sino tambi\u00e9n salarios emocionales. Las empresas tendr\u00e1n que repensar sus condiciones y ya no solamente decir sobre sus trabajadores \u201csi se quiere ir que se vaya, hay muchos que pueden ocupar su lugar\u201d. Ya no. Si la reputaci\u00f3n en materia laboral es negativa, esa empresa sufrir\u00e1 crisis porque nadie querr\u00e1 trabajar en ella.<\/p>\n<p>El ser humano se est\u00e1 revalorizando en su hacer laboral y este fen\u00f3meno est\u00e1 tomando tintes mundiales; en M\u00e9xico ya hay algunos movimientos que se gestan y que, estoy segura, sumar\u00e1n a las estad\u00edsticas de \u201cLa gran renuncia\u201d.<\/p>\n<p>&nbsp;<\/p>\n<p>&nbsp;<\/p>\n<p>Publicado en <strong><em>La Cr\u00f3nica de Hoy Jalisco <\/em><\/strong>del viernes, 5 de noviembre de 2021.<\/p>\n","protected":false},"excerpt":{"rendered":"<p>Laura O. Robles Sahag\u00fan Coordinadora de Alumni y Bolsa de Trabajo UNIVA Guadalajara &nbsp; El mundo despu\u00e9s de la pandemia definitivamente no volver\u00e1 a ser igual en muchos aspectos, no&#8230;<\/p>\n","protected":false},"author":2,"featured_media":3154,"comment_status":"open","ping_status":"open","sticky":false,"template":"","format":"standard","meta":{"footnotes":""},"categories":[8,6],"tags":[],"class_list":{"0":"post-3489","1":"post","2":"type-post","3":"status-publish","4":"format-standard","5":"has-post-thumbnail","7":"category-lideres-de-opinion","8":"category-voces-univa"},"yoast_head":"<!-- This site is optimized with the Yoast SEO plugin v26.6 - https:\/\/yoast.com\/wordpress\/plugins\/seo\/ -->\n<title>Dispuestos a no trabajar - Uruapan<\/title>\n<meta name=\"robots\" content=\"index, follow, max-snippet:-1, max-image-preview:large, max-video-preview:-1\" \/>\n<link rel=\"canonical\" href=\"https:\/\/www.univa.mx\/uruapan\/dispuestos-a-no-trabajar\/\" \/>\n<meta property=\"og:locale\" content=\"es_ES\" \/>\n<meta property=\"og:type\" content=\"article\" \/>\n<meta property=\"og:title\" content=\"Dispuestos a no trabajar - Uruapan\" \/>\n<meta property=\"og:description\" content=\"Laura O. Robles Sahag\u00fan Coordinadora de Alumni y Bolsa de Trabajo UNIVA Guadalajara &nbsp; El mundo despu\u00e9s de la pandemia definitivamente no volver\u00e1 a ser igual en muchos aspectos, no...\" \/>\n<meta property=\"og:url\" content=\"https:\/\/www.univa.mx\/uruapan\/dispuestos-a-no-trabajar\/\" \/>\n<meta property=\"og:site_name\" content=\"Uruapan\" \/>\n<meta property=\"article:published_time\" content=\"2021-11-09T20:52:44+00:00\" \/>\n<meta property=\"article:modified_time\" content=\"2021-11-09T20:52:46+00:00\" \/>\n<meta property=\"og:image\" content=\"https:\/\/www.univa.mx\/uruapan\/wp-content\/uploads\/sites\/5\/2021\/08\/Laura-R.jpg\" \/>\n\t<meta property=\"og:image:width\" content=\"1\" \/>\n\t<meta property=\"og:image:height\" content=\"1\" \/>\n\t<meta property=\"og:image:type\" content=\"image\/jpeg\" \/>\n<meta name=\"author\" content=\"Comunicaci\u00f3n Sistema UNIVA\" \/>\n<meta name=\"twitter:card\" content=\"summary_large_image\" \/>\n<meta name=\"twitter:label1\" content=\"Escrito por\" \/>\n\t<meta name=\"twitter:data1\" content=\"Comunicaci\u00f3n Sistema UNIVA\" \/>\n\t<meta name=\"twitter:label2\" content=\"Tiempo de lectura\" \/>\n\t<meta name=\"twitter:data2\" content=\"3 minutos\" \/>\n<script type=\"application\/ld+json\" class=\"yoast-schema-graph\">{\"@context\":\"https:\/\/schema.org\",\"@graph\":[{\"@type\":\"WebPage\",\"@id\":\"https:\/\/www.univa.mx\/uruapan\/dispuestos-a-no-trabajar\/\",\"url\":\"https:\/\/www.univa.mx\/uruapan\/dispuestos-a-no-trabajar\/\",\"name\":\"Dispuestos a no trabajar - Uruapan\",\"isPartOf\":{\"@id\":\"https:\/\/www.univa.mx\/uruapan\/#website\"},\"primaryImageOfPage\":{\"@id\":\"https:\/\/www.univa.mx\/uruapan\/dispuestos-a-no-trabajar\/#primaryimage\"},\"image\":{\"@id\":\"https:\/\/www.univa.mx\/uruapan\/dispuestos-a-no-trabajar\/#primaryimage\"},\"thumbnailUrl\":\"https:\/\/www.univa.mx\/uruapan\/wp-content\/uploads\/sites\/5\/2021\/08\/Laura-R.jpg\",\"datePublished\":\"2021-11-09T20:52:44+00:00\",\"dateModified\":\"2021-11-09T20:52:46+00:00\",\"author\":{\"@id\":\"https:\/\/www.univa.mx\/uruapan\/#\/schema\/person\/69c7c7ff4ec76903a1b7038cb8f0b6cd\"},\"breadcrumb\":{\"@id\":\"https:\/\/www.univa.mx\/uruapan\/dispuestos-a-no-trabajar\/#breadcrumb\"},\"inLanguage\":\"es\",\"potentialAction\":[{\"@type\":\"ReadAction\",\"target\":[\"https:\/\/www.univa.mx\/uruapan\/dispuestos-a-no-trabajar\/\"]}]},{\"@type\":\"ImageObject\",\"inLanguage\":\"es\",\"@id\":\"https:\/\/www.univa.mx\/uruapan\/dispuestos-a-no-trabajar\/#primaryimage\",\"url\":\"https:\/\/www.univa.mx\/uruapan\/wp-content\/uploads\/sites\/5\/2021\/08\/Laura-R.jpg\",\"contentUrl\":\"https:\/\/www.univa.mx\/uruapan\/wp-content\/uploads\/sites\/5\/2021\/08\/Laura-R.jpg\"},{\"@type\":\"BreadcrumbList\",\"@id\":\"https:\/\/www.univa.mx\/uruapan\/dispuestos-a-no-trabajar\/#breadcrumb\",\"itemListElement\":[{\"@type\":\"ListItem\",\"position\":1,\"name\":\"Portada\",\"item\":\"https:\/\/www.univa.mx\/uruapan\/\"},{\"@type\":\"ListItem\",\"position\":2,\"name\":\"Dispuestos a no trabajar\"}]},{\"@type\":\"WebSite\",\"@id\":\"https:\/\/www.univa.mx\/uruapan\/#website\",\"url\":\"https:\/\/www.univa.mx\/uruapan\/\",\"name\":\"Uruapan\",\"description\":\"Univa\",\"potentialAction\":[{\"@type\":\"SearchAction\",\"target\":{\"@type\":\"EntryPoint\",\"urlTemplate\":\"https:\/\/www.univa.mx\/uruapan\/?s={search_term_string}\"},\"query-input\":{\"@type\":\"PropertyValueSpecification\",\"valueRequired\":true,\"valueName\":\"search_term_string\"}}],\"inLanguage\":\"es\"},{\"@type\":\"Person\",\"@id\":\"https:\/\/www.univa.mx\/uruapan\/#\/schema\/person\/69c7c7ff4ec76903a1b7038cb8f0b6cd\",\"name\":\"Comunicaci\u00f3n Sistema UNIVA\",\"image\":{\"@type\":\"ImageObject\",\"inLanguage\":\"es\",\"@id\":\"https:\/\/www.univa.mx\/uruapan\/#\/schema\/person\/image\/\",\"url\":\"https:\/\/secure.gravatar.com\/avatar\/e5c70e7a9e29f270de612e0fc3ec80dfe6dcaa543bd068051f89740873db7146?s=96&d=mm&r=g\",\"contentUrl\":\"https:\/\/secure.gravatar.com\/avatar\/e5c70e7a9e29f270de612e0fc3ec80dfe6dcaa543bd068051f89740873db7146?s=96&d=mm&r=g\",\"caption\":\"Comunicaci\u00f3n Sistema UNIVA\"},\"url\":\"https:\/\/www.univa.mx\/uruapan\/author\/davidrosas\/\"}]}<\/script>\n<!-- \/ Yoast SEO plugin. -->","yoast_head_json":{"title":"Dispuestos a no trabajar - Uruapan","robots":{"index":"index","follow":"follow","max-snippet":"max-snippet:-1","max-image-preview":"max-image-preview:large","max-video-preview":"max-video-preview:-1"},"canonical":"https:\/\/www.univa.mx\/uruapan\/dispuestos-a-no-trabajar\/","og_locale":"es_ES","og_type":"article","og_title":"Dispuestos a no trabajar - Uruapan","og_description":"Laura O. Robles Sahag\u00fan Coordinadora de Alumni y Bolsa de Trabajo UNIVA Guadalajara &nbsp; El mundo despu\u00e9s de la pandemia definitivamente no volver\u00e1 a ser igual en muchos aspectos, no...","og_url":"https:\/\/www.univa.mx\/uruapan\/dispuestos-a-no-trabajar\/","og_site_name":"Uruapan","article_published_time":"2021-11-09T20:52:44+00:00","article_modified_time":"2021-11-09T20:52:46+00:00","og_image":[{"url":"https:\/\/www.univa.mx\/uruapan\/wp-content\/uploads\/sites\/5\/2021\/08\/Laura-R.jpg","width":1,"height":1,"type":"image\/jpeg"}],"author":"Comunicaci\u00f3n Sistema UNIVA","twitter_card":"summary_large_image","twitter_misc":{"Escrito por":"Comunicaci\u00f3n Sistema UNIVA","Tiempo de lectura":"3 minutos"},"schema":{"@context":"https:\/\/schema.org","@graph":[{"@type":"WebPage","@id":"https:\/\/www.univa.mx\/uruapan\/dispuestos-a-no-trabajar\/","url":"https:\/\/www.univa.mx\/uruapan\/dispuestos-a-no-trabajar\/","name":"Dispuestos a no trabajar - Uruapan","isPartOf":{"@id":"https:\/\/www.univa.mx\/uruapan\/#website"},"primaryImageOfPage":{"@id":"https:\/\/www.univa.mx\/uruapan\/dispuestos-a-no-trabajar\/#primaryimage"},"image":{"@id":"https:\/\/www.univa.mx\/uruapan\/dispuestos-a-no-trabajar\/#primaryimage"},"thumbnailUrl":"https:\/\/www.univa.mx\/uruapan\/wp-content\/uploads\/sites\/5\/2021\/08\/Laura-R.jpg","datePublished":"2021-11-09T20:52:44+00:00","dateModified":"2021-11-09T20:52:46+00:00","author":{"@id":"https:\/\/www.univa.mx\/uruapan\/#\/schema\/person\/69c7c7ff4ec76903a1b7038cb8f0b6cd"},"breadcrumb":{"@id":"https:\/\/www.univa.mx\/uruapan\/dispuestos-a-no-trabajar\/#breadcrumb"},"inLanguage":"es","potentialAction":[{"@type":"ReadAction","target":["https:\/\/www.univa.mx\/uruapan\/dispuestos-a-no-trabajar\/"]}]},{"@type":"ImageObject","inLanguage":"es","@id":"https:\/\/www.univa.mx\/uruapan\/dispuestos-a-no-trabajar\/#primaryimage","url":"https:\/\/www.univa.mx\/uruapan\/wp-content\/uploads\/sites\/5\/2021\/08\/Laura-R.jpg","contentUrl":"https:\/\/www.univa.mx\/uruapan\/wp-content\/uploads\/sites\/5\/2021\/08\/Laura-R.jpg"},{"@type":"BreadcrumbList","@id":"https:\/\/www.univa.mx\/uruapan\/dispuestos-a-no-trabajar\/#breadcrumb","itemListElement":[{"@type":"ListItem","position":1,"name":"Portada","item":"https:\/\/www.univa.mx\/uruapan\/"},{"@type":"ListItem","position":2,"name":"Dispuestos a no trabajar"}]},{"@type":"WebSite","@id":"https:\/\/www.univa.mx\/uruapan\/#website","url":"https:\/\/www.univa.mx\/uruapan\/","name":"Uruapan","description":"Univa","potentialAction":[{"@type":"SearchAction","target":{"@type":"EntryPoint","urlTemplate":"https:\/\/www.univa.mx\/uruapan\/?s={search_term_string}"},"query-input":{"@type":"PropertyValueSpecification","valueRequired":true,"valueName":"search_term_string"}}],"inLanguage":"es"},{"@type":"Person","@id":"https:\/\/www.univa.mx\/uruapan\/#\/schema\/person\/69c7c7ff4ec76903a1b7038cb8f0b6cd","name":"Comunicaci\u00f3n Sistema UNIVA","image":{"@type":"ImageObject","inLanguage":"es","@id":"https:\/\/www.univa.mx\/uruapan\/#\/schema\/person\/image\/","url":"https:\/\/secure.gravatar.com\/avatar\/e5c70e7a9e29f270de612e0fc3ec80dfe6dcaa543bd068051f89740873db7146?s=96&d=mm&r=g","contentUrl":"https:\/\/secure.gravatar.com\/avatar\/e5c70e7a9e29f270de612e0fc3ec80dfe6dcaa543bd068051f89740873db7146?s=96&d=mm&r=g","caption":"Comunicaci\u00f3n Sistema UNIVA"},"url":"https:\/\/www.univa.mx\/uruapan\/author\/davidrosas\/"}]}},"_links":{"self":[{"href":"https:\/\/www.univa.mx\/uruapan\/wp-json\/wp\/v2\/posts\/3489","targetHints":{"allow":["GET"]}}],"collection":[{"href":"https:\/\/www.univa.mx\/uruapan\/wp-json\/wp\/v2\/posts"}],"about":[{"href":"https:\/\/www.univa.mx\/uruapan\/wp-json\/wp\/v2\/types\/post"}],"author":[{"embeddable":true,"href":"https:\/\/www.univa.mx\/uruapan\/wp-json\/wp\/v2\/users\/2"}],"replies":[{"embeddable":true,"href":"https:\/\/www.univa.mx\/uruapan\/wp-json\/wp\/v2\/comments?post=3489"}],"version-history":[{"count":1,"href":"https:\/\/www.univa.mx\/uruapan\/wp-json\/wp\/v2\/posts\/3489\/revisions"}],"predecessor-version":[{"id":3490,"href":"https:\/\/www.univa.mx\/uruapan\/wp-json\/wp\/v2\/posts\/3489\/revisions\/3490"}],"wp:featuredmedia":[{"embeddable":true,"href":"https:\/\/www.univa.mx\/uruapan\/wp-json\/wp\/v2\/media\/3154"}],"wp:attachment":[{"href":"https:\/\/www.univa.mx\/uruapan\/wp-json\/wp\/v2\/media?parent=3489"}],"wp:term":[{"taxonomy":"category","embeddable":true,"href":"https:\/\/www.univa.mx\/uruapan\/wp-json\/wp\/v2\/categories?post=3489"},{"taxonomy":"post_tag","embeddable":true,"href":"https:\/\/www.univa.mx\/uruapan\/wp-json\/wp\/v2\/tags?post=3489"}],"curies":[{"name":"wp","href":"https:\/\/api.w.org\/{rel}","templated":true}]}}