{"id":1509,"date":"2020-04-28T17:38:11","date_gmt":"2020-04-28T22:38:11","guid":{"rendered":"https:\/\/www.univa.mx\/uruapan\/univa-participa-en-el-foro-retos-legales-en-torno-al-covid-19\/"},"modified":"2020-04-28T17:38:29","modified_gmt":"2020-04-28T22:38:29","slug":"univa-participa-en-el-foro-retos-legales-en-torno-al-covid-19","status":"publish","type":"post","link":"https:\/\/www.univa.mx\/uruapan\/univa-participa-en-el-foro-retos-legales-en-torno-al-covid-19\/","title":{"rendered":"UNIVA participa en el foro \u201cRetos legales en torno al COVID-19\u201d"},"content":{"rendered":"<h5 style=\"text-align: right\"><em><b>Fotograf\u00eda de Miguel Navarro\u00a0<\/b><\/em><\/h5>\n<p>&nbsp;<\/p>\n<p>El martes 28 de abril del 2020, en punto de las 11:00 horas, se realiz\u00f3 de manera virtual el foro \u201cRetos legales en torno al COVID-19\u201d, evento organizado por la Comisi\u00f3n Ejecutiva de Asuntos Jur\u00eddicos de la Federaci\u00f3n de Instituciones Mexicanas Particulares de Educaci\u00f3n Superior (FIMPES).<\/p>\n<p>En el foro participaron los rectores y responsables de las \u00e1reas jur\u00eddicas y de recursos humanos de las instituciones afiliadas a FIMPES; el objetivo principal de \u00e9ste, fue recapitular y exponer dudas en materia de asuntos legales en el contexto de la pandemia del COVID-19.<\/p>\n<p>Las actividades fueron iniciadas por el Mtro. Miguel Navarro Castellanos, representante de la Universidad Aut\u00f3noma de Guadalajara, quien abord\u00f3 cuestiones estrat\u00e9gicas y nociones para las Instituciones de Educaci\u00f3n Superior (IES) en materia de datos personales, as\u00ed como la actuaci\u00f3n de la PROFECO y los plazos judiciales para las mismas IES.<\/p>\n<p>Posteriormente, el Mtro. Carlos Ol\u00edn Bonilla, de la Universidad Panamericana, tom\u00f3 la palabra para abordar el tema \u201cLa causa de fuerza mayor y la teor\u00eda de la imprevisi\u00f3n en tiempos de la emergencia sanitaria SARS-CoV2 (COVID-19)\u201d.<\/p>\n<p>Por \u00faltimo, como representante de la Universidad del Valle de Atemajac, el Mtro. Francisco Javier Arellano Noriega habl\u00f3 de la importancia y gesti\u00f3n de las relaciones laborales durante la contingencia sanitaria.<\/p>\n<p>Sin duda, esta sesi\u00f3n permitir\u00e1 enriquecer, mediante las experiencias y conocimientos compartidos, la toma de decisiones legales durante y despu\u00e9s del periodo de cuarentena.<\/p>\n<p>&nbsp;<\/p>\n","protected":false},"excerpt":{"rendered":"<p>Fotograf\u00eda de Miguel Navarro\u00a0 &nbsp; El martes 28 de abril del 2020, en punto de las 11:00 horas, se realiz\u00f3 de manera virtual el foro \u201cRetos legales en torno al&#8230;<\/p>\n","protected":false},"author":2,"featured_media":1510,"comment_status":"open","ping_status":"open","sticky":false,"template":"","format":"standard","meta":{"footnotes":""},"categories":[2],"tags":[],"class_list":{"0":"post-1509","1":"post","2":"type-post","3":"status-publish","4":"format-standard","5":"has-post-thumbnail","7":"category-noticias"},"yoast_head":"<!-- This site is optimized with the Yoast SEO plugin v26.6 - https:\/\/yoast.com\/wordpress\/plugins\/seo\/ -->\n<title>UNIVA participa en el foro \u201cRetos legales en torno al COVID-19\u201d - Uruapan<\/title>\n<meta name=\"robots\" content=\"index, follow, max-snippet:-1, max-image-preview:large, max-video-preview:-1\" \/>\n<link rel=\"canonical\" href=\"https:\/\/www.univa.mx\/uruapan\/univa-participa-en-el-foro-retos-legales-en-torno-al-covid-19\/\" \/>\n<meta property=\"og:locale\" content=\"es_ES\" \/>\n<meta property=\"og:type\" content=\"article\" \/>\n<meta property=\"og:title\" content=\"UNIVA participa en el foro \u201cRetos legales en torno al COVID-19\u201d - Uruapan\" \/>\n<meta property=\"og:description\" content=\"Fotograf\u00eda de Miguel Navarro\u00a0 &nbsp; El martes 28 de abril del 2020, en punto de las 11:00 horas, se realiz\u00f3 de manera virtual el foro \u201cRetos legales en torno al...\" \/>\n<meta property=\"og:url\" content=\"https:\/\/www.univa.mx\/uruapan\/univa-participa-en-el-foro-retos-legales-en-torno-al-covid-19\/\" \/>\n<meta property=\"og:site_name\" content=\"Uruapan\" \/>\n<meta property=\"article:published_time\" content=\"2020-04-28T22:38:11+00:00\" \/>\n<meta property=\"article:modified_time\" content=\"2020-04-28T22:38:29+00:00\" \/>\n<meta property=\"og:image\" content=\"https:\/\/www.univa.mx\/uruapan\/wp-content\/uploads\/sites\/5\/2020\/04\/UNIVA-participa-en-el-foro-Retos-legales-en-torno-al-COVID-19-Revisada-28.04.2020..jpg\" \/>\n\t<meta property=\"og:image:width\" content=\"1280\" \/>\n\t<meta property=\"og:image:height\" content=\"720\" \/>\n\t<meta property=\"og:image:type\" content=\"image\/jpeg\" \/>\n<meta name=\"author\" content=\"Comunicaci\u00f3n Sistema UNIVA\" \/>\n<meta name=\"twitter:card\" content=\"summary_large_image\" \/>\n<meta name=\"twitter:label1\" content=\"Escrito por\" \/>\n\t<meta name=\"twitter:data1\" content=\"Comunicaci\u00f3n Sistema UNIVA\" \/>\n\t<meta name=\"twitter:label2\" content=\"Tiempo de lectura\" \/>\n\t<meta name=\"twitter:data2\" content=\"1 minuto\" \/>\n<script type=\"application\/ld+json\" class=\"yoast-schema-graph\">{\"@context\":\"https:\/\/schema.org\",\"@graph\":[{\"@type\":\"WebPage\",\"@id\":\"https:\/\/www.univa.mx\/uruapan\/univa-participa-en-el-foro-retos-legales-en-torno-al-covid-19\/\",\"url\":\"https:\/\/www.univa.mx\/uruapan\/univa-participa-en-el-foro-retos-legales-en-torno-al-covid-19\/\",\"name\":\"UNIVA participa en el foro \u201cRetos legales en torno al COVID-19\u201d - Uruapan\",\"isPartOf\":{\"@id\":\"https:\/\/www.univa.mx\/uruapan\/#website\"},\"primaryImageOfPage\":{\"@id\":\"https:\/\/www.univa.mx\/uruapan\/univa-participa-en-el-foro-retos-legales-en-torno-al-covid-19\/#primaryimage\"},\"image\":{\"@id\":\"https:\/\/www.univa.mx\/uruapan\/univa-participa-en-el-foro-retos-legales-en-torno-al-covid-19\/#primaryimage\"},\"thumbnailUrl\":\"https:\/\/www.univa.mx\/uruapan\/wp-content\/uploads\/sites\/5\/2020\/04\/UNIVA-participa-en-el-foro-Retos-legales-en-torno-al-COVID-19-Revisada-28.04.2020..jpg\",\"datePublished\":\"2020-04-28T22:38:11+00:00\",\"dateModified\":\"2020-04-28T22:38:29+00:00\",\"author\":{\"@id\":\"https:\/\/www.univa.mx\/uruapan\/#\/schema\/person\/69c7c7ff4ec76903a1b7038cb8f0b6cd\"},\"breadcrumb\":{\"@id\":\"https:\/\/www.univa.mx\/uruapan\/univa-participa-en-el-foro-retos-legales-en-torno-al-covid-19\/#breadcrumb\"},\"inLanguage\":\"es\",\"potentialAction\":[{\"@type\":\"ReadAction\",\"target\":[\"https:\/\/www.univa.mx\/uruapan\/univa-participa-en-el-foro-retos-legales-en-torno-al-covid-19\/\"]}]},{\"@type\":\"ImageObject\",\"inLanguage\":\"es\",\"@id\":\"https:\/\/www.univa.mx\/uruapan\/univa-participa-en-el-foro-retos-legales-en-torno-al-covid-19\/#primaryimage\",\"url\":\"https:\/\/www.univa.mx\/uruapan\/wp-content\/uploads\/sites\/5\/2020\/04\/UNIVA-participa-en-el-foro-Retos-legales-en-torno-al-COVID-19-Revisada-28.04.2020..jpg\",\"contentUrl\":\"https:\/\/www.univa.mx\/uruapan\/wp-content\/uploads\/sites\/5\/2020\/04\/UNIVA-participa-en-el-foro-Retos-legales-en-torno-al-COVID-19-Revisada-28.04.2020..jpg\",\"width\":1280,\"height\":720},{\"@type\":\"BreadcrumbList\",\"@id\":\"https:\/\/www.univa.mx\/uruapan\/univa-participa-en-el-foro-retos-legales-en-torno-al-covid-19\/#breadcrumb\",\"itemListElement\":[{\"@type\":\"ListItem\",\"position\":1,\"name\":\"Portada\",\"item\":\"https:\/\/www.univa.mx\/uruapan\/\"},{\"@type\":\"ListItem\",\"position\":2,\"name\":\"UNIVA participa en el foro \u201cRetos legales en torno al COVID-19\u201d\"}]},{\"@type\":\"WebSite\",\"@id\":\"https:\/\/www.univa.mx\/uruapan\/#website\",\"url\":\"https:\/\/www.univa.mx\/uruapan\/\",\"name\":\"Uruapan\",\"description\":\"Univa\",\"potentialAction\":[{\"@type\":\"SearchAction\",\"target\":{\"@type\":\"EntryPoint\",\"urlTemplate\":\"https:\/\/www.univa.mx\/uruapan\/?s={search_term_string}\"},\"query-input\":{\"@type\":\"PropertyValueSpecification\",\"valueRequired\":true,\"valueName\":\"search_term_string\"}}],\"inLanguage\":\"es\"},{\"@type\":\"Person\",\"@id\":\"https:\/\/www.univa.mx\/uruapan\/#\/schema\/person\/69c7c7ff4ec76903a1b7038cb8f0b6cd\",\"name\":\"Comunicaci\u00f3n Sistema UNIVA\",\"image\":{\"@type\":\"ImageObject\",\"inLanguage\":\"es\",\"@id\":\"https:\/\/www.univa.mx\/uruapan\/#\/schema\/person\/image\/\",\"url\":\"https:\/\/secure.gravatar.com\/avatar\/e5c70e7a9e29f270de612e0fc3ec80dfe6dcaa543bd068051f89740873db7146?s=96&d=mm&r=g\",\"contentUrl\":\"https:\/\/secure.gravatar.com\/avatar\/e5c70e7a9e29f270de612e0fc3ec80dfe6dcaa543bd068051f89740873db7146?s=96&d=mm&r=g\",\"caption\":\"Comunicaci\u00f3n Sistema UNIVA\"},\"url\":\"https:\/\/www.univa.mx\/uruapan\/author\/davidrosas\/\"}]}<\/script>\n<!-- \/ Yoast SEO plugin. -->","yoast_head_json":{"title":"UNIVA participa en el foro \u201cRetos legales en torno al COVID-19\u201d - Uruapan","robots":{"index":"index","follow":"follow","max-snippet":"max-snippet:-1","max-image-preview":"max-image-preview:large","max-video-preview":"max-video-preview:-1"},"canonical":"https:\/\/www.univa.mx\/uruapan\/univa-participa-en-el-foro-retos-legales-en-torno-al-covid-19\/","og_locale":"es_ES","og_type":"article","og_title":"UNIVA participa en el foro \u201cRetos legales en torno al COVID-19\u201d - Uruapan","og_description":"Fotograf\u00eda de Miguel Navarro\u00a0 &nbsp; El martes 28 de abril del 2020, en punto de las 11:00 horas, se realiz\u00f3 de manera virtual el foro \u201cRetos legales en torno al...","og_url":"https:\/\/www.univa.mx\/uruapan\/univa-participa-en-el-foro-retos-legales-en-torno-al-covid-19\/","og_site_name":"Uruapan","article_published_time":"2020-04-28T22:38:11+00:00","article_modified_time":"2020-04-28T22:38:29+00:00","og_image":[{"width":1280,"height":720,"url":"https:\/\/www.univa.mx\/uruapan\/wp-content\/uploads\/sites\/5\/2020\/04\/UNIVA-participa-en-el-foro-Retos-legales-en-torno-al-COVID-19-Revisada-28.04.2020..jpg","type":"image\/jpeg"}],"author":"Comunicaci\u00f3n Sistema UNIVA","twitter_card":"summary_large_image","twitter_misc":{"Escrito por":"Comunicaci\u00f3n Sistema UNIVA","Tiempo de lectura":"1 minuto"},"schema":{"@context":"https:\/\/schema.org","@graph":[{"@type":"WebPage","@id":"https:\/\/www.univa.mx\/uruapan\/univa-participa-en-el-foro-retos-legales-en-torno-al-covid-19\/","url":"https:\/\/www.univa.mx\/uruapan\/univa-participa-en-el-foro-retos-legales-en-torno-al-covid-19\/","name":"UNIVA participa en el foro \u201cRetos legales en torno al COVID-19\u201d - Uruapan","isPartOf":{"@id":"https:\/\/www.univa.mx\/uruapan\/#website"},"primaryImageOfPage":{"@id":"https:\/\/www.univa.mx\/uruapan\/univa-participa-en-el-foro-retos-legales-en-torno-al-covid-19\/#primaryimage"},"image":{"@id":"https:\/\/www.univa.mx\/uruapan\/univa-participa-en-el-foro-retos-legales-en-torno-al-covid-19\/#primaryimage"},"thumbnailUrl":"https:\/\/www.univa.mx\/uruapan\/wp-content\/uploads\/sites\/5\/2020\/04\/UNIVA-participa-en-el-foro-Retos-legales-en-torno-al-COVID-19-Revisada-28.04.2020..jpg","datePublished":"2020-04-28T22:38:11+00:00","dateModified":"2020-04-28T22:38:29+00:00","author":{"@id":"https:\/\/www.univa.mx\/uruapan\/#\/schema\/person\/69c7c7ff4ec76903a1b7038cb8f0b6cd"},"breadcrumb":{"@id":"https:\/\/www.univa.mx\/uruapan\/univa-participa-en-el-foro-retos-legales-en-torno-al-covid-19\/#breadcrumb"},"inLanguage":"es","potentialAction":[{"@type":"ReadAction","target":["https:\/\/www.univa.mx\/uruapan\/univa-participa-en-el-foro-retos-legales-en-torno-al-covid-19\/"]}]},{"@type":"ImageObject","inLanguage":"es","@id":"https:\/\/www.univa.mx\/uruapan\/univa-participa-en-el-foro-retos-legales-en-torno-al-covid-19\/#primaryimage","url":"https:\/\/www.univa.mx\/uruapan\/wp-content\/uploads\/sites\/5\/2020\/04\/UNIVA-participa-en-el-foro-Retos-legales-en-torno-al-COVID-19-Revisada-28.04.2020..jpg","contentUrl":"https:\/\/www.univa.mx\/uruapan\/wp-content\/uploads\/sites\/5\/2020\/04\/UNIVA-participa-en-el-foro-Retos-legales-en-torno-al-COVID-19-Revisada-28.04.2020..jpg","width":1280,"height":720},{"@type":"BreadcrumbList","@id":"https:\/\/www.univa.mx\/uruapan\/univa-participa-en-el-foro-retos-legales-en-torno-al-covid-19\/#breadcrumb","itemListElement":[{"@type":"ListItem","position":1,"name":"Portada","item":"https:\/\/www.univa.mx\/uruapan\/"},{"@type":"ListItem","position":2,"name":"UNIVA participa en el foro \u201cRetos legales en torno al COVID-19\u201d"}]},{"@type":"WebSite","@id":"https:\/\/www.univa.mx\/uruapan\/#website","url":"https:\/\/www.univa.mx\/uruapan\/","name":"Uruapan","description":"Univa","potentialAction":[{"@type":"SearchAction","target":{"@type":"EntryPoint","urlTemplate":"https:\/\/www.univa.mx\/uruapan\/?s={search_term_string}"},"query-input":{"@type":"PropertyValueSpecification","valueRequired":true,"valueName":"search_term_string"}}],"inLanguage":"es"},{"@type":"Person","@id":"https:\/\/www.univa.mx\/uruapan\/#\/schema\/person\/69c7c7ff4ec76903a1b7038cb8f0b6cd","name":"Comunicaci\u00f3n Sistema UNIVA","image":{"@type":"ImageObject","inLanguage":"es","@id":"https:\/\/www.univa.mx\/uruapan\/#\/schema\/person\/image\/","url":"https:\/\/secure.gravatar.com\/avatar\/e5c70e7a9e29f270de612e0fc3ec80dfe6dcaa543bd068051f89740873db7146?s=96&d=mm&r=g","contentUrl":"https:\/\/secure.gravatar.com\/avatar\/e5c70e7a9e29f270de612e0fc3ec80dfe6dcaa543bd068051f89740873db7146?s=96&d=mm&r=g","caption":"Comunicaci\u00f3n Sistema UNIVA"},"url":"https:\/\/www.univa.mx\/uruapan\/author\/davidrosas\/"}]}},"_links":{"self":[{"href":"https:\/\/www.univa.mx\/uruapan\/wp-json\/wp\/v2\/posts\/1509","targetHints":{"allow":["GET"]}}],"collection":[{"href":"https:\/\/www.univa.mx\/uruapan\/wp-json\/wp\/v2\/posts"}],"about":[{"href":"https:\/\/www.univa.mx\/uruapan\/wp-json\/wp\/v2\/types\/post"}],"author":[{"embeddable":true,"href":"https:\/\/www.univa.mx\/uruapan\/wp-json\/wp\/v2\/users\/2"}],"replies":[{"embeddable":true,"href":"https:\/\/www.univa.mx\/uruapan\/wp-json\/wp\/v2\/comments?post=1509"}],"version-history":[{"count":1,"href":"https:\/\/www.univa.mx\/uruapan\/wp-json\/wp\/v2\/posts\/1509\/revisions"}],"predecessor-version":[{"id":1512,"href":"https:\/\/www.univa.mx\/uruapan\/wp-json\/wp\/v2\/posts\/1509\/revisions\/1512"}],"wp:featuredmedia":[{"embeddable":true,"href":"https:\/\/www.univa.mx\/uruapan\/wp-json\/wp\/v2\/media\/1510"}],"wp:attachment":[{"href":"https:\/\/www.univa.mx\/uruapan\/wp-json\/wp\/v2\/media?parent=1509"}],"wp:term":[{"taxonomy":"category","embeddable":true,"href":"https:\/\/www.univa.mx\/uruapan\/wp-json\/wp\/v2\/categories?post=1509"},{"taxonomy":"post_tag","embeddable":true,"href":"https:\/\/www.univa.mx\/uruapan\/wp-json\/wp\/v2\/tags?post=1509"}],"curies":[{"name":"wp","href":"https:\/\/api.w.org\/{rel}","templated":true}]}}