{"id":2670,"date":"2021-10-01T06:55:03","date_gmt":"2021-10-01T12:55:03","guid":{"rendered":"https:\/\/www.univa.mx\/tepic\/bulgaria\/"},"modified":"2021-10-01T06:55:59","modified_gmt":"2021-10-01T12:55:59","slug":"bulgaria","status":"publish","type":"post","link":"https:\/\/www.univa.mx\/tepic\/bulgaria\/","title":{"rendered":"Bulgaria"},"content":{"rendered":"<p><em><strong>Hugo Aceves Mar\u00edn \u2022 Profesor de idiomas en l\u00ednea<\/strong><\/em><\/p>\n<p>&nbsp;<\/p>\n<p>Mi primera vez en Bulgaria se remonta al a\u00f1o 2009. Era mi primer viaje de mochila por Europa del Este y fue un regalo que me di a m\u00ed mismo despu\u00e9s de haber conseguido mi permiso de residencia permanente en Espa\u00f1a. El viaje comenz\u00f3 en Hungr\u00eda y sin un plan muy definido, termin\u00e9 pasando por Bulgaria y me qued\u00e9 dos d\u00edas en su capital, Sof\u00eda. En aquel entonces, hab\u00edan pasado solo dos a\u00f1os desde la incorporaci\u00f3n de Bulgaria a la Uni\u00f3n Europea, un suceso de opiniones divididas, ya que muchos b\u00falgaros vieron esto con buenos ojos, sin embargo, el haber sido un estado sat\u00e9lite de la Uni\u00f3n Sovi\u00e9tica durante tanto tiempo, tambi\u00e9n hab\u00eda dejado en el pa\u00eds un ala pol\u00edtica pro-rusa y un mont\u00f3n de nost\u00e1lgicos (personas de la tercera edad en su mayor\u00eda) de aquellos maravillosos a\u00f1os bajo el r\u00e9gimen comunista, los cuales ve\u00edan esta nueva Bulgaria con mucho escepticismo.<\/p>\n<p>En resumen, Bulgaria estaba cambiando y aprovech\u00e9 su reciente ingreso a la UE para colarme al pa\u00eds sin visa desde Ruman\u00eda, ya que Europa no se la exige a los ciudadanos mexicanos. Mi experiencia fue agridulce esa vez, es decir, s\u00ed disfrut\u00e9 mi tiempo en Bulgaria, pero me tuve que enfrentar a una sociedad que estaba lejos de ser hospitalaria. Los extranjeros no eran algo com\u00fan. Cumplido mi tiempo ah\u00ed, part\u00ed hac\u00eda Serbia sin pensar que alguna vez volver\u00eda a Bulgaria.<\/p>\n<p>En el a\u00f1o 2020 me encontraba en Barcelona con el coraz\u00f3n roto y an\u00edmicamente devastado despu\u00e9s de haber ido a B\u00e9lgica a intentar reconstruir una relaci\u00f3n. Esta decisi\u00f3n no solo fue desastrosa para mi bienestar emocional, sino tambi\u00e9n para mi bienestar financiero, as\u00ed que ah\u00ed estaba, en la ciudad condal, sin dinero y deprimido. Lo peor era que el tiempo estaba jugando en mi contra. No pod\u00eda quedarme mucho tiempo m\u00e1s en Barcelona, ya que es una ciudad famosa por ser cara y yo literalmente estaba quebrado durmiendo en el sof\u00e1 de un amigo. Ten\u00eda que buscar una soluci\u00f3n pronto y lo \u00fanico que se me ocurri\u00f3 fue agarrar mi computadora y buscar el vuelo m\u00e1s barato posible a un destino que tambi\u00e9n fuera barato, fue as\u00ed como una vez m\u00e1s, Bulgaria volvi\u00f3 a sonar en mi radar. \u00a1No lo pens\u00e9 dos veces! Le ped\u00ed prestados 50 \u20ac a mi amigo, compr\u00e9 el vuelo y me fui con prisa al aeropuerto sin saber lo que se avecinaba para m\u00ed y para el mundo entero.<\/p>\n<p>Llegu\u00e9 a Sof\u00eda de madrugada y como es costumbre ah\u00ed, el taxista que me llev\u00f3 al centro de la ciudad me quiso ver la cara de extranjero y timarme. Por suerte, yo ten\u00eda un contacto en Sof\u00eda, una chica delgada, de apariencia algo dejada y con el pelo enmara\u00f1ado llamada Kalina. A Kalina la conoc\u00ed gracias a Vladimir, un b\u00falgaro afincado en Barcelona orgulloso de su protuberante barriga y de su extraordinaria capacidad para tomar cerveza, con quien tengo una buena amistad desde hace ya algunos a\u00f1os. En fin, Kalina baj\u00f3 a recibirme, tuvo una fuerte discusi\u00f3n con el taxista en b\u00falgaro y me salv\u00f3 de ser enga\u00f1ado.<\/p>\n<p>Us\u00e9 lo \u00faltimo que me quedaba de dinero para rentarle a Kalina un cuarto en su casa desde donde planeaba trabajar muy duro dando mis clases en l\u00ednea, apretarme el cintur\u00f3n para gastar lo menos posible y as\u00ed revertir la malaria econ\u00f3mica.<\/p>\n<p>Entonces, las cosas parec\u00edan ir un poco mejor. Ten\u00eda un lugar barato donde vivir y estaba poco a poco recuper\u00e1ndome para jugar mi siguiente ficha porque, \u00bfno me iba a quedar en Bulgaria, o s\u00ed? \u00bfQu\u00e9 otra cosa podr\u00eda ir mal? Bueno, la vida nunca deja de sorprendernos y esta vez nos sorprendi\u00f3 con una pandemia que paraliz\u00f3 al mundo entero, dej\u00e1ndome varado en un pa\u00eds que yo ve\u00eda como \u201cun prospecto a corto plazo\u201d. Fue as\u00ed como de repente, me di cuenta de que mi estancia en Bulgaria ser\u00eda mucho m\u00e1s larga de lo que hab\u00eda planeado.<\/p>\n<p>Era invierno y los inviernos en Bulgaria son cosa ser\u00eda. La temperatura puede bajar hasta -20 grados y la nieve se mide por metros. Ah\u00ed estaba yo, confinado por la pandemia en una casa vac\u00eda, ya que la gente con quien estaba viviendo, entendiblemente, huy\u00f3 a casa de sus familias cuando se enteraron de que nos confinar\u00edan. Fueron tres largos meses en los que me sent\u00ed encarcelado. Solo pod\u00eda salir una vez a la semana a comprar comida, y el resto del tiempo lo pasaba trabajando, leyendo, haciendo ejercicio y teniendo interacciones digitales con gente que estaba lejos. La soledad me llev\u00f3 a tener todo tipo de pensamientos, algunos tan destructivos como para castigarme a m\u00ed mismo por todas las malas decisiones tomadas antes de la pandemia. Sin embargo, siempre me he considerado un hombre optimista, as\u00ed que los pensamientos positivos prevalecieron por encima de los negativos y poco a poco fui recuperando el bienestar mental y econ\u00f3mico durante el encierro.<\/p>\n<p>Otra cosa que aprend\u00ed durante este encierro es que en Bulgaria los emprendedores que deciden empezar un peque\u00f1o negocio de manera independiente solo pagan el 10% de impuestos (de los m\u00e1s bajos de Europa). Yo llevaba m\u00e1s de un a\u00f1o ganando dinero en l\u00ednea y no hab\u00eda estado declarando nada de ese dinero. Eso me quitaba el sue\u00f1o, ya que en alg\u00fan momento me caer\u00edan y fue aqu\u00ed que, por primera vez, vi la posibilidad de oficializar mi fuente de ingresos.<\/p>\n<p>Actualmente llevo un a\u00f1o como residente y contribuyente en Bulgaria con un negocio llamado<em> Nomad Languages<\/em>. La Bulgaria actual es muy diferente de aquella que vi en el 2009. La entrada a la Uni\u00f3n Europea trajo muchos cambios, como inversi\u00f3n extranjera atra\u00edda por los bajos impuestos y la mano de obra barata, y por supuesto, un flujo importante de extranjeros. Me gusta vivir en Bulgaria, aunque tengo que admitir que sigue siendo un pa\u00eds un tanto hostil hacia los que no somos de aqu\u00ed. El b\u00falgaro es un idioma dif\u00edcil de aprender, pertenece a la familia de las lenguas eslavas y usa el alfabeto ruso, as\u00ed que tan solo leerlo es un reto. A pesar de que muchos b\u00falgaros hablan bastante bien ingl\u00e9s o espa\u00f1ol, a\u00fan hay un amplio sector de la poblaci\u00f3n que te miran mal por no hablar su lengua e incluso pueden llegar a tratarte mal en tiendas o supermercados si no entiendes lo que te dicen.<\/p>\n<p>Personalmente, creo que todav\u00eda el pa\u00eds se encuentra digiriendo este cambio tan brusco\u2026 y yo, a\u00fan sigo intentando comprender esta nueva Bulgaria.<\/p>\n<p>\u041d\u0430\u043f\u0440\u0430\u0432\u0435\u0442\u0435 \u0411\u044a\u043b\u0433\u0430\u0440\u0438\u044f \u043e\u0442\u043d\u043e\u0432\u043e \u0432\u0435\u043b\u0438\u043a\u0430 (Hagamos a Bulgaria grande de nuevo)<\/p>\n<p>&nbsp;<\/p>\n<p>&nbsp;<\/p>\n<p>&nbsp;<\/p>\n","protected":false},"excerpt":{"rendered":"<p>Hugo Aceves Mar\u00edn \u2022 Profesor de idiomas en l\u00ednea &nbsp; Mi primera vez en Bulgaria se remonta al a\u00f1o 2009. Era mi primer viaje de mochila por Europa del Este&#8230;<\/p>\n","protected":false},"author":2,"featured_media":2671,"comment_status":"open","ping_status":"open","sticky":false,"template":"","format":"standard","meta":{"footnotes":""},"categories":[9],"tags":[],"class_list":["post-2670","post","type-post","status-publish","format-standard","has-post-thumbnail","category-voces-univa"],"yoast_head":"<!-- This site is optimized with the Yoast SEO plugin v28.0 - https:\/\/yoast.com\/product\/yoast-seo-wordpress\/ -->\n<title>Bulgaria - Univa Tepic<\/title>\n<meta name=\"robots\" content=\"index, follow, max-snippet:-1, max-image-preview:large, max-video-preview:-1\" \/>\n<link rel=\"canonical\" href=\"https:\/\/www.univa.mx\/tepic\/bulgaria\/\" \/>\n<meta property=\"og:locale\" content=\"es_ES\" \/>\n<meta property=\"og:type\" content=\"article\" \/>\n<meta property=\"og:title\" content=\"Bulgaria - Univa Tepic\" \/>\n<meta property=\"og:description\" content=\"Hugo Aceves Mar\u00edn \u2022 Profesor de idiomas en l\u00ednea &nbsp; Mi primera vez en Bulgaria se remonta al a\u00f1o 2009. Era mi primer viaje de mochila por Europa del Este...\" \/>\n<meta property=\"og:url\" content=\"https:\/\/www.univa.mx\/tepic\/bulgaria\/\" \/>\n<meta property=\"og:site_name\" content=\"Univa Tepic\" \/>\n<meta property=\"article:published_time\" content=\"2021-10-01T12:55:03+00:00\" \/>\n<meta property=\"article:modified_time\" content=\"2021-10-01T12:55:59+00:00\" \/>\n<meta property=\"og:image\" content=\"https:\/\/www.univa.mx\/tepic\/wp-content\/uploads\/sites\/11\/2021\/10\/Hugo-Aceves.png\" \/>\n\t<meta property=\"og:image:width\" content=\"1\" \/>\n\t<meta property=\"og:image:height\" content=\"1\" \/>\n\t<meta property=\"og:image:type\" content=\"image\/png\" \/>\n<meta name=\"author\" content=\"Comunicaci\u00f3n Sistema UNIVA\" \/>\n<meta name=\"twitter:card\" content=\"summary_large_image\" \/>\n<meta name=\"twitter:label1\" content=\"Escrito por\" \/>\n\t<meta name=\"twitter:data1\" content=\"Comunicaci\u00f3n Sistema UNIVA\" \/>\n\t<meta name=\"twitter:label2\" content=\"Tiempo de lectura\" \/>\n\t<meta name=\"twitter:data2\" content=\"6 minutos\" \/>\n<script type=\"application\/ld+json\" class=\"yoast-schema-graph\">{\"@context\":\"https:\\\/\\\/schema.org\",\"@graph\":[{\"@type\":\"Article\",\"@id\":\"https:\\\/\\\/www.univa.mx\\\/tepic\\\/bulgaria\\\/#article\",\"isPartOf\":{\"@id\":\"https:\\\/\\\/www.univa.mx\\\/tepic\\\/bulgaria\\\/\"},\"author\":{\"name\":\"Comunicaci\u00f3n Sistema UNIVA\",\"@id\":\"https:\\\/\\\/www.univa.mx\\\/tepic\\\/#\\\/schema\\\/person\\\/64d2681f983b949ff6e4ace270236879\"},\"headline\":\"Bulgaria\",\"datePublished\":\"2021-10-01T12:55:03+00:00\",\"dateModified\":\"2021-10-01T12:55:59+00:00\",\"mainEntityOfPage\":{\"@id\":\"https:\\\/\\\/www.univa.mx\\\/tepic\\\/bulgaria\\\/\"},\"wordCount\":1192,\"commentCount\":0,\"image\":{\"@id\":\"https:\\\/\\\/www.univa.mx\\\/tepic\\\/bulgaria\\\/#primaryimage\"},\"thumbnailUrl\":\"https:\\\/\\\/www.univa.mx\\\/tepic\\\/wp-content\\\/uploads\\\/sites\\\/11\\\/2021\\\/10\\\/Hugo-Aceves.png\",\"articleSection\":[\"Voces UNIVA\"],\"inLanguage\":\"es\",\"potentialAction\":[{\"@type\":\"CommentAction\",\"name\":\"Comment\",\"target\":[\"https:\\\/\\\/www.univa.mx\\\/tepic\\\/bulgaria\\\/#respond\"]}]},{\"@type\":\"WebPage\",\"@id\":\"https:\\\/\\\/www.univa.mx\\\/tepic\\\/bulgaria\\\/\",\"url\":\"https:\\\/\\\/www.univa.mx\\\/tepic\\\/bulgaria\\\/\",\"name\":\"Bulgaria - Univa Tepic\",\"isPartOf\":{\"@id\":\"https:\\\/\\\/www.univa.mx\\\/tepic\\\/#website\"},\"primaryImageOfPage\":{\"@id\":\"https:\\\/\\\/www.univa.mx\\\/tepic\\\/bulgaria\\\/#primaryimage\"},\"image\":{\"@id\":\"https:\\\/\\\/www.univa.mx\\\/tepic\\\/bulgaria\\\/#primaryimage\"},\"thumbnailUrl\":\"https:\\\/\\\/www.univa.mx\\\/tepic\\\/wp-content\\\/uploads\\\/sites\\\/11\\\/2021\\\/10\\\/Hugo-Aceves.png\",\"datePublished\":\"2021-10-01T12:55:03+00:00\",\"dateModified\":\"2021-10-01T12:55:59+00:00\",\"author\":{\"@id\":\"https:\\\/\\\/www.univa.mx\\\/tepic\\\/#\\\/schema\\\/person\\\/64d2681f983b949ff6e4ace270236879\"},\"breadcrumb\":{\"@id\":\"https:\\\/\\\/www.univa.mx\\\/tepic\\\/bulgaria\\\/#breadcrumb\"},\"inLanguage\":\"es\",\"potentialAction\":[{\"@type\":\"ReadAction\",\"target\":[\"https:\\\/\\\/www.univa.mx\\\/tepic\\\/bulgaria\\\/\"]}]},{\"@type\":\"ImageObject\",\"inLanguage\":\"es\",\"@id\":\"https:\\\/\\\/www.univa.mx\\\/tepic\\\/bulgaria\\\/#primaryimage\",\"url\":\"https:\\\/\\\/www.univa.mx\\\/tepic\\\/wp-content\\\/uploads\\\/sites\\\/11\\\/2021\\\/10\\\/Hugo-Aceves.png\",\"contentUrl\":\"https:\\\/\\\/www.univa.mx\\\/tepic\\\/wp-content\\\/uploads\\\/sites\\\/11\\\/2021\\\/10\\\/Hugo-Aceves.png\"},{\"@type\":\"BreadcrumbList\",\"@id\":\"https:\\\/\\\/www.univa.mx\\\/tepic\\\/bulgaria\\\/#breadcrumb\",\"itemListElement\":[{\"@type\":\"ListItem\",\"position\":1,\"name\":\"Portada\",\"item\":\"https:\\\/\\\/www.univa.mx\\\/tepic\\\/\"},{\"@type\":\"ListItem\",\"position\":2,\"name\":\"Bulgaria\"}]},{\"@type\":\"WebSite\",\"@id\":\"https:\\\/\\\/www.univa.mx\\\/tepic\\\/#website\",\"url\":\"https:\\\/\\\/www.univa.mx\\\/tepic\\\/\",\"name\":\"Univa Tepic\",\"description\":\"La Universidad Cat\u00f3lica\",\"potentialAction\":[{\"@type\":\"SearchAction\",\"target\":{\"@type\":\"EntryPoint\",\"urlTemplate\":\"https:\\\/\\\/www.univa.mx\\\/tepic\\\/?s={search_term_string}\"},\"query-input\":{\"@type\":\"PropertyValueSpecification\",\"valueRequired\":true,\"valueName\":\"search_term_string\"}}],\"inLanguage\":\"es\"},{\"@type\":\"Person\",\"@id\":\"https:\\\/\\\/www.univa.mx\\\/tepic\\\/#\\\/schema\\\/person\\\/64d2681f983b949ff6e4ace270236879\",\"name\":\"Comunicaci\u00f3n Sistema UNIVA\",\"url\":\"https:\\\/\\\/www.univa.mx\\\/tepic\\\/author\\\/davidrosas\\\/\"}]}<\/script>\n<!-- \/ Yoast SEO plugin. -->","yoast_head_json":{"title":"Bulgaria - Univa Tepic","robots":{"index":"index","follow":"follow","max-snippet":"max-snippet:-1","max-image-preview":"max-image-preview:large","max-video-preview":"max-video-preview:-1"},"canonical":"https:\/\/www.univa.mx\/tepic\/bulgaria\/","og_locale":"es_ES","og_type":"article","og_title":"Bulgaria - Univa Tepic","og_description":"Hugo Aceves Mar\u00edn \u2022 Profesor de idiomas en l\u00ednea &nbsp; Mi primera vez en Bulgaria se remonta al a\u00f1o 2009. Era mi primer viaje de mochila por Europa del Este...","og_url":"https:\/\/www.univa.mx\/tepic\/bulgaria\/","og_site_name":"Univa Tepic","article_published_time":"2021-10-01T12:55:03+00:00","article_modified_time":"2021-10-01T12:55:59+00:00","og_image":[{"url":"https:\/\/www.univa.mx\/tepic\/wp-content\/uploads\/sites\/11\/2021\/10\/Hugo-Aceves.png","width":1,"height":1,"type":"image\/png"}],"author":"Comunicaci\u00f3n Sistema UNIVA","twitter_card":"summary_large_image","twitter_misc":{"Escrito por":"Comunicaci\u00f3n Sistema UNIVA","Tiempo de lectura":"6 minutos"},"schema":{"@context":"https:\/\/schema.org","@graph":[{"@type":"Article","@id":"https:\/\/www.univa.mx\/tepic\/bulgaria\/#article","isPartOf":{"@id":"https:\/\/www.univa.mx\/tepic\/bulgaria\/"},"author":{"name":"Comunicaci\u00f3n Sistema UNIVA","@id":"https:\/\/www.univa.mx\/tepic\/#\/schema\/person\/64d2681f983b949ff6e4ace270236879"},"headline":"Bulgaria","datePublished":"2021-10-01T12:55:03+00:00","dateModified":"2021-10-01T12:55:59+00:00","mainEntityOfPage":{"@id":"https:\/\/www.univa.mx\/tepic\/bulgaria\/"},"wordCount":1192,"commentCount":0,"image":{"@id":"https:\/\/www.univa.mx\/tepic\/bulgaria\/#primaryimage"},"thumbnailUrl":"https:\/\/www.univa.mx\/tepic\/wp-content\/uploads\/sites\/11\/2021\/10\/Hugo-Aceves.png","articleSection":["Voces UNIVA"],"inLanguage":"es","potentialAction":[{"@type":"CommentAction","name":"Comment","target":["https:\/\/www.univa.mx\/tepic\/bulgaria\/#respond"]}]},{"@type":"WebPage","@id":"https:\/\/www.univa.mx\/tepic\/bulgaria\/","url":"https:\/\/www.univa.mx\/tepic\/bulgaria\/","name":"Bulgaria - Univa Tepic","isPartOf":{"@id":"https:\/\/www.univa.mx\/tepic\/#website"},"primaryImageOfPage":{"@id":"https:\/\/www.univa.mx\/tepic\/bulgaria\/#primaryimage"},"image":{"@id":"https:\/\/www.univa.mx\/tepic\/bulgaria\/#primaryimage"},"thumbnailUrl":"https:\/\/www.univa.mx\/tepic\/wp-content\/uploads\/sites\/11\/2021\/10\/Hugo-Aceves.png","datePublished":"2021-10-01T12:55:03+00:00","dateModified":"2021-10-01T12:55:59+00:00","author":{"@id":"https:\/\/www.univa.mx\/tepic\/#\/schema\/person\/64d2681f983b949ff6e4ace270236879"},"breadcrumb":{"@id":"https:\/\/www.univa.mx\/tepic\/bulgaria\/#breadcrumb"},"inLanguage":"es","potentialAction":[{"@type":"ReadAction","target":["https:\/\/www.univa.mx\/tepic\/bulgaria\/"]}]},{"@type":"ImageObject","inLanguage":"es","@id":"https:\/\/www.univa.mx\/tepic\/bulgaria\/#primaryimage","url":"https:\/\/www.univa.mx\/tepic\/wp-content\/uploads\/sites\/11\/2021\/10\/Hugo-Aceves.png","contentUrl":"https:\/\/www.univa.mx\/tepic\/wp-content\/uploads\/sites\/11\/2021\/10\/Hugo-Aceves.png"},{"@type":"BreadcrumbList","@id":"https:\/\/www.univa.mx\/tepic\/bulgaria\/#breadcrumb","itemListElement":[{"@type":"ListItem","position":1,"name":"Portada","item":"https:\/\/www.univa.mx\/tepic\/"},{"@type":"ListItem","position":2,"name":"Bulgaria"}]},{"@type":"WebSite","@id":"https:\/\/www.univa.mx\/tepic\/#website","url":"https:\/\/www.univa.mx\/tepic\/","name":"Univa Tepic","description":"La Universidad Cat\u00f3lica","potentialAction":[{"@type":"SearchAction","target":{"@type":"EntryPoint","urlTemplate":"https:\/\/www.univa.mx\/tepic\/?s={search_term_string}"},"query-input":{"@type":"PropertyValueSpecification","valueRequired":true,"valueName":"search_term_string"}}],"inLanguage":"es"},{"@type":"Person","@id":"https:\/\/www.univa.mx\/tepic\/#\/schema\/person\/64d2681f983b949ff6e4ace270236879","name":"Comunicaci\u00f3n Sistema UNIVA","url":"https:\/\/www.univa.mx\/tepic\/author\/davidrosas\/"}]}},"_links":{"self":[{"href":"https:\/\/www.univa.mx\/tepic\/wp-json\/wp\/v2\/posts\/2670","targetHints":{"allow":["GET"]}}],"collection":[{"href":"https:\/\/www.univa.mx\/tepic\/wp-json\/wp\/v2\/posts"}],"about":[{"href":"https:\/\/www.univa.mx\/tepic\/wp-json\/wp\/v2\/types\/post"}],"author":[{"embeddable":true,"href":"https:\/\/www.univa.mx\/tepic\/wp-json\/wp\/v2\/users\/2"}],"replies":[{"embeddable":true,"href":"https:\/\/www.univa.mx\/tepic\/wp-json\/wp\/v2\/comments?post=2670"}],"version-history":[{"count":1,"href":"https:\/\/www.univa.mx\/tepic\/wp-json\/wp\/v2\/posts\/2670\/revisions"}],"predecessor-version":[{"id":2673,"href":"https:\/\/www.univa.mx\/tepic\/wp-json\/wp\/v2\/posts\/2670\/revisions\/2673"}],"wp:featuredmedia":[{"embeddable":true,"href":"https:\/\/www.univa.mx\/tepic\/wp-json\/wp\/v2\/media\/2671"}],"wp:attachment":[{"href":"https:\/\/www.univa.mx\/tepic\/wp-json\/wp\/v2\/media?parent=2670"}],"wp:term":[{"taxonomy":"category","embeddable":true,"href":"https:\/\/www.univa.mx\/tepic\/wp-json\/wp\/v2\/categories?post=2670"},{"taxonomy":"post_tag","embeddable":true,"href":"https:\/\/www.univa.mx\/tepic\/wp-json\/wp\/v2\/tags?post=2670"}],"curies":[{"name":"wp","href":"https:\/\/api.w.org\/{rel}","templated":true}]}}