{"id":2640,"date":"2020-11-30T17:02:24","date_gmt":"2020-11-30T23:02:24","guid":{"rendered":"https:\/\/www.univa.mx\/queretaro\/un-pais-respetable\/"},"modified":"2020-11-30T17:04:40","modified_gmt":"2020-11-30T23:04:40","slug":"un-pais-respetable","status":"publish","type":"post","link":"https:\/\/www.univa.mx\/queretaro\/un-pais-respetable\/","title":{"rendered":"Un pa\u00eds respetable"},"content":{"rendered":"<p><strong><em>Pbro. Lic. Armando Gonz\u00e1lez Escoto \u2022\u00a0Director de Publicaciones del Sistema UNIVA<\/em><\/strong><\/p>\n<p>&nbsp;<\/p>\n<p>Una cosa son los derechos y otra muy distinta es el respeto. Todos nacemos con derechos, pero el respeto es algo que se gana.<\/p>\n<p>A un pa\u00eds se le puede admirar por sus grandes logros o temer por su poder\u00edo econ\u00f3mico y militar, pero el respeto depende del tipo de sociedad que ha producido.<\/p>\n<p>En las sociedades premodernas el respeto se adquir\u00eda en la medida que sus habitantes se adecuaban a los principios y valores que ostentaban como parte de su identidad, principios fundamentalmente de origen religioso; muchos de estos principios pasaron a las sociedades modernas en versi\u00f3n secularizada, as\u00ed: la veracidad, la honradez, la honestidad, y el esp\u00edritu de justicia, a\u00f1adiendo otros nuevos como ser\u00edan los valores de la democracia: libertad, igualdad, racionalidad emp\u00edrica. Despu\u00e9s se incorporar\u00e1 la solidaridad, las normas c\u00edvicas, el respeto a la sana convivencia, etc.<\/p>\n<p>Principios y normas entran en juego cuando la sociedad debe resolver sus conflictos o contradicciones internas, pero tambi\u00e9n a la hora de dar forma y mantenimiento a sus instituciones, en la confiabilidad de sus empresas y sus productos, en la calidad de sus sistemas educativos, en el valor real de sus credenciales, certificados y documentos, en el grado de control que ejerce sobre las conductas disruptivas, por ejemplo, la delincuencia o la corrupci\u00f3n.<\/p>\n<p>Si nos atenemos a este conjunto de elementos, es inevitable admitir que M\u00e9xico no es todav\u00eda un pa\u00eds que merezca respeto, nos pueden admirar por nuestro pasado, incluso por nuestra capacidad de sobrevivir en una sociedad tan distorsionada, pero el respeto s\u00f3lo se alcanza cuando la sociedad es capaz de modificar sustancialmente su disfunci\u00f3n interna.<\/p>\n<p>No somos una sociedad respetable, entre otras cosas, porque no somos una sociedad confiable, las potencias extranjeras conocen muy bien nuestro alto grado de corruptibilidad, y las sociedades de esos pa\u00edses saben que no siempre podemos respaldar con los hechos los t\u00edtulos o reconocimientos que ostentamos, ya que en nuestro pa\u00eds pesa m\u00e1s la recomendaci\u00f3n que el m\u00e9rito, el soborno que el examen. Saben que no somos s\u00f3lo v\u00edctimas de gobiernos ineptos o corruptos, sino tambi\u00e9n c\u00f3mplices y beneficiarios.<\/p>\n<p>Una sociedad que todo lo \u201carregla\u201d o todo lo \u201caltera\u201d en funci\u00f3n del dinero o de las influencias, no es digna de cr\u00e9dito, ni puede realmente progresar en el campo del conocimiento, la productividad y el ingenio. Por eso la Universidad de Guadalajara puede presumir el n\u00famero de \u201cPremios Nobel\u201d que ha invitado a su Feria del Libro, pero no el n\u00famero de Premios Nobel que ha producido, porque para obtener esos reconocimientos se necesita mucho m\u00e1s que poder, dinero o recomendaciones.<\/p>\n<p>Hacer de M\u00e9xico un pa\u00eds respetable no figura por cierto en las agendas de nuestros partidos y pol\u00edticos, tampoco sus informes anuales nos hablan del grado de respetabilidad que hemos alcanzado, situaci\u00f3n explicable ya que para que la sociedad mexicana se volviese respetable tendr\u00eda que, en primer lugar, desarticular a la clase pol\u00edtica y a su sistema, sustituy\u00e9ndola por una aut\u00e9ntica sociedad democr\u00e1tica y participativa; todav\u00eda estamos lejos de este logro, tan lejos que los pol\u00edticos no puede ni siquiera entender de qu\u00e9 se trata.<\/p>\n<p>&nbsp;<\/p>\n<p>Publicado en\u00a0<em>El Informador<\/em> del domingo 29 de noviembre de 2020<\/p>\n","protected":false},"excerpt":{"rendered":"<p>Pbro. Lic. Armando Gonz\u00e1lez Escoto \u2022\u00a0Director de Publicaciones del Sistema UNIVA &nbsp; Una cosa son los derechos y otra muy distinta es el respeto. Todos nacemos con derechos, pero el&#8230;<\/p>\n","protected":false},"author":2,"featured_media":1129,"comment_status":"open","ping_status":"open","sticky":false,"template":"","format":"standard","meta":{"footnotes":""},"categories":[8,6],"tags":[],"class_list":{"0":"post-2640","1":"post","2":"type-post","3":"status-publish","4":"format-standard","5":"has-post-thumbnail","7":"category-lideres-de-opinion","8":"category-voces-univa"},"yoast_head":"<!-- This site is optimized with the Yoast SEO plugin v26.6 - https:\/\/yoast.com\/wordpress\/plugins\/seo\/ -->\n<title>Un pa\u00eds respetable - Quer\u00e9taro<\/title>\n<meta name=\"robots\" content=\"index, follow, max-snippet:-1, max-image-preview:large, max-video-preview:-1\" \/>\n<link rel=\"canonical\" href=\"https:\/\/www.univa.mx\/queretaro\/un-pais-respetable\/\" \/>\n<meta property=\"og:locale\" content=\"es_ES\" \/>\n<meta property=\"og:type\" content=\"article\" \/>\n<meta property=\"og:title\" content=\"Un pa\u00eds respetable - Quer\u00e9taro\" \/>\n<meta property=\"og:description\" content=\"Pbro. Lic. Armando Gonz\u00e1lez Escoto \u2022\u00a0Director de Publicaciones del Sistema UNIVA &nbsp; Una cosa son los derechos y otra muy distinta es el respeto. Todos nacemos con derechos, pero el...\" \/>\n<meta property=\"og:url\" content=\"https:\/\/www.univa.mx\/queretaro\/un-pais-respetable\/\" \/>\n<meta property=\"og:site_name\" content=\"Quer\u00e9taro\" \/>\n<meta property=\"article:published_time\" content=\"2020-11-30T23:02:24+00:00\" \/>\n<meta property=\"article:modified_time\" content=\"2020-11-30T23:04:40+00:00\" \/>\n<meta property=\"og:image\" content=\"https:\/\/www.univa.mx\/queretaro\/wp-content\/uploads\/sites\/6\/2019\/12\/UNIVA-Armando-Gonza\u0301lez-Escoto.jpg\" \/>\n\t<meta property=\"og:image:width\" content=\"1\" \/>\n\t<meta property=\"og:image:height\" content=\"1\" \/>\n\t<meta property=\"og:image:type\" content=\"image\/jpeg\" \/>\n<meta name=\"author\" content=\"Comunicaci\u00f3n Sistema UNIVA\" \/>\n<meta name=\"twitter:card\" content=\"summary_large_image\" \/>\n<meta name=\"twitter:label1\" content=\"Escrito por\" \/>\n\t<meta name=\"twitter:data1\" content=\"Comunicaci\u00f3n Sistema UNIVA\" \/>\n\t<meta name=\"twitter:label2\" content=\"Tiempo de lectura\" \/>\n\t<meta name=\"twitter:data2\" content=\"3 minutos\" \/>\n<script type=\"application\/ld+json\" class=\"yoast-schema-graph\">{\"@context\":\"https:\/\/schema.org\",\"@graph\":[{\"@type\":\"WebPage\",\"@id\":\"https:\/\/www.univa.mx\/queretaro\/un-pais-respetable\/\",\"url\":\"https:\/\/www.univa.mx\/queretaro\/un-pais-respetable\/\",\"name\":\"Un pa\u00eds respetable - Quer\u00e9taro\",\"isPartOf\":{\"@id\":\"https:\/\/www.univa.mx\/queretaro\/#website\"},\"primaryImageOfPage\":{\"@id\":\"https:\/\/www.univa.mx\/queretaro\/un-pais-respetable\/#primaryimage\"},\"image\":{\"@id\":\"https:\/\/www.univa.mx\/queretaro\/un-pais-respetable\/#primaryimage\"},\"thumbnailUrl\":\"https:\/\/www.univa.mx\/queretaro\/wp-content\/uploads\/sites\/6\/2019\/12\/UNIVA-Armando-Gonza\u0301lez-Escoto.jpg\",\"datePublished\":\"2020-11-30T23:02:24+00:00\",\"dateModified\":\"2020-11-30T23:04:40+00:00\",\"author\":{\"@id\":\"https:\/\/www.univa.mx\/queretaro\/#\/schema\/person\/69c7c7ff4ec76903a1b7038cb8f0b6cd\"},\"breadcrumb\":{\"@id\":\"https:\/\/www.univa.mx\/queretaro\/un-pais-respetable\/#breadcrumb\"},\"inLanguage\":\"es\",\"potentialAction\":[{\"@type\":\"ReadAction\",\"target\":[\"https:\/\/www.univa.mx\/queretaro\/un-pais-respetable\/\"]}]},{\"@type\":\"ImageObject\",\"inLanguage\":\"es\",\"@id\":\"https:\/\/www.univa.mx\/queretaro\/un-pais-respetable\/#primaryimage\",\"url\":\"https:\/\/www.univa.mx\/queretaro\/wp-content\/uploads\/sites\/6\/2019\/12\/UNIVA-Armando-Gonza\u0301lez-Escoto.jpg\",\"contentUrl\":\"https:\/\/www.univa.mx\/queretaro\/wp-content\/uploads\/sites\/6\/2019\/12\/UNIVA-Armando-Gonza\u0301lez-Escoto.jpg\"},{\"@type\":\"BreadcrumbList\",\"@id\":\"https:\/\/www.univa.mx\/queretaro\/un-pais-respetable\/#breadcrumb\",\"itemListElement\":[{\"@type\":\"ListItem\",\"position\":1,\"name\":\"Portada\",\"item\":\"https:\/\/www.univa.mx\/queretaro\/\"},{\"@type\":\"ListItem\",\"position\":2,\"name\":\"Un pa\u00eds respetable\"}]},{\"@type\":\"WebSite\",\"@id\":\"https:\/\/www.univa.mx\/queretaro\/#website\",\"url\":\"https:\/\/www.univa.mx\/queretaro\/\",\"name\":\"Quer\u00e9taro\",\"description\":\"Univa\",\"potentialAction\":[{\"@type\":\"SearchAction\",\"target\":{\"@type\":\"EntryPoint\",\"urlTemplate\":\"https:\/\/www.univa.mx\/queretaro\/?s={search_term_string}\"},\"query-input\":{\"@type\":\"PropertyValueSpecification\",\"valueRequired\":true,\"valueName\":\"search_term_string\"}}],\"inLanguage\":\"es\"},{\"@type\":\"Person\",\"@id\":\"https:\/\/www.univa.mx\/queretaro\/#\/schema\/person\/69c7c7ff4ec76903a1b7038cb8f0b6cd\",\"name\":\"Comunicaci\u00f3n Sistema UNIVA\",\"image\":{\"@type\":\"ImageObject\",\"inLanguage\":\"es\",\"@id\":\"https:\/\/www.univa.mx\/queretaro\/#\/schema\/person\/image\/\",\"url\":\"https:\/\/secure.gravatar.com\/avatar\/e5c70e7a9e29f270de612e0fc3ec80dfe6dcaa543bd068051f89740873db7146?s=96&d=mm&r=g\",\"contentUrl\":\"https:\/\/secure.gravatar.com\/avatar\/e5c70e7a9e29f270de612e0fc3ec80dfe6dcaa543bd068051f89740873db7146?s=96&d=mm&r=g\",\"caption\":\"Comunicaci\u00f3n Sistema UNIVA\"},\"url\":\"https:\/\/www.univa.mx\/queretaro\/author\/davidrosas\/\"}]}<\/script>\n<!-- \/ Yoast SEO plugin. -->","yoast_head_json":{"title":"Un pa\u00eds respetable - Quer\u00e9taro","robots":{"index":"index","follow":"follow","max-snippet":"max-snippet:-1","max-image-preview":"max-image-preview:large","max-video-preview":"max-video-preview:-1"},"canonical":"https:\/\/www.univa.mx\/queretaro\/un-pais-respetable\/","og_locale":"es_ES","og_type":"article","og_title":"Un pa\u00eds respetable - Quer\u00e9taro","og_description":"Pbro. Lic. Armando Gonz\u00e1lez Escoto \u2022\u00a0Director de Publicaciones del Sistema UNIVA &nbsp; Una cosa son los derechos y otra muy distinta es el respeto. Todos nacemos con derechos, pero el...","og_url":"https:\/\/www.univa.mx\/queretaro\/un-pais-respetable\/","og_site_name":"Quer\u00e9taro","article_published_time":"2020-11-30T23:02:24+00:00","article_modified_time":"2020-11-30T23:04:40+00:00","og_image":[{"url":"https:\/\/www.univa.mx\/queretaro\/wp-content\/uploads\/sites\/6\/2019\/12\/UNIVA-Armando-Gonza\u0301lez-Escoto.jpg","width":1,"height":1,"type":"image\/jpeg"}],"author":"Comunicaci\u00f3n Sistema UNIVA","twitter_card":"summary_large_image","twitter_misc":{"Escrito por":"Comunicaci\u00f3n Sistema UNIVA","Tiempo de lectura":"3 minutos"},"schema":{"@context":"https:\/\/schema.org","@graph":[{"@type":"WebPage","@id":"https:\/\/www.univa.mx\/queretaro\/un-pais-respetable\/","url":"https:\/\/www.univa.mx\/queretaro\/un-pais-respetable\/","name":"Un pa\u00eds respetable - Quer\u00e9taro","isPartOf":{"@id":"https:\/\/www.univa.mx\/queretaro\/#website"},"primaryImageOfPage":{"@id":"https:\/\/www.univa.mx\/queretaro\/un-pais-respetable\/#primaryimage"},"image":{"@id":"https:\/\/www.univa.mx\/queretaro\/un-pais-respetable\/#primaryimage"},"thumbnailUrl":"https:\/\/www.univa.mx\/queretaro\/wp-content\/uploads\/sites\/6\/2019\/12\/UNIVA-Armando-Gonza\u0301lez-Escoto.jpg","datePublished":"2020-11-30T23:02:24+00:00","dateModified":"2020-11-30T23:04:40+00:00","author":{"@id":"https:\/\/www.univa.mx\/queretaro\/#\/schema\/person\/69c7c7ff4ec76903a1b7038cb8f0b6cd"},"breadcrumb":{"@id":"https:\/\/www.univa.mx\/queretaro\/un-pais-respetable\/#breadcrumb"},"inLanguage":"es","potentialAction":[{"@type":"ReadAction","target":["https:\/\/www.univa.mx\/queretaro\/un-pais-respetable\/"]}]},{"@type":"ImageObject","inLanguage":"es","@id":"https:\/\/www.univa.mx\/queretaro\/un-pais-respetable\/#primaryimage","url":"https:\/\/www.univa.mx\/queretaro\/wp-content\/uploads\/sites\/6\/2019\/12\/UNIVA-Armando-Gonza\u0301lez-Escoto.jpg","contentUrl":"https:\/\/www.univa.mx\/queretaro\/wp-content\/uploads\/sites\/6\/2019\/12\/UNIVA-Armando-Gonza\u0301lez-Escoto.jpg"},{"@type":"BreadcrumbList","@id":"https:\/\/www.univa.mx\/queretaro\/un-pais-respetable\/#breadcrumb","itemListElement":[{"@type":"ListItem","position":1,"name":"Portada","item":"https:\/\/www.univa.mx\/queretaro\/"},{"@type":"ListItem","position":2,"name":"Un pa\u00eds respetable"}]},{"@type":"WebSite","@id":"https:\/\/www.univa.mx\/queretaro\/#website","url":"https:\/\/www.univa.mx\/queretaro\/","name":"Quer\u00e9taro","description":"Univa","potentialAction":[{"@type":"SearchAction","target":{"@type":"EntryPoint","urlTemplate":"https:\/\/www.univa.mx\/queretaro\/?s={search_term_string}"},"query-input":{"@type":"PropertyValueSpecification","valueRequired":true,"valueName":"search_term_string"}}],"inLanguage":"es"},{"@type":"Person","@id":"https:\/\/www.univa.mx\/queretaro\/#\/schema\/person\/69c7c7ff4ec76903a1b7038cb8f0b6cd","name":"Comunicaci\u00f3n Sistema UNIVA","image":{"@type":"ImageObject","inLanguage":"es","@id":"https:\/\/www.univa.mx\/queretaro\/#\/schema\/person\/image\/","url":"https:\/\/secure.gravatar.com\/avatar\/e5c70e7a9e29f270de612e0fc3ec80dfe6dcaa543bd068051f89740873db7146?s=96&d=mm&r=g","contentUrl":"https:\/\/secure.gravatar.com\/avatar\/e5c70e7a9e29f270de612e0fc3ec80dfe6dcaa543bd068051f89740873db7146?s=96&d=mm&r=g","caption":"Comunicaci\u00f3n Sistema UNIVA"},"url":"https:\/\/www.univa.mx\/queretaro\/author\/davidrosas\/"}]}},"_links":{"self":[{"href":"https:\/\/www.univa.mx\/queretaro\/wp-json\/wp\/v2\/posts\/2640","targetHints":{"allow":["GET"]}}],"collection":[{"href":"https:\/\/www.univa.mx\/queretaro\/wp-json\/wp\/v2\/posts"}],"about":[{"href":"https:\/\/www.univa.mx\/queretaro\/wp-json\/wp\/v2\/types\/post"}],"author":[{"embeddable":true,"href":"https:\/\/www.univa.mx\/queretaro\/wp-json\/wp\/v2\/users\/2"}],"replies":[{"embeddable":true,"href":"https:\/\/www.univa.mx\/queretaro\/wp-json\/wp\/v2\/comments?post=2640"}],"version-history":[{"count":2,"href":"https:\/\/www.univa.mx\/queretaro\/wp-json\/wp\/v2\/posts\/2640\/revisions"}],"predecessor-version":[{"id":2642,"href":"https:\/\/www.univa.mx\/queretaro\/wp-json\/wp\/v2\/posts\/2640\/revisions\/2642"}],"wp:featuredmedia":[{"embeddable":true,"href":"https:\/\/www.univa.mx\/queretaro\/wp-json\/wp\/v2\/media\/1129"}],"wp:attachment":[{"href":"https:\/\/www.univa.mx\/queretaro\/wp-json\/wp\/v2\/media?parent=2640"}],"wp:term":[{"taxonomy":"category","embeddable":true,"href":"https:\/\/www.univa.mx\/queretaro\/wp-json\/wp\/v2\/categories?post=2640"},{"taxonomy":"post_tag","embeddable":true,"href":"https:\/\/www.univa.mx\/queretaro\/wp-json\/wp\/v2\/tags?post=2640"}],"curies":[{"name":"wp","href":"https:\/\/api.w.org\/{rel}","templated":true}]}}