{"id":1515,"date":"2020-03-10T17:01:17","date_gmt":"2020-03-10T23:01:17","guid":{"rendered":"https:\/\/www.univa.mx\/queretaro\/la-importancia-de-los-movimientos-feministas-en-mexico\/"},"modified":"2020-03-10T17:01:30","modified_gmt":"2020-03-10T23:01:30","slug":"la-importancia-de-los-movimientos-feministas-en-mexico","status":"publish","type":"post","link":"https:\/\/www.univa.mx\/queretaro\/la-importancia-de-los-movimientos-feministas-en-mexico\/","title":{"rendered":"La importancia de los movimientos feministas en M\u00e9xico"},"content":{"rendered":"<p><em><strong>Dra. Luc\u00eda Almaraz C\u00e1zarez \u2022 Docente de Ciencias Sociales y Humanidades<\/strong><\/em><\/p>\n<p><strong>\u00a0<\/strong><\/p>\n<p>A trav\u00e9s de la historia, las mujeres hemos luchado por la igualdad y por contar con los mismos derechos que los varones. Es as\u00ed como el primer movimiento de mujeres surge en Europa en la Revoluci\u00f3n francesa en el que se demandaba igualdad, debido a que se cobraba la mitad del salario solo por el hecho de ser mujer. En 1791 surge la Declaraci\u00f3n de los Derechos de la Mujer y de la Ciudadan\u00eda, este es uno los avances hist\u00f3ricos que decretaron la igualdad de derechos y el derecho al voto.<\/p>\n<p>En lo que respecta al movimiento sufragista en Inglaterra de 1913, Emily Davidson se coloca en un circuito de carrera de caballos y muere. Ella, junto con otras compa\u00f1eras del movimiento fue encarcelada en diversas ocasiones por participar en actos violentos, como romper ventanas del parlamento o incendiar buzones de correos y orinar en sedes diplom\u00e1ticas, consciente de que estas acciones no consegu\u00edan resultados tangibles.<\/p>\n<p>La aparici\u00f3n del feminismo como movimiento colectivo, se inici\u00f3 en la ciudad de Nueva York en 1848, en donde se demandaba la igualdad de g\u00e9nero, la no discriminaci\u00f3n y se reclamaba el derecho al voto.<\/p>\n<p>En M\u00e9xico el feminismo se origina a finales del siglo XIX y principios de XX debido a las desventajas sociales que viv\u00edan las mujeres. Es en Yucat\u00e1n donde surge el primer movimiento feminista que buscaba reivindicar temas educativos y sociales.<\/p>\n<p>La tendencia a nivel Latinoam\u00e9rica respecto a movimientos feministas surge en Argentina, Brasil y Chile. Actualmente en M\u00e9xico nos encontramos con diversos movimientos que reflejan el hartazgo social de nosotras las mujeres. Cada cuatro minutos una mujer sufre una violaci\u00f3n, las denuncias por agresiones sexuales a mujeres se incrementaron un 20% en el 2019; en cuanto al acoso se integr\u00f3 el movimiento <em>Me Too,<\/em> el cual logr\u00f3 que las mujeres denunciaran a sus acosadores. Frente a esto, las primeras expresiones fueron brillantina y pintura morada, migrando recientemente al <em>perfomance<\/em> <em>\u201cEl violador eres t\u00fa\u201d<\/em> replicado en varios estados del pa\u00eds.<\/p>\n<p>La importancia del evento <em>Paro Nacional de Mujeres<\/em> de este pasado 9 de marzo, tiene que ver con la ola de violencia que hemos sufrido las mujeres, pero sobre todo con el tratamiento que se le ha dado al tema de la violencia sistem\u00e1tica, feminicidios, desapariciones y delitos sexuales contra las mujeres. El sentimiento de indiferencia por parte de las autoridades de los tres niveles de gobierno, la falta de incapacidad institucional en la atenci\u00f3n a v\u00edctimas mujeres, la violencia generalizada, la corrupci\u00f3n, la impunidad y la ausencia de pol\u00edticas p\u00fablicas integrales dirigidas a las mujeres, nos duele ahora m\u00e1s que nunca, por ello no es menor que hoy tenga tanta relevancia unirnos a este movimiento y visibilizar la importancia de la mujer en los diferentes \u00e1mbitos de la vida social. Nunca nada se ha logrado sin acciones de re-evoluci\u00f3n, sobre todo trat\u00e1ndose de feminismo.<\/p>\n","protected":false},"excerpt":{"rendered":"<p>Dra. Luc\u00eda Almaraz C\u00e1zarez \u2022 Docente de Ciencias Sociales y Humanidades \u00a0 A trav\u00e9s de la historia, las mujeres hemos luchado por la igualdad y por contar con los mismos&#8230;<\/p>\n","protected":false},"author":2,"featured_media":1516,"comment_status":"open","ping_status":"open","sticky":false,"template":"","format":"standard","meta":{"footnotes":""},"categories":[8,6],"tags":[],"class_list":["post-1515","post","type-post","status-publish","format-standard","has-post-thumbnail","category-lideres-de-opinion","category-voces-univa"],"yoast_head":"<!-- This site is optimized with the Yoast SEO plugin v28.0 - https:\/\/yoast.com\/product\/yoast-seo-wordpress\/ -->\n<title>La importancia de los movimientos feministas en M\u00e9xico - Quer\u00e9taro<\/title>\n<meta name=\"robots\" content=\"index, follow, max-snippet:-1, max-image-preview:large, max-video-preview:-1\" \/>\n<link rel=\"canonical\" href=\"https:\/\/www.univa.mx\/queretaro\/la-importancia-de-los-movimientos-feministas-en-mexico\/\" \/>\n<meta property=\"og:locale\" content=\"es_ES\" \/>\n<meta property=\"og:type\" content=\"article\" \/>\n<meta property=\"og:title\" content=\"La importancia de los movimientos feministas en M\u00e9xico - Quer\u00e9taro\" \/>\n<meta property=\"og:description\" content=\"Dra. Luc\u00eda Almaraz C\u00e1zarez \u2022 Docente de Ciencias Sociales y Humanidades \u00a0 A trav\u00e9s de la historia, las mujeres hemos luchado por la igualdad y por contar con los mismos...\" \/>\n<meta property=\"og:url\" content=\"https:\/\/www.univa.mx\/queretaro\/la-importancia-de-los-movimientos-feministas-en-mexico\/\" \/>\n<meta property=\"og:site_name\" content=\"Quer\u00e9taro\" \/>\n<meta property=\"article:published_time\" content=\"2020-03-10T23:01:17+00:00\" \/>\n<meta property=\"article:modified_time\" content=\"2020-03-10T23:01:30+00:00\" \/>\n<meta property=\"og:image\" content=\"https:\/\/www.univa.mx\/queretaro\/wp-content\/uploads\/sites\/6\/2020\/03\/UNIVA-Luci\u0301a-Almaraz-Ca\u0301zarez_2.jpg\" \/>\n\t<meta property=\"og:image:width\" content=\"1280\" \/>\n\t<meta property=\"og:image:height\" content=\"720\" \/>\n\t<meta property=\"og:image:type\" content=\"image\/jpeg\" \/>\n<meta name=\"author\" content=\"Comunicaci\u00f3n Sistema UNIVA\" \/>\n<meta name=\"twitter:card\" content=\"summary_large_image\" \/>\n<meta name=\"twitter:label1\" content=\"Escrito por\" \/>\n\t<meta name=\"twitter:data1\" content=\"Comunicaci\u00f3n Sistema UNIVA\" \/>\n\t<meta name=\"twitter:label2\" content=\"Tiempo de lectura\" \/>\n\t<meta name=\"twitter:data2\" content=\"3 minutos\" \/>\n<script type=\"application\/ld+json\" class=\"yoast-schema-graph\">{\"@context\":\"https:\\\/\\\/schema.org\",\"@graph\":[{\"@type\":\"Article\",\"@id\":\"https:\\\/\\\/www.univa.mx\\\/queretaro\\\/la-importancia-de-los-movimientos-feministas-en-mexico\\\/#article\",\"isPartOf\":{\"@id\":\"https:\\\/\\\/www.univa.mx\\\/queretaro\\\/la-importancia-de-los-movimientos-feministas-en-mexico\\\/\"},\"author\":{\"name\":\"Comunicaci\u00f3n Sistema UNIVA\",\"@id\":\"https:\\\/\\\/www.univa.mx\\\/queretaro\\\/#\\\/schema\\\/person\\\/64d2681f983b949ff6e4ace270236879\"},\"headline\":\"La importancia de los movimientos feministas en M\u00e9xico\",\"datePublished\":\"2020-03-10T23:01:17+00:00\",\"dateModified\":\"2020-03-10T23:01:30+00:00\",\"mainEntityOfPage\":{\"@id\":\"https:\\\/\\\/www.univa.mx\\\/queretaro\\\/la-importancia-de-los-movimientos-feministas-en-mexico\\\/\"},\"wordCount\":517,\"commentCount\":0,\"image\":{\"@id\":\"https:\\\/\\\/www.univa.mx\\\/queretaro\\\/la-importancia-de-los-movimientos-feministas-en-mexico\\\/#primaryimage\"},\"thumbnailUrl\":\"https:\\\/\\\/www.univa.mx\\\/queretaro\\\/wp-content\\\/uploads\\\/sites\\\/6\\\/2020\\\/03\\\/UNIVA-Luci\u0301a-Almaraz-Ca\u0301zarez_2.jpg\",\"articleSection\":[\"L\u00edderes de Opini\u00f3n\",\"Voces UNIVA\"],\"inLanguage\":\"es\",\"potentialAction\":[{\"@type\":\"CommentAction\",\"name\":\"Comment\",\"target\":[\"https:\\\/\\\/www.univa.mx\\\/queretaro\\\/la-importancia-de-los-movimientos-feministas-en-mexico\\\/#respond\"]}]},{\"@type\":\"WebPage\",\"@id\":\"https:\\\/\\\/www.univa.mx\\\/queretaro\\\/la-importancia-de-los-movimientos-feministas-en-mexico\\\/\",\"url\":\"https:\\\/\\\/www.univa.mx\\\/queretaro\\\/la-importancia-de-los-movimientos-feministas-en-mexico\\\/\",\"name\":\"La importancia de los movimientos feministas en M\u00e9xico - Quer\u00e9taro\",\"isPartOf\":{\"@id\":\"https:\\\/\\\/www.univa.mx\\\/queretaro\\\/#website\"},\"primaryImageOfPage\":{\"@id\":\"https:\\\/\\\/www.univa.mx\\\/queretaro\\\/la-importancia-de-los-movimientos-feministas-en-mexico\\\/#primaryimage\"},\"image\":{\"@id\":\"https:\\\/\\\/www.univa.mx\\\/queretaro\\\/la-importancia-de-los-movimientos-feministas-en-mexico\\\/#primaryimage\"},\"thumbnailUrl\":\"https:\\\/\\\/www.univa.mx\\\/queretaro\\\/wp-content\\\/uploads\\\/sites\\\/6\\\/2020\\\/03\\\/UNIVA-Luci\u0301a-Almaraz-Ca\u0301zarez_2.jpg\",\"datePublished\":\"2020-03-10T23:01:17+00:00\",\"dateModified\":\"2020-03-10T23:01:30+00:00\",\"author\":{\"@id\":\"https:\\\/\\\/www.univa.mx\\\/queretaro\\\/#\\\/schema\\\/person\\\/64d2681f983b949ff6e4ace270236879\"},\"breadcrumb\":{\"@id\":\"https:\\\/\\\/www.univa.mx\\\/queretaro\\\/la-importancia-de-los-movimientos-feministas-en-mexico\\\/#breadcrumb\"},\"inLanguage\":\"es\",\"potentialAction\":[{\"@type\":\"ReadAction\",\"target\":[\"https:\\\/\\\/www.univa.mx\\\/queretaro\\\/la-importancia-de-los-movimientos-feministas-en-mexico\\\/\"]}]},{\"@type\":\"ImageObject\",\"inLanguage\":\"es\",\"@id\":\"https:\\\/\\\/www.univa.mx\\\/queretaro\\\/la-importancia-de-los-movimientos-feministas-en-mexico\\\/#primaryimage\",\"url\":\"https:\\\/\\\/www.univa.mx\\\/queretaro\\\/wp-content\\\/uploads\\\/sites\\\/6\\\/2020\\\/03\\\/UNIVA-Luci\u0301a-Almaraz-Ca\u0301zarez_2.jpg\",\"contentUrl\":\"https:\\\/\\\/www.univa.mx\\\/queretaro\\\/wp-content\\\/uploads\\\/sites\\\/6\\\/2020\\\/03\\\/UNIVA-Luci\u0301a-Almaraz-Ca\u0301zarez_2.jpg\",\"width\":1280,\"height\":720},{\"@type\":\"BreadcrumbList\",\"@id\":\"https:\\\/\\\/www.univa.mx\\\/queretaro\\\/la-importancia-de-los-movimientos-feministas-en-mexico\\\/#breadcrumb\",\"itemListElement\":[{\"@type\":\"ListItem\",\"position\":1,\"name\":\"Portada\",\"item\":\"https:\\\/\\\/www.univa.mx\\\/queretaro\\\/\"},{\"@type\":\"ListItem\",\"position\":2,\"name\":\"La importancia de los movimientos feministas en M\u00e9xico\"}]},{\"@type\":\"WebSite\",\"@id\":\"https:\\\/\\\/www.univa.mx\\\/queretaro\\\/#website\",\"url\":\"https:\\\/\\\/www.univa.mx\\\/queretaro\\\/\",\"name\":\"Quer\u00e9taro\",\"description\":\"Univa\",\"potentialAction\":[{\"@type\":\"SearchAction\",\"target\":{\"@type\":\"EntryPoint\",\"urlTemplate\":\"https:\\\/\\\/www.univa.mx\\\/queretaro\\\/?s={search_term_string}\"},\"query-input\":{\"@type\":\"PropertyValueSpecification\",\"valueRequired\":true,\"valueName\":\"search_term_string\"}}],\"inLanguage\":\"es\"},{\"@type\":\"Person\",\"@id\":\"https:\\\/\\\/www.univa.mx\\\/queretaro\\\/#\\\/schema\\\/person\\\/64d2681f983b949ff6e4ace270236879\",\"name\":\"Comunicaci\u00f3n Sistema UNIVA\",\"image\":{\"@type\":\"ImageObject\",\"inLanguage\":\"es\",\"@id\":\"https:\\\/\\\/secure.gravatar.com\\\/avatar\\\/e5c70e7a9e29f270de612e0fc3ec80dfe6dcaa543bd068051f89740873db7146?s=96&d=mm&r=g\",\"url\":\"https:\\\/\\\/secure.gravatar.com\\\/avatar\\\/e5c70e7a9e29f270de612e0fc3ec80dfe6dcaa543bd068051f89740873db7146?s=96&d=mm&r=g\",\"contentUrl\":\"https:\\\/\\\/secure.gravatar.com\\\/avatar\\\/e5c70e7a9e29f270de612e0fc3ec80dfe6dcaa543bd068051f89740873db7146?s=96&d=mm&r=g\",\"caption\":\"Comunicaci\u00f3n Sistema UNIVA\"},\"url\":\"https:\\\/\\\/www.univa.mx\\\/queretaro\\\/author\\\/davidrosas\\\/\"}]}<\/script>\n<!-- \/ Yoast SEO plugin. -->","yoast_head_json":{"title":"La importancia de los movimientos feministas en M\u00e9xico - Quer\u00e9taro","robots":{"index":"index","follow":"follow","max-snippet":"max-snippet:-1","max-image-preview":"max-image-preview:large","max-video-preview":"max-video-preview:-1"},"canonical":"https:\/\/www.univa.mx\/queretaro\/la-importancia-de-los-movimientos-feministas-en-mexico\/","og_locale":"es_ES","og_type":"article","og_title":"La importancia de los movimientos feministas en M\u00e9xico - Quer\u00e9taro","og_description":"Dra. Luc\u00eda Almaraz C\u00e1zarez \u2022 Docente de Ciencias Sociales y Humanidades \u00a0 A trav\u00e9s de la historia, las mujeres hemos luchado por la igualdad y por contar con los mismos...","og_url":"https:\/\/www.univa.mx\/queretaro\/la-importancia-de-los-movimientos-feministas-en-mexico\/","og_site_name":"Quer\u00e9taro","article_published_time":"2020-03-10T23:01:17+00:00","article_modified_time":"2020-03-10T23:01:30+00:00","og_image":[{"width":1280,"height":720,"url":"https:\/\/www.univa.mx\/queretaro\/wp-content\/uploads\/sites\/6\/2020\/03\/UNIVA-Luci\u0301a-Almaraz-Ca\u0301zarez_2.jpg","type":"image\/jpeg"}],"author":"Comunicaci\u00f3n Sistema UNIVA","twitter_card":"summary_large_image","twitter_misc":{"Escrito por":"Comunicaci\u00f3n Sistema UNIVA","Tiempo de lectura":"3 minutos"},"schema":{"@context":"https:\/\/schema.org","@graph":[{"@type":"Article","@id":"https:\/\/www.univa.mx\/queretaro\/la-importancia-de-los-movimientos-feministas-en-mexico\/#article","isPartOf":{"@id":"https:\/\/www.univa.mx\/queretaro\/la-importancia-de-los-movimientos-feministas-en-mexico\/"},"author":{"name":"Comunicaci\u00f3n Sistema UNIVA","@id":"https:\/\/www.univa.mx\/queretaro\/#\/schema\/person\/64d2681f983b949ff6e4ace270236879"},"headline":"La importancia de los movimientos feministas en M\u00e9xico","datePublished":"2020-03-10T23:01:17+00:00","dateModified":"2020-03-10T23:01:30+00:00","mainEntityOfPage":{"@id":"https:\/\/www.univa.mx\/queretaro\/la-importancia-de-los-movimientos-feministas-en-mexico\/"},"wordCount":517,"commentCount":0,"image":{"@id":"https:\/\/www.univa.mx\/queretaro\/la-importancia-de-los-movimientos-feministas-en-mexico\/#primaryimage"},"thumbnailUrl":"https:\/\/www.univa.mx\/queretaro\/wp-content\/uploads\/sites\/6\/2020\/03\/UNIVA-Luci\u0301a-Almaraz-Ca\u0301zarez_2.jpg","articleSection":["L\u00edderes de Opini\u00f3n","Voces UNIVA"],"inLanguage":"es","potentialAction":[{"@type":"CommentAction","name":"Comment","target":["https:\/\/www.univa.mx\/queretaro\/la-importancia-de-los-movimientos-feministas-en-mexico\/#respond"]}]},{"@type":"WebPage","@id":"https:\/\/www.univa.mx\/queretaro\/la-importancia-de-los-movimientos-feministas-en-mexico\/","url":"https:\/\/www.univa.mx\/queretaro\/la-importancia-de-los-movimientos-feministas-en-mexico\/","name":"La importancia de los movimientos feministas en M\u00e9xico - Quer\u00e9taro","isPartOf":{"@id":"https:\/\/www.univa.mx\/queretaro\/#website"},"primaryImageOfPage":{"@id":"https:\/\/www.univa.mx\/queretaro\/la-importancia-de-los-movimientos-feministas-en-mexico\/#primaryimage"},"image":{"@id":"https:\/\/www.univa.mx\/queretaro\/la-importancia-de-los-movimientos-feministas-en-mexico\/#primaryimage"},"thumbnailUrl":"https:\/\/www.univa.mx\/queretaro\/wp-content\/uploads\/sites\/6\/2020\/03\/UNIVA-Luci\u0301a-Almaraz-Ca\u0301zarez_2.jpg","datePublished":"2020-03-10T23:01:17+00:00","dateModified":"2020-03-10T23:01:30+00:00","author":{"@id":"https:\/\/www.univa.mx\/queretaro\/#\/schema\/person\/64d2681f983b949ff6e4ace270236879"},"breadcrumb":{"@id":"https:\/\/www.univa.mx\/queretaro\/la-importancia-de-los-movimientos-feministas-en-mexico\/#breadcrumb"},"inLanguage":"es","potentialAction":[{"@type":"ReadAction","target":["https:\/\/www.univa.mx\/queretaro\/la-importancia-de-los-movimientos-feministas-en-mexico\/"]}]},{"@type":"ImageObject","inLanguage":"es","@id":"https:\/\/www.univa.mx\/queretaro\/la-importancia-de-los-movimientos-feministas-en-mexico\/#primaryimage","url":"https:\/\/www.univa.mx\/queretaro\/wp-content\/uploads\/sites\/6\/2020\/03\/UNIVA-Luci\u0301a-Almaraz-Ca\u0301zarez_2.jpg","contentUrl":"https:\/\/www.univa.mx\/queretaro\/wp-content\/uploads\/sites\/6\/2020\/03\/UNIVA-Luci\u0301a-Almaraz-Ca\u0301zarez_2.jpg","width":1280,"height":720},{"@type":"BreadcrumbList","@id":"https:\/\/www.univa.mx\/queretaro\/la-importancia-de-los-movimientos-feministas-en-mexico\/#breadcrumb","itemListElement":[{"@type":"ListItem","position":1,"name":"Portada","item":"https:\/\/www.univa.mx\/queretaro\/"},{"@type":"ListItem","position":2,"name":"La importancia de los movimientos feministas en M\u00e9xico"}]},{"@type":"WebSite","@id":"https:\/\/www.univa.mx\/queretaro\/#website","url":"https:\/\/www.univa.mx\/queretaro\/","name":"Quer\u00e9taro","description":"Univa","potentialAction":[{"@type":"SearchAction","target":{"@type":"EntryPoint","urlTemplate":"https:\/\/www.univa.mx\/queretaro\/?s={search_term_string}"},"query-input":{"@type":"PropertyValueSpecification","valueRequired":true,"valueName":"search_term_string"}}],"inLanguage":"es"},{"@type":"Person","@id":"https:\/\/www.univa.mx\/queretaro\/#\/schema\/person\/64d2681f983b949ff6e4ace270236879","name":"Comunicaci\u00f3n Sistema UNIVA","image":{"@type":"ImageObject","inLanguage":"es","@id":"https:\/\/secure.gravatar.com\/avatar\/e5c70e7a9e29f270de612e0fc3ec80dfe6dcaa543bd068051f89740873db7146?s=96&d=mm&r=g","url":"https:\/\/secure.gravatar.com\/avatar\/e5c70e7a9e29f270de612e0fc3ec80dfe6dcaa543bd068051f89740873db7146?s=96&d=mm&r=g","contentUrl":"https:\/\/secure.gravatar.com\/avatar\/e5c70e7a9e29f270de612e0fc3ec80dfe6dcaa543bd068051f89740873db7146?s=96&d=mm&r=g","caption":"Comunicaci\u00f3n Sistema UNIVA"},"url":"https:\/\/www.univa.mx\/queretaro\/author\/davidrosas\/"}]}},"_links":{"self":[{"href":"https:\/\/www.univa.mx\/queretaro\/wp-json\/wp\/v2\/posts\/1515","targetHints":{"allow":["GET"]}}],"collection":[{"href":"https:\/\/www.univa.mx\/queretaro\/wp-json\/wp\/v2\/posts"}],"about":[{"href":"https:\/\/www.univa.mx\/queretaro\/wp-json\/wp\/v2\/types\/post"}],"author":[{"embeddable":true,"href":"https:\/\/www.univa.mx\/queretaro\/wp-json\/wp\/v2\/users\/2"}],"replies":[{"embeddable":true,"href":"https:\/\/www.univa.mx\/queretaro\/wp-json\/wp\/v2\/comments?post=1515"}],"version-history":[{"count":1,"href":"https:\/\/www.univa.mx\/queretaro\/wp-json\/wp\/v2\/posts\/1515\/revisions"}],"predecessor-version":[{"id":1517,"href":"https:\/\/www.univa.mx\/queretaro\/wp-json\/wp\/v2\/posts\/1515\/revisions\/1517"}],"wp:featuredmedia":[{"embeddable":true,"href":"https:\/\/www.univa.mx\/queretaro\/wp-json\/wp\/v2\/media\/1516"}],"wp:attachment":[{"href":"https:\/\/www.univa.mx\/queretaro\/wp-json\/wp\/v2\/media?parent=1515"}],"wp:term":[{"taxonomy":"category","embeddable":true,"href":"https:\/\/www.univa.mx\/queretaro\/wp-json\/wp\/v2\/categories?post=1515"},{"taxonomy":"post_tag","embeddable":true,"href":"https:\/\/www.univa.mx\/queretaro\/wp-json\/wp\/v2\/tags?post=1515"}],"curies":[{"name":"wp","href":"https:\/\/api.w.org\/{rel}","templated":true}]}}