{"id":1246,"date":"2020-01-23T17:14:50","date_gmt":"2020-01-23T23:14:50","guid":{"rendered":"https:\/\/www.univa.mx\/queretaro\/el-irlandes-y-el-olvido\/"},"modified":"2020-01-29T09:45:12","modified_gmt":"2020-01-29T15:45:12","slug":"el-irlandes-y-el-olvido","status":"publish","type":"post","link":"https:\/\/www.univa.mx\/queretaro\/el-irlandes-y-el-olvido\/","title":{"rendered":"El Irland\u00e9s y el olvido"},"content":{"rendered":"<p><em><strong>Mtro. Miguel Camarena Agudo, Encargado de Correcci\u00f3n y Estilo UNIVA<\/strong><\/em><\/p>\n<p>&nbsp;<\/p>\n<p>Un hombre viejo y en silla de ruedas mira fotos en color sepia. Una enfermera est\u00e1 en la misma habitaci\u00f3n. \u00c9l la llama y le muestra una foto donde aparece una ni\u00f1a junto a un hombre en un parque, ambos lucen felices. El viejo de la silla de ruedas le pregunta a la enfermera por la identidad del hombre que acompa\u00f1a a la ni\u00f1a. Ella le responde negativamente. No lo conoce. Ese hombre, el de la foto, es Jimmy Hoffa.<\/p>\n<p>\u00bfQu\u00e9 es a lo que m\u00e1s le teme un hombre?<\/p>\n<p>Los estoicos dec\u00edan que era una p\u00e9rdida de tiempo divagar sobre esos vericuetos, pensar en las calamidades del futuro; porque cuando estas cosas sucedan estaremos extra\u00f1ando ese tiempo que pudimos haber invertido en algo mejor o muertos quiz\u00e1 no habr\u00e1 tiempo para perder el tiempo pensando en nuestro hecatombe personal. De cualquier manera, a veces el simple hecho de estar vivos es una p\u00e9rdida de tiempo y no encuentro por qu\u00e9 no podamos hacerlo. Siempre existir\u00e1n peores formas de perder el tiempo.<\/p>\n<p>Hay una diversidad de situaciones que pueden hacer palidecer a cualquiera con el s\u00f3lo hecho de pensarlas: la muerte, la enfermedad, el abandono, la ausencia, la soledad, el olvido. Todas indeseables en todo sentido desde cualquier perspectiva. En el \u00faltimo filme de Martin Scorsese podemos encontrar esos miedos y padecimientos humanos. El Irland\u00e9s es una pel\u00edcula, basada en la novela <em>I heard you paint houses<\/em> de Charles Brandt, que logr\u00f3 juntar tres de los m\u00e1s emblem\u00e1ticos actores del cine de gansters, Al Pacino, Robert De Niro y Joe Pesci. Pero m\u00e1s all\u00e1 de hablar sobre las actuaciones, producci\u00f3n, efectos especiales u otras situaciones cinematogr\u00e1ficas, mi inter\u00e9s est\u00e1 puesto sobre uno de los principales mensajes de la historia. Desde luego, el tema del poder aparece como en todo el cine que trata el tema de la mafia, pero en este caso aparecen otros elementos que si bien vuelven m\u00e1s cre\u00edble la historia, tambi\u00e9n humanizan a los personajes. Tal es el caso de la relaci\u00f3n que tiene Frank Sheeran (Robert De Niro) con sus hijas, principalmente con Peggy. La cual sin que \u00e9l se diera cuenta, sab\u00eda de sus il\u00edcitos.<\/p>\n<p>Peggy Sheeran crece con un padre cuya intenci\u00f3n en un principio es la de casi todos los padres, dar las mejores condiciones de vida para sus hijos; pero en ese af\u00e1n, Frank descuida a sus hijas volvi\u00e9ndose un padre ausente y gener\u00e1ndoles, adem\u00e1s, una imagen de miedo. Obviamente, \u00e9l no se da cuenta ni de la magnitud ni de las consecuencias de eso. Mucho tiempo despu\u00e9s, en la absoluta soledad, el rechazo y el abandono; pagar\u00eda con creces todas las facturas.<\/p>\n<p>Y en general as\u00ed es, la sabidur\u00eda popular no se equivoca cuando dice aquello de <em>se cosecha lo que se siembra.<\/em> La historia de El Irland\u00e9s es \u2013entre muchas otras cosas e interpretaciones- un recordatorio de que no importa qu\u00e9 hayas hecho, cu\u00e1nto dinero hayas ganado, qui\u00e9n hayas sido, a qui\u00e9n hayas conocido, alg\u00fan d\u00eda ser\u00e1s olvidado por todos.<\/p>\n<p>Al final, los estoicos tienen raz\u00f3n; no hay que preocuparse por todo aquello que vendr\u00e1, el presente es nuestra \u00fanica posesi\u00f3n, siempre en constante evanescencia. Y cuando la muerte llegue, nosotros no estaremos conscientes de ello, ni tampoco para experimentar el olvido. Porque si algo se parece a la antesala del infierno, es vivir tus \u00faltimos d\u00edas viejo, enfermo, solo y con la consciencia de que te todos te han olvidado.<\/p>\n","protected":false},"excerpt":{"rendered":"<p>Mtro. Miguel Camarena Agudo, Encargado de Correcci\u00f3n y Estilo UNIVA &nbsp; Un hombre viejo y en silla de ruedas mira fotos en color sepia. Una enfermera est\u00e1 en la misma&#8230;<\/p>\n","protected":false},"author":2,"featured_media":1247,"comment_status":"open","ping_status":"open","sticky":false,"template":"","format":"standard","meta":{"footnotes":""},"categories":[8,6],"tags":[],"class_list":{"0":"post-1246","1":"post","2":"type-post","3":"status-publish","4":"format-standard","5":"has-post-thumbnail","7":"category-lideres-de-opinion","8":"category-voces-univa"},"yoast_head":"<!-- This site is optimized with the Yoast SEO plugin v26.6 - https:\/\/yoast.com\/wordpress\/plugins\/seo\/ -->\n<title>El Irland\u00e9s y el olvido - Quer\u00e9taro<\/title>\n<meta name=\"robots\" content=\"index, follow, max-snippet:-1, max-image-preview:large, max-video-preview:-1\" \/>\n<link rel=\"canonical\" href=\"https:\/\/www.univa.mx\/queretaro\/el-irlandes-y-el-olvido\/\" \/>\n<meta property=\"og:locale\" content=\"es_ES\" \/>\n<meta property=\"og:type\" content=\"article\" \/>\n<meta property=\"og:title\" content=\"El Irland\u00e9s y el olvido - Quer\u00e9taro\" \/>\n<meta property=\"og:description\" content=\"Mtro. Miguel Camarena Agudo, Encargado de Correcci\u00f3n y Estilo UNIVA &nbsp; Un hombre viejo y en silla de ruedas mira fotos en color sepia. Una enfermera est\u00e1 en la misma...\" \/>\n<meta property=\"og:url\" content=\"https:\/\/www.univa.mx\/queretaro\/el-irlandes-y-el-olvido\/\" \/>\n<meta property=\"og:site_name\" content=\"Quer\u00e9taro\" \/>\n<meta property=\"article:published_time\" content=\"2020-01-23T23:14:50+00:00\" \/>\n<meta property=\"article:modified_time\" content=\"2020-01-29T15:45:12+00:00\" \/>\n<meta property=\"og:image\" content=\"https:\/\/www.univa.mx\/queretaro\/wp-content\/uploads\/sites\/6\/2020\/01\/UNIVA-Miguel-Camarena.jpg\" \/>\n\t<meta property=\"og:image:width\" content=\"1280\" \/>\n\t<meta property=\"og:image:height\" content=\"720\" \/>\n\t<meta property=\"og:image:type\" content=\"image\/jpeg\" \/>\n<meta name=\"author\" content=\"Comunicaci\u00f3n Sistema UNIVA\" \/>\n<meta name=\"twitter:card\" content=\"summary_large_image\" \/>\n<meta name=\"twitter:label1\" content=\"Escrito por\" \/>\n\t<meta name=\"twitter:data1\" content=\"Comunicaci\u00f3n Sistema UNIVA\" \/>\n\t<meta name=\"twitter:label2\" content=\"Tiempo de lectura\" \/>\n\t<meta name=\"twitter:data2\" content=\"3 minutos\" \/>\n<script type=\"application\/ld+json\" class=\"yoast-schema-graph\">{\"@context\":\"https:\/\/schema.org\",\"@graph\":[{\"@type\":\"WebPage\",\"@id\":\"https:\/\/www.univa.mx\/queretaro\/el-irlandes-y-el-olvido\/\",\"url\":\"https:\/\/www.univa.mx\/queretaro\/el-irlandes-y-el-olvido\/\",\"name\":\"El Irland\u00e9s y el olvido - Quer\u00e9taro\",\"isPartOf\":{\"@id\":\"https:\/\/www.univa.mx\/queretaro\/#website\"},\"primaryImageOfPage\":{\"@id\":\"https:\/\/www.univa.mx\/queretaro\/el-irlandes-y-el-olvido\/#primaryimage\"},\"image\":{\"@id\":\"https:\/\/www.univa.mx\/queretaro\/el-irlandes-y-el-olvido\/#primaryimage\"},\"thumbnailUrl\":\"https:\/\/www.univa.mx\/queretaro\/wp-content\/uploads\/sites\/6\/2020\/01\/UNIVA-Miguel-Camarena.jpg\",\"datePublished\":\"2020-01-23T23:14:50+00:00\",\"dateModified\":\"2020-01-29T15:45:12+00:00\",\"author\":{\"@id\":\"https:\/\/www.univa.mx\/queretaro\/#\/schema\/person\/69c7c7ff4ec76903a1b7038cb8f0b6cd\"},\"breadcrumb\":{\"@id\":\"https:\/\/www.univa.mx\/queretaro\/el-irlandes-y-el-olvido\/#breadcrumb\"},\"inLanguage\":\"es\",\"potentialAction\":[{\"@type\":\"ReadAction\",\"target\":[\"https:\/\/www.univa.mx\/queretaro\/el-irlandes-y-el-olvido\/\"]}]},{\"@type\":\"ImageObject\",\"inLanguage\":\"es\",\"@id\":\"https:\/\/www.univa.mx\/queretaro\/el-irlandes-y-el-olvido\/#primaryimage\",\"url\":\"https:\/\/www.univa.mx\/queretaro\/wp-content\/uploads\/sites\/6\/2020\/01\/UNIVA-Miguel-Camarena.jpg\",\"contentUrl\":\"https:\/\/www.univa.mx\/queretaro\/wp-content\/uploads\/sites\/6\/2020\/01\/UNIVA-Miguel-Camarena.jpg\",\"width\":1280,\"height\":720},{\"@type\":\"BreadcrumbList\",\"@id\":\"https:\/\/www.univa.mx\/queretaro\/el-irlandes-y-el-olvido\/#breadcrumb\",\"itemListElement\":[{\"@type\":\"ListItem\",\"position\":1,\"name\":\"Portada\",\"item\":\"https:\/\/www.univa.mx\/queretaro\/\"},{\"@type\":\"ListItem\",\"position\":2,\"name\":\"El Irland\u00e9s y el olvido\"}]},{\"@type\":\"WebSite\",\"@id\":\"https:\/\/www.univa.mx\/queretaro\/#website\",\"url\":\"https:\/\/www.univa.mx\/queretaro\/\",\"name\":\"Quer\u00e9taro\",\"description\":\"Univa\",\"potentialAction\":[{\"@type\":\"SearchAction\",\"target\":{\"@type\":\"EntryPoint\",\"urlTemplate\":\"https:\/\/www.univa.mx\/queretaro\/?s={search_term_string}\"},\"query-input\":{\"@type\":\"PropertyValueSpecification\",\"valueRequired\":true,\"valueName\":\"search_term_string\"}}],\"inLanguage\":\"es\"},{\"@type\":\"Person\",\"@id\":\"https:\/\/www.univa.mx\/queretaro\/#\/schema\/person\/69c7c7ff4ec76903a1b7038cb8f0b6cd\",\"name\":\"Comunicaci\u00f3n Sistema UNIVA\",\"image\":{\"@type\":\"ImageObject\",\"inLanguage\":\"es\",\"@id\":\"https:\/\/www.univa.mx\/queretaro\/#\/schema\/person\/image\/\",\"url\":\"https:\/\/secure.gravatar.com\/avatar\/e5c70e7a9e29f270de612e0fc3ec80dfe6dcaa543bd068051f89740873db7146?s=96&d=mm&r=g\",\"contentUrl\":\"https:\/\/secure.gravatar.com\/avatar\/e5c70e7a9e29f270de612e0fc3ec80dfe6dcaa543bd068051f89740873db7146?s=96&d=mm&r=g\",\"caption\":\"Comunicaci\u00f3n Sistema UNIVA\"},\"url\":\"https:\/\/www.univa.mx\/queretaro\/author\/davidrosas\/\"}]}<\/script>\n<!-- \/ Yoast SEO plugin. -->","yoast_head_json":{"title":"El Irland\u00e9s y el olvido - Quer\u00e9taro","robots":{"index":"index","follow":"follow","max-snippet":"max-snippet:-1","max-image-preview":"max-image-preview:large","max-video-preview":"max-video-preview:-1"},"canonical":"https:\/\/www.univa.mx\/queretaro\/el-irlandes-y-el-olvido\/","og_locale":"es_ES","og_type":"article","og_title":"El Irland\u00e9s y el olvido - Quer\u00e9taro","og_description":"Mtro. Miguel Camarena Agudo, Encargado de Correcci\u00f3n y Estilo UNIVA &nbsp; Un hombre viejo y en silla de ruedas mira fotos en color sepia. Una enfermera est\u00e1 en la misma...","og_url":"https:\/\/www.univa.mx\/queretaro\/el-irlandes-y-el-olvido\/","og_site_name":"Quer\u00e9taro","article_published_time":"2020-01-23T23:14:50+00:00","article_modified_time":"2020-01-29T15:45:12+00:00","og_image":[{"width":1280,"height":720,"url":"https:\/\/www.univa.mx\/queretaro\/wp-content\/uploads\/sites\/6\/2020\/01\/UNIVA-Miguel-Camarena.jpg","type":"image\/jpeg"}],"author":"Comunicaci\u00f3n Sistema UNIVA","twitter_card":"summary_large_image","twitter_misc":{"Escrito por":"Comunicaci\u00f3n Sistema UNIVA","Tiempo de lectura":"3 minutos"},"schema":{"@context":"https:\/\/schema.org","@graph":[{"@type":"WebPage","@id":"https:\/\/www.univa.mx\/queretaro\/el-irlandes-y-el-olvido\/","url":"https:\/\/www.univa.mx\/queretaro\/el-irlandes-y-el-olvido\/","name":"El Irland\u00e9s y el olvido - Quer\u00e9taro","isPartOf":{"@id":"https:\/\/www.univa.mx\/queretaro\/#website"},"primaryImageOfPage":{"@id":"https:\/\/www.univa.mx\/queretaro\/el-irlandes-y-el-olvido\/#primaryimage"},"image":{"@id":"https:\/\/www.univa.mx\/queretaro\/el-irlandes-y-el-olvido\/#primaryimage"},"thumbnailUrl":"https:\/\/www.univa.mx\/queretaro\/wp-content\/uploads\/sites\/6\/2020\/01\/UNIVA-Miguel-Camarena.jpg","datePublished":"2020-01-23T23:14:50+00:00","dateModified":"2020-01-29T15:45:12+00:00","author":{"@id":"https:\/\/www.univa.mx\/queretaro\/#\/schema\/person\/69c7c7ff4ec76903a1b7038cb8f0b6cd"},"breadcrumb":{"@id":"https:\/\/www.univa.mx\/queretaro\/el-irlandes-y-el-olvido\/#breadcrumb"},"inLanguage":"es","potentialAction":[{"@type":"ReadAction","target":["https:\/\/www.univa.mx\/queretaro\/el-irlandes-y-el-olvido\/"]}]},{"@type":"ImageObject","inLanguage":"es","@id":"https:\/\/www.univa.mx\/queretaro\/el-irlandes-y-el-olvido\/#primaryimage","url":"https:\/\/www.univa.mx\/queretaro\/wp-content\/uploads\/sites\/6\/2020\/01\/UNIVA-Miguel-Camarena.jpg","contentUrl":"https:\/\/www.univa.mx\/queretaro\/wp-content\/uploads\/sites\/6\/2020\/01\/UNIVA-Miguel-Camarena.jpg","width":1280,"height":720},{"@type":"BreadcrumbList","@id":"https:\/\/www.univa.mx\/queretaro\/el-irlandes-y-el-olvido\/#breadcrumb","itemListElement":[{"@type":"ListItem","position":1,"name":"Portada","item":"https:\/\/www.univa.mx\/queretaro\/"},{"@type":"ListItem","position":2,"name":"El Irland\u00e9s y el olvido"}]},{"@type":"WebSite","@id":"https:\/\/www.univa.mx\/queretaro\/#website","url":"https:\/\/www.univa.mx\/queretaro\/","name":"Quer\u00e9taro","description":"Univa","potentialAction":[{"@type":"SearchAction","target":{"@type":"EntryPoint","urlTemplate":"https:\/\/www.univa.mx\/queretaro\/?s={search_term_string}"},"query-input":{"@type":"PropertyValueSpecification","valueRequired":true,"valueName":"search_term_string"}}],"inLanguage":"es"},{"@type":"Person","@id":"https:\/\/www.univa.mx\/queretaro\/#\/schema\/person\/69c7c7ff4ec76903a1b7038cb8f0b6cd","name":"Comunicaci\u00f3n Sistema UNIVA","image":{"@type":"ImageObject","inLanguage":"es","@id":"https:\/\/www.univa.mx\/queretaro\/#\/schema\/person\/image\/","url":"https:\/\/secure.gravatar.com\/avatar\/e5c70e7a9e29f270de612e0fc3ec80dfe6dcaa543bd068051f89740873db7146?s=96&d=mm&r=g","contentUrl":"https:\/\/secure.gravatar.com\/avatar\/e5c70e7a9e29f270de612e0fc3ec80dfe6dcaa543bd068051f89740873db7146?s=96&d=mm&r=g","caption":"Comunicaci\u00f3n Sistema UNIVA"},"url":"https:\/\/www.univa.mx\/queretaro\/author\/davidrosas\/"}]}},"_links":{"self":[{"href":"https:\/\/www.univa.mx\/queretaro\/wp-json\/wp\/v2\/posts\/1246","targetHints":{"allow":["GET"]}}],"collection":[{"href":"https:\/\/www.univa.mx\/queretaro\/wp-json\/wp\/v2\/posts"}],"about":[{"href":"https:\/\/www.univa.mx\/queretaro\/wp-json\/wp\/v2\/types\/post"}],"author":[{"embeddable":true,"href":"https:\/\/www.univa.mx\/queretaro\/wp-json\/wp\/v2\/users\/2"}],"replies":[{"embeddable":true,"href":"https:\/\/www.univa.mx\/queretaro\/wp-json\/wp\/v2\/comments?post=1246"}],"version-history":[{"count":3,"href":"https:\/\/www.univa.mx\/queretaro\/wp-json\/wp\/v2\/posts\/1246\/revisions"}],"predecessor-version":[{"id":1299,"href":"https:\/\/www.univa.mx\/queretaro\/wp-json\/wp\/v2\/posts\/1246\/revisions\/1299"}],"wp:featuredmedia":[{"embeddable":true,"href":"https:\/\/www.univa.mx\/queretaro\/wp-json\/wp\/v2\/media\/1247"}],"wp:attachment":[{"href":"https:\/\/www.univa.mx\/queretaro\/wp-json\/wp\/v2\/media?parent=1246"}],"wp:term":[{"taxonomy":"category","embeddable":true,"href":"https:\/\/www.univa.mx\/queretaro\/wp-json\/wp\/v2\/categories?post=1246"},{"taxonomy":"post_tag","embeddable":true,"href":"https:\/\/www.univa.mx\/queretaro\/wp-json\/wp\/v2\/tags?post=1246"}],"curies":[{"name":"wp","href":"https:\/\/api.w.org\/{rel}","templated":true}]}}