{"id":22825,"date":"2021-04-12T07:54:22","date_gmt":"2021-04-12T12:54:22","guid":{"rendered":"https:\/\/www.univa.mx\/puerto-vallarta\/2021\/04\/12\/la-tortura-de-la-sed\/"},"modified":"2021-04-12T07:54:24","modified_gmt":"2021-04-12T12:54:24","slug":"la-tortura-de-la-sed","status":"publish","type":"post","link":"https:\/\/www.univa.mx\/puerto-vallarta\/2021\/04\/12\/la-tortura-de-la-sed\/","title":{"rendered":"La tortura de la sed"},"content":{"rendered":"<p><strong><em>Pbro. Lic. Armando Gonz\u00e1lez Escoto \u2022\u00a0Director de Publicaciones del Sistema UNIVA<\/em><\/strong><\/p>\n<p>&nbsp;<\/p>\n<p>Las maneras en que un ser humano ha torturado a otro son infinitas, pero en las grandes ciudades se acaba de descubrir un m\u00e9todo novedoso y efectivo: ci\u00e9rrale la llave del agua. Debemos advertir que ya se usaba en el medio rural, cuando quien ten\u00eda el control de presas, represas, r\u00edos y canales, cerraba el flujo para que los beneficiarios se sometieran a sus condiciones, o para escarmentarlos.<\/p>\n<p>Ya antes nos hab\u00edan cerrado la llave de la gasolina, pero el agua es otro asunto. En cierto modo sucede aquello de los que se espantan con el mismo fantasma que ellos producen. Desde hace mucho tiempo gobiernos municipales y estatales, haciendo lujo de una total irresponsabilidad otorgaron permisos a diestra y siniestra para la construcci\u00f3n de todo tipo de colonias y fraccionamientos, as\u00ed como de industrias y empresas, como si el agua fuese un bien inagotable e infinito, hasta convertir la Zona Metropolitana de Guadalajara en una verdadera mancha urbana y, adem\u00e1s, seca. Est\u00e1 claro que el agua nunca form\u00f3 parte de sus presupuestos, de ah\u00ed que los permisos no tuvieran en cuenta si se podr\u00eda o no abastecer a cuanto nuevo asentamiento humano surg\u00eda.<\/p>\n<p>La idea del Acuaf\u00e9rico parte del mismo supuesto err\u00f3neo, que Chapala es inagotable, por lo mismo tambi\u00e9n su ribera se ha dejado poblar de conjuntos y desarrollos horizontales y verticales, dando abundante dinero a los municipios involucrados y, sobre todo, a sus administradores, los cuales, pasado su periodo, se van tranquilos y enriquecidos, dejando tras de s\u00ed problemas de proporciones incalculables. Los desarrolladores participan de la misma felicidad, vendiendo a precios exorbitantes departamentos y casas, sin avisar a los incautos compradores que, en una de esas, el agua se va a acabar, y con el agua, el hermoso paisaje por el cual tanto pagaron.<\/p>\n<p>Desde luego la ciudad de Le\u00f3n tiene el mismo problema, pero tambi\u00e9n lo tienen los habitantes de la regi\u00f3n Altos, s\u00f3lo que el estado de Guanajuato, que ya dispone ampliamente de las aguas del r\u00edo Lerma, principal afluente de Chapala, est\u00e1 empe\u00f1ado en obtener ahora las del rio Verde, ya conocemos la complicada y tortuosa historia del proyecto Zapotillo. Es igualmente conocida la serie de proyectos bastante bien pensados por ingenieros menos pol\u00edticos, pero m\u00e1s capaces, los cuales sin embargo han sido ignorados o truncados.<\/p>\n<p>\u00bfC\u00f3mo hacer para frenar esta expansi\u00f3n devastadora de la zona urbana que ya alcanza proporciones alarmantes? Pregunta grave, que va unida a otra \u00bfes posible frenar el tama\u00f1o de las ambiciones, de la avidez, de gobiernos, fraccionadores y compradores? \u00bfEs que ya no hay nadie, una voz con autoridad para hacernos reaccionar, recapacitar, tomar conciencia del presente y del futuro que estamos provocando?<\/p>\n<p>Por lo pronto la ciudadan\u00eda sufre ya las consecuencias de su propia imprevisi\u00f3n, de su confianza ingenua, las secuelas de decisiones gubernamentales acaso inevitables, pero de las que medio mundo sospecha. C\u00f3mo de costumbre, al fallar una y otra vez los recursos m\u00e1gicos, tenemos que acudir a los efectivos, y pedirle a Dios que pronto llueva y que llueva en abundancia, aunque a estas alturas todav\u00eda no seamos capaces de aprovechar las aguas de lluvia.<\/p>\n","protected":false},"excerpt":{"rendered":"<p>Pbro. Lic. Armando Gonz\u00e1lez Escoto \u2022\u00a0Director de Publicaciones del Sistema UNIVA &nbsp; Las maneras en que un ser humano ha torturado a otro son infinitas, pero en las grandes ciudades&#8230;<\/p>\n","protected":false},"author":2,"featured_media":20826,"comment_status":"open","ping_status":"open","sticky":false,"template":"","format":"standard","meta":{"footnotes":""},"categories":[7,6],"tags":[],"class_list":{"0":"post-22825","1":"post","2":"type-post","3":"status-publish","4":"format-standard","5":"has-post-thumbnail","7":"category-lideres-de-opinion","8":"category-voces-univa"},"yoast_head":"<!-- This site is optimized with the Yoast SEO plugin v26.6 - https:\/\/yoast.com\/wordpress\/plugins\/seo\/ -->\n<title>La tortura de la sed - Puerto Vallarta<\/title>\n<meta name=\"robots\" content=\"index, follow, max-snippet:-1, max-image-preview:large, max-video-preview:-1\" \/>\n<link rel=\"canonical\" href=\"https:\/\/www.univa.mx\/puerto-vallarta\/2021\/04\/12\/la-tortura-de-la-sed\/\" \/>\n<meta property=\"og:locale\" content=\"es_ES\" \/>\n<meta property=\"og:type\" content=\"article\" \/>\n<meta property=\"og:title\" content=\"La tortura de la sed - Puerto Vallarta\" \/>\n<meta property=\"og:description\" content=\"Pbro. Lic. Armando Gonz\u00e1lez Escoto \u2022\u00a0Director de Publicaciones del Sistema UNIVA &nbsp; Las maneras en que un ser humano ha torturado a otro son infinitas, pero en las grandes ciudades...\" \/>\n<meta property=\"og:url\" content=\"https:\/\/www.univa.mx\/puerto-vallarta\/2021\/04\/12\/la-tortura-de-la-sed\/\" \/>\n<meta property=\"og:site_name\" content=\"Puerto Vallarta\" \/>\n<meta property=\"article:published_time\" content=\"2021-04-12T12:54:22+00:00\" \/>\n<meta property=\"article:modified_time\" content=\"2021-04-12T12:54:24+00:00\" \/>\n<meta property=\"og:image\" content=\"https:\/\/www.univa.mx\/puerto-vallarta\/wp-content\/uploads\/sites\/4\/2019\/12\/UNIVA-Armando-Gonza\u0301lez-Escoto.jpg\" \/>\n\t<meta property=\"og:image:width\" content=\"1\" \/>\n\t<meta property=\"og:image:height\" content=\"1\" \/>\n\t<meta property=\"og:image:type\" content=\"image\/jpeg\" \/>\n<meta name=\"author\" content=\"Comunicaci\u00f3n Sistema UNIVA\" \/>\n<meta name=\"twitter:card\" content=\"summary_large_image\" \/>\n<meta name=\"twitter:label1\" content=\"Escrito por\" \/>\n\t<meta name=\"twitter:data1\" content=\"Comunicaci\u00f3n Sistema UNIVA\" \/>\n\t<meta name=\"twitter:label2\" content=\"Tiempo de lectura\" \/>\n\t<meta name=\"twitter:data2\" content=\"3 minutos\" \/>\n<script type=\"application\/ld+json\" class=\"yoast-schema-graph\">{\"@context\":\"https:\/\/schema.org\",\"@graph\":[{\"@type\":\"WebPage\",\"@id\":\"https:\/\/www.univa.mx\/puerto-vallarta\/2021\/04\/12\/la-tortura-de-la-sed\/\",\"url\":\"https:\/\/www.univa.mx\/puerto-vallarta\/2021\/04\/12\/la-tortura-de-la-sed\/\",\"name\":\"La tortura de la sed - Puerto Vallarta\",\"isPartOf\":{\"@id\":\"https:\/\/www.univa.mx\/puerto-vallarta\/#website\"},\"primaryImageOfPage\":{\"@id\":\"https:\/\/www.univa.mx\/puerto-vallarta\/2021\/04\/12\/la-tortura-de-la-sed\/#primaryimage\"},\"image\":{\"@id\":\"https:\/\/www.univa.mx\/puerto-vallarta\/2021\/04\/12\/la-tortura-de-la-sed\/#primaryimage\"},\"thumbnailUrl\":\"https:\/\/www.univa.mx\/puerto-vallarta\/wp-content\/uploads\/sites\/4\/2019\/12\/UNIVA-Armando-Gonza\u0301lez-Escoto.jpg\",\"datePublished\":\"2021-04-12T12:54:22+00:00\",\"dateModified\":\"2021-04-12T12:54:24+00:00\",\"author\":{\"@id\":\"https:\/\/www.univa.mx\/puerto-vallarta\/#\/schema\/person\/69c7c7ff4ec76903a1b7038cb8f0b6cd\"},\"breadcrumb\":{\"@id\":\"https:\/\/www.univa.mx\/puerto-vallarta\/2021\/04\/12\/la-tortura-de-la-sed\/#breadcrumb\"},\"inLanguage\":\"es\",\"potentialAction\":[{\"@type\":\"ReadAction\",\"target\":[\"https:\/\/www.univa.mx\/puerto-vallarta\/2021\/04\/12\/la-tortura-de-la-sed\/\"]}]},{\"@type\":\"ImageObject\",\"inLanguage\":\"es\",\"@id\":\"https:\/\/www.univa.mx\/puerto-vallarta\/2021\/04\/12\/la-tortura-de-la-sed\/#primaryimage\",\"url\":\"https:\/\/www.univa.mx\/puerto-vallarta\/wp-content\/uploads\/sites\/4\/2019\/12\/UNIVA-Armando-Gonza\u0301lez-Escoto.jpg\",\"contentUrl\":\"https:\/\/www.univa.mx\/puerto-vallarta\/wp-content\/uploads\/sites\/4\/2019\/12\/UNIVA-Armando-Gonza\u0301lez-Escoto.jpg\"},{\"@type\":\"BreadcrumbList\",\"@id\":\"https:\/\/www.univa.mx\/puerto-vallarta\/2021\/04\/12\/la-tortura-de-la-sed\/#breadcrumb\",\"itemListElement\":[{\"@type\":\"ListItem\",\"position\":1,\"name\":\"Portada\",\"item\":\"https:\/\/www.univa.mx\/puerto-vallarta\/\"},{\"@type\":\"ListItem\",\"position\":2,\"name\":\"La tortura de la sed\"}]},{\"@type\":\"WebSite\",\"@id\":\"https:\/\/www.univa.mx\/puerto-vallarta\/#website\",\"url\":\"https:\/\/www.univa.mx\/puerto-vallarta\/\",\"name\":\"Puerto Vallarta\",\"description\":\"Univa\",\"potentialAction\":[{\"@type\":\"SearchAction\",\"target\":{\"@type\":\"EntryPoint\",\"urlTemplate\":\"https:\/\/www.univa.mx\/puerto-vallarta\/?s={search_term_string}\"},\"query-input\":{\"@type\":\"PropertyValueSpecification\",\"valueRequired\":true,\"valueName\":\"search_term_string\"}}],\"inLanguage\":\"es\"},{\"@type\":\"Person\",\"@id\":\"https:\/\/www.univa.mx\/puerto-vallarta\/#\/schema\/person\/69c7c7ff4ec76903a1b7038cb8f0b6cd\",\"name\":\"Comunicaci\u00f3n Sistema UNIVA\",\"image\":{\"@type\":\"ImageObject\",\"inLanguage\":\"es\",\"@id\":\"https:\/\/www.univa.mx\/puerto-vallarta\/#\/schema\/person\/image\/\",\"url\":\"https:\/\/secure.gravatar.com\/avatar\/e5c70e7a9e29f270de612e0fc3ec80dfe6dcaa543bd068051f89740873db7146?s=96&d=mm&r=g\",\"contentUrl\":\"https:\/\/secure.gravatar.com\/avatar\/e5c70e7a9e29f270de612e0fc3ec80dfe6dcaa543bd068051f89740873db7146?s=96&d=mm&r=g\",\"caption\":\"Comunicaci\u00f3n Sistema UNIVA\"},\"url\":\"https:\/\/www.univa.mx\/puerto-vallarta\/author\/davidrosas\/\"}]}<\/script>\n<!-- \/ Yoast SEO plugin. -->","yoast_head_json":{"title":"La tortura de la sed - Puerto Vallarta","robots":{"index":"index","follow":"follow","max-snippet":"max-snippet:-1","max-image-preview":"max-image-preview:large","max-video-preview":"max-video-preview:-1"},"canonical":"https:\/\/www.univa.mx\/puerto-vallarta\/2021\/04\/12\/la-tortura-de-la-sed\/","og_locale":"es_ES","og_type":"article","og_title":"La tortura de la sed - Puerto Vallarta","og_description":"Pbro. Lic. Armando Gonz\u00e1lez Escoto \u2022\u00a0Director de Publicaciones del Sistema UNIVA &nbsp; Las maneras en que un ser humano ha torturado a otro son infinitas, pero en las grandes ciudades...","og_url":"https:\/\/www.univa.mx\/puerto-vallarta\/2021\/04\/12\/la-tortura-de-la-sed\/","og_site_name":"Puerto Vallarta","article_published_time":"2021-04-12T12:54:22+00:00","article_modified_time":"2021-04-12T12:54:24+00:00","og_image":[{"url":"https:\/\/www.univa.mx\/puerto-vallarta\/wp-content\/uploads\/sites\/4\/2019\/12\/UNIVA-Armando-Gonza\u0301lez-Escoto.jpg","width":1,"height":1,"type":"image\/jpeg"}],"author":"Comunicaci\u00f3n Sistema UNIVA","twitter_card":"summary_large_image","twitter_misc":{"Escrito por":"Comunicaci\u00f3n Sistema UNIVA","Tiempo de lectura":"3 minutos"},"schema":{"@context":"https:\/\/schema.org","@graph":[{"@type":"WebPage","@id":"https:\/\/www.univa.mx\/puerto-vallarta\/2021\/04\/12\/la-tortura-de-la-sed\/","url":"https:\/\/www.univa.mx\/puerto-vallarta\/2021\/04\/12\/la-tortura-de-la-sed\/","name":"La tortura de la sed - Puerto Vallarta","isPartOf":{"@id":"https:\/\/www.univa.mx\/puerto-vallarta\/#website"},"primaryImageOfPage":{"@id":"https:\/\/www.univa.mx\/puerto-vallarta\/2021\/04\/12\/la-tortura-de-la-sed\/#primaryimage"},"image":{"@id":"https:\/\/www.univa.mx\/puerto-vallarta\/2021\/04\/12\/la-tortura-de-la-sed\/#primaryimage"},"thumbnailUrl":"https:\/\/www.univa.mx\/puerto-vallarta\/wp-content\/uploads\/sites\/4\/2019\/12\/UNIVA-Armando-Gonza\u0301lez-Escoto.jpg","datePublished":"2021-04-12T12:54:22+00:00","dateModified":"2021-04-12T12:54:24+00:00","author":{"@id":"https:\/\/www.univa.mx\/puerto-vallarta\/#\/schema\/person\/69c7c7ff4ec76903a1b7038cb8f0b6cd"},"breadcrumb":{"@id":"https:\/\/www.univa.mx\/puerto-vallarta\/2021\/04\/12\/la-tortura-de-la-sed\/#breadcrumb"},"inLanguage":"es","potentialAction":[{"@type":"ReadAction","target":["https:\/\/www.univa.mx\/puerto-vallarta\/2021\/04\/12\/la-tortura-de-la-sed\/"]}]},{"@type":"ImageObject","inLanguage":"es","@id":"https:\/\/www.univa.mx\/puerto-vallarta\/2021\/04\/12\/la-tortura-de-la-sed\/#primaryimage","url":"https:\/\/www.univa.mx\/puerto-vallarta\/wp-content\/uploads\/sites\/4\/2019\/12\/UNIVA-Armando-Gonza\u0301lez-Escoto.jpg","contentUrl":"https:\/\/www.univa.mx\/puerto-vallarta\/wp-content\/uploads\/sites\/4\/2019\/12\/UNIVA-Armando-Gonza\u0301lez-Escoto.jpg"},{"@type":"BreadcrumbList","@id":"https:\/\/www.univa.mx\/puerto-vallarta\/2021\/04\/12\/la-tortura-de-la-sed\/#breadcrumb","itemListElement":[{"@type":"ListItem","position":1,"name":"Portada","item":"https:\/\/www.univa.mx\/puerto-vallarta\/"},{"@type":"ListItem","position":2,"name":"La tortura de la sed"}]},{"@type":"WebSite","@id":"https:\/\/www.univa.mx\/puerto-vallarta\/#website","url":"https:\/\/www.univa.mx\/puerto-vallarta\/","name":"Puerto Vallarta","description":"Univa","potentialAction":[{"@type":"SearchAction","target":{"@type":"EntryPoint","urlTemplate":"https:\/\/www.univa.mx\/puerto-vallarta\/?s={search_term_string}"},"query-input":{"@type":"PropertyValueSpecification","valueRequired":true,"valueName":"search_term_string"}}],"inLanguage":"es"},{"@type":"Person","@id":"https:\/\/www.univa.mx\/puerto-vallarta\/#\/schema\/person\/69c7c7ff4ec76903a1b7038cb8f0b6cd","name":"Comunicaci\u00f3n Sistema UNIVA","image":{"@type":"ImageObject","inLanguage":"es","@id":"https:\/\/www.univa.mx\/puerto-vallarta\/#\/schema\/person\/image\/","url":"https:\/\/secure.gravatar.com\/avatar\/e5c70e7a9e29f270de612e0fc3ec80dfe6dcaa543bd068051f89740873db7146?s=96&d=mm&r=g","contentUrl":"https:\/\/secure.gravatar.com\/avatar\/e5c70e7a9e29f270de612e0fc3ec80dfe6dcaa543bd068051f89740873db7146?s=96&d=mm&r=g","caption":"Comunicaci\u00f3n Sistema UNIVA"},"url":"https:\/\/www.univa.mx\/puerto-vallarta\/author\/davidrosas\/"}]}},"_links":{"self":[{"href":"https:\/\/www.univa.mx\/puerto-vallarta\/wp-json\/wp\/v2\/posts\/22825","targetHints":{"allow":["GET"]}}],"collection":[{"href":"https:\/\/www.univa.mx\/puerto-vallarta\/wp-json\/wp\/v2\/posts"}],"about":[{"href":"https:\/\/www.univa.mx\/puerto-vallarta\/wp-json\/wp\/v2\/types\/post"}],"author":[{"embeddable":true,"href":"https:\/\/www.univa.mx\/puerto-vallarta\/wp-json\/wp\/v2\/users\/2"}],"replies":[{"embeddable":true,"href":"https:\/\/www.univa.mx\/puerto-vallarta\/wp-json\/wp\/v2\/comments?post=22825"}],"version-history":[{"count":1,"href":"https:\/\/www.univa.mx\/puerto-vallarta\/wp-json\/wp\/v2\/posts\/22825\/revisions"}],"predecessor-version":[{"id":22826,"href":"https:\/\/www.univa.mx\/puerto-vallarta\/wp-json\/wp\/v2\/posts\/22825\/revisions\/22826"}],"wp:featuredmedia":[{"embeddable":true,"href":"https:\/\/www.univa.mx\/puerto-vallarta\/wp-json\/wp\/v2\/media\/20826"}],"wp:attachment":[{"href":"https:\/\/www.univa.mx\/puerto-vallarta\/wp-json\/wp\/v2\/media?parent=22825"}],"wp:term":[{"taxonomy":"category","embeddable":true,"href":"https:\/\/www.univa.mx\/puerto-vallarta\/wp-json\/wp\/v2\/categories?post=22825"},{"taxonomy":"post_tag","embeddable":true,"href":"https:\/\/www.univa.mx\/puerto-vallarta\/wp-json\/wp\/v2\/tags?post=22825"}],"curies":[{"name":"wp","href":"https:\/\/api.w.org\/{rel}","templated":true}]}}