{"id":1120,"date":"2026-03-27T05:40:24","date_gmt":"2026-03-27T05:40:24","guid":{"rendered":"https:\/\/www.univa.mx\/online\/?p=1120"},"modified":"2026-03-27T18:24:50","modified_gmt":"2026-03-27T18:24:50","slug":"univa-online-celebra-35-anos-de-trayectoria-educativa-con-una-mirada-hacia-el-futuro-de-la-inteligencia-artificial","status":"publish","type":"post","link":"https:\/\/www.univa.mx\/online\/univa-online-celebra-35-anos-de-trayectoria-educativa-con-una-mirada-hacia-el-futuro-de-la-inteligencia-artificial\/","title":{"rendered":"UNIVA Online celebra 35 a\u00f1os de trayectoria educativa con  una mirada hacia el futuro de la Inteligencia Artificial"},"content":{"rendered":"[vc_row type=\u00bbin_container\u00bb full_screen_row_position=\u00bbmiddle\u00bb column_margin=\u00bbdefault\u00bb column_direction=\u00bbdefault\u00bb column_direction_tablet=\u00bbdefault\u00bb column_direction_phone=\u00bbdefault\u00bb scene_position=\u00bbcenter\u00bb text_color=\u00bbdark\u00bb text_align=\u00bbleft\u00bb row_border_radius=\u00bbnone\u00bb row_border_radius_applies=\u00bbbg\u00bb overlay_strength=\u00bb0.3&#8243; gradient_direction=\u00bbleft_to_right\u00bb shape_divider_position=\u00bbbottom\u00bb bg_image_animation=\u00bbnone\u00bb][vc_column column_padding=\u00bbno-extra-padding\u00bb column_padding_tablet=\u00bbinherit\u00bb column_padding_phone=\u00bbinherit\u00bb column_padding_position=\u00bball\u00bb column_element_spacing=\u00bbdefault\u00bb background_color_opacity=\u00bb1&#8243; background_hover_color_opacity=\u00bb1&#8243; column_shadow=\u00bbnone\u00bb column_border_radius=\u00bbnone\u00bb column_link_target=\u00bb_self\u00bb gradient_direction=\u00bbleft_to_right\u00bb overlay_strength=\u00bb0.3&#8243; width=\u00bb1\/1&#8243; tablet_width_inherit=\u00bbdefault\u00bb tablet_text_alignment=\u00bbdefault\u00bb phone_text_alignment=\u00bbdefault\u00bb bg_image_animation=\u00bbnone\u00bb border_type=\u00bbsimple\u00bb column_border_width=\u00bbnone\u00bb column_border_style=\u00bbsolid\u00bb][vc_column_text]UNIVA Online llev\u00f3 a cabo la conferencia \u201cConectados por la innovaci\u00f3n: IA generativa en la educaci\u00f3n online\u201d, evento que marc\u00f3 el cierre de las actividades conmemorativas por sus 35 a\u00f1os de trayectoria educativa.<\/p>\n<p>Esta conferencia de clausura se consolid\u00f3 como un espacio de reflexi\u00f3n sobre el presente y futuro de la educaci\u00f3n digital, con el objetivo de transitar del uso reactivo de la tecnolog\u00eda hacia una integraci\u00f3n consciente, estrat\u00e9gica y de vanguardia, particularmente en el contexto de la inteligencia artificial generativa.<\/p>\n<p>El evento cont\u00f3 con la participaci\u00f3n del Mtro. Oscar Silva Mares, especialista en tecnolog\u00edas de la informaci\u00f3n, innovaci\u00f3n digital y desarrollo de soluciones tecnol\u00f3gicas de alto impacto, quien abord\u00f3 los desaf\u00edos y oportunidades que representa la IA generativa en los procesos de ense\u00f1anza-aprendizaje.<\/p>\n<p>Con una s\u00f3lida trayectoria profesional, Silva Mares se desempe\u00f1a actualmente como jefe de oficina de Desarrollo de Software y Soporte Especializado en la Comisi\u00f3n Federal de Electricidad (CFE), adem\u00e1s de ser cofundador de Innovusweb y miembro fundador del Colegio de Profesionistas en Sistemas de Informaci\u00f3n de Jalisco. Su experiencia integra la pr\u00e1ctica tecnol\u00f3gica con la formaci\u00f3n acad\u00e9mica en \u00e1reas como desarrollo en la nube, aplicaciones digitales y optimizaci\u00f3n de medios.<\/p>\n<p>&nbsp;<\/p>\n<p><strong>Un cierre que tambi\u00e9n marca un nuevo comienzo<\/strong><\/p>\n<p>Durante su intervenci\u00f3n, la Dra. Mar\u00eda Cristina Mart\u00ednez Arrona, directora general acad\u00e9mica del Sistema UNIVA, comparti\u00f3 un mensaje que resalt\u00f3 el profundo sentido hist\u00f3rico y social del modelo educativo a distancia de la instituci\u00f3n.<\/p>\n<p>En su mensaje, destac\u00f3 que este acto de clausura representa tambi\u00e9n un punto de partida, al recordar que desde 1991, la UNIVA fue pionera en la regi\u00f3n centro-occidente del pa\u00eds en ofrecer educaci\u00f3n a distancia, acercando oportunidades acad\u00e9micas a personas que, por trabajo, familia o ubicaci\u00f3n geogr\u00e1fica, no pod\u00edan acceder a esquemas tradicionales.<\/p>\n<p>Subray\u00f3 que este modelo naci\u00f3 con una vocaci\u00f3n clara: llevar la educaci\u00f3n a quienes m\u00e1s lo necesitan, especialmente a madres de familia, personas trabajadoras y estudiantes con limitaciones de tiempo o movilidad.<\/p>\n<p>Asimismo, record\u00f3 la evoluci\u00f3n del modelo educativo, desde sus primeras etapas con materiales impresos hasta su consolidaci\u00f3n digital, proceso que permiti\u00f3 que, para 2019, la instituci\u00f3n contara ya con una infraestructura tecnol\u00f3gica s\u00f3lida. Esto hizo posible responder con eficacia a los retos derivados de la pandemia por COVID-19, garantizando la continuidad acad\u00e9mica.<\/p>\n<p>En este contexto, reconoci\u00f3 el papel fundamental de docentes y colaboradores, quienes han sido clave en la transformaci\u00f3n del modelo educativo mediante su compromiso, creatividad y vocaci\u00f3n.<\/p>\n<blockquote>\n<p>\u201cM\u00e1s que un mensaje de clausura, es un mensaje de lanzamiento. Hoy celebramos lo que hemos construido, pero tambi\u00e9n abrimos paso a una nueva etapa, en la que la innovaci\u00f3n y la inteligencia artificial marcar\u00e1n el rumbo de la educaci\u00f3n\u201d, destac\u00f3.<\/p>\n<\/blockquote>\n<p>&nbsp;<\/p>\n<p><strong>UNIVA Online: una comunidad que trasciende fronteras<\/strong><\/p>\n<p>Por su parte, la Mtra. J\u00e9sica L\u00f3pez Portillo Silva, directora de UNIVA Online, destac\u00f3 el impacto del campus como un espacio de transformaci\u00f3n educativa y social.<\/p>\n<p>Se\u00f1al\u00f3 que UNIVA Online ha evolucionado hasta convertirse en un modelo que trasciende fronteras, llevando educaci\u00f3n a distintas ciudades, estados e incluso a nivel internacional.<\/p>\n<blockquote>\n<p>\u201cUNIVA Online no es solo un programa educativo; es una oportunidad para transformar vidas, para llegar a quienes desean seguir creciendo y dejar huella en sus entornos\u201d, expres\u00f3.<\/p>\n<\/blockquote>\n<p>Asimismo, agradeci\u00f3 la confianza de colaboradores, docentes y estudiantes, reconociendo que son ellos quienes hacen posible el crecimiento constante del proyecto.<\/p>\n<blockquote>\n<p>\u201cEste festejo es solo el comienzo de todo lo que est\u00e1 por venir. Es una celebraci\u00f3n de lo que hemos construido, pero tambi\u00e9n de todo lo que seguiremos logrando juntos\u201d, a\u00f1adi\u00f3.<\/p>\n<\/blockquote>\n<p>&nbsp;<\/p>\n<p><strong>Innovaci\u00f3n educativa con visi\u00f3n de futuro<\/strong><\/p>\n<p>Con 35 a\u00f1os de experiencia, UNIVA Online se consolida como un referente en innovaci\u00f3n educativa dentro del Sistema UNIVA, destacando por su capacidad de adaptaci\u00f3n, su enfoque centrado en el estudiante y su apuesta por la transformaci\u00f3n digital.<\/p>\n<p>El evento concluy\u00f3 con un ambiente de celebraci\u00f3n, reafirmando el compromiso institucional de seguir impulsando una educaci\u00f3n accesible, flexible y de calidad, capaz de responder a los desaf\u00edos de un entorno global en constante cambio.<\/p>\n<p>&nbsp;[\/vc_column_text][\/vc_column][\/vc_row][vc_row type=\u00bbin_container\u00bb full_screen_row_position=\u00bbmiddle\u00bb column_margin=\u00bbdefault\u00bb column_direction=\u00bbdefault\u00bb column_direction_tablet=\u00bbdefault\u00bb column_direction_phone=\u00bbdefault\u00bb scene_position=\u00bbcenter\u00bb text_color=\u00bbdark\u00bb text_align=\u00bbleft\u00bb row_border_radius=\u00bbnone\u00bb row_border_radius_applies=\u00bbbg\u00bb overlay_strength=\u00bb0.3&#8243; gradient_direction=\u00bbleft_to_right\u00bb shape_divider_position=\u00bbbottom\u00bb bg_image_animation=\u00bbnone\u00bb][vc_column column_padding=\u00bbno-extra-padding\u00bb column_padding_tablet=\u00bbinherit\u00bb column_padding_phone=\u00bbinherit\u00bb column_padding_position=\u00bball\u00bb column_element_spacing=\u00bbdefault\u00bb background_color_opacity=\u00bb1&#8243; background_hover_color_opacity=\u00bb1&#8243; column_shadow=\u00bbnone\u00bb column_border_radius=\u00bbnone\u00bb column_link_target=\u00bb_self\u00bb gradient_direction=\u00bbleft_to_right\u00bb overlay_strength=\u00bb0.3&#8243; width=\u00bb1\/1&#8243; tablet_width_inherit=\u00bbdefault\u00bb tablet_text_alignment=\u00bbdefault\u00bb phone_text_alignment=\u00bbdefault\u00bb bg_image_animation=\u00bbnone\u00bb border_type=\u00bbsimple\u00bb column_border_width=\u00bbnone\u00bb column_border_style=\u00bbsolid\u00bb][vc_gallery type=\u00bbflickity_static_height_style\u00bb images=\u00bb1132,1133,1131,1135&#8243; flickity_spacing=\u00bbdefault\u00bb flickity_controls=\u00bbpagination\u00bb flickity_overflow=\u00bbhidden\u00bb flickity_wrap_around=\u00bbwrap\u00bb flickity_box_shadow=\u00bbnone\u00bb image_loading=\u00bbdefault\u00bb onclick=\u00bblink_no\u00bb][\/vc_column][\/vc_row]\n","protected":false},"excerpt":{"rendered":"<p>[vc_row type=\u00bbin_container\u00bb full_screen_row_position=\u00bbmiddle\u00bb column_margin=\u00bbdefault\u00bb column_direction=\u00bbdefault\u00bb column_direction_tablet=\u00bbdefault\u00bb column_direction_phone=\u00bbdefault\u00bb scene_position=\u00bbcenter\u00bb text_color=\u00bbdark\u00bb text_align=\u00bbleft\u00bb row_border_radius=\u00bbnone\u00bb row_border_radius_applies=\u00bbbg\u00bb overlay_strength=\u00bb0.3&#8243; gradient_direction=\u00bbleft_to_right\u00bb shape_divider_position=\u00bbbottom\u00bb bg_image_animation=\u00bbnone\u00bb][vc_column column_padding=\u00bbno-extra-padding\u00bb column_padding_tablet=\u00bbinherit\u00bb column_padding_phone=\u00bbinherit\u00bb column_padding_position=\u00bball\u00bb&#8230;<\/p>\n","protected":false},"author":4,"featured_media":1122,"comment_status":"closed","ping_status":"closed","sticky":false,"template":"","format":"standard","meta":{"footnotes":""},"categories":[13],"tags":[],"class_list":{"0":"post-1120","1":"post","2":"type-post","3":"status-publish","4":"format-standard","5":"has-post-thumbnail","7":"category-noticias"},"yoast_head":"<!-- This site is optimized with the Yoast SEO plugin v25.4 - https:\/\/yoast.com\/wordpress\/plugins\/seo\/ -->\n<title>UNIVA Online celebra 35 a\u00f1os de trayectoria educativa con una mirada hacia el futuro de la Inteligencia Artificial - Univa<\/title>\n<meta name=\"robots\" content=\"index, follow, max-snippet:-1, max-image-preview:large, max-video-preview:-1\" \/>\n<link rel=\"canonical\" href=\"https:\/\/www.univa.mx\/online\/univa-online-celebra-35-anos-de-trayectoria-educativa-con-una-mirada-hacia-el-futuro-de-la-inteligencia-artificial\/\" \/>\n<meta property=\"og:locale\" content=\"es_ES\" \/>\n<meta property=\"og:type\" content=\"article\" \/>\n<meta property=\"og:title\" content=\"UNIVA Online celebra 35 a\u00f1os de trayectoria educativa con una mirada hacia el futuro de la Inteligencia Artificial - Univa\" \/>\n<meta property=\"og:description\" content=\"[vc_row type=\u00bbin_container\u00bb full_screen_row_position=\u00bbmiddle\u00bb column_margin=\u00bbdefault\u00bb column_direction=\u00bbdefault\u00bb column_direction_tablet=\u00bbdefault\u00bb column_direction_phone=\u00bbdefault\u00bb scene_position=\u00bbcenter\u00bb text_color=\u00bbdark\u00bb text_align=\u00bbleft\u00bb row_border_radius=\u00bbnone\u00bb row_border_radius_applies=\u00bbbg\u00bb overlay_strength=\u00bb0.3&#8243; gradient_direction=\u00bbleft_to_right\u00bb shape_divider_position=\u00bbbottom\u00bb bg_image_animation=\u00bbnone\u00bb][vc_column column_padding=\u00bbno-extra-padding\u00bb column_padding_tablet=\u00bbinherit\u00bb column_padding_phone=\u00bbinherit\u00bb column_padding_position=\u00bball\u00bb...\" \/>\n<meta property=\"og:url\" content=\"https:\/\/www.univa.mx\/online\/univa-online-celebra-35-anos-de-trayectoria-educativa-con-una-mirada-hacia-el-futuro-de-la-inteligencia-artificial\/\" \/>\n<meta property=\"og:site_name\" content=\"Univa\" \/>\n<meta property=\"article:published_time\" content=\"2026-03-27T05:40:24+00:00\" \/>\n<meta property=\"article:modified_time\" content=\"2026-03-27T18:24:50+00:00\" \/>\n<meta property=\"og:image\" content=\"https:\/\/www.univa.mx\/online\/wp-content\/uploads\/2026\/03\/BANNER-ANIVERSARIO-ONLINE-BLOG-UNIVA-ONLINE-1920X600.jpg\" \/>\n\t<meta property=\"og:image:width\" content=\"1920\" \/>\n\t<meta property=\"og:image:height\" content=\"600\" \/>\n\t<meta property=\"og:image:type\" content=\"image\/jpeg\" \/>\n<meta name=\"author\" content=\"AleReyes\" \/>\n<meta name=\"twitter:card\" content=\"summary_large_image\" \/>\n<meta name=\"twitter:label1\" content=\"Escrito por\" \/>\n\t<meta name=\"twitter:data1\" content=\"AleReyes\" \/>\n\t<meta name=\"twitter:label2\" content=\"Tiempo de lectura\" \/>\n\t<meta name=\"twitter:data2\" content=\"3 minutos\" \/>\n<script type=\"application\/ld+json\" class=\"yoast-schema-graph\">{\"@context\":\"https:\/\/schema.org\",\"@graph\":[{\"@type\":\"Article\",\"@id\":\"https:\/\/www.univa.mx\/online\/univa-online-celebra-35-anos-de-trayectoria-educativa-con-una-mirada-hacia-el-futuro-de-la-inteligencia-artificial\/#article\",\"isPartOf\":{\"@id\":\"https:\/\/www.univa.mx\/online\/univa-online-celebra-35-anos-de-trayectoria-educativa-con-una-mirada-hacia-el-futuro-de-la-inteligencia-artificial\/\"},\"author\":{\"name\":\"AleReyes\",\"@id\":\"https:\/\/www.univa.mx\/online\/#\/schema\/person\/004291a9ec26cde583ad4eaf7cae8e1a\"},\"headline\":\"UNIVA Online celebra 35 a\u00f1os de trayectoria educativa con una mirada hacia el futuro de la Inteligencia Artificial\",\"datePublished\":\"2026-03-27T05:40:24+00:00\",\"dateModified\":\"2026-03-27T18:24:50+00:00\",\"mainEntityOfPage\":{\"@id\":\"https:\/\/www.univa.mx\/online\/univa-online-celebra-35-anos-de-trayectoria-educativa-con-una-mirada-hacia-el-futuro-de-la-inteligencia-artificial\/\"},\"wordCount\":1056,\"publisher\":{\"@id\":\"https:\/\/www.univa.mx\/online\/#organization\"},\"image\":{\"@id\":\"https:\/\/www.univa.mx\/online\/univa-online-celebra-35-anos-de-trayectoria-educativa-con-una-mirada-hacia-el-futuro-de-la-inteligencia-artificial\/#primaryimage\"},\"thumbnailUrl\":\"https:\/\/www.univa.mx\/online\/wp-content\/uploads\/2026\/03\/BANNER-ANIVERSARIO-ONLINE-BLOG-UNIVA-ONLINE-1920X600.jpg\",\"articleSection\":[\"Noticias\"],\"inLanguage\":\"es\"},{\"@type\":\"WebPage\",\"@id\":\"https:\/\/www.univa.mx\/online\/univa-online-celebra-35-anos-de-trayectoria-educativa-con-una-mirada-hacia-el-futuro-de-la-inteligencia-artificial\/\",\"url\":\"https:\/\/www.univa.mx\/online\/univa-online-celebra-35-anos-de-trayectoria-educativa-con-una-mirada-hacia-el-futuro-de-la-inteligencia-artificial\/\",\"name\":\"UNIVA Online celebra 35 a\u00f1os de trayectoria educativa con una mirada hacia el futuro de la Inteligencia Artificial - Univa\",\"isPartOf\":{\"@id\":\"https:\/\/www.univa.mx\/online\/#website\"},\"primaryImageOfPage\":{\"@id\":\"https:\/\/www.univa.mx\/online\/univa-online-celebra-35-anos-de-trayectoria-educativa-con-una-mirada-hacia-el-futuro-de-la-inteligencia-artificial\/#primaryimage\"},\"image\":{\"@id\":\"https:\/\/www.univa.mx\/online\/univa-online-celebra-35-anos-de-trayectoria-educativa-con-una-mirada-hacia-el-futuro-de-la-inteligencia-artificial\/#primaryimage\"},\"thumbnailUrl\":\"https:\/\/www.univa.mx\/online\/wp-content\/uploads\/2026\/03\/BANNER-ANIVERSARIO-ONLINE-BLOG-UNIVA-ONLINE-1920X600.jpg\",\"datePublished\":\"2026-03-27T05:40:24+00:00\",\"dateModified\":\"2026-03-27T18:24:50+00:00\",\"breadcrumb\":{\"@id\":\"https:\/\/www.univa.mx\/online\/univa-online-celebra-35-anos-de-trayectoria-educativa-con-una-mirada-hacia-el-futuro-de-la-inteligencia-artificial\/#breadcrumb\"},\"inLanguage\":\"es\",\"potentialAction\":[{\"@type\":\"ReadAction\",\"target\":[\"https:\/\/www.univa.mx\/online\/univa-online-celebra-35-anos-de-trayectoria-educativa-con-una-mirada-hacia-el-futuro-de-la-inteligencia-artificial\/\"]}]},{\"@type\":\"ImageObject\",\"inLanguage\":\"es\",\"@id\":\"https:\/\/www.univa.mx\/online\/univa-online-celebra-35-anos-de-trayectoria-educativa-con-una-mirada-hacia-el-futuro-de-la-inteligencia-artificial\/#primaryimage\",\"url\":\"https:\/\/www.univa.mx\/online\/wp-content\/uploads\/2026\/03\/BANNER-ANIVERSARIO-ONLINE-BLOG-UNIVA-ONLINE-1920X600.jpg\",\"contentUrl\":\"https:\/\/www.univa.mx\/online\/wp-content\/uploads\/2026\/03\/BANNER-ANIVERSARIO-ONLINE-BLOG-UNIVA-ONLINE-1920X600.jpg\",\"width\":1920,\"height\":600},{\"@type\":\"BreadcrumbList\",\"@id\":\"https:\/\/www.univa.mx\/online\/univa-online-celebra-35-anos-de-trayectoria-educativa-con-una-mirada-hacia-el-futuro-de-la-inteligencia-artificial\/#breadcrumb\",\"itemListElement\":[{\"@type\":\"ListItem\",\"position\":1,\"name\":\"Portada\",\"item\":\"https:\/\/www.univa.mx\/online\/\"},{\"@type\":\"ListItem\",\"position\":2,\"name\":\"UNIVA Online celebra 35 a\u00f1os de trayectoria educativa con una mirada hacia el futuro de la Inteligencia Artificial\"}]},{\"@type\":\"WebSite\",\"@id\":\"https:\/\/www.univa.mx\/online\/#website\",\"url\":\"https:\/\/www.univa.mx\/online\/\",\"name\":\"Univa\",\"description\":\"Estudia en Univa Online\",\"publisher\":{\"@id\":\"https:\/\/www.univa.mx\/online\/#organization\"},\"potentialAction\":[{\"@type\":\"SearchAction\",\"target\":{\"@type\":\"EntryPoint\",\"urlTemplate\":\"https:\/\/www.univa.mx\/online\/?s={search_term_string}\"},\"query-input\":{\"@type\":\"PropertyValueSpecification\",\"valueRequired\":true,\"valueName\":\"search_term_string\"}}],\"inLanguage\":\"es\"},{\"@type\":\"Organization\",\"@id\":\"https:\/\/www.univa.mx\/online\/#organization\",\"name\":\"Univa Online\",\"url\":\"https:\/\/www.univa.mx\/online\/\",\"logo\":{\"@type\":\"ImageObject\",\"inLanguage\":\"es\",\"@id\":\"https:\/\/www.univa.mx\/online\/#\/schema\/logo\/image\/\",\"url\":\"https:\/\/www.univa.mx\/online\/wp-content\/uploads\/2021\/12\/top_logo_univa.png\",\"contentUrl\":\"https:\/\/www.univa.mx\/online\/wp-content\/uploads\/2021\/12\/top_logo_univa.png\",\"width\":295,\"height\":65,\"caption\":\"Univa Online\"},\"image\":{\"@id\":\"https:\/\/www.univa.mx\/online\/#\/schema\/logo\/image\/\"}},{\"@type\":\"Person\",\"@id\":\"https:\/\/www.univa.mx\/online\/#\/schema\/person\/004291a9ec26cde583ad4eaf7cae8e1a\",\"name\":\"AleReyes\",\"image\":{\"@type\":\"ImageObject\",\"inLanguage\":\"es\",\"@id\":\"https:\/\/www.univa.mx\/online\/#\/schema\/person\/image\/\",\"url\":\"https:\/\/secure.gravatar.com\/avatar\/43ae2b7a627388c2529404c7698448b06e79e664875a93a164cc62f42f2cee17?s=96&d=mm&r=g\",\"contentUrl\":\"https:\/\/secure.gravatar.com\/avatar\/43ae2b7a627388c2529404c7698448b06e79e664875a93a164cc62f42f2cee17?s=96&d=mm&r=g\",\"caption\":\"AleReyes\"},\"url\":\"https:\/\/www.univa.mx\/online\/author\/alereyes\/\"}]}<\/script>\n<!-- \/ Yoast SEO plugin. -->","yoast_head_json":{"title":"UNIVA Online celebra 35 a\u00f1os de trayectoria educativa con una mirada hacia el futuro de la Inteligencia Artificial - Univa","robots":{"index":"index","follow":"follow","max-snippet":"max-snippet:-1","max-image-preview":"max-image-preview:large","max-video-preview":"max-video-preview:-1"},"canonical":"https:\/\/www.univa.mx\/online\/univa-online-celebra-35-anos-de-trayectoria-educativa-con-una-mirada-hacia-el-futuro-de-la-inteligencia-artificial\/","og_locale":"es_ES","og_type":"article","og_title":"UNIVA Online celebra 35 a\u00f1os de trayectoria educativa con una mirada hacia el futuro de la Inteligencia Artificial - Univa","og_description":"[vc_row type=\u00bbin_container\u00bb full_screen_row_position=\u00bbmiddle\u00bb column_margin=\u00bbdefault\u00bb column_direction=\u00bbdefault\u00bb column_direction_tablet=\u00bbdefault\u00bb column_direction_phone=\u00bbdefault\u00bb scene_position=\u00bbcenter\u00bb text_color=\u00bbdark\u00bb text_align=\u00bbleft\u00bb row_border_radius=\u00bbnone\u00bb row_border_radius_applies=\u00bbbg\u00bb overlay_strength=\u00bb0.3&#8243; gradient_direction=\u00bbleft_to_right\u00bb shape_divider_position=\u00bbbottom\u00bb bg_image_animation=\u00bbnone\u00bb][vc_column column_padding=\u00bbno-extra-padding\u00bb column_padding_tablet=\u00bbinherit\u00bb column_padding_phone=\u00bbinherit\u00bb column_padding_position=\u00bball\u00bb...","og_url":"https:\/\/www.univa.mx\/online\/univa-online-celebra-35-anos-de-trayectoria-educativa-con-una-mirada-hacia-el-futuro-de-la-inteligencia-artificial\/","og_site_name":"Univa","article_published_time":"2026-03-27T05:40:24+00:00","article_modified_time":"2026-03-27T18:24:50+00:00","og_image":[{"width":1920,"height":600,"url":"https:\/\/www.univa.mx\/online\/wp-content\/uploads\/2026\/03\/BANNER-ANIVERSARIO-ONLINE-BLOG-UNIVA-ONLINE-1920X600.jpg","type":"image\/jpeg"}],"author":"AleReyes","twitter_card":"summary_large_image","twitter_misc":{"Escrito por":"AleReyes","Tiempo de lectura":"3 minutos"},"schema":{"@context":"https:\/\/schema.org","@graph":[{"@type":"Article","@id":"https:\/\/www.univa.mx\/online\/univa-online-celebra-35-anos-de-trayectoria-educativa-con-una-mirada-hacia-el-futuro-de-la-inteligencia-artificial\/#article","isPartOf":{"@id":"https:\/\/www.univa.mx\/online\/univa-online-celebra-35-anos-de-trayectoria-educativa-con-una-mirada-hacia-el-futuro-de-la-inteligencia-artificial\/"},"author":{"name":"AleReyes","@id":"https:\/\/www.univa.mx\/online\/#\/schema\/person\/004291a9ec26cde583ad4eaf7cae8e1a"},"headline":"UNIVA Online celebra 35 a\u00f1os de trayectoria educativa con una mirada hacia el futuro de la Inteligencia Artificial","datePublished":"2026-03-27T05:40:24+00:00","dateModified":"2026-03-27T18:24:50+00:00","mainEntityOfPage":{"@id":"https:\/\/www.univa.mx\/online\/univa-online-celebra-35-anos-de-trayectoria-educativa-con-una-mirada-hacia-el-futuro-de-la-inteligencia-artificial\/"},"wordCount":1056,"publisher":{"@id":"https:\/\/www.univa.mx\/online\/#organization"},"image":{"@id":"https:\/\/www.univa.mx\/online\/univa-online-celebra-35-anos-de-trayectoria-educativa-con-una-mirada-hacia-el-futuro-de-la-inteligencia-artificial\/#primaryimage"},"thumbnailUrl":"https:\/\/www.univa.mx\/online\/wp-content\/uploads\/2026\/03\/BANNER-ANIVERSARIO-ONLINE-BLOG-UNIVA-ONLINE-1920X600.jpg","articleSection":["Noticias"],"inLanguage":"es"},{"@type":"WebPage","@id":"https:\/\/www.univa.mx\/online\/univa-online-celebra-35-anos-de-trayectoria-educativa-con-una-mirada-hacia-el-futuro-de-la-inteligencia-artificial\/","url":"https:\/\/www.univa.mx\/online\/univa-online-celebra-35-anos-de-trayectoria-educativa-con-una-mirada-hacia-el-futuro-de-la-inteligencia-artificial\/","name":"UNIVA Online celebra 35 a\u00f1os de trayectoria educativa con una mirada hacia el futuro de la Inteligencia Artificial - Univa","isPartOf":{"@id":"https:\/\/www.univa.mx\/online\/#website"},"primaryImageOfPage":{"@id":"https:\/\/www.univa.mx\/online\/univa-online-celebra-35-anos-de-trayectoria-educativa-con-una-mirada-hacia-el-futuro-de-la-inteligencia-artificial\/#primaryimage"},"image":{"@id":"https:\/\/www.univa.mx\/online\/univa-online-celebra-35-anos-de-trayectoria-educativa-con-una-mirada-hacia-el-futuro-de-la-inteligencia-artificial\/#primaryimage"},"thumbnailUrl":"https:\/\/www.univa.mx\/online\/wp-content\/uploads\/2026\/03\/BANNER-ANIVERSARIO-ONLINE-BLOG-UNIVA-ONLINE-1920X600.jpg","datePublished":"2026-03-27T05:40:24+00:00","dateModified":"2026-03-27T18:24:50+00:00","breadcrumb":{"@id":"https:\/\/www.univa.mx\/online\/univa-online-celebra-35-anos-de-trayectoria-educativa-con-una-mirada-hacia-el-futuro-de-la-inteligencia-artificial\/#breadcrumb"},"inLanguage":"es","potentialAction":[{"@type":"ReadAction","target":["https:\/\/www.univa.mx\/online\/univa-online-celebra-35-anos-de-trayectoria-educativa-con-una-mirada-hacia-el-futuro-de-la-inteligencia-artificial\/"]}]},{"@type":"ImageObject","inLanguage":"es","@id":"https:\/\/www.univa.mx\/online\/univa-online-celebra-35-anos-de-trayectoria-educativa-con-una-mirada-hacia-el-futuro-de-la-inteligencia-artificial\/#primaryimage","url":"https:\/\/www.univa.mx\/online\/wp-content\/uploads\/2026\/03\/BANNER-ANIVERSARIO-ONLINE-BLOG-UNIVA-ONLINE-1920X600.jpg","contentUrl":"https:\/\/www.univa.mx\/online\/wp-content\/uploads\/2026\/03\/BANNER-ANIVERSARIO-ONLINE-BLOG-UNIVA-ONLINE-1920X600.jpg","width":1920,"height":600},{"@type":"BreadcrumbList","@id":"https:\/\/www.univa.mx\/online\/univa-online-celebra-35-anos-de-trayectoria-educativa-con-una-mirada-hacia-el-futuro-de-la-inteligencia-artificial\/#breadcrumb","itemListElement":[{"@type":"ListItem","position":1,"name":"Portada","item":"https:\/\/www.univa.mx\/online\/"},{"@type":"ListItem","position":2,"name":"UNIVA Online celebra 35 a\u00f1os de trayectoria educativa con una mirada hacia el futuro de la Inteligencia Artificial"}]},{"@type":"WebSite","@id":"https:\/\/www.univa.mx\/online\/#website","url":"https:\/\/www.univa.mx\/online\/","name":"Univa","description":"Estudia en Univa Online","publisher":{"@id":"https:\/\/www.univa.mx\/online\/#organization"},"potentialAction":[{"@type":"SearchAction","target":{"@type":"EntryPoint","urlTemplate":"https:\/\/www.univa.mx\/online\/?s={search_term_string}"},"query-input":{"@type":"PropertyValueSpecification","valueRequired":true,"valueName":"search_term_string"}}],"inLanguage":"es"},{"@type":"Organization","@id":"https:\/\/www.univa.mx\/online\/#organization","name":"Univa Online","url":"https:\/\/www.univa.mx\/online\/","logo":{"@type":"ImageObject","inLanguage":"es","@id":"https:\/\/www.univa.mx\/online\/#\/schema\/logo\/image\/","url":"https:\/\/www.univa.mx\/online\/wp-content\/uploads\/2021\/12\/top_logo_univa.png","contentUrl":"https:\/\/www.univa.mx\/online\/wp-content\/uploads\/2021\/12\/top_logo_univa.png","width":295,"height":65,"caption":"Univa Online"},"image":{"@id":"https:\/\/www.univa.mx\/online\/#\/schema\/logo\/image\/"}},{"@type":"Person","@id":"https:\/\/www.univa.mx\/online\/#\/schema\/person\/004291a9ec26cde583ad4eaf7cae8e1a","name":"AleReyes","image":{"@type":"ImageObject","inLanguage":"es","@id":"https:\/\/www.univa.mx\/online\/#\/schema\/person\/image\/","url":"https:\/\/secure.gravatar.com\/avatar\/43ae2b7a627388c2529404c7698448b06e79e664875a93a164cc62f42f2cee17?s=96&d=mm&r=g","contentUrl":"https:\/\/secure.gravatar.com\/avatar\/43ae2b7a627388c2529404c7698448b06e79e664875a93a164cc62f42f2cee17?s=96&d=mm&r=g","caption":"AleReyes"},"url":"https:\/\/www.univa.mx\/online\/author\/alereyes\/"}]}},"_links":{"self":[{"href":"https:\/\/www.univa.mx\/online\/wp-json\/wp\/v2\/posts\/1120","targetHints":{"allow":["GET"]}}],"collection":[{"href":"https:\/\/www.univa.mx\/online\/wp-json\/wp\/v2\/posts"}],"about":[{"href":"https:\/\/www.univa.mx\/online\/wp-json\/wp\/v2\/types\/post"}],"author":[{"embeddable":true,"href":"https:\/\/www.univa.mx\/online\/wp-json\/wp\/v2\/users\/4"}],"replies":[{"embeddable":true,"href":"https:\/\/www.univa.mx\/online\/wp-json\/wp\/v2\/comments?post=1120"}],"version-history":[{"count":6,"href":"https:\/\/www.univa.mx\/online\/wp-json\/wp\/v2\/posts\/1120\/revisions"}],"predecessor-version":[{"id":1136,"href":"https:\/\/www.univa.mx\/online\/wp-json\/wp\/v2\/posts\/1120\/revisions\/1136"}],"wp:featuredmedia":[{"embeddable":true,"href":"https:\/\/www.univa.mx\/online\/wp-json\/wp\/v2\/media\/1122"}],"wp:attachment":[{"href":"https:\/\/www.univa.mx\/online\/wp-json\/wp\/v2\/media?parent=1120"}],"wp:term":[{"taxonomy":"category","embeddable":true,"href":"https:\/\/www.univa.mx\/online\/wp-json\/wp\/v2\/categories?post=1120"},{"taxonomy":"post_tag","embeddable":true,"href":"https:\/\/www.univa.mx\/online\/wp-json\/wp\/v2\/tags?post=1120"}],"curies":[{"name":"wp","href":"https:\/\/api.w.org\/{rel}","templated":true}]}}