{"id":1117,"date":"2026-03-26T18:08:12","date_gmt":"2026-03-26T18:08:12","guid":{"rendered":"https:\/\/www.univa.mx\/online\/?p=1117"},"modified":"2026-03-26T18:08:12","modified_gmt":"2026-03-26T18:08:12","slug":"univa-online-celebra-conversatorio-comunidad-online-conectando-experiencias-en-el-marco-de-su-35-o-aniversario","status":"publish","type":"post","link":"https:\/\/www.univa.mx\/online\/univa-online-celebra-conversatorio-comunidad-online-conectando-experiencias-en-el-marco-de-su-35-o-aniversario\/","title":{"rendered":"UNIVA Online celebra conversatorio \u201cComunidad Online: Conectando Experiencias\u201d  en el marco de su 35.\u00ba aniversario"},"content":{"rendered":"<p>En el marco de su 35. \u00b0 aniversario, la Universidad del Valle de Atemajac (UNIVA) Campus Online llev\u00f3 a cabo el conversatorio <em>\u201cComunidad Online: Conectando Experiencias\u201d<\/em>, un espacio virtual dise\u00f1ado para compartir vivencias, aprendizajes y reflexiones de estudiantes dentro de su modelo educativo.<\/p>\n<p>Este encuentro se inscribe en una etapa significativa para la instituci\u00f3n, al conmemorar 30 a\u00f1os de experiencia en educaci\u00f3n a distancia bajo el modelo UNADIS y 5 a\u00f1os de consolidaci\u00f3n como Campus Online, reafirmando su liderazgo en innovaci\u00f3n educativa.<\/p>\n<p>El objetivo central del conversatorio fue <strong>visibilizar las experiencias de la comunidad estudiantil<\/strong>, destacando c\u00f3mo el modelo educativo de UNIVA Online impacta de manera directa en el desarrollo profesional, personal y social de sus estudiantes.<\/p>\n<p>M\u00e1s all\u00e1 del intercambio acad\u00e9mico, la iniciativa se sustenta en principios institucionales como la <strong>interculturalidad, la inclusi\u00f3n y la equidad social<\/strong>, al reconocer la diversidad de contextos, trayectorias y saberes de su comunidad. Este enfoque permite construir un entorno donde cada experiencia suma valor, fortalece el sentido de pertenencia y posiciona al estudiante como agente activo de cambio.<\/p>\n<p>La sesi\u00f3n fue moderada por la Mtra. Fabiola Estrella Morales, quien condujo un di\u00e1logo din\u00e1mico basado en preguntas abiertas y dirigidas, facilitando un espacio de participaci\u00f3n aut\u00e9ntico y cercano.<\/p>\n<p>Durante el conversatorio, las y los estudiantes compartieron testimonios que evidencian el valor del modelo online, destacando:<\/p>\n<ul>\n<li><strong>La aplicaci\u00f3n inmediata del aprendizaje<\/strong>, al trasladar proyectos acad\u00e9micos a su entorno laboral, generando mejoras concretas en sus organizaciones.<\/li>\n<li><strong>El desarrollo de habilidades de autogesti\u00f3n y disciplina<\/strong>, fundamentales para el \u00e9xito en entornos digitales.<\/li>\n<li><strong>La motivaci\u00f3n constante por continuar su formaci\u00f3n<\/strong>, encontrando en la modalidad online una oportunidad accesible y flexible.<\/li>\n<\/ul>\n<p>Uno de los elementos m\u00e1s valorados fue la <strong>biblioteca digital<\/strong>, reconocida por su amplio acervo y facilidad de acceso. Los estudiantes resaltaron c\u00f3mo esta herramienta permite consultar recursos especializados de forma inmediata, fortalecer la investigaci\u00f3n acad\u00e9mica y enriquecer su proceso formativo sin barreras f\u00edsicas.<\/p>\n<p>Asimismo, el conversatorio evidenci\u00f3 c\u00f3mo estas experiencias individuales se transforman en un recurso educativo colectivo, promoviendo la <strong>innovaci\u00f3n social<\/strong> mediante el aprendizaje colaborativo y la construcci\u00f3n de conocimiento entre pares.<\/p>\n<p>El evento concluy\u00f3 con la entrega de reconocimientos a los participantes y una invitaci\u00f3n a continuar formando parte de las actividades conmemorativas, incluyendo la conferencia de cierre <em>\u201cConectados por la innovaci\u00f3n: inteligencia artificial generativa en la educaci\u00f3n online\u201d<\/em>.<\/p>\n<p>Con este tipo de espacios, UNIVA Online reafirma su compromiso con una educaci\u00f3n centrada en el estudiante, flexible, incluyente y orientada a responder a los desaf\u00edos actuales de la formaci\u00f3n profesional en entornos digitales.Principio del formulario<\/p>\n","protected":false},"excerpt":{"rendered":"<p>En el marco de su 35. \u00b0 aniversario, la Universidad del Valle de Atemajac (UNIVA) Campus Online llev\u00f3 a cabo&#8230;<\/p>\n","protected":false},"author":4,"featured_media":1118,"comment_status":"closed","ping_status":"closed","sticky":false,"template":"","format":"standard","meta":{"footnotes":""},"categories":[13],"tags":[],"class_list":{"0":"post-1117","1":"post","2":"type-post","3":"status-publish","4":"format-standard","5":"has-post-thumbnail","7":"category-noticias"},"yoast_head":"<!-- This site is optimized with the Yoast SEO plugin v25.4 - https:\/\/yoast.com\/wordpress\/plugins\/seo\/ -->\n<title>UNIVA Online celebra conversatorio \u201cComunidad Online: Conectando Experiencias\u201d en el marco de su 35.\u00ba aniversario - Univa<\/title>\n<meta name=\"robots\" content=\"index, follow, max-snippet:-1, max-image-preview:large, max-video-preview:-1\" \/>\n<link rel=\"canonical\" href=\"https:\/\/www.univa.mx\/online\/univa-online-celebra-conversatorio-comunidad-online-conectando-experiencias-en-el-marco-de-su-35-o-aniversario\/\" \/>\n<meta property=\"og:locale\" content=\"es_ES\" \/>\n<meta property=\"og:type\" content=\"article\" \/>\n<meta property=\"og:title\" content=\"UNIVA Online celebra conversatorio \u201cComunidad Online: Conectando Experiencias\u201d en el marco de su 35.\u00ba aniversario - Univa\" \/>\n<meta property=\"og:description\" content=\"En el marco de su 35. \u00b0 aniversario, la Universidad del Valle de Atemajac (UNIVA) Campus Online llev\u00f3 a cabo...\" \/>\n<meta property=\"og:url\" content=\"https:\/\/www.univa.mx\/online\/univa-online-celebra-conversatorio-comunidad-online-conectando-experiencias-en-el-marco-de-su-35-o-aniversario\/\" \/>\n<meta property=\"og:site_name\" content=\"Univa\" \/>\n<meta property=\"article:published_time\" content=\"2026-03-26T18:08:12+00:00\" \/>\n<meta property=\"og:image\" content=\"https:\/\/www.univa.mx\/online\/wp-content\/uploads\/2026\/03\/BANNERS-BLOG-EVENTO-ANIVERSARIO-UNIVA-ONLINE-1920X600.jpg\" \/>\n\t<meta property=\"og:image:width\" content=\"1920\" \/>\n\t<meta property=\"og:image:height\" content=\"600\" \/>\n\t<meta property=\"og:image:type\" content=\"image\/jpeg\" \/>\n<meta name=\"author\" content=\"AleReyes\" \/>\n<meta name=\"twitter:card\" content=\"summary_large_image\" \/>\n<meta name=\"twitter:label1\" content=\"Escrito por\" \/>\n\t<meta name=\"twitter:data1\" content=\"AleReyes\" \/>\n\t<meta name=\"twitter:label2\" content=\"Tiempo de lectura\" \/>\n\t<meta name=\"twitter:data2\" content=\"3 minutos\" \/>\n<script type=\"application\/ld+json\" class=\"yoast-schema-graph\">{\"@context\":\"https:\/\/schema.org\",\"@graph\":[{\"@type\":\"Article\",\"@id\":\"https:\/\/www.univa.mx\/online\/univa-online-celebra-conversatorio-comunidad-online-conectando-experiencias-en-el-marco-de-su-35-o-aniversario\/#article\",\"isPartOf\":{\"@id\":\"https:\/\/www.univa.mx\/online\/univa-online-celebra-conversatorio-comunidad-online-conectando-experiencias-en-el-marco-de-su-35-o-aniversario\/\"},\"author\":{\"name\":\"AleReyes\",\"@id\":\"https:\/\/www.univa.mx\/online\/#\/schema\/person\/004291a9ec26cde583ad4eaf7cae8e1a\"},\"headline\":\"UNIVA Online celebra conversatorio \u201cComunidad Online: Conectando Experiencias\u201d en el marco de su 35.\u00ba aniversario\",\"datePublished\":\"2026-03-26T18:08:12+00:00\",\"mainEntityOfPage\":{\"@id\":\"https:\/\/www.univa.mx\/online\/univa-online-celebra-conversatorio-comunidad-online-conectando-experiencias-en-el-marco-de-su-35-o-aniversario\/\"},\"wordCount\":466,\"publisher\":{\"@id\":\"https:\/\/www.univa.mx\/online\/#organization\"},\"image\":{\"@id\":\"https:\/\/www.univa.mx\/online\/univa-online-celebra-conversatorio-comunidad-online-conectando-experiencias-en-el-marco-de-su-35-o-aniversario\/#primaryimage\"},\"thumbnailUrl\":\"https:\/\/www.univa.mx\/online\/wp-content\/uploads\/2026\/03\/BANNERS-BLOG-EVENTO-ANIVERSARIO-UNIVA-ONLINE-1920X600.jpg\",\"articleSection\":[\"Noticias\"],\"inLanguage\":\"es\"},{\"@type\":\"WebPage\",\"@id\":\"https:\/\/www.univa.mx\/online\/univa-online-celebra-conversatorio-comunidad-online-conectando-experiencias-en-el-marco-de-su-35-o-aniversario\/\",\"url\":\"https:\/\/www.univa.mx\/online\/univa-online-celebra-conversatorio-comunidad-online-conectando-experiencias-en-el-marco-de-su-35-o-aniversario\/\",\"name\":\"UNIVA Online celebra conversatorio \u201cComunidad Online: Conectando Experiencias\u201d en el marco de su 35.\u00ba aniversario - Univa\",\"isPartOf\":{\"@id\":\"https:\/\/www.univa.mx\/online\/#website\"},\"primaryImageOfPage\":{\"@id\":\"https:\/\/www.univa.mx\/online\/univa-online-celebra-conversatorio-comunidad-online-conectando-experiencias-en-el-marco-de-su-35-o-aniversario\/#primaryimage\"},\"image\":{\"@id\":\"https:\/\/www.univa.mx\/online\/univa-online-celebra-conversatorio-comunidad-online-conectando-experiencias-en-el-marco-de-su-35-o-aniversario\/#primaryimage\"},\"thumbnailUrl\":\"https:\/\/www.univa.mx\/online\/wp-content\/uploads\/2026\/03\/BANNERS-BLOG-EVENTO-ANIVERSARIO-UNIVA-ONLINE-1920X600.jpg\",\"datePublished\":\"2026-03-26T18:08:12+00:00\",\"breadcrumb\":{\"@id\":\"https:\/\/www.univa.mx\/online\/univa-online-celebra-conversatorio-comunidad-online-conectando-experiencias-en-el-marco-de-su-35-o-aniversario\/#breadcrumb\"},\"inLanguage\":\"es\",\"potentialAction\":[{\"@type\":\"ReadAction\",\"target\":[\"https:\/\/www.univa.mx\/online\/univa-online-celebra-conversatorio-comunidad-online-conectando-experiencias-en-el-marco-de-su-35-o-aniversario\/\"]}]},{\"@type\":\"ImageObject\",\"inLanguage\":\"es\",\"@id\":\"https:\/\/www.univa.mx\/online\/univa-online-celebra-conversatorio-comunidad-online-conectando-experiencias-en-el-marco-de-su-35-o-aniversario\/#primaryimage\",\"url\":\"https:\/\/www.univa.mx\/online\/wp-content\/uploads\/2026\/03\/BANNERS-BLOG-EVENTO-ANIVERSARIO-UNIVA-ONLINE-1920X600.jpg\",\"contentUrl\":\"https:\/\/www.univa.mx\/online\/wp-content\/uploads\/2026\/03\/BANNERS-BLOG-EVENTO-ANIVERSARIO-UNIVA-ONLINE-1920X600.jpg\",\"width\":1920,\"height\":600},{\"@type\":\"BreadcrumbList\",\"@id\":\"https:\/\/www.univa.mx\/online\/univa-online-celebra-conversatorio-comunidad-online-conectando-experiencias-en-el-marco-de-su-35-o-aniversario\/#breadcrumb\",\"itemListElement\":[{\"@type\":\"ListItem\",\"position\":1,\"name\":\"Portada\",\"item\":\"https:\/\/www.univa.mx\/online\/\"},{\"@type\":\"ListItem\",\"position\":2,\"name\":\"UNIVA Online celebra conversatorio \u201cComunidad Online: Conectando Experiencias\u201d en el marco de su 35.\u00ba aniversario\"}]},{\"@type\":\"WebSite\",\"@id\":\"https:\/\/www.univa.mx\/online\/#website\",\"url\":\"https:\/\/www.univa.mx\/online\/\",\"name\":\"Univa\",\"description\":\"Estudia en Univa Online\",\"publisher\":{\"@id\":\"https:\/\/www.univa.mx\/online\/#organization\"},\"potentialAction\":[{\"@type\":\"SearchAction\",\"target\":{\"@type\":\"EntryPoint\",\"urlTemplate\":\"https:\/\/www.univa.mx\/online\/?s={search_term_string}\"},\"query-input\":{\"@type\":\"PropertyValueSpecification\",\"valueRequired\":true,\"valueName\":\"search_term_string\"}}],\"inLanguage\":\"es\"},{\"@type\":\"Organization\",\"@id\":\"https:\/\/www.univa.mx\/online\/#organization\",\"name\":\"Univa Online\",\"url\":\"https:\/\/www.univa.mx\/online\/\",\"logo\":{\"@type\":\"ImageObject\",\"inLanguage\":\"es\",\"@id\":\"https:\/\/www.univa.mx\/online\/#\/schema\/logo\/image\/\",\"url\":\"https:\/\/www.univa.mx\/online\/wp-content\/uploads\/2021\/12\/top_logo_univa.png\",\"contentUrl\":\"https:\/\/www.univa.mx\/online\/wp-content\/uploads\/2021\/12\/top_logo_univa.png\",\"width\":295,\"height\":65,\"caption\":\"Univa Online\"},\"image\":{\"@id\":\"https:\/\/www.univa.mx\/online\/#\/schema\/logo\/image\/\"}},{\"@type\":\"Person\",\"@id\":\"https:\/\/www.univa.mx\/online\/#\/schema\/person\/004291a9ec26cde583ad4eaf7cae8e1a\",\"name\":\"AleReyes\",\"image\":{\"@type\":\"ImageObject\",\"inLanguage\":\"es\",\"@id\":\"https:\/\/www.univa.mx\/online\/#\/schema\/person\/image\/\",\"url\":\"https:\/\/secure.gravatar.com\/avatar\/43ae2b7a627388c2529404c7698448b06e79e664875a93a164cc62f42f2cee17?s=96&d=mm&r=g\",\"contentUrl\":\"https:\/\/secure.gravatar.com\/avatar\/43ae2b7a627388c2529404c7698448b06e79e664875a93a164cc62f42f2cee17?s=96&d=mm&r=g\",\"caption\":\"AleReyes\"},\"url\":\"https:\/\/www.univa.mx\/online\/author\/alereyes\/\"}]}<\/script>\n<!-- \/ Yoast SEO plugin. -->","yoast_head_json":{"title":"UNIVA Online celebra conversatorio \u201cComunidad Online: Conectando Experiencias\u201d en el marco de su 35.\u00ba aniversario - Univa","robots":{"index":"index","follow":"follow","max-snippet":"max-snippet:-1","max-image-preview":"max-image-preview:large","max-video-preview":"max-video-preview:-1"},"canonical":"https:\/\/www.univa.mx\/online\/univa-online-celebra-conversatorio-comunidad-online-conectando-experiencias-en-el-marco-de-su-35-o-aniversario\/","og_locale":"es_ES","og_type":"article","og_title":"UNIVA Online celebra conversatorio \u201cComunidad Online: Conectando Experiencias\u201d en el marco de su 35.\u00ba aniversario - Univa","og_description":"En el marco de su 35. \u00b0 aniversario, la Universidad del Valle de Atemajac (UNIVA) Campus Online llev\u00f3 a cabo...","og_url":"https:\/\/www.univa.mx\/online\/univa-online-celebra-conversatorio-comunidad-online-conectando-experiencias-en-el-marco-de-su-35-o-aniversario\/","og_site_name":"Univa","article_published_time":"2026-03-26T18:08:12+00:00","og_image":[{"width":1920,"height":600,"url":"https:\/\/www.univa.mx\/online\/wp-content\/uploads\/2026\/03\/BANNERS-BLOG-EVENTO-ANIVERSARIO-UNIVA-ONLINE-1920X600.jpg","type":"image\/jpeg"}],"author":"AleReyes","twitter_card":"summary_large_image","twitter_misc":{"Escrito por":"AleReyes","Tiempo de lectura":"3 minutos"},"schema":{"@context":"https:\/\/schema.org","@graph":[{"@type":"Article","@id":"https:\/\/www.univa.mx\/online\/univa-online-celebra-conversatorio-comunidad-online-conectando-experiencias-en-el-marco-de-su-35-o-aniversario\/#article","isPartOf":{"@id":"https:\/\/www.univa.mx\/online\/univa-online-celebra-conversatorio-comunidad-online-conectando-experiencias-en-el-marco-de-su-35-o-aniversario\/"},"author":{"name":"AleReyes","@id":"https:\/\/www.univa.mx\/online\/#\/schema\/person\/004291a9ec26cde583ad4eaf7cae8e1a"},"headline":"UNIVA Online celebra conversatorio \u201cComunidad Online: Conectando Experiencias\u201d en el marco de su 35.\u00ba aniversario","datePublished":"2026-03-26T18:08:12+00:00","mainEntityOfPage":{"@id":"https:\/\/www.univa.mx\/online\/univa-online-celebra-conversatorio-comunidad-online-conectando-experiencias-en-el-marco-de-su-35-o-aniversario\/"},"wordCount":466,"publisher":{"@id":"https:\/\/www.univa.mx\/online\/#organization"},"image":{"@id":"https:\/\/www.univa.mx\/online\/univa-online-celebra-conversatorio-comunidad-online-conectando-experiencias-en-el-marco-de-su-35-o-aniversario\/#primaryimage"},"thumbnailUrl":"https:\/\/www.univa.mx\/online\/wp-content\/uploads\/2026\/03\/BANNERS-BLOG-EVENTO-ANIVERSARIO-UNIVA-ONLINE-1920X600.jpg","articleSection":["Noticias"],"inLanguage":"es"},{"@type":"WebPage","@id":"https:\/\/www.univa.mx\/online\/univa-online-celebra-conversatorio-comunidad-online-conectando-experiencias-en-el-marco-de-su-35-o-aniversario\/","url":"https:\/\/www.univa.mx\/online\/univa-online-celebra-conversatorio-comunidad-online-conectando-experiencias-en-el-marco-de-su-35-o-aniversario\/","name":"UNIVA Online celebra conversatorio \u201cComunidad Online: Conectando Experiencias\u201d en el marco de su 35.\u00ba aniversario - Univa","isPartOf":{"@id":"https:\/\/www.univa.mx\/online\/#website"},"primaryImageOfPage":{"@id":"https:\/\/www.univa.mx\/online\/univa-online-celebra-conversatorio-comunidad-online-conectando-experiencias-en-el-marco-de-su-35-o-aniversario\/#primaryimage"},"image":{"@id":"https:\/\/www.univa.mx\/online\/univa-online-celebra-conversatorio-comunidad-online-conectando-experiencias-en-el-marco-de-su-35-o-aniversario\/#primaryimage"},"thumbnailUrl":"https:\/\/www.univa.mx\/online\/wp-content\/uploads\/2026\/03\/BANNERS-BLOG-EVENTO-ANIVERSARIO-UNIVA-ONLINE-1920X600.jpg","datePublished":"2026-03-26T18:08:12+00:00","breadcrumb":{"@id":"https:\/\/www.univa.mx\/online\/univa-online-celebra-conversatorio-comunidad-online-conectando-experiencias-en-el-marco-de-su-35-o-aniversario\/#breadcrumb"},"inLanguage":"es","potentialAction":[{"@type":"ReadAction","target":["https:\/\/www.univa.mx\/online\/univa-online-celebra-conversatorio-comunidad-online-conectando-experiencias-en-el-marco-de-su-35-o-aniversario\/"]}]},{"@type":"ImageObject","inLanguage":"es","@id":"https:\/\/www.univa.mx\/online\/univa-online-celebra-conversatorio-comunidad-online-conectando-experiencias-en-el-marco-de-su-35-o-aniversario\/#primaryimage","url":"https:\/\/www.univa.mx\/online\/wp-content\/uploads\/2026\/03\/BANNERS-BLOG-EVENTO-ANIVERSARIO-UNIVA-ONLINE-1920X600.jpg","contentUrl":"https:\/\/www.univa.mx\/online\/wp-content\/uploads\/2026\/03\/BANNERS-BLOG-EVENTO-ANIVERSARIO-UNIVA-ONLINE-1920X600.jpg","width":1920,"height":600},{"@type":"BreadcrumbList","@id":"https:\/\/www.univa.mx\/online\/univa-online-celebra-conversatorio-comunidad-online-conectando-experiencias-en-el-marco-de-su-35-o-aniversario\/#breadcrumb","itemListElement":[{"@type":"ListItem","position":1,"name":"Portada","item":"https:\/\/www.univa.mx\/online\/"},{"@type":"ListItem","position":2,"name":"UNIVA Online celebra conversatorio \u201cComunidad Online: Conectando Experiencias\u201d en el marco de su 35.\u00ba aniversario"}]},{"@type":"WebSite","@id":"https:\/\/www.univa.mx\/online\/#website","url":"https:\/\/www.univa.mx\/online\/","name":"Univa","description":"Estudia en Univa Online","publisher":{"@id":"https:\/\/www.univa.mx\/online\/#organization"},"potentialAction":[{"@type":"SearchAction","target":{"@type":"EntryPoint","urlTemplate":"https:\/\/www.univa.mx\/online\/?s={search_term_string}"},"query-input":{"@type":"PropertyValueSpecification","valueRequired":true,"valueName":"search_term_string"}}],"inLanguage":"es"},{"@type":"Organization","@id":"https:\/\/www.univa.mx\/online\/#organization","name":"Univa Online","url":"https:\/\/www.univa.mx\/online\/","logo":{"@type":"ImageObject","inLanguage":"es","@id":"https:\/\/www.univa.mx\/online\/#\/schema\/logo\/image\/","url":"https:\/\/www.univa.mx\/online\/wp-content\/uploads\/2021\/12\/top_logo_univa.png","contentUrl":"https:\/\/www.univa.mx\/online\/wp-content\/uploads\/2021\/12\/top_logo_univa.png","width":295,"height":65,"caption":"Univa Online"},"image":{"@id":"https:\/\/www.univa.mx\/online\/#\/schema\/logo\/image\/"}},{"@type":"Person","@id":"https:\/\/www.univa.mx\/online\/#\/schema\/person\/004291a9ec26cde583ad4eaf7cae8e1a","name":"AleReyes","image":{"@type":"ImageObject","inLanguage":"es","@id":"https:\/\/www.univa.mx\/online\/#\/schema\/person\/image\/","url":"https:\/\/secure.gravatar.com\/avatar\/43ae2b7a627388c2529404c7698448b06e79e664875a93a164cc62f42f2cee17?s=96&d=mm&r=g","contentUrl":"https:\/\/secure.gravatar.com\/avatar\/43ae2b7a627388c2529404c7698448b06e79e664875a93a164cc62f42f2cee17?s=96&d=mm&r=g","caption":"AleReyes"},"url":"https:\/\/www.univa.mx\/online\/author\/alereyes\/"}]}},"_links":{"self":[{"href":"https:\/\/www.univa.mx\/online\/wp-json\/wp\/v2\/posts\/1117","targetHints":{"allow":["GET"]}}],"collection":[{"href":"https:\/\/www.univa.mx\/online\/wp-json\/wp\/v2\/posts"}],"about":[{"href":"https:\/\/www.univa.mx\/online\/wp-json\/wp\/v2\/types\/post"}],"author":[{"embeddable":true,"href":"https:\/\/www.univa.mx\/online\/wp-json\/wp\/v2\/users\/4"}],"replies":[{"embeddable":true,"href":"https:\/\/www.univa.mx\/online\/wp-json\/wp\/v2\/comments?post=1117"}],"version-history":[{"count":1,"href":"https:\/\/www.univa.mx\/online\/wp-json\/wp\/v2\/posts\/1117\/revisions"}],"predecessor-version":[{"id":1119,"href":"https:\/\/www.univa.mx\/online\/wp-json\/wp\/v2\/posts\/1117\/revisions\/1119"}],"wp:featuredmedia":[{"embeddable":true,"href":"https:\/\/www.univa.mx\/online\/wp-json\/wp\/v2\/media\/1118"}],"wp:attachment":[{"href":"https:\/\/www.univa.mx\/online\/wp-json\/wp\/v2\/media?parent=1117"}],"wp:term":[{"taxonomy":"category","embeddable":true,"href":"https:\/\/www.univa.mx\/online\/wp-json\/wp\/v2\/categories?post=1117"},{"taxonomy":"post_tag","embeddable":true,"href":"https:\/\/www.univa.mx\/online\/wp-json\/wp\/v2\/tags?post=1117"}],"curies":[{"name":"wp","href":"https:\/\/api.w.org\/{rel}","templated":true}]}}