{"id":1104,"date":"2026-03-24T16:56:52","date_gmt":"2026-03-24T16:56:52","guid":{"rendered":"https:\/\/www.univa.mx\/online\/?p=1104"},"modified":"2026-03-24T20:22:59","modified_gmt":"2026-03-24T20:22:59","slug":"univa-online-conmemora-su-35-aniversario-con-conferencia-sobre-acompanamiento-integral-en-linea","status":"publish","type":"post","link":"https:\/\/www.univa.mx\/online\/univa-online-conmemora-su-35-aniversario-con-conferencia-sobre-acompanamiento-integral-en-linea\/","title":{"rendered":"UNIVA Online conmemora su 35.\u00b0 aniversario con conferencia sobre acompa\u00f1amiento integral en l\u00ednea"},"content":{"rendered":"[vc_row type=\u00bbin_container\u00bb full_screen_row_position=\u00bbmiddle\u00bb column_margin=\u00bbdefault\u00bb column_direction=\u00bbdefault\u00bb column_direction_tablet=\u00bbdefault\u00bb column_direction_phone=\u00bbdefault\u00bb scene_position=\u00bbcenter\u00bb text_color=\u00bbdark\u00bb text_align=\u00bbleft\u00bb row_border_radius=\u00bbnone\u00bb row_border_radius_applies=\u00bbbg\u00bb overlay_strength=\u00bb0.3&#8243; gradient_direction=\u00bbleft_to_right\u00bb shape_divider_position=\u00bbbottom\u00bb bg_image_animation=\u00bbnone\u00bb][vc_column column_padding=\u00bbno-extra-padding\u00bb column_padding_tablet=\u00bbinherit\u00bb column_padding_phone=\u00bbinherit\u00bb column_padding_position=\u00bball\u00bb column_element_spacing=\u00bbdefault\u00bb background_color_opacity=\u00bb1&#8243; background_hover_color_opacity=\u00bb1&#8243; column_shadow=\u00bbnone\u00bb column_border_radius=\u00bbnone\u00bb column_link_target=\u00bb_self\u00bb gradient_direction=\u00bbleft_to_right\u00bb overlay_strength=\u00bb0.3&#8243; width=\u00bb1\/1&#8243; tablet_width_inherit=\u00bbdefault\u00bb tablet_text_alignment=\u00bbdefault\u00bb phone_text_alignment=\u00bbdefault\u00bb bg_image_animation=\u00bbnone\u00bb border_type=\u00bbsimple\u00bb column_border_width=\u00bbnone\u00bb column_border_style=\u00bbsolid\u00bb][vc_column_text]En el marco de la conmemoraci\u00f3n por los 35 a\u00f1os de trayectoria de UNIVA Online \u201430 a\u00f1os como Universidad a Distancia (UNADIS) y cinco a\u00f1os desde su consolidaci\u00f3n como Campus Online\u2014, se llev\u00f3 a cabo la conferencia \u201cM\u00e1s humanos, m\u00e1s cercanos: el acompa\u00f1amiento integral en l\u00ednea\u201d, un espacio de reflexi\u00f3n que convoc\u00f3 a la comunidad acad\u00e9mica para dialogar sobre los desaf\u00edos actuales y las oportunidades emergentes en la educaci\u00f3n digital, poniendo al centro la importancia de una formaci\u00f3n cercana, emp\u00e1tica y centrada en la persona.<\/p>\n<p>Durante la apertura, la Mtra. Jesica Anaid L\u00f3pez Portillo Silva, directora de UNIVA Online, destac\u00f3 que este aniversario representa la consolidaci\u00f3n de un modelo educativo que trasciende lo tecnol\u00f3gico al llevar educaci\u00f3n de calidad a m\u00e1s personas sin importar la distancia. Subray\u00f3 que el Campus Online, con ra\u00edces en la Universidad a Distancia (UNADIS), se ha fortalecido gracias al compromiso de docentes, colaboradores y estudiantes, as\u00ed como al liderazgo institucional que ha impulsado su evoluci\u00f3n. La Mtra. L\u00f3pez Portillo concluy\u00f3 su mensaje invitando a la comunidad a continuar construyendo una educaci\u00f3n con sentido humano, capaz de transformar vidas y abrir nuevas oportunidades en contextos diversos y desafiantes.<\/p>\n<p>El evento inaugural, realizado en modalidad h\u00edbrida, cont\u00f3 con la participaci\u00f3n de la <strong>Dra. Roc\u00edo Mijangos M\u00e9ndez<\/strong>, especialista en desarrollo humano y educaci\u00f3n, quien centr\u00f3 su intervenci\u00f3n en la necesidad de <strong>humanizar los entornos virtuales de aprendizaje<\/strong>, destacando que m\u00e1s que una barrera, la tecnolog\u00eda debe convertirse en un puente de conexi\u00f3n entre personas.<\/p>\n<p>Durante su ponencia, la Dra. Mijangos subray\u00f3 que uno de los principales desaf\u00edos actuales es evitar que la interacci\u00f3n digital se vuelva autom\u00e1tica o impersonal. En este sentido, enfatiz\u00f3 que <strong>la empat\u00eda es el eje central del acompa\u00f1amiento educativo<\/strong>, entendida no solo como ponerse en el lugar del otro, sino como la capacidad de comprender sus procesos, contextos y necesidades reales.<\/p>\n<p>Asimismo, comparti\u00f3 acciones concretas para fortalecer este acompa\u00f1amiento en l\u00ednea, entre las que destacan:<\/p>\n<ul>\n<li>Fomentar una <strong>mayor presencia social del docente<\/strong>, a trav\u00e9s de sesiones sincr\u00f3nicas, videos y espacios de interacci\u00f3n constante.<\/li>\n<li>Promover la <strong>retroalimentaci\u00f3n personalizada<\/strong>, que vaya m\u00e1s all\u00e1 de respuestas gen\u00e9ricas y evidencie atenci\u00f3n genuina al estudiante.<\/li>\n<li>Implementar el <strong>microacompa\u00f1amiento<\/strong>, mediante contactos breves pero continuos que permitan dar seguimiento oportuno al progreso acad\u00e9mico.<\/li>\n<li>Generar <strong>espacios de encuentro significativos<\/strong>, como sesiones de bienvenida, cierres de curso y din\u00e1micas que fortalezcan el sentido de comunidad.<\/li>\n<\/ul>\n<p>La especialista tambi\u00e9n destac\u00f3 la importancia de reconocer que cada estudiante requiere distintos niveles de acompa\u00f1amiento, por lo que el modelo educativo debe ser flexible y centrado en la persona.<\/p>\n<p>En la sesi\u00f3n de di\u00e1logo, los participantes compartieron experiencias que evidenciaron el impacto del acompa\u00f1amiento cercano en la educaci\u00f3n en l\u00ednea, resaltando c\u00f3mo la orientaci\u00f3n oportuna y la comunicaci\u00f3n efectiva pueden marcar la diferencia en el proceso formativo, especialmente en contextos en los que los estudiantes enfrentan nuevos modelos de aprendizaje.<\/p>\n<p>Finalmente, la Dra. Mijangos enfatiz\u00f3 que el reto no radica en elegir entre calidad acad\u00e9mica o cercan\u00eda humana, sino en <strong>lograr un equilibrio entre ambos elementos<\/strong>, integrando contenidos pertinentes con procesos de acompa\u00f1amiento que fortalezcan el desarrollo integral de cada estudiante.<\/p>\n<p>Este evento forma parte de la agenda conmemorativa de UNIVA Online, que hoy se consolida como un referente en innovaci\u00f3n educativa digital, al impulsar una formaci\u00f3n que integra excelencia acad\u00e9mica, tecnolog\u00eda y un profundo sentido humano.<\/p>\n<p>A trav\u00e9s de iniciativas como esta, la UNIVA reafirma su compromiso con una educaci\u00f3n que va m\u00e1s all\u00e1 de lo tecnol\u00f3gico, promoviendo experiencias de aprendizaje m\u00e1s cercanas, emp\u00e1ticas e inclusivas, centradas en el desarrollo integral de cada persona.<\/p>\n<p>Como parte de esta celebraci\u00f3n, invitamos a la comunidad universitaria a sumarse a las pr\u00f3ximas actividades, que se llevar\u00e1n a cabo los d\u00edas 24, 25 y 26 de marzo de 2026 a las 18:00 horas, tambi\u00e9n en modalidad en l\u00ednea. Para conocer m\u00e1s detalles y no perderse ninguna de estas experiencias, se invita a seguir las redes sociales de UNIVA Online.[\/vc_column_text][\/vc_column][\/vc_row][vc_row type=\u00bbin_container\u00bb full_screen_row_position=\u00bbmiddle\u00bb column_margin=\u00bbdefault\u00bb column_direction=\u00bbdefault\u00bb column_direction_tablet=\u00bbdefault\u00bb column_direction_phone=\u00bbdefault\u00bb scene_position=\u00bbcenter\u00bb text_color=\u00bbdark\u00bb text_align=\u00bbleft\u00bb row_border_radius=\u00bbnone\u00bb row_border_radius_applies=\u00bbbg\u00bb overlay_strength=\u00bb0.3&#8243; gradient_direction=\u00bbleft_to_right\u00bb shape_divider_position=\u00bbbottom\u00bb bg_image_animation=\u00bbnone\u00bb][vc_column column_padding=\u00bbno-extra-padding\u00bb column_padding_tablet=\u00bbinherit\u00bb column_padding_phone=\u00bbinherit\u00bb column_padding_position=\u00bball\u00bb column_element_spacing=\u00bbdefault\u00bb background_color_opacity=\u00bb1&#8243; background_hover_color_opacity=\u00bb1&#8243; column_shadow=\u00bbnone\u00bb column_border_radius=\u00bbnone\u00bb column_link_target=\u00bb_self\u00bb gradient_direction=\u00bbleft_to_right\u00bb overlay_strength=\u00bb0.3&#8243; width=\u00bb1\/1&#8243; tablet_width_inherit=\u00bbdefault\u00bb tablet_text_alignment=\u00bbdefault\u00bb phone_text_alignment=\u00bbdefault\u00bb bg_image_animation=\u00bbnone\u00bb border_type=\u00bbsimple\u00bb column_border_width=\u00bbnone\u00bb column_border_style=\u00bbsolid\u00bb][vc_gallery type=\u00bbnectarslider_style\u00bb images=\u00bb1110,1107,1109,1108&#8243; image_loading=\u00bbdefault\u00bb bullet_navigation_style=\u00bbsee_through\u00bb onclick=\u00bblink_no\u00bb][\/vc_column][\/vc_row]\n","protected":false},"excerpt":{"rendered":"<p>[vc_row type=\u00bbin_container\u00bb full_screen_row_position=\u00bbmiddle\u00bb column_margin=\u00bbdefault\u00bb column_direction=\u00bbdefault\u00bb column_direction_tablet=\u00bbdefault\u00bb column_direction_phone=\u00bbdefault\u00bb scene_position=\u00bbcenter\u00bb text_color=\u00bbdark\u00bb text_align=\u00bbleft\u00bb row_border_radius=\u00bbnone\u00bb row_border_radius_applies=\u00bbbg\u00bb overlay_strength=\u00bb0.3&#8243; gradient_direction=\u00bbleft_to_right\u00bb shape_divider_position=\u00bbbottom\u00bb bg_image_animation=\u00bbnone\u00bb][vc_column column_padding=\u00bbno-extra-padding\u00bb column_padding_tablet=\u00bbinherit\u00bb column_padding_phone=\u00bbinherit\u00bb column_padding_position=\u00bball\u00bb&#8230;<\/p>\n","protected":false},"author":4,"featured_media":1105,"comment_status":"closed","ping_status":"closed","sticky":false,"template":"","format":"standard","meta":{"footnotes":""},"categories":[13],"tags":[],"class_list":{"0":"post-1104","1":"post","2":"type-post","3":"status-publish","4":"format-standard","5":"has-post-thumbnail","7":"category-noticias"},"yoast_head":"<!-- This site is optimized with the Yoast SEO plugin v25.4 - https:\/\/yoast.com\/wordpress\/plugins\/seo\/ -->\n<title>UNIVA Online conmemora su 35.\u00b0 aniversario con conferencia sobre acompa\u00f1amiento integral en l\u00ednea - Univa<\/title>\n<meta name=\"robots\" content=\"index, follow, max-snippet:-1, max-image-preview:large, max-video-preview:-1\" \/>\n<link rel=\"canonical\" href=\"https:\/\/www.univa.mx\/online\/univa-online-conmemora-su-35-aniversario-con-conferencia-sobre-acompanamiento-integral-en-linea\/\" \/>\n<meta property=\"og:locale\" content=\"es_ES\" \/>\n<meta property=\"og:type\" content=\"article\" \/>\n<meta property=\"og:title\" content=\"UNIVA Online conmemora su 35.\u00b0 aniversario con conferencia sobre acompa\u00f1amiento integral en l\u00ednea - Univa\" \/>\n<meta property=\"og:description\" content=\"[vc_row type=\u00bbin_container\u00bb full_screen_row_position=\u00bbmiddle\u00bb column_margin=\u00bbdefault\u00bb column_direction=\u00bbdefault\u00bb column_direction_tablet=\u00bbdefault\u00bb column_direction_phone=\u00bbdefault\u00bb scene_position=\u00bbcenter\u00bb text_color=\u00bbdark\u00bb text_align=\u00bbleft\u00bb row_border_radius=\u00bbnone\u00bb row_border_radius_applies=\u00bbbg\u00bb overlay_strength=\u00bb0.3&#8243; gradient_direction=\u00bbleft_to_right\u00bb shape_divider_position=\u00bbbottom\u00bb bg_image_animation=\u00bbnone\u00bb][vc_column column_padding=\u00bbno-extra-padding\u00bb column_padding_tablet=\u00bbinherit\u00bb column_padding_phone=\u00bbinherit\u00bb column_padding_position=\u00bball\u00bb...\" \/>\n<meta property=\"og:url\" content=\"https:\/\/www.univa.mx\/online\/univa-online-conmemora-su-35-aniversario-con-conferencia-sobre-acompanamiento-integral-en-linea\/\" \/>\n<meta property=\"og:site_name\" content=\"Univa\" \/>\n<meta property=\"article:published_time\" content=\"2026-03-24T16:56:52+00:00\" \/>\n<meta property=\"article:modified_time\" content=\"2026-03-24T20:22:59+00:00\" \/>\n<meta property=\"og:image\" content=\"https:\/\/www.univa.mx\/online\/wp-content\/uploads\/2026\/03\/LOGO-UNIVA-ONLINE-5TO-ANIV-P-03-scaled.jpg\" \/>\n\t<meta property=\"og:image:width\" content=\"2560\" \/>\n\t<meta property=\"og:image:height\" content=\"1440\" \/>\n\t<meta property=\"og:image:type\" content=\"image\/jpeg\" \/>\n<meta name=\"author\" content=\"AleReyes\" \/>\n<meta name=\"twitter:card\" content=\"summary_large_image\" \/>\n<meta name=\"twitter:label1\" content=\"Escrito por\" \/>\n\t<meta name=\"twitter:data1\" content=\"AleReyes\" \/>\n\t<meta name=\"twitter:label2\" content=\"Tiempo de lectura\" \/>\n\t<meta name=\"twitter:data2\" content=\"4 minutos\" \/>\n<script type=\"application\/ld+json\" class=\"yoast-schema-graph\">{\"@context\":\"https:\/\/schema.org\",\"@graph\":[{\"@type\":\"Article\",\"@id\":\"https:\/\/www.univa.mx\/online\/univa-online-conmemora-su-35-aniversario-con-conferencia-sobre-acompanamiento-integral-en-linea\/#article\",\"isPartOf\":{\"@id\":\"https:\/\/www.univa.mx\/online\/univa-online-conmemora-su-35-aniversario-con-conferencia-sobre-acompanamiento-integral-en-linea\/\"},\"author\":{\"name\":\"AleReyes\",\"@id\":\"https:\/\/www.univa.mx\/online\/#\/schema\/person\/004291a9ec26cde583ad4eaf7cae8e1a\"},\"headline\":\"UNIVA Online conmemora su 35.\u00b0 aniversario con conferencia sobre acompa\u00f1amiento integral en l\u00ednea\",\"datePublished\":\"2026-03-24T16:56:52+00:00\",\"dateModified\":\"2026-03-24T20:22:59+00:00\",\"mainEntityOfPage\":{\"@id\":\"https:\/\/www.univa.mx\/online\/univa-online-conmemora-su-35-aniversario-con-conferencia-sobre-acompanamiento-integral-en-linea\/\"},\"wordCount\":1029,\"publisher\":{\"@id\":\"https:\/\/www.univa.mx\/online\/#organization\"},\"image\":{\"@id\":\"https:\/\/www.univa.mx\/online\/univa-online-conmemora-su-35-aniversario-con-conferencia-sobre-acompanamiento-integral-en-linea\/#primaryimage\"},\"thumbnailUrl\":\"https:\/\/www.univa.mx\/online\/wp-content\/uploads\/2026\/03\/LOGO-UNIVA-ONLINE-5TO-ANIV-P-03-scaled.jpg\",\"articleSection\":[\"Noticias\"],\"inLanguage\":\"es\"},{\"@type\":\"WebPage\",\"@id\":\"https:\/\/www.univa.mx\/online\/univa-online-conmemora-su-35-aniversario-con-conferencia-sobre-acompanamiento-integral-en-linea\/\",\"url\":\"https:\/\/www.univa.mx\/online\/univa-online-conmemora-su-35-aniversario-con-conferencia-sobre-acompanamiento-integral-en-linea\/\",\"name\":\"UNIVA Online conmemora su 35.\u00b0 aniversario con conferencia sobre acompa\u00f1amiento integral en l\u00ednea - Univa\",\"isPartOf\":{\"@id\":\"https:\/\/www.univa.mx\/online\/#website\"},\"primaryImageOfPage\":{\"@id\":\"https:\/\/www.univa.mx\/online\/univa-online-conmemora-su-35-aniversario-con-conferencia-sobre-acompanamiento-integral-en-linea\/#primaryimage\"},\"image\":{\"@id\":\"https:\/\/www.univa.mx\/online\/univa-online-conmemora-su-35-aniversario-con-conferencia-sobre-acompanamiento-integral-en-linea\/#primaryimage\"},\"thumbnailUrl\":\"https:\/\/www.univa.mx\/online\/wp-content\/uploads\/2026\/03\/LOGO-UNIVA-ONLINE-5TO-ANIV-P-03-scaled.jpg\",\"datePublished\":\"2026-03-24T16:56:52+00:00\",\"dateModified\":\"2026-03-24T20:22:59+00:00\",\"breadcrumb\":{\"@id\":\"https:\/\/www.univa.mx\/online\/univa-online-conmemora-su-35-aniversario-con-conferencia-sobre-acompanamiento-integral-en-linea\/#breadcrumb\"},\"inLanguage\":\"es\",\"potentialAction\":[{\"@type\":\"ReadAction\",\"target\":[\"https:\/\/www.univa.mx\/online\/univa-online-conmemora-su-35-aniversario-con-conferencia-sobre-acompanamiento-integral-en-linea\/\"]}]},{\"@type\":\"ImageObject\",\"inLanguage\":\"es\",\"@id\":\"https:\/\/www.univa.mx\/online\/univa-online-conmemora-su-35-aniversario-con-conferencia-sobre-acompanamiento-integral-en-linea\/#primaryimage\",\"url\":\"https:\/\/www.univa.mx\/online\/wp-content\/uploads\/2026\/03\/LOGO-UNIVA-ONLINE-5TO-ANIV-P-03-scaled.jpg\",\"contentUrl\":\"https:\/\/www.univa.mx\/online\/wp-content\/uploads\/2026\/03\/LOGO-UNIVA-ONLINE-5TO-ANIV-P-03-scaled.jpg\",\"width\":2560,\"height\":1440},{\"@type\":\"BreadcrumbList\",\"@id\":\"https:\/\/www.univa.mx\/online\/univa-online-conmemora-su-35-aniversario-con-conferencia-sobre-acompanamiento-integral-en-linea\/#breadcrumb\",\"itemListElement\":[{\"@type\":\"ListItem\",\"position\":1,\"name\":\"Portada\",\"item\":\"https:\/\/www.univa.mx\/online\/\"},{\"@type\":\"ListItem\",\"position\":2,\"name\":\"UNIVA Online conmemora su 35.\u00b0 aniversario con conferencia sobre acompa\u00f1amiento integral en l\u00ednea\"}]},{\"@type\":\"WebSite\",\"@id\":\"https:\/\/www.univa.mx\/online\/#website\",\"url\":\"https:\/\/www.univa.mx\/online\/\",\"name\":\"Univa\",\"description\":\"Estudia en Univa Online\",\"publisher\":{\"@id\":\"https:\/\/www.univa.mx\/online\/#organization\"},\"potentialAction\":[{\"@type\":\"SearchAction\",\"target\":{\"@type\":\"EntryPoint\",\"urlTemplate\":\"https:\/\/www.univa.mx\/online\/?s={search_term_string}\"},\"query-input\":{\"@type\":\"PropertyValueSpecification\",\"valueRequired\":true,\"valueName\":\"search_term_string\"}}],\"inLanguage\":\"es\"},{\"@type\":\"Organization\",\"@id\":\"https:\/\/www.univa.mx\/online\/#organization\",\"name\":\"Univa Online\",\"url\":\"https:\/\/www.univa.mx\/online\/\",\"logo\":{\"@type\":\"ImageObject\",\"inLanguage\":\"es\",\"@id\":\"https:\/\/www.univa.mx\/online\/#\/schema\/logo\/image\/\",\"url\":\"https:\/\/www.univa.mx\/online\/wp-content\/uploads\/2021\/12\/top_logo_univa.png\",\"contentUrl\":\"https:\/\/www.univa.mx\/online\/wp-content\/uploads\/2021\/12\/top_logo_univa.png\",\"width\":295,\"height\":65,\"caption\":\"Univa Online\"},\"image\":{\"@id\":\"https:\/\/www.univa.mx\/online\/#\/schema\/logo\/image\/\"}},{\"@type\":\"Person\",\"@id\":\"https:\/\/www.univa.mx\/online\/#\/schema\/person\/004291a9ec26cde583ad4eaf7cae8e1a\",\"name\":\"AleReyes\",\"image\":{\"@type\":\"ImageObject\",\"inLanguage\":\"es\",\"@id\":\"https:\/\/www.univa.mx\/online\/#\/schema\/person\/image\/\",\"url\":\"https:\/\/secure.gravatar.com\/avatar\/43ae2b7a627388c2529404c7698448b06e79e664875a93a164cc62f42f2cee17?s=96&d=mm&r=g\",\"contentUrl\":\"https:\/\/secure.gravatar.com\/avatar\/43ae2b7a627388c2529404c7698448b06e79e664875a93a164cc62f42f2cee17?s=96&d=mm&r=g\",\"caption\":\"AleReyes\"},\"url\":\"https:\/\/www.univa.mx\/online\/author\/alereyes\/\"}]}<\/script>\n<!-- \/ Yoast SEO plugin. -->","yoast_head_json":{"title":"UNIVA Online conmemora su 35.\u00b0 aniversario con conferencia sobre acompa\u00f1amiento integral en l\u00ednea - Univa","robots":{"index":"index","follow":"follow","max-snippet":"max-snippet:-1","max-image-preview":"max-image-preview:large","max-video-preview":"max-video-preview:-1"},"canonical":"https:\/\/www.univa.mx\/online\/univa-online-conmemora-su-35-aniversario-con-conferencia-sobre-acompanamiento-integral-en-linea\/","og_locale":"es_ES","og_type":"article","og_title":"UNIVA Online conmemora su 35.\u00b0 aniversario con conferencia sobre acompa\u00f1amiento integral en l\u00ednea - Univa","og_description":"[vc_row type=\u00bbin_container\u00bb full_screen_row_position=\u00bbmiddle\u00bb column_margin=\u00bbdefault\u00bb column_direction=\u00bbdefault\u00bb column_direction_tablet=\u00bbdefault\u00bb column_direction_phone=\u00bbdefault\u00bb scene_position=\u00bbcenter\u00bb text_color=\u00bbdark\u00bb text_align=\u00bbleft\u00bb row_border_radius=\u00bbnone\u00bb row_border_radius_applies=\u00bbbg\u00bb overlay_strength=\u00bb0.3&#8243; gradient_direction=\u00bbleft_to_right\u00bb shape_divider_position=\u00bbbottom\u00bb bg_image_animation=\u00bbnone\u00bb][vc_column column_padding=\u00bbno-extra-padding\u00bb column_padding_tablet=\u00bbinherit\u00bb column_padding_phone=\u00bbinherit\u00bb column_padding_position=\u00bball\u00bb...","og_url":"https:\/\/www.univa.mx\/online\/univa-online-conmemora-su-35-aniversario-con-conferencia-sobre-acompanamiento-integral-en-linea\/","og_site_name":"Univa","article_published_time":"2026-03-24T16:56:52+00:00","article_modified_time":"2026-03-24T20:22:59+00:00","og_image":[{"width":2560,"height":1440,"url":"https:\/\/www.univa.mx\/online\/wp-content\/uploads\/2026\/03\/LOGO-UNIVA-ONLINE-5TO-ANIV-P-03-scaled.jpg","type":"image\/jpeg"}],"author":"AleReyes","twitter_card":"summary_large_image","twitter_misc":{"Escrito por":"AleReyes","Tiempo de lectura":"4 minutos"},"schema":{"@context":"https:\/\/schema.org","@graph":[{"@type":"Article","@id":"https:\/\/www.univa.mx\/online\/univa-online-conmemora-su-35-aniversario-con-conferencia-sobre-acompanamiento-integral-en-linea\/#article","isPartOf":{"@id":"https:\/\/www.univa.mx\/online\/univa-online-conmemora-su-35-aniversario-con-conferencia-sobre-acompanamiento-integral-en-linea\/"},"author":{"name":"AleReyes","@id":"https:\/\/www.univa.mx\/online\/#\/schema\/person\/004291a9ec26cde583ad4eaf7cae8e1a"},"headline":"UNIVA Online conmemora su 35.\u00b0 aniversario con conferencia sobre acompa\u00f1amiento integral en l\u00ednea","datePublished":"2026-03-24T16:56:52+00:00","dateModified":"2026-03-24T20:22:59+00:00","mainEntityOfPage":{"@id":"https:\/\/www.univa.mx\/online\/univa-online-conmemora-su-35-aniversario-con-conferencia-sobre-acompanamiento-integral-en-linea\/"},"wordCount":1029,"publisher":{"@id":"https:\/\/www.univa.mx\/online\/#organization"},"image":{"@id":"https:\/\/www.univa.mx\/online\/univa-online-conmemora-su-35-aniversario-con-conferencia-sobre-acompanamiento-integral-en-linea\/#primaryimage"},"thumbnailUrl":"https:\/\/www.univa.mx\/online\/wp-content\/uploads\/2026\/03\/LOGO-UNIVA-ONLINE-5TO-ANIV-P-03-scaled.jpg","articleSection":["Noticias"],"inLanguage":"es"},{"@type":"WebPage","@id":"https:\/\/www.univa.mx\/online\/univa-online-conmemora-su-35-aniversario-con-conferencia-sobre-acompanamiento-integral-en-linea\/","url":"https:\/\/www.univa.mx\/online\/univa-online-conmemora-su-35-aniversario-con-conferencia-sobre-acompanamiento-integral-en-linea\/","name":"UNIVA Online conmemora su 35.\u00b0 aniversario con conferencia sobre acompa\u00f1amiento integral en l\u00ednea - Univa","isPartOf":{"@id":"https:\/\/www.univa.mx\/online\/#website"},"primaryImageOfPage":{"@id":"https:\/\/www.univa.mx\/online\/univa-online-conmemora-su-35-aniversario-con-conferencia-sobre-acompanamiento-integral-en-linea\/#primaryimage"},"image":{"@id":"https:\/\/www.univa.mx\/online\/univa-online-conmemora-su-35-aniversario-con-conferencia-sobre-acompanamiento-integral-en-linea\/#primaryimage"},"thumbnailUrl":"https:\/\/www.univa.mx\/online\/wp-content\/uploads\/2026\/03\/LOGO-UNIVA-ONLINE-5TO-ANIV-P-03-scaled.jpg","datePublished":"2026-03-24T16:56:52+00:00","dateModified":"2026-03-24T20:22:59+00:00","breadcrumb":{"@id":"https:\/\/www.univa.mx\/online\/univa-online-conmemora-su-35-aniversario-con-conferencia-sobre-acompanamiento-integral-en-linea\/#breadcrumb"},"inLanguage":"es","potentialAction":[{"@type":"ReadAction","target":["https:\/\/www.univa.mx\/online\/univa-online-conmemora-su-35-aniversario-con-conferencia-sobre-acompanamiento-integral-en-linea\/"]}]},{"@type":"ImageObject","inLanguage":"es","@id":"https:\/\/www.univa.mx\/online\/univa-online-conmemora-su-35-aniversario-con-conferencia-sobre-acompanamiento-integral-en-linea\/#primaryimage","url":"https:\/\/www.univa.mx\/online\/wp-content\/uploads\/2026\/03\/LOGO-UNIVA-ONLINE-5TO-ANIV-P-03-scaled.jpg","contentUrl":"https:\/\/www.univa.mx\/online\/wp-content\/uploads\/2026\/03\/LOGO-UNIVA-ONLINE-5TO-ANIV-P-03-scaled.jpg","width":2560,"height":1440},{"@type":"BreadcrumbList","@id":"https:\/\/www.univa.mx\/online\/univa-online-conmemora-su-35-aniversario-con-conferencia-sobre-acompanamiento-integral-en-linea\/#breadcrumb","itemListElement":[{"@type":"ListItem","position":1,"name":"Portada","item":"https:\/\/www.univa.mx\/online\/"},{"@type":"ListItem","position":2,"name":"UNIVA Online conmemora su 35.\u00b0 aniversario con conferencia sobre acompa\u00f1amiento integral en l\u00ednea"}]},{"@type":"WebSite","@id":"https:\/\/www.univa.mx\/online\/#website","url":"https:\/\/www.univa.mx\/online\/","name":"Univa","description":"Estudia en Univa Online","publisher":{"@id":"https:\/\/www.univa.mx\/online\/#organization"},"potentialAction":[{"@type":"SearchAction","target":{"@type":"EntryPoint","urlTemplate":"https:\/\/www.univa.mx\/online\/?s={search_term_string}"},"query-input":{"@type":"PropertyValueSpecification","valueRequired":true,"valueName":"search_term_string"}}],"inLanguage":"es"},{"@type":"Organization","@id":"https:\/\/www.univa.mx\/online\/#organization","name":"Univa Online","url":"https:\/\/www.univa.mx\/online\/","logo":{"@type":"ImageObject","inLanguage":"es","@id":"https:\/\/www.univa.mx\/online\/#\/schema\/logo\/image\/","url":"https:\/\/www.univa.mx\/online\/wp-content\/uploads\/2021\/12\/top_logo_univa.png","contentUrl":"https:\/\/www.univa.mx\/online\/wp-content\/uploads\/2021\/12\/top_logo_univa.png","width":295,"height":65,"caption":"Univa Online"},"image":{"@id":"https:\/\/www.univa.mx\/online\/#\/schema\/logo\/image\/"}},{"@type":"Person","@id":"https:\/\/www.univa.mx\/online\/#\/schema\/person\/004291a9ec26cde583ad4eaf7cae8e1a","name":"AleReyes","image":{"@type":"ImageObject","inLanguage":"es","@id":"https:\/\/www.univa.mx\/online\/#\/schema\/person\/image\/","url":"https:\/\/secure.gravatar.com\/avatar\/43ae2b7a627388c2529404c7698448b06e79e664875a93a164cc62f42f2cee17?s=96&d=mm&r=g","contentUrl":"https:\/\/secure.gravatar.com\/avatar\/43ae2b7a627388c2529404c7698448b06e79e664875a93a164cc62f42f2cee17?s=96&d=mm&r=g","caption":"AleReyes"},"url":"https:\/\/www.univa.mx\/online\/author\/alereyes\/"}]}},"_links":{"self":[{"href":"https:\/\/www.univa.mx\/online\/wp-json\/wp\/v2\/posts\/1104","targetHints":{"allow":["GET"]}}],"collection":[{"href":"https:\/\/www.univa.mx\/online\/wp-json\/wp\/v2\/posts"}],"about":[{"href":"https:\/\/www.univa.mx\/online\/wp-json\/wp\/v2\/types\/post"}],"author":[{"embeddable":true,"href":"https:\/\/www.univa.mx\/online\/wp-json\/wp\/v2\/users\/4"}],"replies":[{"embeddable":true,"href":"https:\/\/www.univa.mx\/online\/wp-json\/wp\/v2\/comments?post=1104"}],"version-history":[{"count":2,"href":"https:\/\/www.univa.mx\/online\/wp-json\/wp\/v2\/posts\/1104\/revisions"}],"predecessor-version":[{"id":1111,"href":"https:\/\/www.univa.mx\/online\/wp-json\/wp\/v2\/posts\/1104\/revisions\/1111"}],"wp:featuredmedia":[{"embeddable":true,"href":"https:\/\/www.univa.mx\/online\/wp-json\/wp\/v2\/media\/1105"}],"wp:attachment":[{"href":"https:\/\/www.univa.mx\/online\/wp-json\/wp\/v2\/media?parent=1104"}],"wp:term":[{"taxonomy":"category","embeddable":true,"href":"https:\/\/www.univa.mx\/online\/wp-json\/wp\/v2\/categories?post=1104"},{"taxonomy":"post_tag","embeddable":true,"href":"https:\/\/www.univa.mx\/online\/wp-json\/wp\/v2\/tags?post=1104"}],"curies":[{"name":"wp","href":"https:\/\/api.w.org\/{rel}","templated":true}]}}