{"id":4324,"date":"2024-05-07T10:35:36","date_gmt":"2024-05-07T16:35:36","guid":{"rendered":"https:\/\/www.univa.mx\/leon\/univa-leon-se-une-a-la-mesa-ciudadana-de-seguridad-y-justicia-de-leon\/"},"modified":"2024-05-07T10:35:37","modified_gmt":"2024-05-07T16:35:37","slug":"univa-leon-se-une-a-la-mesa-ciudadana-de-seguridad-y-justicia-de-leon","status":"publish","type":"post","link":"https:\/\/www.univa.mx\/leon\/univa-leon-se-une-a-la-mesa-ciudadana-de-seguridad-y-justicia-de-leon\/","title":{"rendered":"UNIVA Le\u00f3n se une a la Mesa Ciudadana de Seguridad y Justicia de Le\u00f3n"},"content":{"rendered":"<p>En un evento protocolario celebrado en las instalaciones del Polif\u00f3rum Le\u00f3n, se llev\u00f3 a cabo la toma de protesta de la Mesa Ciudadana de Seguridad y Justicia, liderada por el Ing. Francisco Guti\u00e9rrez Manrique. Este acto marca un hito en los esfuerzos por fortalecer la seguridad y la justicia en la regi\u00f3n, subrayando la importancia de la colaboraci\u00f3n entre la sociedad civil, las autoridades y las instituciones.<\/p>\n<p>La Mesa Ciudadana de Seguridad y Justicia forma parte de una red nacional que promueve la participaci\u00f3n ciudadana en la construcci\u00f3n de estrategias efectivas para enfrentar los desaf\u00edos en materia de seguridad p\u00fablica. Este modelo, implementado exitosamente en diversas partes del pa\u00eds, busca generar espacios de di\u00e1logo y colaboraci\u00f3n entre distintos actores sociales, gubernamentales y acad\u00e9micos, con el objetivo de identificar problemas, proponer soluciones y supervisar su implementaci\u00f3n.<\/p>\n<p>El evento toma de protesta de la Mesa Ciudadana de Seguridad y Justicia cont\u00f3 con la destacada presencia del gobernador de Guanajuato, Diego Sinhue Rodr\u00edguez Vallejo, quien reafirm\u00f3 su compromiso con la seguridad y la justicia en el estado. Tambi\u00e9n estuvo presente el director de M\u00e9xico SOS, Orlando Camacho Nacenta, reconocido a nivel nacional por su experiencia y liderazgo en temas de seguridad.<\/p>\n<p>Cabe destacar la participaci\u00f3n del maestro Leonel Z\u00fa\u00f1iga Arciniega, director de la Universidad del Valle de Atemajac (UNIVA) campus Le\u00f3n, como secretario t\u00e9cnico de esta importante mesa. Su presencia refleja el inter\u00e9s y la participaci\u00f3n activa de la academia en la b\u00fasqueda de soluciones integrales para los retos de seguridad que enfrenta la sociedad.<\/p>\n<p>La Mesa Ciudadana de Seguridad y Justicia de Le\u00f3n se erige como un espacio de esperanza y acci\u00f3n, donde la colaboraci\u00f3n entre ciudadanos, autoridades y expertos se convierte en el motor para construir un entorno m\u00e1s seguro y justo para todos. UNIVA Le\u00f3n se compromete a contribuir activamente en esta noble causa, trabajando de la mano con otros actores de la sociedad para alcanzar la meta com\u00fan de un entorno seguro y justo para todos los ciudadanos.<\/p>\n","protected":false},"excerpt":{"rendered":"<p>En un evento protocolario celebrado en las instalaciones del Polif\u00f3rum Le\u00f3n, se llev\u00f3 a cabo la toma de protesta de la Mesa Ciudadana de Seguridad y Justicia, liderada por el&#8230;<\/p>\n","protected":false},"author":2,"featured_media":4325,"comment_status":"open","ping_status":"open","sticky":false,"template":"","format":"standard","meta":{"footnotes":""},"categories":[2],"tags":[],"class_list":["post-4324","post","type-post","status-publish","format-standard","has-post-thumbnail","category-noticias"],"yoast_head":"<!-- This site is optimized with the Yoast SEO plugin v28.0 - https:\/\/yoast.com\/product\/yoast-seo-wordpress\/ -->\n<title>UNIVA Le\u00f3n se une a la Mesa Ciudadana de Seguridad y Justicia de Le\u00f3n - Leon<\/title>\n<meta name=\"robots\" content=\"index, follow, max-snippet:-1, max-image-preview:large, max-video-preview:-1\" \/>\n<link rel=\"canonical\" href=\"https:\/\/www.univa.mx\/leon\/univa-leon-se-une-a-la-mesa-ciudadana-de-seguridad-y-justicia-de-leon\/\" \/>\n<meta property=\"og:locale\" content=\"es_ES\" \/>\n<meta property=\"og:type\" content=\"article\" \/>\n<meta property=\"og:title\" content=\"UNIVA Le\u00f3n se une a la Mesa Ciudadana de Seguridad y Justicia de Le\u00f3n - Leon\" \/>\n<meta property=\"og:description\" content=\"En un evento protocolario celebrado en las instalaciones del Polif\u00f3rum Le\u00f3n, se llev\u00f3 a cabo la toma de protesta de la Mesa Ciudadana de Seguridad y Justicia, liderada por el...\" \/>\n<meta property=\"og:url\" content=\"https:\/\/www.univa.mx\/leon\/univa-leon-se-une-a-la-mesa-ciudadana-de-seguridad-y-justicia-de-leon\/\" \/>\n<meta property=\"og:site_name\" content=\"Leon\" \/>\n<meta property=\"article:published_time\" content=\"2024-05-07T16:35:36+00:00\" \/>\n<meta property=\"article:modified_time\" content=\"2024-05-07T16:35:37+00:00\" \/>\n<meta property=\"og:image\" content=\"https:\/\/www.univa.mx\/leon\/wp-content\/uploads\/sites\/10\/2024\/05\/UNIVA-Leo\u0301n-se-une-a-la-Mesa-Ciudadana-de-Seguridad-y-Justicia-de-Leo\u0301n.gif\" \/>\n\t<meta property=\"og:image:width\" content=\"1200\" \/>\n\t<meta property=\"og:image:height\" content=\"720\" \/>\n\t<meta property=\"og:image:type\" content=\"image\/gif\" \/>\n<meta name=\"author\" content=\"Comunicaci\u00f3n Sistema UNIVA\" \/>\n<meta name=\"twitter:card\" content=\"summary_large_image\" \/>\n<meta name=\"twitter:label1\" content=\"Escrito por\" \/>\n\t<meta name=\"twitter:data1\" content=\"Comunicaci\u00f3n Sistema UNIVA\" \/>\n\t<meta name=\"twitter:label2\" content=\"Tiempo de lectura\" \/>\n\t<meta name=\"twitter:data2\" content=\"2 minutos\" \/>\n<script type=\"application\/ld+json\" class=\"yoast-schema-graph\">{\"@context\":\"https:\\\/\\\/schema.org\",\"@graph\":[{\"@type\":\"Article\",\"@id\":\"https:\\\/\\\/www.univa.mx\\\/leon\\\/univa-leon-se-une-a-la-mesa-ciudadana-de-seguridad-y-justicia-de-leon\\\/#article\",\"isPartOf\":{\"@id\":\"https:\\\/\\\/www.univa.mx\\\/leon\\\/univa-leon-se-une-a-la-mesa-ciudadana-de-seguridad-y-justicia-de-leon\\\/\"},\"author\":{\"name\":\"Comunicaci\u00f3n Sistema UNIVA\",\"@id\":\"https:\\\/\\\/www.univa.mx\\\/leon\\\/#\\\/schema\\\/person\\\/64d2681f983b949ff6e4ace270236879\"},\"headline\":\"UNIVA Le\u00f3n se une a la Mesa Ciudadana de Seguridad y Justicia de Le\u00f3n\",\"datePublished\":\"2024-05-07T16:35:36+00:00\",\"dateModified\":\"2024-05-07T16:35:37+00:00\",\"mainEntityOfPage\":{\"@id\":\"https:\\\/\\\/www.univa.mx\\\/leon\\\/univa-leon-se-une-a-la-mesa-ciudadana-de-seguridad-y-justicia-de-leon\\\/\"},\"wordCount\":375,\"commentCount\":0,\"image\":{\"@id\":\"https:\\\/\\\/www.univa.mx\\\/leon\\\/univa-leon-se-une-a-la-mesa-ciudadana-de-seguridad-y-justicia-de-leon\\\/#primaryimage\"},\"thumbnailUrl\":\"https:\\\/\\\/www.univa.mx\\\/leon\\\/wp-content\\\/uploads\\\/sites\\\/10\\\/2024\\\/05\\\/UNIVA-Leo\u0301n-se-une-a-la-Mesa-Ciudadana-de-Seguridad-y-Justicia-de-Leo\u0301n.gif\",\"articleSection\":[\"Noticias\"],\"inLanguage\":\"es\",\"potentialAction\":[{\"@type\":\"CommentAction\",\"name\":\"Comment\",\"target\":[\"https:\\\/\\\/www.univa.mx\\\/leon\\\/univa-leon-se-une-a-la-mesa-ciudadana-de-seguridad-y-justicia-de-leon\\\/#respond\"]}]},{\"@type\":\"WebPage\",\"@id\":\"https:\\\/\\\/www.univa.mx\\\/leon\\\/univa-leon-se-une-a-la-mesa-ciudadana-de-seguridad-y-justicia-de-leon\\\/\",\"url\":\"https:\\\/\\\/www.univa.mx\\\/leon\\\/univa-leon-se-une-a-la-mesa-ciudadana-de-seguridad-y-justicia-de-leon\\\/\",\"name\":\"UNIVA Le\u00f3n se une a la Mesa Ciudadana de Seguridad y Justicia de Le\u00f3n - Leon\",\"isPartOf\":{\"@id\":\"https:\\\/\\\/www.univa.mx\\\/leon\\\/#website\"},\"primaryImageOfPage\":{\"@id\":\"https:\\\/\\\/www.univa.mx\\\/leon\\\/univa-leon-se-une-a-la-mesa-ciudadana-de-seguridad-y-justicia-de-leon\\\/#primaryimage\"},\"image\":{\"@id\":\"https:\\\/\\\/www.univa.mx\\\/leon\\\/univa-leon-se-une-a-la-mesa-ciudadana-de-seguridad-y-justicia-de-leon\\\/#primaryimage\"},\"thumbnailUrl\":\"https:\\\/\\\/www.univa.mx\\\/leon\\\/wp-content\\\/uploads\\\/sites\\\/10\\\/2024\\\/05\\\/UNIVA-Leo\u0301n-se-une-a-la-Mesa-Ciudadana-de-Seguridad-y-Justicia-de-Leo\u0301n.gif\",\"datePublished\":\"2024-05-07T16:35:36+00:00\",\"dateModified\":\"2024-05-07T16:35:37+00:00\",\"author\":{\"@id\":\"https:\\\/\\\/www.univa.mx\\\/leon\\\/#\\\/schema\\\/person\\\/64d2681f983b949ff6e4ace270236879\"},\"breadcrumb\":{\"@id\":\"https:\\\/\\\/www.univa.mx\\\/leon\\\/univa-leon-se-une-a-la-mesa-ciudadana-de-seguridad-y-justicia-de-leon\\\/#breadcrumb\"},\"inLanguage\":\"es\",\"potentialAction\":[{\"@type\":\"ReadAction\",\"target\":[\"https:\\\/\\\/www.univa.mx\\\/leon\\\/univa-leon-se-une-a-la-mesa-ciudadana-de-seguridad-y-justicia-de-leon\\\/\"]}]},{\"@type\":\"ImageObject\",\"inLanguage\":\"es\",\"@id\":\"https:\\\/\\\/www.univa.mx\\\/leon\\\/univa-leon-se-une-a-la-mesa-ciudadana-de-seguridad-y-justicia-de-leon\\\/#primaryimage\",\"url\":\"https:\\\/\\\/www.univa.mx\\\/leon\\\/wp-content\\\/uploads\\\/sites\\\/10\\\/2024\\\/05\\\/UNIVA-Leo\u0301n-se-une-a-la-Mesa-Ciudadana-de-Seguridad-y-Justicia-de-Leo\u0301n.gif\",\"contentUrl\":\"https:\\\/\\\/www.univa.mx\\\/leon\\\/wp-content\\\/uploads\\\/sites\\\/10\\\/2024\\\/05\\\/UNIVA-Leo\u0301n-se-une-a-la-Mesa-Ciudadana-de-Seguridad-y-Justicia-de-Leo\u0301n.gif\",\"width\":1200,\"height\":720,\"caption\":\"UNIVA Le\u00f3n y Mesa Ciudadana de Seguridad y Justicia\"},{\"@type\":\"BreadcrumbList\",\"@id\":\"https:\\\/\\\/www.univa.mx\\\/leon\\\/univa-leon-se-une-a-la-mesa-ciudadana-de-seguridad-y-justicia-de-leon\\\/#breadcrumb\",\"itemListElement\":[{\"@type\":\"ListItem\",\"position\":1,\"name\":\"Portada\",\"item\":\"https:\\\/\\\/www.univa.mx\\\/leon\\\/\"},{\"@type\":\"ListItem\",\"position\":2,\"name\":\"UNIVA Le\u00f3n se une a la Mesa Ciudadana de Seguridad y Justicia de Le\u00f3n\"}]},{\"@type\":\"WebSite\",\"@id\":\"https:\\\/\\\/www.univa.mx\\\/leon\\\/#website\",\"url\":\"https:\\\/\\\/www.univa.mx\\\/leon\\\/\",\"name\":\"Leon\",\"description\":\"Univa\",\"potentialAction\":[{\"@type\":\"SearchAction\",\"target\":{\"@type\":\"EntryPoint\",\"urlTemplate\":\"https:\\\/\\\/www.univa.mx\\\/leon\\\/?s={search_term_string}\"},\"query-input\":{\"@type\":\"PropertyValueSpecification\",\"valueRequired\":true,\"valueName\":\"search_term_string\"}}],\"inLanguage\":\"es\"},{\"@type\":\"Person\",\"@id\":\"https:\\\/\\\/www.univa.mx\\\/leon\\\/#\\\/schema\\\/person\\\/64d2681f983b949ff6e4ace270236879\",\"name\":\"Comunicaci\u00f3n Sistema UNIVA\",\"image\":{\"@type\":\"ImageObject\",\"inLanguage\":\"es\",\"@id\":\"https:\\\/\\\/secure.gravatar.com\\\/avatar\\\/e5c70e7a9e29f270de612e0fc3ec80dfe6dcaa543bd068051f89740873db7146?s=96&d=mm&r=g\",\"url\":\"https:\\\/\\\/secure.gravatar.com\\\/avatar\\\/e5c70e7a9e29f270de612e0fc3ec80dfe6dcaa543bd068051f89740873db7146?s=96&d=mm&r=g\",\"contentUrl\":\"https:\\\/\\\/secure.gravatar.com\\\/avatar\\\/e5c70e7a9e29f270de612e0fc3ec80dfe6dcaa543bd068051f89740873db7146?s=96&d=mm&r=g\",\"caption\":\"Comunicaci\u00f3n Sistema UNIVA\"},\"url\":\"https:\\\/\\\/www.univa.mx\\\/leon\\\/author\\\/davidrosas\\\/\"}]}<\/script>\n<!-- \/ Yoast SEO plugin. -->","yoast_head_json":{"title":"UNIVA Le\u00f3n se une a la Mesa Ciudadana de Seguridad y Justicia de Le\u00f3n - Leon","robots":{"index":"index","follow":"follow","max-snippet":"max-snippet:-1","max-image-preview":"max-image-preview:large","max-video-preview":"max-video-preview:-1"},"canonical":"https:\/\/www.univa.mx\/leon\/univa-leon-se-une-a-la-mesa-ciudadana-de-seguridad-y-justicia-de-leon\/","og_locale":"es_ES","og_type":"article","og_title":"UNIVA Le\u00f3n se une a la Mesa Ciudadana de Seguridad y Justicia de Le\u00f3n - Leon","og_description":"En un evento protocolario celebrado en las instalaciones del Polif\u00f3rum Le\u00f3n, se llev\u00f3 a cabo la toma de protesta de la Mesa Ciudadana de Seguridad y Justicia, liderada por el...","og_url":"https:\/\/www.univa.mx\/leon\/univa-leon-se-une-a-la-mesa-ciudadana-de-seguridad-y-justicia-de-leon\/","og_site_name":"Leon","article_published_time":"2024-05-07T16:35:36+00:00","article_modified_time":"2024-05-07T16:35:37+00:00","og_image":[{"width":1200,"height":720,"url":"https:\/\/www.univa.mx\/leon\/wp-content\/uploads\/sites\/10\/2024\/05\/UNIVA-Leo\u0301n-se-une-a-la-Mesa-Ciudadana-de-Seguridad-y-Justicia-de-Leo\u0301n.gif","type":"image\/gif"}],"author":"Comunicaci\u00f3n Sistema UNIVA","twitter_card":"summary_large_image","twitter_misc":{"Escrito por":"Comunicaci\u00f3n Sistema UNIVA","Tiempo de lectura":"2 minutos"},"schema":{"@context":"https:\/\/schema.org","@graph":[{"@type":"Article","@id":"https:\/\/www.univa.mx\/leon\/univa-leon-se-une-a-la-mesa-ciudadana-de-seguridad-y-justicia-de-leon\/#article","isPartOf":{"@id":"https:\/\/www.univa.mx\/leon\/univa-leon-se-une-a-la-mesa-ciudadana-de-seguridad-y-justicia-de-leon\/"},"author":{"name":"Comunicaci\u00f3n Sistema UNIVA","@id":"https:\/\/www.univa.mx\/leon\/#\/schema\/person\/64d2681f983b949ff6e4ace270236879"},"headline":"UNIVA Le\u00f3n se une a la Mesa Ciudadana de Seguridad y Justicia de Le\u00f3n","datePublished":"2024-05-07T16:35:36+00:00","dateModified":"2024-05-07T16:35:37+00:00","mainEntityOfPage":{"@id":"https:\/\/www.univa.mx\/leon\/univa-leon-se-une-a-la-mesa-ciudadana-de-seguridad-y-justicia-de-leon\/"},"wordCount":375,"commentCount":0,"image":{"@id":"https:\/\/www.univa.mx\/leon\/univa-leon-se-une-a-la-mesa-ciudadana-de-seguridad-y-justicia-de-leon\/#primaryimage"},"thumbnailUrl":"https:\/\/www.univa.mx\/leon\/wp-content\/uploads\/sites\/10\/2024\/05\/UNIVA-Leo\u0301n-se-une-a-la-Mesa-Ciudadana-de-Seguridad-y-Justicia-de-Leo\u0301n.gif","articleSection":["Noticias"],"inLanguage":"es","potentialAction":[{"@type":"CommentAction","name":"Comment","target":["https:\/\/www.univa.mx\/leon\/univa-leon-se-une-a-la-mesa-ciudadana-de-seguridad-y-justicia-de-leon\/#respond"]}]},{"@type":"WebPage","@id":"https:\/\/www.univa.mx\/leon\/univa-leon-se-une-a-la-mesa-ciudadana-de-seguridad-y-justicia-de-leon\/","url":"https:\/\/www.univa.mx\/leon\/univa-leon-se-une-a-la-mesa-ciudadana-de-seguridad-y-justicia-de-leon\/","name":"UNIVA Le\u00f3n se une a la Mesa Ciudadana de Seguridad y Justicia de Le\u00f3n - Leon","isPartOf":{"@id":"https:\/\/www.univa.mx\/leon\/#website"},"primaryImageOfPage":{"@id":"https:\/\/www.univa.mx\/leon\/univa-leon-se-une-a-la-mesa-ciudadana-de-seguridad-y-justicia-de-leon\/#primaryimage"},"image":{"@id":"https:\/\/www.univa.mx\/leon\/univa-leon-se-une-a-la-mesa-ciudadana-de-seguridad-y-justicia-de-leon\/#primaryimage"},"thumbnailUrl":"https:\/\/www.univa.mx\/leon\/wp-content\/uploads\/sites\/10\/2024\/05\/UNIVA-Leo\u0301n-se-une-a-la-Mesa-Ciudadana-de-Seguridad-y-Justicia-de-Leo\u0301n.gif","datePublished":"2024-05-07T16:35:36+00:00","dateModified":"2024-05-07T16:35:37+00:00","author":{"@id":"https:\/\/www.univa.mx\/leon\/#\/schema\/person\/64d2681f983b949ff6e4ace270236879"},"breadcrumb":{"@id":"https:\/\/www.univa.mx\/leon\/univa-leon-se-une-a-la-mesa-ciudadana-de-seguridad-y-justicia-de-leon\/#breadcrumb"},"inLanguage":"es","potentialAction":[{"@type":"ReadAction","target":["https:\/\/www.univa.mx\/leon\/univa-leon-se-une-a-la-mesa-ciudadana-de-seguridad-y-justicia-de-leon\/"]}]},{"@type":"ImageObject","inLanguage":"es","@id":"https:\/\/www.univa.mx\/leon\/univa-leon-se-une-a-la-mesa-ciudadana-de-seguridad-y-justicia-de-leon\/#primaryimage","url":"https:\/\/www.univa.mx\/leon\/wp-content\/uploads\/sites\/10\/2024\/05\/UNIVA-Leo\u0301n-se-une-a-la-Mesa-Ciudadana-de-Seguridad-y-Justicia-de-Leo\u0301n.gif","contentUrl":"https:\/\/www.univa.mx\/leon\/wp-content\/uploads\/sites\/10\/2024\/05\/UNIVA-Leo\u0301n-se-une-a-la-Mesa-Ciudadana-de-Seguridad-y-Justicia-de-Leo\u0301n.gif","width":1200,"height":720,"caption":"UNIVA Le\u00f3n y Mesa Ciudadana de Seguridad y Justicia"},{"@type":"BreadcrumbList","@id":"https:\/\/www.univa.mx\/leon\/univa-leon-se-une-a-la-mesa-ciudadana-de-seguridad-y-justicia-de-leon\/#breadcrumb","itemListElement":[{"@type":"ListItem","position":1,"name":"Portada","item":"https:\/\/www.univa.mx\/leon\/"},{"@type":"ListItem","position":2,"name":"UNIVA Le\u00f3n se une a la Mesa Ciudadana de Seguridad y Justicia de Le\u00f3n"}]},{"@type":"WebSite","@id":"https:\/\/www.univa.mx\/leon\/#website","url":"https:\/\/www.univa.mx\/leon\/","name":"Leon","description":"Univa","potentialAction":[{"@type":"SearchAction","target":{"@type":"EntryPoint","urlTemplate":"https:\/\/www.univa.mx\/leon\/?s={search_term_string}"},"query-input":{"@type":"PropertyValueSpecification","valueRequired":true,"valueName":"search_term_string"}}],"inLanguage":"es"},{"@type":"Person","@id":"https:\/\/www.univa.mx\/leon\/#\/schema\/person\/64d2681f983b949ff6e4ace270236879","name":"Comunicaci\u00f3n Sistema UNIVA","image":{"@type":"ImageObject","inLanguage":"es","@id":"https:\/\/secure.gravatar.com\/avatar\/e5c70e7a9e29f270de612e0fc3ec80dfe6dcaa543bd068051f89740873db7146?s=96&d=mm&r=g","url":"https:\/\/secure.gravatar.com\/avatar\/e5c70e7a9e29f270de612e0fc3ec80dfe6dcaa543bd068051f89740873db7146?s=96&d=mm&r=g","contentUrl":"https:\/\/secure.gravatar.com\/avatar\/e5c70e7a9e29f270de612e0fc3ec80dfe6dcaa543bd068051f89740873db7146?s=96&d=mm&r=g","caption":"Comunicaci\u00f3n Sistema UNIVA"},"url":"https:\/\/www.univa.mx\/leon\/author\/davidrosas\/"}]}},"_links":{"self":[{"href":"https:\/\/www.univa.mx\/leon\/wp-json\/wp\/v2\/posts\/4324","targetHints":{"allow":["GET"]}}],"collection":[{"href":"https:\/\/www.univa.mx\/leon\/wp-json\/wp\/v2\/posts"}],"about":[{"href":"https:\/\/www.univa.mx\/leon\/wp-json\/wp\/v2\/types\/post"}],"author":[{"embeddable":true,"href":"https:\/\/www.univa.mx\/leon\/wp-json\/wp\/v2\/users\/2"}],"replies":[{"embeddable":true,"href":"https:\/\/www.univa.mx\/leon\/wp-json\/wp\/v2\/comments?post=4324"}],"version-history":[{"count":1,"href":"https:\/\/www.univa.mx\/leon\/wp-json\/wp\/v2\/posts\/4324\/revisions"}],"predecessor-version":[{"id":4326,"href":"https:\/\/www.univa.mx\/leon\/wp-json\/wp\/v2\/posts\/4324\/revisions\/4326"}],"wp:featuredmedia":[{"embeddable":true,"href":"https:\/\/www.univa.mx\/leon\/wp-json\/wp\/v2\/media\/4325"}],"wp:attachment":[{"href":"https:\/\/www.univa.mx\/leon\/wp-json\/wp\/v2\/media?parent=4324"}],"wp:term":[{"taxonomy":"category","embeddable":true,"href":"https:\/\/www.univa.mx\/leon\/wp-json\/wp\/v2\/categories?post=4324"},{"taxonomy":"post_tag","embeddable":true,"href":"https:\/\/www.univa.mx\/leon\/wp-json\/wp\/v2\/tags?post=4324"}],"curies":[{"name":"wp","href":"https:\/\/api.w.org\/{rel}","templated":true}]}}