{"id":4270,"date":"2024-02-14T09:56:01","date_gmt":"2024-02-14T15:56:01","guid":{"rendered":"https:\/\/www.univa.mx\/leon\/visita-del-pbro-lic-francisco-ramirez-yanez-a-univa-leon\/"},"modified":"2024-02-14T10:00:24","modified_gmt":"2024-02-14T16:00:24","slug":"visita-del-pbro-lic-francisco-ramirez-yanez-a-univa-leon","status":"publish","type":"post","link":"https:\/\/www.univa.mx\/leon\/visita-del-pbro-lic-francisco-ramirez-yanez-a-univa-leon\/","title":{"rendered":"Visita del Pbro. Lic. Francisco Ram\u00edrez Y\u00e1\u00f1ez a UNIVA Le\u00f3n"},"content":{"rendered":"<p style=\"text-align: justify;line-height: 150%\">La comunidad educativa de UNIVA Le\u00f3n tuvo el honor de recibir al Pbro. Lic. Francisco Ram\u00edrez Y\u00e1\u00f1ez, rector del Sistema UNIVA. La jornada tuvo enriquecedoras conferencias dirigidas a diferentes segmentos de nuestra comunidad acad\u00e9mica y administrativa.<\/p>\n<p style=\"text-align: justify;line-height: 150%\">En primera instancia, el Pbro. Lic. Francisco Ram\u00edrez Y\u00e1\u00f1ez abord\u00f3 la tem\u00e1tica \u00abLa noble misi\u00f3n del educador\u00bb, cautivando a nuestros docentes con reflexiones profundas sobre la importancia de cultivar la capacidad de escuchar. Durante sus palabras, destac\u00f3: \u00ab\u2026 cultivar la capacidad de escuchar. Yo tengo la impresi\u00f3n de que estamos en deuda con esta generaci\u00f3n universitaria, porque me parece que nos falta m\u00e1s aprender a verlos y aprender a escucharlos. La maestra o el maestro, estamos muy acostumbrados a hablar, pero no estamos acostumbrados a escuchar\u00bb.<\/p>\n<p style=\"text-align: justify;line-height: 150%\">Posteriormente, el rector del Sistema UNIVA brind\u00f3 la conferencia \u00abTrabajo colaborativo: la fortaleza laboral\u00bb, dirigida al personal administrativo, acad\u00e9mico y de servicios de nuestro campus. En este espacio de intercambio, se destac\u00f3 la importancia del trabajo conjunto y su impacto positivo en el desarrollo institucional. Estas conferencias realizadas en UNIVA Le\u00f3n, no solo resaltaron la visi\u00f3n educativa del Pbro. Lic. Francisco Ram\u00edrez Y\u00e1\u00f1ez, sino que tambi\u00e9n fortalecieron el compromiso de nuestra instituci\u00f3n con la excelencia acad\u00e9mica y la formaci\u00f3n integral de nuestros estudiantes.<\/p>\n<p style=\"text-align: justify;line-height: 150%\">En UNIVA Le\u00f3n, reafirmamos nuestro compromiso con los valores que gu\u00edan nuestra labor educativa y agradecemos la visita del Pbro. Lic. Francisco Ram\u00edrez Y\u00e1\u00f1ez, quien contribuy\u00f3 significativamente al enriquecimiento de nuestra comunidad. Estamos convencidos de que estas experiencias fortalecen nuestra identidad como instituci\u00f3n comprometida con la formaci\u00f3n de profesionales \u00e9ticos y comprometidos con la sociedad.<\/p>\n","protected":false},"excerpt":{"rendered":"<p>La comunidad educativa de UNIVA Le\u00f3n tuvo el honor de recibir al Pbro. Lic. Francisco Ram\u00edrez Y\u00e1\u00f1ez, rector del Sistema UNIVA. La jornada tuvo enriquecedoras conferencias dirigidas a diferentes segmentos&#8230;<\/p>\n","protected":false},"author":2,"featured_media":4271,"comment_status":"open","ping_status":"open","sticky":false,"template":"","format":"standard","meta":{"footnotes":""},"categories":[2],"tags":[],"class_list":["post-4270","post","type-post","status-publish","format-standard","has-post-thumbnail","category-noticias"],"yoast_head":"<!-- This site is optimized with the Yoast SEO plugin v28.0 - https:\/\/yoast.com\/product\/yoast-seo-wordpress\/ -->\n<title>Visita del Pbro. Lic. Francisco Ram\u00edrez Y\u00e1\u00f1ez a UNIVA Le\u00f3n - Leon<\/title>\n<meta name=\"robots\" content=\"index, follow, max-snippet:-1, max-image-preview:large, max-video-preview:-1\" \/>\n<link rel=\"canonical\" href=\"https:\/\/www.univa.mx\/leon\/visita-del-pbro-lic-francisco-ramirez-yanez-a-univa-leon\/\" \/>\n<meta property=\"og:locale\" content=\"es_ES\" \/>\n<meta property=\"og:type\" content=\"article\" \/>\n<meta property=\"og:title\" content=\"Visita del Pbro. Lic. Francisco Ram\u00edrez Y\u00e1\u00f1ez a UNIVA Le\u00f3n - Leon\" \/>\n<meta property=\"og:description\" content=\"La comunidad educativa de UNIVA Le\u00f3n tuvo el honor de recibir al Pbro. Lic. Francisco Ram\u00edrez Y\u00e1\u00f1ez, rector del Sistema UNIVA. La jornada tuvo enriquecedoras conferencias dirigidas a diferentes segmentos...\" \/>\n<meta property=\"og:url\" content=\"https:\/\/www.univa.mx\/leon\/visita-del-pbro-lic-francisco-ramirez-yanez-a-univa-leon\/\" \/>\n<meta property=\"og:site_name\" content=\"Leon\" \/>\n<meta property=\"article:published_time\" content=\"2024-02-14T15:56:01+00:00\" \/>\n<meta property=\"article:modified_time\" content=\"2024-02-14T16:00:24+00:00\" \/>\n<meta property=\"og:image\" content=\"https:\/\/www.univa.mx\/leon\/wp-content\/uploads\/sites\/10\/2024\/02\/Visita-del-Pbro.-Lic.-Francisco-Rami\u0301rez-Ya\u0301n\u0303ez-a-UNIVA-Leo\u0301n.gif\" \/>\n\t<meta property=\"og:image:width\" content=\"1280\" \/>\n\t<meta property=\"og:image:height\" content=\"720\" \/>\n\t<meta property=\"og:image:type\" content=\"image\/gif\" \/>\n<meta name=\"author\" content=\"Comunicaci\u00f3n Sistema UNIVA\" \/>\n<meta name=\"twitter:card\" content=\"summary_large_image\" \/>\n<meta name=\"twitter:label1\" content=\"Escrito por\" \/>\n\t<meta name=\"twitter:data1\" content=\"Comunicaci\u00f3n Sistema UNIVA\" \/>\n\t<meta name=\"twitter:label2\" content=\"Tiempo de lectura\" \/>\n\t<meta name=\"twitter:data2\" content=\"2 minutos\" \/>\n<script type=\"application\/ld+json\" class=\"yoast-schema-graph\">{\"@context\":\"https:\\\/\\\/schema.org\",\"@graph\":[{\"@type\":\"Article\",\"@id\":\"https:\\\/\\\/www.univa.mx\\\/leon\\\/visita-del-pbro-lic-francisco-ramirez-yanez-a-univa-leon\\\/#article\",\"isPartOf\":{\"@id\":\"https:\\\/\\\/www.univa.mx\\\/leon\\\/visita-del-pbro-lic-francisco-ramirez-yanez-a-univa-leon\\\/\"},\"author\":{\"name\":\"Comunicaci\u00f3n Sistema UNIVA\",\"@id\":\"https:\\\/\\\/www.univa.mx\\\/leon\\\/#\\\/schema\\\/person\\\/64d2681f983b949ff6e4ace270236879\"},\"headline\":\"Visita del Pbro. Lic. Francisco Ram\u00edrez Y\u00e1\u00f1ez a UNIVA Le\u00f3n\",\"datePublished\":\"2024-02-14T15:56:01+00:00\",\"dateModified\":\"2024-02-14T16:00:24+00:00\",\"mainEntityOfPage\":{\"@id\":\"https:\\\/\\\/www.univa.mx\\\/leon\\\/visita-del-pbro-lic-francisco-ramirez-yanez-a-univa-leon\\\/\"},\"wordCount\":298,\"commentCount\":0,\"image\":{\"@id\":\"https:\\\/\\\/www.univa.mx\\\/leon\\\/visita-del-pbro-lic-francisco-ramirez-yanez-a-univa-leon\\\/#primaryimage\"},\"thumbnailUrl\":\"https:\\\/\\\/www.univa.mx\\\/leon\\\/wp-content\\\/uploads\\\/sites\\\/10\\\/2024\\\/02\\\/Visita-del-Pbro.-Lic.-Francisco-Rami\u0301rez-Ya\u0301n\u0303ez-a-UNIVA-Leo\u0301n.gif\",\"articleSection\":[\"Noticias\"],\"inLanguage\":\"es\",\"potentialAction\":[{\"@type\":\"CommentAction\",\"name\":\"Comment\",\"target\":[\"https:\\\/\\\/www.univa.mx\\\/leon\\\/visita-del-pbro-lic-francisco-ramirez-yanez-a-univa-leon\\\/#respond\"]}]},{\"@type\":\"WebPage\",\"@id\":\"https:\\\/\\\/www.univa.mx\\\/leon\\\/visita-del-pbro-lic-francisco-ramirez-yanez-a-univa-leon\\\/\",\"url\":\"https:\\\/\\\/www.univa.mx\\\/leon\\\/visita-del-pbro-lic-francisco-ramirez-yanez-a-univa-leon\\\/\",\"name\":\"Visita del Pbro. Lic. Francisco Ram\u00edrez Y\u00e1\u00f1ez a UNIVA Le\u00f3n - Leon\",\"isPartOf\":{\"@id\":\"https:\\\/\\\/www.univa.mx\\\/leon\\\/#website\"},\"primaryImageOfPage\":{\"@id\":\"https:\\\/\\\/www.univa.mx\\\/leon\\\/visita-del-pbro-lic-francisco-ramirez-yanez-a-univa-leon\\\/#primaryimage\"},\"image\":{\"@id\":\"https:\\\/\\\/www.univa.mx\\\/leon\\\/visita-del-pbro-lic-francisco-ramirez-yanez-a-univa-leon\\\/#primaryimage\"},\"thumbnailUrl\":\"https:\\\/\\\/www.univa.mx\\\/leon\\\/wp-content\\\/uploads\\\/sites\\\/10\\\/2024\\\/02\\\/Visita-del-Pbro.-Lic.-Francisco-Rami\u0301rez-Ya\u0301n\u0303ez-a-UNIVA-Leo\u0301n.gif\",\"datePublished\":\"2024-02-14T15:56:01+00:00\",\"dateModified\":\"2024-02-14T16:00:24+00:00\",\"author\":{\"@id\":\"https:\\\/\\\/www.univa.mx\\\/leon\\\/#\\\/schema\\\/person\\\/64d2681f983b949ff6e4ace270236879\"},\"breadcrumb\":{\"@id\":\"https:\\\/\\\/www.univa.mx\\\/leon\\\/visita-del-pbro-lic-francisco-ramirez-yanez-a-univa-leon\\\/#breadcrumb\"},\"inLanguage\":\"es\",\"potentialAction\":[{\"@type\":\"ReadAction\",\"target\":[\"https:\\\/\\\/www.univa.mx\\\/leon\\\/visita-del-pbro-lic-francisco-ramirez-yanez-a-univa-leon\\\/\"]}]},{\"@type\":\"ImageObject\",\"inLanguage\":\"es\",\"@id\":\"https:\\\/\\\/www.univa.mx\\\/leon\\\/visita-del-pbro-lic-francisco-ramirez-yanez-a-univa-leon\\\/#primaryimage\",\"url\":\"https:\\\/\\\/www.univa.mx\\\/leon\\\/wp-content\\\/uploads\\\/sites\\\/10\\\/2024\\\/02\\\/Visita-del-Pbro.-Lic.-Francisco-Rami\u0301rez-Ya\u0301n\u0303ez-a-UNIVA-Leo\u0301n.gif\",\"contentUrl\":\"https:\\\/\\\/www.univa.mx\\\/leon\\\/wp-content\\\/uploads\\\/sites\\\/10\\\/2024\\\/02\\\/Visita-del-Pbro.-Lic.-Francisco-Rami\u0301rez-Ya\u0301n\u0303ez-a-UNIVA-Leo\u0301n.gif\",\"width\":1280,\"height\":720},{\"@type\":\"BreadcrumbList\",\"@id\":\"https:\\\/\\\/www.univa.mx\\\/leon\\\/visita-del-pbro-lic-francisco-ramirez-yanez-a-univa-leon\\\/#breadcrumb\",\"itemListElement\":[{\"@type\":\"ListItem\",\"position\":1,\"name\":\"Portada\",\"item\":\"https:\\\/\\\/www.univa.mx\\\/leon\\\/\"},{\"@type\":\"ListItem\",\"position\":2,\"name\":\"Visita del Pbro. Lic. Francisco Ram\u00edrez Y\u00e1\u00f1ez a UNIVA Le\u00f3n\"}]},{\"@type\":\"WebSite\",\"@id\":\"https:\\\/\\\/www.univa.mx\\\/leon\\\/#website\",\"url\":\"https:\\\/\\\/www.univa.mx\\\/leon\\\/\",\"name\":\"Leon\",\"description\":\"Univa\",\"potentialAction\":[{\"@type\":\"SearchAction\",\"target\":{\"@type\":\"EntryPoint\",\"urlTemplate\":\"https:\\\/\\\/www.univa.mx\\\/leon\\\/?s={search_term_string}\"},\"query-input\":{\"@type\":\"PropertyValueSpecification\",\"valueRequired\":true,\"valueName\":\"search_term_string\"}}],\"inLanguage\":\"es\"},{\"@type\":\"Person\",\"@id\":\"https:\\\/\\\/www.univa.mx\\\/leon\\\/#\\\/schema\\\/person\\\/64d2681f983b949ff6e4ace270236879\",\"name\":\"Comunicaci\u00f3n Sistema UNIVA\",\"image\":{\"@type\":\"ImageObject\",\"inLanguage\":\"es\",\"@id\":\"https:\\\/\\\/secure.gravatar.com\\\/avatar\\\/e5c70e7a9e29f270de612e0fc3ec80dfe6dcaa543bd068051f89740873db7146?s=96&d=mm&r=g\",\"url\":\"https:\\\/\\\/secure.gravatar.com\\\/avatar\\\/e5c70e7a9e29f270de612e0fc3ec80dfe6dcaa543bd068051f89740873db7146?s=96&d=mm&r=g\",\"contentUrl\":\"https:\\\/\\\/secure.gravatar.com\\\/avatar\\\/e5c70e7a9e29f270de612e0fc3ec80dfe6dcaa543bd068051f89740873db7146?s=96&d=mm&r=g\",\"caption\":\"Comunicaci\u00f3n Sistema UNIVA\"},\"url\":\"https:\\\/\\\/www.univa.mx\\\/leon\\\/author\\\/davidrosas\\\/\"}]}<\/script>\n<!-- \/ Yoast SEO plugin. -->","yoast_head_json":{"title":"Visita del Pbro. Lic. Francisco Ram\u00edrez Y\u00e1\u00f1ez a UNIVA Le\u00f3n - Leon","robots":{"index":"index","follow":"follow","max-snippet":"max-snippet:-1","max-image-preview":"max-image-preview:large","max-video-preview":"max-video-preview:-1"},"canonical":"https:\/\/www.univa.mx\/leon\/visita-del-pbro-lic-francisco-ramirez-yanez-a-univa-leon\/","og_locale":"es_ES","og_type":"article","og_title":"Visita del Pbro. Lic. Francisco Ram\u00edrez Y\u00e1\u00f1ez a UNIVA Le\u00f3n - Leon","og_description":"La comunidad educativa de UNIVA Le\u00f3n tuvo el honor de recibir al Pbro. Lic. Francisco Ram\u00edrez Y\u00e1\u00f1ez, rector del Sistema UNIVA. La jornada tuvo enriquecedoras conferencias dirigidas a diferentes segmentos...","og_url":"https:\/\/www.univa.mx\/leon\/visita-del-pbro-lic-francisco-ramirez-yanez-a-univa-leon\/","og_site_name":"Leon","article_published_time":"2024-02-14T15:56:01+00:00","article_modified_time":"2024-02-14T16:00:24+00:00","og_image":[{"width":1280,"height":720,"url":"https:\/\/www.univa.mx\/leon\/wp-content\/uploads\/sites\/10\/2024\/02\/Visita-del-Pbro.-Lic.-Francisco-Rami\u0301rez-Ya\u0301n\u0303ez-a-UNIVA-Leo\u0301n.gif","type":"image\/gif"}],"author":"Comunicaci\u00f3n Sistema UNIVA","twitter_card":"summary_large_image","twitter_misc":{"Escrito por":"Comunicaci\u00f3n Sistema UNIVA","Tiempo de lectura":"2 minutos"},"schema":{"@context":"https:\/\/schema.org","@graph":[{"@type":"Article","@id":"https:\/\/www.univa.mx\/leon\/visita-del-pbro-lic-francisco-ramirez-yanez-a-univa-leon\/#article","isPartOf":{"@id":"https:\/\/www.univa.mx\/leon\/visita-del-pbro-lic-francisco-ramirez-yanez-a-univa-leon\/"},"author":{"name":"Comunicaci\u00f3n Sistema UNIVA","@id":"https:\/\/www.univa.mx\/leon\/#\/schema\/person\/64d2681f983b949ff6e4ace270236879"},"headline":"Visita del Pbro. Lic. Francisco Ram\u00edrez Y\u00e1\u00f1ez a UNIVA Le\u00f3n","datePublished":"2024-02-14T15:56:01+00:00","dateModified":"2024-02-14T16:00:24+00:00","mainEntityOfPage":{"@id":"https:\/\/www.univa.mx\/leon\/visita-del-pbro-lic-francisco-ramirez-yanez-a-univa-leon\/"},"wordCount":298,"commentCount":0,"image":{"@id":"https:\/\/www.univa.mx\/leon\/visita-del-pbro-lic-francisco-ramirez-yanez-a-univa-leon\/#primaryimage"},"thumbnailUrl":"https:\/\/www.univa.mx\/leon\/wp-content\/uploads\/sites\/10\/2024\/02\/Visita-del-Pbro.-Lic.-Francisco-Rami\u0301rez-Ya\u0301n\u0303ez-a-UNIVA-Leo\u0301n.gif","articleSection":["Noticias"],"inLanguage":"es","potentialAction":[{"@type":"CommentAction","name":"Comment","target":["https:\/\/www.univa.mx\/leon\/visita-del-pbro-lic-francisco-ramirez-yanez-a-univa-leon\/#respond"]}]},{"@type":"WebPage","@id":"https:\/\/www.univa.mx\/leon\/visita-del-pbro-lic-francisco-ramirez-yanez-a-univa-leon\/","url":"https:\/\/www.univa.mx\/leon\/visita-del-pbro-lic-francisco-ramirez-yanez-a-univa-leon\/","name":"Visita del Pbro. Lic. Francisco Ram\u00edrez Y\u00e1\u00f1ez a UNIVA Le\u00f3n - Leon","isPartOf":{"@id":"https:\/\/www.univa.mx\/leon\/#website"},"primaryImageOfPage":{"@id":"https:\/\/www.univa.mx\/leon\/visita-del-pbro-lic-francisco-ramirez-yanez-a-univa-leon\/#primaryimage"},"image":{"@id":"https:\/\/www.univa.mx\/leon\/visita-del-pbro-lic-francisco-ramirez-yanez-a-univa-leon\/#primaryimage"},"thumbnailUrl":"https:\/\/www.univa.mx\/leon\/wp-content\/uploads\/sites\/10\/2024\/02\/Visita-del-Pbro.-Lic.-Francisco-Rami\u0301rez-Ya\u0301n\u0303ez-a-UNIVA-Leo\u0301n.gif","datePublished":"2024-02-14T15:56:01+00:00","dateModified":"2024-02-14T16:00:24+00:00","author":{"@id":"https:\/\/www.univa.mx\/leon\/#\/schema\/person\/64d2681f983b949ff6e4ace270236879"},"breadcrumb":{"@id":"https:\/\/www.univa.mx\/leon\/visita-del-pbro-lic-francisco-ramirez-yanez-a-univa-leon\/#breadcrumb"},"inLanguage":"es","potentialAction":[{"@type":"ReadAction","target":["https:\/\/www.univa.mx\/leon\/visita-del-pbro-lic-francisco-ramirez-yanez-a-univa-leon\/"]}]},{"@type":"ImageObject","inLanguage":"es","@id":"https:\/\/www.univa.mx\/leon\/visita-del-pbro-lic-francisco-ramirez-yanez-a-univa-leon\/#primaryimage","url":"https:\/\/www.univa.mx\/leon\/wp-content\/uploads\/sites\/10\/2024\/02\/Visita-del-Pbro.-Lic.-Francisco-Rami\u0301rez-Ya\u0301n\u0303ez-a-UNIVA-Leo\u0301n.gif","contentUrl":"https:\/\/www.univa.mx\/leon\/wp-content\/uploads\/sites\/10\/2024\/02\/Visita-del-Pbro.-Lic.-Francisco-Rami\u0301rez-Ya\u0301n\u0303ez-a-UNIVA-Leo\u0301n.gif","width":1280,"height":720},{"@type":"BreadcrumbList","@id":"https:\/\/www.univa.mx\/leon\/visita-del-pbro-lic-francisco-ramirez-yanez-a-univa-leon\/#breadcrumb","itemListElement":[{"@type":"ListItem","position":1,"name":"Portada","item":"https:\/\/www.univa.mx\/leon\/"},{"@type":"ListItem","position":2,"name":"Visita del Pbro. Lic. Francisco Ram\u00edrez Y\u00e1\u00f1ez a UNIVA Le\u00f3n"}]},{"@type":"WebSite","@id":"https:\/\/www.univa.mx\/leon\/#website","url":"https:\/\/www.univa.mx\/leon\/","name":"Leon","description":"Univa","potentialAction":[{"@type":"SearchAction","target":{"@type":"EntryPoint","urlTemplate":"https:\/\/www.univa.mx\/leon\/?s={search_term_string}"},"query-input":{"@type":"PropertyValueSpecification","valueRequired":true,"valueName":"search_term_string"}}],"inLanguage":"es"},{"@type":"Person","@id":"https:\/\/www.univa.mx\/leon\/#\/schema\/person\/64d2681f983b949ff6e4ace270236879","name":"Comunicaci\u00f3n Sistema UNIVA","image":{"@type":"ImageObject","inLanguage":"es","@id":"https:\/\/secure.gravatar.com\/avatar\/e5c70e7a9e29f270de612e0fc3ec80dfe6dcaa543bd068051f89740873db7146?s=96&d=mm&r=g","url":"https:\/\/secure.gravatar.com\/avatar\/e5c70e7a9e29f270de612e0fc3ec80dfe6dcaa543bd068051f89740873db7146?s=96&d=mm&r=g","contentUrl":"https:\/\/secure.gravatar.com\/avatar\/e5c70e7a9e29f270de612e0fc3ec80dfe6dcaa543bd068051f89740873db7146?s=96&d=mm&r=g","caption":"Comunicaci\u00f3n Sistema UNIVA"},"url":"https:\/\/www.univa.mx\/leon\/author\/davidrosas\/"}]}},"_links":{"self":[{"href":"https:\/\/www.univa.mx\/leon\/wp-json\/wp\/v2\/posts\/4270","targetHints":{"allow":["GET"]}}],"collection":[{"href":"https:\/\/www.univa.mx\/leon\/wp-json\/wp\/v2\/posts"}],"about":[{"href":"https:\/\/www.univa.mx\/leon\/wp-json\/wp\/v2\/types\/post"}],"author":[{"embeddable":true,"href":"https:\/\/www.univa.mx\/leon\/wp-json\/wp\/v2\/users\/2"}],"replies":[{"embeddable":true,"href":"https:\/\/www.univa.mx\/leon\/wp-json\/wp\/v2\/comments?post=4270"}],"version-history":[{"count":3,"href":"https:\/\/www.univa.mx\/leon\/wp-json\/wp\/v2\/posts\/4270\/revisions"}],"predecessor-version":[{"id":4274,"href":"https:\/\/www.univa.mx\/leon\/wp-json\/wp\/v2\/posts\/4270\/revisions\/4274"}],"wp:featuredmedia":[{"embeddable":true,"href":"https:\/\/www.univa.mx\/leon\/wp-json\/wp\/v2\/media\/4271"}],"wp:attachment":[{"href":"https:\/\/www.univa.mx\/leon\/wp-json\/wp\/v2\/media?parent=4270"}],"wp:term":[{"taxonomy":"category","embeddable":true,"href":"https:\/\/www.univa.mx\/leon\/wp-json\/wp\/v2\/categories?post=4270"},{"taxonomy":"post_tag","embeddable":true,"href":"https:\/\/www.univa.mx\/leon\/wp-json\/wp\/v2\/tags?post=4270"}],"curies":[{"name":"wp","href":"https:\/\/api.w.org\/{rel}","templated":true}]}}