{"id":4204,"date":"2023-10-30T09:29:47","date_gmt":"2023-10-30T15:29:47","guid":{"rendered":"https:\/\/www.univa.mx\/leon\/univa-campus-leon-entrega-presea-ocelote-a-tres-destacados-egresados\/"},"modified":"2023-10-30T09:31:15","modified_gmt":"2023-10-30T15:31:15","slug":"univa-campus-leon-entrega-presea-ocelote-a-tres-destacados-egresados","status":"publish","type":"post","link":"https:\/\/www.univa.mx\/leon\/univa-campus-leon-entrega-presea-ocelote-a-tres-destacados-egresados\/","title":{"rendered":"UNIVA campus Le\u00f3n entrega Presea Ocelote a tres destacados egresados"},"content":{"rendered":"<p>La Universidad del Valle de Atemajac campus Le\u00f3n, entreg\u00f3 la Presea Ocelote a tres de sus egresados en las categor\u00edas de Labor Social, Trayectoria Empresarial y Trayectoria Profesional. Esta condecoraci\u00f3n anual rinde homenaje a aquellos exalumnos que han sobresalido en sus campos de acci\u00f3n y han dejado una huella positiva en la sociedad.<\/p>\n<p>El evento fue presidido por la alcaldesa de Le\u00f3n, el secretario de Educaci\u00f3n de Guanajuato, el arzobispo de Le\u00f3n y el rector del Sistema UNIVA.<\/p>\n<p><strong>Labor Social<\/strong><\/p>\n<p>En la categor\u00eda de Labor Social, el galard\u00f3n fue entregado a Ana Laura Alba Hern\u00e1ndez, egresada de la Licenciatura en Ciencias y T\u00e9cnicas de la Comunicaci\u00f3n en el a\u00f1o 2007. Actualmente, Ana Laura es la directora del Centro Cultural Imagina, donde ha liderado proyectos culturales y sociales que han tenido un impacto positivo en la comunidad. Su dedicaci\u00f3n y compromiso en la promoci\u00f3n de la cultura y las artes la convierten en un ejemplo a seguir para las generaciones futuras.<\/p>\n<p><strong>Trayectoria Empresarial<\/strong><\/p>\n<p>En la categor\u00eda de Trayectoria Empresarial, se otorg\u00f3 este reconocimiento a Luz Ang\u00e9lica Le\u00f3n Hern\u00e1ndez, egresada de la Licenciatura en Administraci\u00f3n de Empresas en 2005 y propietaria de la empresa SIGMA. Bajo su liderazgo, esta empresa ha experimentado un crecimiento constante y se ha consolidado como un referente en su sector. Su visi\u00f3n empresarial y perseverancia son ejemplos de \u00e9xito para la comunidad empresarial.<\/p>\n<p><strong>Trayectoria Profesional<\/strong><\/p>\n<p>El reconocimiento en la categor\u00eda de Trayectoria Profesional fue otorgado a Enrique Delgado R\u00edos, licenciado en Derecho. Actualmente, Enrique se desempe\u00f1a como c\u00f3nsul encargado de Documentaci\u00f3n a Mexicanos en Nueva York. Su destacada labor en la representaci\u00f3n de los intereses de la comunidad mexicana en el exterior demuestra un alto grado de profesionalismo y compromiso.<\/p>\n<p>El evento estuvo presidido por distinguidas personalidades, destacando la presencia de:<\/p>\n<p><strong>Alejandra Guti\u00e9rrez Campos<\/strong>, alcaldesa de Le\u00f3n<\/p>\n<p><strong>Presb\u00edtero Licenciado Francisco Ram\u00edrez Y\u00e1\u00f1ez<\/strong>, rector del Sistema UNIVA<\/p>\n<p><strong>Excelent\u00edsimo Sr. Alfonso Cort\u00e9s Contreras<\/strong>, arzobispo de Le\u00f3n<\/p>\n<p><strong>Mtro. Jorge Enrique Hern\u00e1ndez Meza<\/strong>, secretario de Educaci\u00f3n del Estado de Guanajuato<\/p>\n<p><strong>Mtro. Leonel Z\u00fa\u00f1iga Arciniega<\/strong>, director de UNIVA campus Le\u00f3n<\/p>\n<p><strong>Mtra. Claudia Guerrero Ortiz<\/strong>, jefa Acad\u00e9mica de UNIVA campus Le\u00f3n<\/p>\n<p>La Universidad del Valle de Atemajac se enorgullece de contar con egresados tan destacados que contin\u00faan contribuyendo al progreso de la sociedad. La Presea Ocelote es un testimonio del compromiso de la UNIVA por formar l\u00edderes y agentes de cambio, cuyo impacto se extiende m\u00e1s all\u00e1 de las aulas universitarias.<\/p>\n","protected":false},"excerpt":{"rendered":"<p>La Universidad del Valle de Atemajac campus Le\u00f3n, entreg\u00f3 la Presea Ocelote a tres de sus egresados en las categor\u00edas de Labor Social, Trayectoria Empresarial y Trayectoria Profesional. Esta condecoraci\u00f3n&#8230;<\/p>\n","protected":false},"author":2,"featured_media":4205,"comment_status":"open","ping_status":"open","sticky":false,"template":"","format":"standard","meta":{"footnotes":""},"categories":[2],"tags":[],"class_list":["post-4204","post","type-post","status-publish","format-standard","has-post-thumbnail","category-noticias"],"yoast_head":"<!-- This site is optimized with the Yoast SEO plugin v28.0 - https:\/\/yoast.com\/product\/yoast-seo-wordpress\/ -->\n<title>UNIVA campus Le\u00f3n entrega Presea Ocelote a tres destacados egresados - Leon<\/title>\n<meta name=\"robots\" content=\"index, follow, max-snippet:-1, max-image-preview:large, max-video-preview:-1\" \/>\n<link rel=\"canonical\" href=\"https:\/\/www.univa.mx\/leon\/univa-campus-leon-entrega-presea-ocelote-a-tres-destacados-egresados\/\" \/>\n<meta property=\"og:locale\" content=\"es_ES\" \/>\n<meta property=\"og:type\" content=\"article\" \/>\n<meta property=\"og:title\" content=\"UNIVA campus Le\u00f3n entrega Presea Ocelote a tres destacados egresados - Leon\" \/>\n<meta property=\"og:description\" content=\"La Universidad del Valle de Atemajac campus Le\u00f3n, entreg\u00f3 la Presea Ocelote a tres de sus egresados en las categor\u00edas de Labor Social, Trayectoria Empresarial y Trayectoria Profesional. Esta condecoraci\u00f3n...\" \/>\n<meta property=\"og:url\" content=\"https:\/\/www.univa.mx\/leon\/univa-campus-leon-entrega-presea-ocelote-a-tres-destacados-egresados\/\" \/>\n<meta property=\"og:site_name\" content=\"Leon\" \/>\n<meta property=\"article:published_time\" content=\"2023-10-30T15:29:47+00:00\" \/>\n<meta property=\"article:modified_time\" content=\"2023-10-30T15:31:15+00:00\" \/>\n<meta property=\"og:image\" content=\"https:\/\/www.univa.mx\/leon\/wp-content\/uploads\/sites\/10\/2023\/10\/UNIVA-campus-Leo\u0301n-entrega-Presea-Ocelote-a-tres-destacados-egresados-.gif\" \/>\n\t<meta property=\"og:image:width\" content=\"1280\" \/>\n\t<meta property=\"og:image:height\" content=\"720\" \/>\n\t<meta property=\"og:image:type\" content=\"image\/gif\" \/>\n<meta name=\"author\" content=\"Comunicaci\u00f3n Sistema UNIVA\" \/>\n<meta name=\"twitter:card\" content=\"summary_large_image\" \/>\n<meta name=\"twitter:label1\" content=\"Escrito por\" \/>\n\t<meta name=\"twitter:data1\" content=\"Comunicaci\u00f3n Sistema UNIVA\" \/>\n\t<meta name=\"twitter:label2\" content=\"Tiempo de lectura\" \/>\n\t<meta name=\"twitter:data2\" content=\"2 minutos\" \/>\n<script type=\"application\/ld+json\" class=\"yoast-schema-graph\">{\"@context\":\"https:\\\/\\\/schema.org\",\"@graph\":[{\"@type\":\"Article\",\"@id\":\"https:\\\/\\\/www.univa.mx\\\/leon\\\/univa-campus-leon-entrega-presea-ocelote-a-tres-destacados-egresados\\\/#article\",\"isPartOf\":{\"@id\":\"https:\\\/\\\/www.univa.mx\\\/leon\\\/univa-campus-leon-entrega-presea-ocelote-a-tres-destacados-egresados\\\/\"},\"author\":{\"name\":\"Comunicaci\u00f3n Sistema UNIVA\",\"@id\":\"https:\\\/\\\/www.univa.mx\\\/leon\\\/#\\\/schema\\\/person\\\/64d2681f983b949ff6e4ace270236879\"},\"headline\":\"UNIVA campus Le\u00f3n entrega Presea Ocelote a tres destacados egresados\",\"datePublished\":\"2023-10-30T15:29:47+00:00\",\"dateModified\":\"2023-10-30T15:31:15+00:00\",\"mainEntityOfPage\":{\"@id\":\"https:\\\/\\\/www.univa.mx\\\/leon\\\/univa-campus-leon-entrega-presea-ocelote-a-tres-destacados-egresados\\\/\"},\"wordCount\":451,\"commentCount\":0,\"image\":{\"@id\":\"https:\\\/\\\/www.univa.mx\\\/leon\\\/univa-campus-leon-entrega-presea-ocelote-a-tres-destacados-egresados\\\/#primaryimage\"},\"thumbnailUrl\":\"https:\\\/\\\/www.univa.mx\\\/leon\\\/wp-content\\\/uploads\\\/sites\\\/10\\\/2023\\\/10\\\/UNIVA-campus-Leo\u0301n-entrega-Presea-Ocelote-a-tres-destacados-egresados-.gif\",\"articleSection\":[\"Noticias\"],\"inLanguage\":\"es\",\"potentialAction\":[{\"@type\":\"CommentAction\",\"name\":\"Comment\",\"target\":[\"https:\\\/\\\/www.univa.mx\\\/leon\\\/univa-campus-leon-entrega-presea-ocelote-a-tres-destacados-egresados\\\/#respond\"]}]},{\"@type\":\"WebPage\",\"@id\":\"https:\\\/\\\/www.univa.mx\\\/leon\\\/univa-campus-leon-entrega-presea-ocelote-a-tres-destacados-egresados\\\/\",\"url\":\"https:\\\/\\\/www.univa.mx\\\/leon\\\/univa-campus-leon-entrega-presea-ocelote-a-tres-destacados-egresados\\\/\",\"name\":\"UNIVA campus Le\u00f3n entrega Presea Ocelote a tres destacados egresados - Leon\",\"isPartOf\":{\"@id\":\"https:\\\/\\\/www.univa.mx\\\/leon\\\/#website\"},\"primaryImageOfPage\":{\"@id\":\"https:\\\/\\\/www.univa.mx\\\/leon\\\/univa-campus-leon-entrega-presea-ocelote-a-tres-destacados-egresados\\\/#primaryimage\"},\"image\":{\"@id\":\"https:\\\/\\\/www.univa.mx\\\/leon\\\/univa-campus-leon-entrega-presea-ocelote-a-tres-destacados-egresados\\\/#primaryimage\"},\"thumbnailUrl\":\"https:\\\/\\\/www.univa.mx\\\/leon\\\/wp-content\\\/uploads\\\/sites\\\/10\\\/2023\\\/10\\\/UNIVA-campus-Leo\u0301n-entrega-Presea-Ocelote-a-tres-destacados-egresados-.gif\",\"datePublished\":\"2023-10-30T15:29:47+00:00\",\"dateModified\":\"2023-10-30T15:31:15+00:00\",\"author\":{\"@id\":\"https:\\\/\\\/www.univa.mx\\\/leon\\\/#\\\/schema\\\/person\\\/64d2681f983b949ff6e4ace270236879\"},\"breadcrumb\":{\"@id\":\"https:\\\/\\\/www.univa.mx\\\/leon\\\/univa-campus-leon-entrega-presea-ocelote-a-tres-destacados-egresados\\\/#breadcrumb\"},\"inLanguage\":\"es\",\"potentialAction\":[{\"@type\":\"ReadAction\",\"target\":[\"https:\\\/\\\/www.univa.mx\\\/leon\\\/univa-campus-leon-entrega-presea-ocelote-a-tres-destacados-egresados\\\/\"]}]},{\"@type\":\"ImageObject\",\"inLanguage\":\"es\",\"@id\":\"https:\\\/\\\/www.univa.mx\\\/leon\\\/univa-campus-leon-entrega-presea-ocelote-a-tres-destacados-egresados\\\/#primaryimage\",\"url\":\"https:\\\/\\\/www.univa.mx\\\/leon\\\/wp-content\\\/uploads\\\/sites\\\/10\\\/2023\\\/10\\\/UNIVA-campus-Leo\u0301n-entrega-Presea-Ocelote-a-tres-destacados-egresados-.gif\",\"contentUrl\":\"https:\\\/\\\/www.univa.mx\\\/leon\\\/wp-content\\\/uploads\\\/sites\\\/10\\\/2023\\\/10\\\/UNIVA-campus-Leo\u0301n-entrega-Presea-Ocelote-a-tres-destacados-egresados-.gif\",\"width\":1280,\"height\":720},{\"@type\":\"BreadcrumbList\",\"@id\":\"https:\\\/\\\/www.univa.mx\\\/leon\\\/univa-campus-leon-entrega-presea-ocelote-a-tres-destacados-egresados\\\/#breadcrumb\",\"itemListElement\":[{\"@type\":\"ListItem\",\"position\":1,\"name\":\"Portada\",\"item\":\"https:\\\/\\\/www.univa.mx\\\/leon\\\/\"},{\"@type\":\"ListItem\",\"position\":2,\"name\":\"UNIVA campus Le\u00f3n entrega Presea Ocelote a tres destacados egresados\"}]},{\"@type\":\"WebSite\",\"@id\":\"https:\\\/\\\/www.univa.mx\\\/leon\\\/#website\",\"url\":\"https:\\\/\\\/www.univa.mx\\\/leon\\\/\",\"name\":\"Leon\",\"description\":\"Univa\",\"potentialAction\":[{\"@type\":\"SearchAction\",\"target\":{\"@type\":\"EntryPoint\",\"urlTemplate\":\"https:\\\/\\\/www.univa.mx\\\/leon\\\/?s={search_term_string}\"},\"query-input\":{\"@type\":\"PropertyValueSpecification\",\"valueRequired\":true,\"valueName\":\"search_term_string\"}}],\"inLanguage\":\"es\"},{\"@type\":\"Person\",\"@id\":\"https:\\\/\\\/www.univa.mx\\\/leon\\\/#\\\/schema\\\/person\\\/64d2681f983b949ff6e4ace270236879\",\"name\":\"Comunicaci\u00f3n Sistema UNIVA\",\"image\":{\"@type\":\"ImageObject\",\"inLanguage\":\"es\",\"@id\":\"https:\\\/\\\/secure.gravatar.com\\\/avatar\\\/e5c70e7a9e29f270de612e0fc3ec80dfe6dcaa543bd068051f89740873db7146?s=96&d=mm&r=g\",\"url\":\"https:\\\/\\\/secure.gravatar.com\\\/avatar\\\/e5c70e7a9e29f270de612e0fc3ec80dfe6dcaa543bd068051f89740873db7146?s=96&d=mm&r=g\",\"contentUrl\":\"https:\\\/\\\/secure.gravatar.com\\\/avatar\\\/e5c70e7a9e29f270de612e0fc3ec80dfe6dcaa543bd068051f89740873db7146?s=96&d=mm&r=g\",\"caption\":\"Comunicaci\u00f3n Sistema UNIVA\"},\"url\":\"https:\\\/\\\/www.univa.mx\\\/leon\\\/author\\\/davidrosas\\\/\"}]}<\/script>\n<!-- \/ Yoast SEO plugin. -->","yoast_head_json":{"title":"UNIVA campus Le\u00f3n entrega Presea Ocelote a tres destacados egresados - Leon","robots":{"index":"index","follow":"follow","max-snippet":"max-snippet:-1","max-image-preview":"max-image-preview:large","max-video-preview":"max-video-preview:-1"},"canonical":"https:\/\/www.univa.mx\/leon\/univa-campus-leon-entrega-presea-ocelote-a-tres-destacados-egresados\/","og_locale":"es_ES","og_type":"article","og_title":"UNIVA campus Le\u00f3n entrega Presea Ocelote a tres destacados egresados - Leon","og_description":"La Universidad del Valle de Atemajac campus Le\u00f3n, entreg\u00f3 la Presea Ocelote a tres de sus egresados en las categor\u00edas de Labor Social, Trayectoria Empresarial y Trayectoria Profesional. Esta condecoraci\u00f3n...","og_url":"https:\/\/www.univa.mx\/leon\/univa-campus-leon-entrega-presea-ocelote-a-tres-destacados-egresados\/","og_site_name":"Leon","article_published_time":"2023-10-30T15:29:47+00:00","article_modified_time":"2023-10-30T15:31:15+00:00","og_image":[{"width":1280,"height":720,"url":"https:\/\/www.univa.mx\/leon\/wp-content\/uploads\/sites\/10\/2023\/10\/UNIVA-campus-Leo\u0301n-entrega-Presea-Ocelote-a-tres-destacados-egresados-.gif","type":"image\/gif"}],"author":"Comunicaci\u00f3n Sistema UNIVA","twitter_card":"summary_large_image","twitter_misc":{"Escrito por":"Comunicaci\u00f3n Sistema UNIVA","Tiempo de lectura":"2 minutos"},"schema":{"@context":"https:\/\/schema.org","@graph":[{"@type":"Article","@id":"https:\/\/www.univa.mx\/leon\/univa-campus-leon-entrega-presea-ocelote-a-tres-destacados-egresados\/#article","isPartOf":{"@id":"https:\/\/www.univa.mx\/leon\/univa-campus-leon-entrega-presea-ocelote-a-tres-destacados-egresados\/"},"author":{"name":"Comunicaci\u00f3n Sistema UNIVA","@id":"https:\/\/www.univa.mx\/leon\/#\/schema\/person\/64d2681f983b949ff6e4ace270236879"},"headline":"UNIVA campus Le\u00f3n entrega Presea Ocelote a tres destacados egresados","datePublished":"2023-10-30T15:29:47+00:00","dateModified":"2023-10-30T15:31:15+00:00","mainEntityOfPage":{"@id":"https:\/\/www.univa.mx\/leon\/univa-campus-leon-entrega-presea-ocelote-a-tres-destacados-egresados\/"},"wordCount":451,"commentCount":0,"image":{"@id":"https:\/\/www.univa.mx\/leon\/univa-campus-leon-entrega-presea-ocelote-a-tres-destacados-egresados\/#primaryimage"},"thumbnailUrl":"https:\/\/www.univa.mx\/leon\/wp-content\/uploads\/sites\/10\/2023\/10\/UNIVA-campus-Leo\u0301n-entrega-Presea-Ocelote-a-tres-destacados-egresados-.gif","articleSection":["Noticias"],"inLanguage":"es","potentialAction":[{"@type":"CommentAction","name":"Comment","target":["https:\/\/www.univa.mx\/leon\/univa-campus-leon-entrega-presea-ocelote-a-tres-destacados-egresados\/#respond"]}]},{"@type":"WebPage","@id":"https:\/\/www.univa.mx\/leon\/univa-campus-leon-entrega-presea-ocelote-a-tres-destacados-egresados\/","url":"https:\/\/www.univa.mx\/leon\/univa-campus-leon-entrega-presea-ocelote-a-tres-destacados-egresados\/","name":"UNIVA campus Le\u00f3n entrega Presea Ocelote a tres destacados egresados - Leon","isPartOf":{"@id":"https:\/\/www.univa.mx\/leon\/#website"},"primaryImageOfPage":{"@id":"https:\/\/www.univa.mx\/leon\/univa-campus-leon-entrega-presea-ocelote-a-tres-destacados-egresados\/#primaryimage"},"image":{"@id":"https:\/\/www.univa.mx\/leon\/univa-campus-leon-entrega-presea-ocelote-a-tres-destacados-egresados\/#primaryimage"},"thumbnailUrl":"https:\/\/www.univa.mx\/leon\/wp-content\/uploads\/sites\/10\/2023\/10\/UNIVA-campus-Leo\u0301n-entrega-Presea-Ocelote-a-tres-destacados-egresados-.gif","datePublished":"2023-10-30T15:29:47+00:00","dateModified":"2023-10-30T15:31:15+00:00","author":{"@id":"https:\/\/www.univa.mx\/leon\/#\/schema\/person\/64d2681f983b949ff6e4ace270236879"},"breadcrumb":{"@id":"https:\/\/www.univa.mx\/leon\/univa-campus-leon-entrega-presea-ocelote-a-tres-destacados-egresados\/#breadcrumb"},"inLanguage":"es","potentialAction":[{"@type":"ReadAction","target":["https:\/\/www.univa.mx\/leon\/univa-campus-leon-entrega-presea-ocelote-a-tres-destacados-egresados\/"]}]},{"@type":"ImageObject","inLanguage":"es","@id":"https:\/\/www.univa.mx\/leon\/univa-campus-leon-entrega-presea-ocelote-a-tres-destacados-egresados\/#primaryimage","url":"https:\/\/www.univa.mx\/leon\/wp-content\/uploads\/sites\/10\/2023\/10\/UNIVA-campus-Leo\u0301n-entrega-Presea-Ocelote-a-tres-destacados-egresados-.gif","contentUrl":"https:\/\/www.univa.mx\/leon\/wp-content\/uploads\/sites\/10\/2023\/10\/UNIVA-campus-Leo\u0301n-entrega-Presea-Ocelote-a-tres-destacados-egresados-.gif","width":1280,"height":720},{"@type":"BreadcrumbList","@id":"https:\/\/www.univa.mx\/leon\/univa-campus-leon-entrega-presea-ocelote-a-tres-destacados-egresados\/#breadcrumb","itemListElement":[{"@type":"ListItem","position":1,"name":"Portada","item":"https:\/\/www.univa.mx\/leon\/"},{"@type":"ListItem","position":2,"name":"UNIVA campus Le\u00f3n entrega Presea Ocelote a tres destacados egresados"}]},{"@type":"WebSite","@id":"https:\/\/www.univa.mx\/leon\/#website","url":"https:\/\/www.univa.mx\/leon\/","name":"Leon","description":"Univa","potentialAction":[{"@type":"SearchAction","target":{"@type":"EntryPoint","urlTemplate":"https:\/\/www.univa.mx\/leon\/?s={search_term_string}"},"query-input":{"@type":"PropertyValueSpecification","valueRequired":true,"valueName":"search_term_string"}}],"inLanguage":"es"},{"@type":"Person","@id":"https:\/\/www.univa.mx\/leon\/#\/schema\/person\/64d2681f983b949ff6e4ace270236879","name":"Comunicaci\u00f3n Sistema UNIVA","image":{"@type":"ImageObject","inLanguage":"es","@id":"https:\/\/secure.gravatar.com\/avatar\/e5c70e7a9e29f270de612e0fc3ec80dfe6dcaa543bd068051f89740873db7146?s=96&d=mm&r=g","url":"https:\/\/secure.gravatar.com\/avatar\/e5c70e7a9e29f270de612e0fc3ec80dfe6dcaa543bd068051f89740873db7146?s=96&d=mm&r=g","contentUrl":"https:\/\/secure.gravatar.com\/avatar\/e5c70e7a9e29f270de612e0fc3ec80dfe6dcaa543bd068051f89740873db7146?s=96&d=mm&r=g","caption":"Comunicaci\u00f3n Sistema UNIVA"},"url":"https:\/\/www.univa.mx\/leon\/author\/davidrosas\/"}]}},"_links":{"self":[{"href":"https:\/\/www.univa.mx\/leon\/wp-json\/wp\/v2\/posts\/4204","targetHints":{"allow":["GET"]}}],"collection":[{"href":"https:\/\/www.univa.mx\/leon\/wp-json\/wp\/v2\/posts"}],"about":[{"href":"https:\/\/www.univa.mx\/leon\/wp-json\/wp\/v2\/types\/post"}],"author":[{"embeddable":true,"href":"https:\/\/www.univa.mx\/leon\/wp-json\/wp\/v2\/users\/2"}],"replies":[{"embeddable":true,"href":"https:\/\/www.univa.mx\/leon\/wp-json\/wp\/v2\/comments?post=4204"}],"version-history":[{"count":1,"href":"https:\/\/www.univa.mx\/leon\/wp-json\/wp\/v2\/posts\/4204\/revisions"}],"predecessor-version":[{"id":4206,"href":"https:\/\/www.univa.mx\/leon\/wp-json\/wp\/v2\/posts\/4204\/revisions\/4206"}],"wp:featuredmedia":[{"embeddable":true,"href":"https:\/\/www.univa.mx\/leon\/wp-json\/wp\/v2\/media\/4205"}],"wp:attachment":[{"href":"https:\/\/www.univa.mx\/leon\/wp-json\/wp\/v2\/media?parent=4204"}],"wp:term":[{"taxonomy":"category","embeddable":true,"href":"https:\/\/www.univa.mx\/leon\/wp-json\/wp\/v2\/categories?post=4204"},{"taxonomy":"post_tag","embeddable":true,"href":"https:\/\/www.univa.mx\/leon\/wp-json\/wp\/v2\/tags?post=4204"}],"curies":[{"name":"wp","href":"https:\/\/api.w.org\/{rel}","templated":true}]}}