{"id":4201,"date":"2023-10-26T17:31:48","date_gmt":"2023-10-26T23:31:48","guid":{"rendered":"https:\/\/www.univa.mx\/leon\/entrega-del-premio-nacional-de-periodismo-2022-a-felipe-cobian-rosales\/"},"modified":"2023-10-26T17:31:58","modified_gmt":"2023-10-26T23:31:58","slug":"entrega-del-premio-nacional-de-periodismo-2022-a-felipe-cobian-rosales","status":"publish","type":"post","link":"https:\/\/www.univa.mx\/leon\/entrega-del-premio-nacional-de-periodismo-2022-a-felipe-cobian-rosales\/","title":{"rendered":"Entrega del Premio Nacional de Periodismo 2022  a Felipe Cobi\u00e1n Rosales"},"content":{"rendered":"<p>La comunidad period\u00edstica de M\u00e9xico se uni\u00f3 para rendir homenaje a un distinguido profesional del periodismo, Felipe Cobi\u00e1n Rosales, quien ha sido galardonado con el prestigioso Premio Nacional de Periodismo 2022, en reconocimiento a su destacada Trayectoria Period\u00edstica.<\/p>\n<p>Felipe Cobi\u00e1n Rosales, oriundo de Jalisco y egresado de la Universidad del Valle de Atemajac (UNIVA) campus Guadalajara, ha dedicado m\u00e1s de medio siglo de su vida a ejercer el periodismo con un inquebrantable sentido de \u00e9tica y una profunda vocaci\u00f3n de servicio ciudadano.<\/p>\n<p>A lo largo de su carrera, ha demostrado un compromiso inquebrantable con la verdad para informar a la sociedad de manera imparcial y veraz. Su labor incansable lo convirti\u00f3 en uno de los reporteros fundadores de El Diario de Guadalajara en 1969, y posteriormente, en corresponsal de Exc\u00e9lsior en 1974.<\/p>\n<p>Felipe Cobi\u00e1n se uni\u00f3 al primer equipo de la revista Proceso como reportero fundador y en 1981 cofund\u00f3 el Semanario Diez, que se convirti\u00f3 en un referente del periodismo independiente. A lo largo de su larga trayectoria, cubri\u00f3 eventos que marcaron la historia de M\u00e9xico, incluyendo el asesinato de Luis Donaldo Colosio en 1994.<\/p>\n<p>En 2004, Felipe Cobi\u00e1n asumi\u00f3 la comisi\u00f3n de fundar Proceso Jalisco, lider\u00e1ndola hasta su cierre en 2015. Posteriormente, fund\u00f3 el medio digital Partidero, que contin\u00faa su labor period\u00edstica hasta el d\u00eda de hoy. Durante a\u00f1os, fue conductor del noticiario de Mega Radio (1070 AM) y ha colaborado en la creaci\u00f3n de cuatro libros. En 2022, la editorial Alfab\u00e9tica public\u00f3 una recopilaci\u00f3n de sus entrevistas, titulada <em>Que conste. Entrevistas en dos siglos<\/em>.<\/p>\n<p>Como instituci\u00f3n acad\u00e9mica, la UNIVA se enorgullece de que Felipe Cobi\u00e1n Rosales, uno de sus distinguidos egresados de la Licenciatura en Ciencias y T\u00e9cnicas de la Comunicaci\u00f3n, haya sido galardonado con el Premio Nacional de Periodismo 2022. La UNIVA reconoce y celebra la destacada labor de Felipe Cobi\u00e1n, quien ha llevado a cabo una trayectoria period\u00edstica ejemplar por m\u00e1s de 50 a\u00f1os, demostrando con ello los valores y la formaci\u00f3n integral que promueve esta instituci\u00f3n educativa. Su dedicaci\u00f3n al periodismo, su inquebrantable sentido de \u00e9tica, y su profunda vocaci\u00f3n de servicio ciudadano son ejemplos inspiradores para la comunidad universitaria y para todos los futuros periodistas que buscan desempe\u00f1arse con excelencia en la b\u00fasqueda de la verdad y la promoci\u00f3n de la libertad de expresi\u00f3n. La UNIVA felicita con orgullo a Felipe Cobi\u00e1n Rosales por este merecido reconocimiento.<\/p>\n<p>Te invitamos a ver el v\u00eddeo con la <strong>transmisi\u00f3n en vivo<\/strong>:<\/p>\n<p><a href=\"https:\/\/www.youtube.com\/live\/Km-WXliLsWA?si=oiUUl9WW_SWNIQmu\">https:\/\/www.youtube.com\/live\/Km-WXliLsWA?si=oiUUl9WW_SWNIQmu<\/a><\/p>\n","protected":false},"excerpt":{"rendered":"<p>La comunidad period\u00edstica de M\u00e9xico se uni\u00f3 para rendir homenaje a un distinguido profesional del periodismo, Felipe Cobi\u00e1n Rosales, quien ha sido galardonado con el prestigioso Premio Nacional de Periodismo&#8230;<\/p>\n","protected":false},"author":2,"featured_media":4202,"comment_status":"open","ping_status":"open","sticky":false,"template":"","format":"standard","meta":{"footnotes":""},"categories":[2],"tags":[],"class_list":["post-4201","post","type-post","status-publish","format-standard","has-post-thumbnail","category-noticias"],"yoast_head":"<!-- This site is optimized with the Yoast SEO plugin v28.0 - https:\/\/yoast.com\/product\/yoast-seo-wordpress\/ -->\n<title>Entrega del Premio Nacional de Periodismo 2022 a Felipe Cobi\u00e1n Rosales - Leon<\/title>\n<meta name=\"robots\" content=\"index, follow, max-snippet:-1, max-image-preview:large, max-video-preview:-1\" \/>\n<link rel=\"canonical\" href=\"https:\/\/www.univa.mx\/leon\/entrega-del-premio-nacional-de-periodismo-2022-a-felipe-cobian-rosales\/\" \/>\n<meta property=\"og:locale\" content=\"es_ES\" \/>\n<meta property=\"og:type\" content=\"article\" \/>\n<meta property=\"og:title\" content=\"Entrega del Premio Nacional de Periodismo 2022 a Felipe Cobi\u00e1n Rosales - Leon\" \/>\n<meta property=\"og:description\" content=\"La comunidad period\u00edstica de M\u00e9xico se uni\u00f3 para rendir homenaje a un distinguido profesional del periodismo, Felipe Cobi\u00e1n Rosales, quien ha sido galardonado con el prestigioso Premio Nacional de Periodismo...\" \/>\n<meta property=\"og:url\" content=\"https:\/\/www.univa.mx\/leon\/entrega-del-premio-nacional-de-periodismo-2022-a-felipe-cobian-rosales\/\" \/>\n<meta property=\"og:site_name\" content=\"Leon\" \/>\n<meta property=\"article:published_time\" content=\"2023-10-26T23:31:48+00:00\" \/>\n<meta property=\"article:modified_time\" content=\"2023-10-26T23:31:58+00:00\" \/>\n<meta property=\"og:image\" content=\"https:\/\/www.univa.mx\/leon\/wp-content\/uploads\/sites\/10\/2023\/10\/Entrega-del-Premio-Nacional-de-Periodismo-2022-a-Felipe-Cobia\u0301n-Rosales.gif\" \/>\n\t<meta property=\"og:image:width\" content=\"1280\" \/>\n\t<meta property=\"og:image:height\" content=\"720\" \/>\n\t<meta property=\"og:image:type\" content=\"image\/gif\" \/>\n<meta name=\"author\" content=\"Comunicaci\u00f3n Sistema UNIVA\" \/>\n<meta name=\"twitter:card\" content=\"summary_large_image\" \/>\n<meta name=\"twitter:label1\" content=\"Escrito por\" \/>\n\t<meta name=\"twitter:data1\" content=\"Comunicaci\u00f3n Sistema UNIVA\" \/>\n\t<meta name=\"twitter:label2\" content=\"Tiempo de lectura\" \/>\n\t<meta name=\"twitter:data2\" content=\"2 minutos\" \/>\n<script type=\"application\/ld+json\" class=\"yoast-schema-graph\">{\"@context\":\"https:\\\/\\\/schema.org\",\"@graph\":[{\"@type\":\"Article\",\"@id\":\"https:\\\/\\\/www.univa.mx\\\/leon\\\/entrega-del-premio-nacional-de-periodismo-2022-a-felipe-cobian-rosales\\\/#article\",\"isPartOf\":{\"@id\":\"https:\\\/\\\/www.univa.mx\\\/leon\\\/entrega-del-premio-nacional-de-periodismo-2022-a-felipe-cobian-rosales\\\/\"},\"author\":{\"name\":\"Comunicaci\u00f3n Sistema UNIVA\",\"@id\":\"https:\\\/\\\/www.univa.mx\\\/leon\\\/#\\\/schema\\\/person\\\/64d2681f983b949ff6e4ace270236879\"},\"headline\":\"Entrega del Premio Nacional de Periodismo 2022 a Felipe Cobi\u00e1n Rosales\",\"datePublished\":\"2023-10-26T23:31:48+00:00\",\"dateModified\":\"2023-10-26T23:31:58+00:00\",\"mainEntityOfPage\":{\"@id\":\"https:\\\/\\\/www.univa.mx\\\/leon\\\/entrega-del-premio-nacional-de-periodismo-2022-a-felipe-cobian-rosales\\\/\"},\"wordCount\":455,\"commentCount\":0,\"image\":{\"@id\":\"https:\\\/\\\/www.univa.mx\\\/leon\\\/entrega-del-premio-nacional-de-periodismo-2022-a-felipe-cobian-rosales\\\/#primaryimage\"},\"thumbnailUrl\":\"https:\\\/\\\/www.univa.mx\\\/leon\\\/wp-content\\\/uploads\\\/sites\\\/10\\\/2023\\\/10\\\/Entrega-del-Premio-Nacional-de-Periodismo-2022-a-Felipe-Cobia\u0301n-Rosales.gif\",\"articleSection\":[\"Noticias\"],\"inLanguage\":\"es\",\"potentialAction\":[{\"@type\":\"CommentAction\",\"name\":\"Comment\",\"target\":[\"https:\\\/\\\/www.univa.mx\\\/leon\\\/entrega-del-premio-nacional-de-periodismo-2022-a-felipe-cobian-rosales\\\/#respond\"]}]},{\"@type\":\"WebPage\",\"@id\":\"https:\\\/\\\/www.univa.mx\\\/leon\\\/entrega-del-premio-nacional-de-periodismo-2022-a-felipe-cobian-rosales\\\/\",\"url\":\"https:\\\/\\\/www.univa.mx\\\/leon\\\/entrega-del-premio-nacional-de-periodismo-2022-a-felipe-cobian-rosales\\\/\",\"name\":\"Entrega del Premio Nacional de Periodismo 2022 a Felipe Cobi\u00e1n Rosales - Leon\",\"isPartOf\":{\"@id\":\"https:\\\/\\\/www.univa.mx\\\/leon\\\/#website\"},\"primaryImageOfPage\":{\"@id\":\"https:\\\/\\\/www.univa.mx\\\/leon\\\/entrega-del-premio-nacional-de-periodismo-2022-a-felipe-cobian-rosales\\\/#primaryimage\"},\"image\":{\"@id\":\"https:\\\/\\\/www.univa.mx\\\/leon\\\/entrega-del-premio-nacional-de-periodismo-2022-a-felipe-cobian-rosales\\\/#primaryimage\"},\"thumbnailUrl\":\"https:\\\/\\\/www.univa.mx\\\/leon\\\/wp-content\\\/uploads\\\/sites\\\/10\\\/2023\\\/10\\\/Entrega-del-Premio-Nacional-de-Periodismo-2022-a-Felipe-Cobia\u0301n-Rosales.gif\",\"datePublished\":\"2023-10-26T23:31:48+00:00\",\"dateModified\":\"2023-10-26T23:31:58+00:00\",\"author\":{\"@id\":\"https:\\\/\\\/www.univa.mx\\\/leon\\\/#\\\/schema\\\/person\\\/64d2681f983b949ff6e4ace270236879\"},\"breadcrumb\":{\"@id\":\"https:\\\/\\\/www.univa.mx\\\/leon\\\/entrega-del-premio-nacional-de-periodismo-2022-a-felipe-cobian-rosales\\\/#breadcrumb\"},\"inLanguage\":\"es\",\"potentialAction\":[{\"@type\":\"ReadAction\",\"target\":[\"https:\\\/\\\/www.univa.mx\\\/leon\\\/entrega-del-premio-nacional-de-periodismo-2022-a-felipe-cobian-rosales\\\/\"]}]},{\"@type\":\"ImageObject\",\"inLanguage\":\"es\",\"@id\":\"https:\\\/\\\/www.univa.mx\\\/leon\\\/entrega-del-premio-nacional-de-periodismo-2022-a-felipe-cobian-rosales\\\/#primaryimage\",\"url\":\"https:\\\/\\\/www.univa.mx\\\/leon\\\/wp-content\\\/uploads\\\/sites\\\/10\\\/2023\\\/10\\\/Entrega-del-Premio-Nacional-de-Periodismo-2022-a-Felipe-Cobia\u0301n-Rosales.gif\",\"contentUrl\":\"https:\\\/\\\/www.univa.mx\\\/leon\\\/wp-content\\\/uploads\\\/sites\\\/10\\\/2023\\\/10\\\/Entrega-del-Premio-Nacional-de-Periodismo-2022-a-Felipe-Cobia\u0301n-Rosales.gif\",\"width\":1280,\"height\":720},{\"@type\":\"BreadcrumbList\",\"@id\":\"https:\\\/\\\/www.univa.mx\\\/leon\\\/entrega-del-premio-nacional-de-periodismo-2022-a-felipe-cobian-rosales\\\/#breadcrumb\",\"itemListElement\":[{\"@type\":\"ListItem\",\"position\":1,\"name\":\"Portada\",\"item\":\"https:\\\/\\\/www.univa.mx\\\/leon\\\/\"},{\"@type\":\"ListItem\",\"position\":2,\"name\":\"Entrega del Premio Nacional de Periodismo 2022 a Felipe Cobi\u00e1n Rosales\"}]},{\"@type\":\"WebSite\",\"@id\":\"https:\\\/\\\/www.univa.mx\\\/leon\\\/#website\",\"url\":\"https:\\\/\\\/www.univa.mx\\\/leon\\\/\",\"name\":\"Leon\",\"description\":\"Univa\",\"potentialAction\":[{\"@type\":\"SearchAction\",\"target\":{\"@type\":\"EntryPoint\",\"urlTemplate\":\"https:\\\/\\\/www.univa.mx\\\/leon\\\/?s={search_term_string}\"},\"query-input\":{\"@type\":\"PropertyValueSpecification\",\"valueRequired\":true,\"valueName\":\"search_term_string\"}}],\"inLanguage\":\"es\"},{\"@type\":\"Person\",\"@id\":\"https:\\\/\\\/www.univa.mx\\\/leon\\\/#\\\/schema\\\/person\\\/64d2681f983b949ff6e4ace270236879\",\"name\":\"Comunicaci\u00f3n Sistema UNIVA\",\"image\":{\"@type\":\"ImageObject\",\"inLanguage\":\"es\",\"@id\":\"https:\\\/\\\/secure.gravatar.com\\\/avatar\\\/e5c70e7a9e29f270de612e0fc3ec80dfe6dcaa543bd068051f89740873db7146?s=96&d=mm&r=g\",\"url\":\"https:\\\/\\\/secure.gravatar.com\\\/avatar\\\/e5c70e7a9e29f270de612e0fc3ec80dfe6dcaa543bd068051f89740873db7146?s=96&d=mm&r=g\",\"contentUrl\":\"https:\\\/\\\/secure.gravatar.com\\\/avatar\\\/e5c70e7a9e29f270de612e0fc3ec80dfe6dcaa543bd068051f89740873db7146?s=96&d=mm&r=g\",\"caption\":\"Comunicaci\u00f3n Sistema UNIVA\"},\"url\":\"https:\\\/\\\/www.univa.mx\\\/leon\\\/author\\\/davidrosas\\\/\"}]}<\/script>\n<!-- \/ Yoast SEO plugin. -->","yoast_head_json":{"title":"Entrega del Premio Nacional de Periodismo 2022 a Felipe Cobi\u00e1n Rosales - Leon","robots":{"index":"index","follow":"follow","max-snippet":"max-snippet:-1","max-image-preview":"max-image-preview:large","max-video-preview":"max-video-preview:-1"},"canonical":"https:\/\/www.univa.mx\/leon\/entrega-del-premio-nacional-de-periodismo-2022-a-felipe-cobian-rosales\/","og_locale":"es_ES","og_type":"article","og_title":"Entrega del Premio Nacional de Periodismo 2022 a Felipe Cobi\u00e1n Rosales - Leon","og_description":"La comunidad period\u00edstica de M\u00e9xico se uni\u00f3 para rendir homenaje a un distinguido profesional del periodismo, Felipe Cobi\u00e1n Rosales, quien ha sido galardonado con el prestigioso Premio Nacional de Periodismo...","og_url":"https:\/\/www.univa.mx\/leon\/entrega-del-premio-nacional-de-periodismo-2022-a-felipe-cobian-rosales\/","og_site_name":"Leon","article_published_time":"2023-10-26T23:31:48+00:00","article_modified_time":"2023-10-26T23:31:58+00:00","og_image":[{"width":1280,"height":720,"url":"https:\/\/www.univa.mx\/leon\/wp-content\/uploads\/sites\/10\/2023\/10\/Entrega-del-Premio-Nacional-de-Periodismo-2022-a-Felipe-Cobia\u0301n-Rosales.gif","type":"image\/gif"}],"author":"Comunicaci\u00f3n Sistema UNIVA","twitter_card":"summary_large_image","twitter_misc":{"Escrito por":"Comunicaci\u00f3n Sistema UNIVA","Tiempo de lectura":"2 minutos"},"schema":{"@context":"https:\/\/schema.org","@graph":[{"@type":"Article","@id":"https:\/\/www.univa.mx\/leon\/entrega-del-premio-nacional-de-periodismo-2022-a-felipe-cobian-rosales\/#article","isPartOf":{"@id":"https:\/\/www.univa.mx\/leon\/entrega-del-premio-nacional-de-periodismo-2022-a-felipe-cobian-rosales\/"},"author":{"name":"Comunicaci\u00f3n Sistema UNIVA","@id":"https:\/\/www.univa.mx\/leon\/#\/schema\/person\/64d2681f983b949ff6e4ace270236879"},"headline":"Entrega del Premio Nacional de Periodismo 2022 a Felipe Cobi\u00e1n Rosales","datePublished":"2023-10-26T23:31:48+00:00","dateModified":"2023-10-26T23:31:58+00:00","mainEntityOfPage":{"@id":"https:\/\/www.univa.mx\/leon\/entrega-del-premio-nacional-de-periodismo-2022-a-felipe-cobian-rosales\/"},"wordCount":455,"commentCount":0,"image":{"@id":"https:\/\/www.univa.mx\/leon\/entrega-del-premio-nacional-de-periodismo-2022-a-felipe-cobian-rosales\/#primaryimage"},"thumbnailUrl":"https:\/\/www.univa.mx\/leon\/wp-content\/uploads\/sites\/10\/2023\/10\/Entrega-del-Premio-Nacional-de-Periodismo-2022-a-Felipe-Cobia\u0301n-Rosales.gif","articleSection":["Noticias"],"inLanguage":"es","potentialAction":[{"@type":"CommentAction","name":"Comment","target":["https:\/\/www.univa.mx\/leon\/entrega-del-premio-nacional-de-periodismo-2022-a-felipe-cobian-rosales\/#respond"]}]},{"@type":"WebPage","@id":"https:\/\/www.univa.mx\/leon\/entrega-del-premio-nacional-de-periodismo-2022-a-felipe-cobian-rosales\/","url":"https:\/\/www.univa.mx\/leon\/entrega-del-premio-nacional-de-periodismo-2022-a-felipe-cobian-rosales\/","name":"Entrega del Premio Nacional de Periodismo 2022 a Felipe Cobi\u00e1n Rosales - Leon","isPartOf":{"@id":"https:\/\/www.univa.mx\/leon\/#website"},"primaryImageOfPage":{"@id":"https:\/\/www.univa.mx\/leon\/entrega-del-premio-nacional-de-periodismo-2022-a-felipe-cobian-rosales\/#primaryimage"},"image":{"@id":"https:\/\/www.univa.mx\/leon\/entrega-del-premio-nacional-de-periodismo-2022-a-felipe-cobian-rosales\/#primaryimage"},"thumbnailUrl":"https:\/\/www.univa.mx\/leon\/wp-content\/uploads\/sites\/10\/2023\/10\/Entrega-del-Premio-Nacional-de-Periodismo-2022-a-Felipe-Cobia\u0301n-Rosales.gif","datePublished":"2023-10-26T23:31:48+00:00","dateModified":"2023-10-26T23:31:58+00:00","author":{"@id":"https:\/\/www.univa.mx\/leon\/#\/schema\/person\/64d2681f983b949ff6e4ace270236879"},"breadcrumb":{"@id":"https:\/\/www.univa.mx\/leon\/entrega-del-premio-nacional-de-periodismo-2022-a-felipe-cobian-rosales\/#breadcrumb"},"inLanguage":"es","potentialAction":[{"@type":"ReadAction","target":["https:\/\/www.univa.mx\/leon\/entrega-del-premio-nacional-de-periodismo-2022-a-felipe-cobian-rosales\/"]}]},{"@type":"ImageObject","inLanguage":"es","@id":"https:\/\/www.univa.mx\/leon\/entrega-del-premio-nacional-de-periodismo-2022-a-felipe-cobian-rosales\/#primaryimage","url":"https:\/\/www.univa.mx\/leon\/wp-content\/uploads\/sites\/10\/2023\/10\/Entrega-del-Premio-Nacional-de-Periodismo-2022-a-Felipe-Cobia\u0301n-Rosales.gif","contentUrl":"https:\/\/www.univa.mx\/leon\/wp-content\/uploads\/sites\/10\/2023\/10\/Entrega-del-Premio-Nacional-de-Periodismo-2022-a-Felipe-Cobia\u0301n-Rosales.gif","width":1280,"height":720},{"@type":"BreadcrumbList","@id":"https:\/\/www.univa.mx\/leon\/entrega-del-premio-nacional-de-periodismo-2022-a-felipe-cobian-rosales\/#breadcrumb","itemListElement":[{"@type":"ListItem","position":1,"name":"Portada","item":"https:\/\/www.univa.mx\/leon\/"},{"@type":"ListItem","position":2,"name":"Entrega del Premio Nacional de Periodismo 2022 a Felipe Cobi\u00e1n Rosales"}]},{"@type":"WebSite","@id":"https:\/\/www.univa.mx\/leon\/#website","url":"https:\/\/www.univa.mx\/leon\/","name":"Leon","description":"Univa","potentialAction":[{"@type":"SearchAction","target":{"@type":"EntryPoint","urlTemplate":"https:\/\/www.univa.mx\/leon\/?s={search_term_string}"},"query-input":{"@type":"PropertyValueSpecification","valueRequired":true,"valueName":"search_term_string"}}],"inLanguage":"es"},{"@type":"Person","@id":"https:\/\/www.univa.mx\/leon\/#\/schema\/person\/64d2681f983b949ff6e4ace270236879","name":"Comunicaci\u00f3n Sistema UNIVA","image":{"@type":"ImageObject","inLanguage":"es","@id":"https:\/\/secure.gravatar.com\/avatar\/e5c70e7a9e29f270de612e0fc3ec80dfe6dcaa543bd068051f89740873db7146?s=96&d=mm&r=g","url":"https:\/\/secure.gravatar.com\/avatar\/e5c70e7a9e29f270de612e0fc3ec80dfe6dcaa543bd068051f89740873db7146?s=96&d=mm&r=g","contentUrl":"https:\/\/secure.gravatar.com\/avatar\/e5c70e7a9e29f270de612e0fc3ec80dfe6dcaa543bd068051f89740873db7146?s=96&d=mm&r=g","caption":"Comunicaci\u00f3n Sistema UNIVA"},"url":"https:\/\/www.univa.mx\/leon\/author\/davidrosas\/"}]}},"_links":{"self":[{"href":"https:\/\/www.univa.mx\/leon\/wp-json\/wp\/v2\/posts\/4201","targetHints":{"allow":["GET"]}}],"collection":[{"href":"https:\/\/www.univa.mx\/leon\/wp-json\/wp\/v2\/posts"}],"about":[{"href":"https:\/\/www.univa.mx\/leon\/wp-json\/wp\/v2\/types\/post"}],"author":[{"embeddable":true,"href":"https:\/\/www.univa.mx\/leon\/wp-json\/wp\/v2\/users\/2"}],"replies":[{"embeddable":true,"href":"https:\/\/www.univa.mx\/leon\/wp-json\/wp\/v2\/comments?post=4201"}],"version-history":[{"count":1,"href":"https:\/\/www.univa.mx\/leon\/wp-json\/wp\/v2\/posts\/4201\/revisions"}],"predecessor-version":[{"id":4203,"href":"https:\/\/www.univa.mx\/leon\/wp-json\/wp\/v2\/posts\/4201\/revisions\/4203"}],"wp:featuredmedia":[{"embeddable":true,"href":"https:\/\/www.univa.mx\/leon\/wp-json\/wp\/v2\/media\/4202"}],"wp:attachment":[{"href":"https:\/\/www.univa.mx\/leon\/wp-json\/wp\/v2\/media?parent=4201"}],"wp:term":[{"taxonomy":"category","embeddable":true,"href":"https:\/\/www.univa.mx\/leon\/wp-json\/wp\/v2\/categories?post=4201"},{"taxonomy":"post_tag","embeddable":true,"href":"https:\/\/www.univa.mx\/leon\/wp-json\/wp\/v2\/tags?post=4201"}],"curies":[{"name":"wp","href":"https:\/\/api.w.org\/{rel}","templated":true}]}}