{"id":3447,"date":"2021-11-04T07:48:51","date_gmt":"2021-11-04T13:48:51","guid":{"rendered":"https:\/\/www.univa.mx\/leon\/revocacion-de-mandato\/"},"modified":"2021-11-04T07:48:53","modified_gmt":"2021-11-04T13:48:53","slug":"revocacion-de-mandato","status":"publish","type":"post","link":"https:\/\/www.univa.mx\/leon\/revocacion-de-mandato\/","title":{"rendered":"Revocaci\u00f3n de Mandato"},"content":{"rendered":"<p><em><strong>Mtro. Francisco Meza Estrada \u2022 Coordinador de la Licenciatura en Derecho UNIVA Le\u00f3n<\/strong><\/em><\/p>\n<p>&nbsp;<\/p>\n<p>Formalmente ha comenzado el proceso legal que podr\u00eda llevarnos a la realizaci\u00f3n de la Revocaci\u00f3n de Mandato para el mes de marzo de 2022. En el que, el presidente L\u00f3pez Obrador podr\u00eda dejar el cargo o mantenerse en el mismo para terminar con los seis a\u00f1os de su gobierno.<\/p>\n<p>Es la primera ocasi\u00f3n que se lleva a cabo un ejercicio de esta naturaleza en nuestro pa\u00eds; por lo que, es conveniente revisar el proceso y comentar algunos de sus aspectos m\u00e1s sobresalientes.<\/p>\n<p>REFORMA CONSTITUCIONAL<\/p>\n<p>La Revocaci\u00f3n de Mandato fue una promesa de campa\u00f1a del presidente que llev\u00f3 a la reforma constitucional del art\u00edculo 35, el 20 de diciembre de 2019 en que fue publicada. La propuesta consiste en que, si los ciudadanos no est\u00e1n de acuerdo con su gobierno, \u00e9l dejar\u00eda la presidencia.<\/p>\n<p>Se trata de un mecanismo muy importante que permitir\u00eda interrumpir gobiernos con los que la sociedad est\u00e9 inconforme, pero tambi\u00e9n es de mucha responsabilidad porque la ca\u00edda de un gobierno tiene implicaciones relevantes en otros \u00e1mbitos. Por esa raz\u00f3n, se prev\u00e9n requisitos exigentes para seguir adelante.<\/p>\n<p>Uno de los problemas que enfrent\u00f3 la reforma constitucional fue la aprobaci\u00f3n de la Ley Federal de Revocaci\u00f3n de Mandato que no lograba aprobarse en el Congreso de la Uni\u00f3n. Finalmente, fue aprobada en septiembre de este a\u00f1o y sus principales etapas son las siguientes:<\/p>\n<p>RECOLECCI\u00d3N DE FIRMAS<\/p>\n<p>El proceso de la revocaci\u00f3n de mandato comenzar\u00e1 por la solicitud de los ciudadanos que representen el 3% de la lista nominal, de por lo menos 17 estados del pa\u00eds. Esta solicitud deber\u00e1 contar con la firma de cada uno de ellos e informaci\u00f3n adicional (Art. 7).<\/p>\n<p>La recolecci\u00f3n de firmas deber\u00e1 realizarse entre el 1 de noviembre y el 15 de diciembre para ser presentadas ante el INE. Cuando el instituto considere procedente la solicitud emitir\u00e1 la convocatoria (Art. 9).<\/p>\n<p>El problema que ha tenido la revocaci\u00f3n de mandato es que est\u00e1 promovida por el propio presidente y los partidos que lo respaldan, pero no existe el inter\u00e9s por parte de los partidos de oposici\u00f3n ni al parecer de la ciudadan\u00eda.<\/p>\n<p>Salvo por algunos grupos pol\u00edticos como FRENA que buscan aprovechar la revocaci\u00f3n de mandato, pero necesitan convencer o movilizar a los ciudadanos.<\/p>\n<p>Estamos hablando de que se requieren aproximadamente 2 millones 800 mil firmas que deben cumplir con los requisitos establecidos por el INE. Es una cantidad alcanzable para dar inicio al proceso, pero que no nace de la intenci\u00f3n de revocar el mandato, sino de ratificar al presidente y ah\u00ed existe un serio problema.<\/p>\n<p>CONVOCATORIA Y ORGANIZACI\u00d3N<\/p>\n<p>Es muy probable que el INE lance la convocatoria a finales del mes de diciembre y comience con la organizaci\u00f3n de la revocaci\u00f3n de mandato, as\u00ed como a la promoci\u00f3n para la participaci\u00f3n de los ciudadanos (Art. 32).<\/p>\n<p>Durante este periodo se suspende la propaganda gubernamental de cualquier orden de gobierno. Ninguna persona f\u00edsica o moral podr\u00e1 contratar propaganda en radio o televisi\u00f3n para influir en los ciudadanos. Los partidos pol\u00edticos podr\u00e1n promover la participaci\u00f3n de los ciudadanos, pero sin usar recursos p\u00fablicos y privados de sus actividades ordinarias o para la obtenci\u00f3n del voto (Arts. 32 y 33).<\/p>\n<p>Como se puede ver, hay varios candados en este sentido y podr\u00eda darse que hubiera se\u00f1alamientos por parte de los principales protagonistas pol\u00edticos de la violaci\u00f3n de los mismos.<\/p>\n<p>El INE deber\u00e1 organizar dos foros de discusi\u00f3n donde se presenten los argumentos a favor y en contra.<\/p>\n<p>Todo lo anterior, podr\u00eda intensificarse si existe el inter\u00e9s de buscar la revocaci\u00f3n del presidente; de lo contrario, se cumplir\u00e1n con los requisitos sin haber mucha participaci\u00f3n.<\/p>\n<p>JORNADA DE REVOCACI\u00d3N Y VINCULATORIEDAD<\/p>\n<p>Para el d\u00eda de la votaci\u00f3n se proceder\u00e1 como normalmente hemos visto durante las elecciones y sobre todo en la Consulta Popular realizada en agosto de este a\u00f1o 2021.<\/p>\n<p>Lo m\u00e1s importante es que para que los resultados de revocaci\u00f3n de mandato puedan ser vinculatorios deber\u00e1 haber una participaci\u00f3n del 40% de las personas inscritas en la lista nominal, es decir, aproximadamente de 36 millones 804 mil electores. Adem\u00e1s, para que la revocaci\u00f3n de mandato procesa deber\u00e1 ser la mayor\u00eda absoluta, lo que quiere decir el 50% m\u00e1s 1 de los votos (Art. 58).<\/p>\n<p>Lo m\u00e1s complicado es que pudiera existir una participaci\u00f3n del 40% cuando en la Consulta Popular de este a\u00f1o la participaci\u00f3n fue del 7% y no existe en las encuestas una desaprobaci\u00f3n del presidente que pudiera llevarnos a concluir que se apoyar\u00eda la revocaci\u00f3n.<\/p>\n<p>MUCHO POR VER, POCO POR ESPERAR<\/p>\n<p>De esta forma, tenemos mucho por ver en la realizaci\u00f3n de este primer ejercicio en M\u00e9xico por la novedad que implica, por los posibles aciertos y errores de los principales protagonistas y de las mismas autoridades responsables de su realizaci\u00f3n. Adem\u00e1s, del inter\u00e9s y participaci\u00f3n de los propios ciudadanos.<\/p>\n<p>Sin embargo, considerando que el presidente tiene una aceptable aprobaci\u00f3n, que los partidos de oposici\u00f3n no tienen inter\u00e9s en promover la revocaci\u00f3n de mandato y que la ciudadan\u00eda no ha mostrado indicios de participaci\u00f3n tal vez podamos esperar poco de sus resultados. Adem\u00e1s, debemos de considerar los recursos econ\u00f3micos que se ir\u00e1n aplicando. Habremos de seguir el proceso y analizar los puntos m\u00e1s importantes que vayan surgiendo.<\/p>\n","protected":false},"excerpt":{"rendered":"<p>Mtro. Francisco Meza Estrada \u2022 Coordinador de la Licenciatura en Derecho UNIVA Le\u00f3n &nbsp; Formalmente ha comenzado el proceso legal que podr\u00eda llevarnos a la realizaci\u00f3n de la Revocaci\u00f3n de&#8230;<\/p>\n","protected":false},"author":2,"featured_media":2900,"comment_status":"open","ping_status":"open","sticky":false,"template":"","format":"standard","meta":{"footnotes":""},"categories":[9,6],"tags":[],"class_list":["post-3447","post","type-post","status-publish","format-standard","has-post-thumbnail","category-lideres-de-opinion","category-voces-univa"],"yoast_head":"<!-- This site is optimized with the Yoast SEO plugin v28.0 - https:\/\/yoast.com\/product\/yoast-seo-wordpress\/ -->\n<title>Revocaci\u00f3n de Mandato - Leon<\/title>\n<meta name=\"robots\" content=\"index, follow, max-snippet:-1, max-image-preview:large, max-video-preview:-1\" \/>\n<link rel=\"canonical\" href=\"https:\/\/www.univa.mx\/leon\/revocacion-de-mandato\/\" \/>\n<meta property=\"og:locale\" content=\"es_ES\" \/>\n<meta property=\"og:type\" content=\"article\" \/>\n<meta property=\"og:title\" content=\"Revocaci\u00f3n de Mandato - Leon\" \/>\n<meta property=\"og:description\" content=\"Mtro. Francisco Meza Estrada \u2022 Coordinador de la Licenciatura en Derecho UNIVA Le\u00f3n &nbsp; Formalmente ha comenzado el proceso legal que podr\u00eda llevarnos a la realizaci\u00f3n de la Revocaci\u00f3n de...\" \/>\n<meta property=\"og:url\" content=\"https:\/\/www.univa.mx\/leon\/revocacion-de-mandato\/\" \/>\n<meta property=\"og:site_name\" content=\"Leon\" \/>\n<meta property=\"article:published_time\" content=\"2021-11-04T13:48:51+00:00\" \/>\n<meta property=\"article:modified_time\" content=\"2021-11-04T13:48:53+00:00\" \/>\n<meta property=\"og:image\" content=\"https:\/\/www.univa.mx\/leon\/wp-content\/uploads\/sites\/10\/2021\/06\/Francisco-Meza-Estrada-1.png\" \/>\n\t<meta property=\"og:image:width\" content=\"1\" \/>\n\t<meta property=\"og:image:height\" content=\"1\" \/>\n\t<meta property=\"og:image:type\" content=\"image\/png\" \/>\n<meta name=\"author\" content=\"Comunicaci\u00f3n Sistema UNIVA\" \/>\n<meta name=\"twitter:card\" content=\"summary_large_image\" \/>\n<meta name=\"twitter:label1\" content=\"Escrito por\" \/>\n\t<meta name=\"twitter:data1\" content=\"Comunicaci\u00f3n Sistema UNIVA\" \/>\n\t<meta name=\"twitter:label2\" content=\"Tiempo de lectura\" \/>\n\t<meta name=\"twitter:data2\" content=\"4 minutos\" \/>\n<script type=\"application\/ld+json\" class=\"yoast-schema-graph\">{\"@context\":\"https:\\\/\\\/schema.org\",\"@graph\":[{\"@type\":\"Article\",\"@id\":\"https:\\\/\\\/www.univa.mx\\\/leon\\\/revocacion-de-mandato\\\/#article\",\"isPartOf\":{\"@id\":\"https:\\\/\\\/www.univa.mx\\\/leon\\\/revocacion-de-mandato\\\/\"},\"author\":{\"name\":\"Comunicaci\u00f3n Sistema UNIVA\",\"@id\":\"https:\\\/\\\/www.univa.mx\\\/leon\\\/#\\\/schema\\\/person\\\/64d2681f983b949ff6e4ace270236879\"},\"headline\":\"Revocaci\u00f3n de Mandato\",\"datePublished\":\"2021-11-04T13:48:51+00:00\",\"dateModified\":\"2021-11-04T13:48:53+00:00\",\"mainEntityOfPage\":{\"@id\":\"https:\\\/\\\/www.univa.mx\\\/leon\\\/revocacion-de-mandato\\\/\"},\"wordCount\":950,\"commentCount\":0,\"image\":{\"@id\":\"https:\\\/\\\/www.univa.mx\\\/leon\\\/revocacion-de-mandato\\\/#primaryimage\"},\"thumbnailUrl\":\"https:\\\/\\\/www.univa.mx\\\/leon\\\/wp-content\\\/uploads\\\/sites\\\/10\\\/2021\\\/06\\\/Francisco-Meza-Estrada-1.png\",\"articleSection\":[\"L\u00edderes de opini\u00f3n\",\"Voces Univa\"],\"inLanguage\":\"es\",\"potentialAction\":[{\"@type\":\"CommentAction\",\"name\":\"Comment\",\"target\":[\"https:\\\/\\\/www.univa.mx\\\/leon\\\/revocacion-de-mandato\\\/#respond\"]}]},{\"@type\":\"WebPage\",\"@id\":\"https:\\\/\\\/www.univa.mx\\\/leon\\\/revocacion-de-mandato\\\/\",\"url\":\"https:\\\/\\\/www.univa.mx\\\/leon\\\/revocacion-de-mandato\\\/\",\"name\":\"Revocaci\u00f3n de Mandato - Leon\",\"isPartOf\":{\"@id\":\"https:\\\/\\\/www.univa.mx\\\/leon\\\/#website\"},\"primaryImageOfPage\":{\"@id\":\"https:\\\/\\\/www.univa.mx\\\/leon\\\/revocacion-de-mandato\\\/#primaryimage\"},\"image\":{\"@id\":\"https:\\\/\\\/www.univa.mx\\\/leon\\\/revocacion-de-mandato\\\/#primaryimage\"},\"thumbnailUrl\":\"https:\\\/\\\/www.univa.mx\\\/leon\\\/wp-content\\\/uploads\\\/sites\\\/10\\\/2021\\\/06\\\/Francisco-Meza-Estrada-1.png\",\"datePublished\":\"2021-11-04T13:48:51+00:00\",\"dateModified\":\"2021-11-04T13:48:53+00:00\",\"author\":{\"@id\":\"https:\\\/\\\/www.univa.mx\\\/leon\\\/#\\\/schema\\\/person\\\/64d2681f983b949ff6e4ace270236879\"},\"breadcrumb\":{\"@id\":\"https:\\\/\\\/www.univa.mx\\\/leon\\\/revocacion-de-mandato\\\/#breadcrumb\"},\"inLanguage\":\"es\",\"potentialAction\":[{\"@type\":\"ReadAction\",\"target\":[\"https:\\\/\\\/www.univa.mx\\\/leon\\\/revocacion-de-mandato\\\/\"]}]},{\"@type\":\"ImageObject\",\"inLanguage\":\"es\",\"@id\":\"https:\\\/\\\/www.univa.mx\\\/leon\\\/revocacion-de-mandato\\\/#primaryimage\",\"url\":\"https:\\\/\\\/www.univa.mx\\\/leon\\\/wp-content\\\/uploads\\\/sites\\\/10\\\/2021\\\/06\\\/Francisco-Meza-Estrada-1.png\",\"contentUrl\":\"https:\\\/\\\/www.univa.mx\\\/leon\\\/wp-content\\\/uploads\\\/sites\\\/10\\\/2021\\\/06\\\/Francisco-Meza-Estrada-1.png\"},{\"@type\":\"BreadcrumbList\",\"@id\":\"https:\\\/\\\/www.univa.mx\\\/leon\\\/revocacion-de-mandato\\\/#breadcrumb\",\"itemListElement\":[{\"@type\":\"ListItem\",\"position\":1,\"name\":\"Portada\",\"item\":\"https:\\\/\\\/www.univa.mx\\\/leon\\\/\"},{\"@type\":\"ListItem\",\"position\":2,\"name\":\"Revocaci\u00f3n de Mandato\"}]},{\"@type\":\"WebSite\",\"@id\":\"https:\\\/\\\/www.univa.mx\\\/leon\\\/#website\",\"url\":\"https:\\\/\\\/www.univa.mx\\\/leon\\\/\",\"name\":\"Leon\",\"description\":\"Univa\",\"potentialAction\":[{\"@type\":\"SearchAction\",\"target\":{\"@type\":\"EntryPoint\",\"urlTemplate\":\"https:\\\/\\\/www.univa.mx\\\/leon\\\/?s={search_term_string}\"},\"query-input\":{\"@type\":\"PropertyValueSpecification\",\"valueRequired\":true,\"valueName\":\"search_term_string\"}}],\"inLanguage\":\"es\"},{\"@type\":\"Person\",\"@id\":\"https:\\\/\\\/www.univa.mx\\\/leon\\\/#\\\/schema\\\/person\\\/64d2681f983b949ff6e4ace270236879\",\"name\":\"Comunicaci\u00f3n Sistema UNIVA\",\"image\":{\"@type\":\"ImageObject\",\"inLanguage\":\"es\",\"@id\":\"https:\\\/\\\/secure.gravatar.com\\\/avatar\\\/e5c70e7a9e29f270de612e0fc3ec80dfe6dcaa543bd068051f89740873db7146?s=96&d=mm&r=g\",\"url\":\"https:\\\/\\\/secure.gravatar.com\\\/avatar\\\/e5c70e7a9e29f270de612e0fc3ec80dfe6dcaa543bd068051f89740873db7146?s=96&d=mm&r=g\",\"contentUrl\":\"https:\\\/\\\/secure.gravatar.com\\\/avatar\\\/e5c70e7a9e29f270de612e0fc3ec80dfe6dcaa543bd068051f89740873db7146?s=96&d=mm&r=g\",\"caption\":\"Comunicaci\u00f3n Sistema UNIVA\"},\"url\":\"https:\\\/\\\/www.univa.mx\\\/leon\\\/author\\\/davidrosas\\\/\"}]}<\/script>\n<!-- \/ Yoast SEO plugin. -->","yoast_head_json":{"title":"Revocaci\u00f3n de Mandato - Leon","robots":{"index":"index","follow":"follow","max-snippet":"max-snippet:-1","max-image-preview":"max-image-preview:large","max-video-preview":"max-video-preview:-1"},"canonical":"https:\/\/www.univa.mx\/leon\/revocacion-de-mandato\/","og_locale":"es_ES","og_type":"article","og_title":"Revocaci\u00f3n de Mandato - Leon","og_description":"Mtro. Francisco Meza Estrada \u2022 Coordinador de la Licenciatura en Derecho UNIVA Le\u00f3n &nbsp; Formalmente ha comenzado el proceso legal que podr\u00eda llevarnos a la realizaci\u00f3n de la Revocaci\u00f3n de...","og_url":"https:\/\/www.univa.mx\/leon\/revocacion-de-mandato\/","og_site_name":"Leon","article_published_time":"2021-11-04T13:48:51+00:00","article_modified_time":"2021-11-04T13:48:53+00:00","og_image":[{"url":"https:\/\/www.univa.mx\/leon\/wp-content\/uploads\/sites\/10\/2021\/06\/Francisco-Meza-Estrada-1.png","width":1,"height":1,"type":"image\/png"}],"author":"Comunicaci\u00f3n Sistema UNIVA","twitter_card":"summary_large_image","twitter_misc":{"Escrito por":"Comunicaci\u00f3n Sistema UNIVA","Tiempo de lectura":"4 minutos"},"schema":{"@context":"https:\/\/schema.org","@graph":[{"@type":"Article","@id":"https:\/\/www.univa.mx\/leon\/revocacion-de-mandato\/#article","isPartOf":{"@id":"https:\/\/www.univa.mx\/leon\/revocacion-de-mandato\/"},"author":{"name":"Comunicaci\u00f3n Sistema UNIVA","@id":"https:\/\/www.univa.mx\/leon\/#\/schema\/person\/64d2681f983b949ff6e4ace270236879"},"headline":"Revocaci\u00f3n de Mandato","datePublished":"2021-11-04T13:48:51+00:00","dateModified":"2021-11-04T13:48:53+00:00","mainEntityOfPage":{"@id":"https:\/\/www.univa.mx\/leon\/revocacion-de-mandato\/"},"wordCount":950,"commentCount":0,"image":{"@id":"https:\/\/www.univa.mx\/leon\/revocacion-de-mandato\/#primaryimage"},"thumbnailUrl":"https:\/\/www.univa.mx\/leon\/wp-content\/uploads\/sites\/10\/2021\/06\/Francisco-Meza-Estrada-1.png","articleSection":["L\u00edderes de opini\u00f3n","Voces Univa"],"inLanguage":"es","potentialAction":[{"@type":"CommentAction","name":"Comment","target":["https:\/\/www.univa.mx\/leon\/revocacion-de-mandato\/#respond"]}]},{"@type":"WebPage","@id":"https:\/\/www.univa.mx\/leon\/revocacion-de-mandato\/","url":"https:\/\/www.univa.mx\/leon\/revocacion-de-mandato\/","name":"Revocaci\u00f3n de Mandato - Leon","isPartOf":{"@id":"https:\/\/www.univa.mx\/leon\/#website"},"primaryImageOfPage":{"@id":"https:\/\/www.univa.mx\/leon\/revocacion-de-mandato\/#primaryimage"},"image":{"@id":"https:\/\/www.univa.mx\/leon\/revocacion-de-mandato\/#primaryimage"},"thumbnailUrl":"https:\/\/www.univa.mx\/leon\/wp-content\/uploads\/sites\/10\/2021\/06\/Francisco-Meza-Estrada-1.png","datePublished":"2021-11-04T13:48:51+00:00","dateModified":"2021-11-04T13:48:53+00:00","author":{"@id":"https:\/\/www.univa.mx\/leon\/#\/schema\/person\/64d2681f983b949ff6e4ace270236879"},"breadcrumb":{"@id":"https:\/\/www.univa.mx\/leon\/revocacion-de-mandato\/#breadcrumb"},"inLanguage":"es","potentialAction":[{"@type":"ReadAction","target":["https:\/\/www.univa.mx\/leon\/revocacion-de-mandato\/"]}]},{"@type":"ImageObject","inLanguage":"es","@id":"https:\/\/www.univa.mx\/leon\/revocacion-de-mandato\/#primaryimage","url":"https:\/\/www.univa.mx\/leon\/wp-content\/uploads\/sites\/10\/2021\/06\/Francisco-Meza-Estrada-1.png","contentUrl":"https:\/\/www.univa.mx\/leon\/wp-content\/uploads\/sites\/10\/2021\/06\/Francisco-Meza-Estrada-1.png"},{"@type":"BreadcrumbList","@id":"https:\/\/www.univa.mx\/leon\/revocacion-de-mandato\/#breadcrumb","itemListElement":[{"@type":"ListItem","position":1,"name":"Portada","item":"https:\/\/www.univa.mx\/leon\/"},{"@type":"ListItem","position":2,"name":"Revocaci\u00f3n de Mandato"}]},{"@type":"WebSite","@id":"https:\/\/www.univa.mx\/leon\/#website","url":"https:\/\/www.univa.mx\/leon\/","name":"Leon","description":"Univa","potentialAction":[{"@type":"SearchAction","target":{"@type":"EntryPoint","urlTemplate":"https:\/\/www.univa.mx\/leon\/?s={search_term_string}"},"query-input":{"@type":"PropertyValueSpecification","valueRequired":true,"valueName":"search_term_string"}}],"inLanguage":"es"},{"@type":"Person","@id":"https:\/\/www.univa.mx\/leon\/#\/schema\/person\/64d2681f983b949ff6e4ace270236879","name":"Comunicaci\u00f3n Sistema UNIVA","image":{"@type":"ImageObject","inLanguage":"es","@id":"https:\/\/secure.gravatar.com\/avatar\/e5c70e7a9e29f270de612e0fc3ec80dfe6dcaa543bd068051f89740873db7146?s=96&d=mm&r=g","url":"https:\/\/secure.gravatar.com\/avatar\/e5c70e7a9e29f270de612e0fc3ec80dfe6dcaa543bd068051f89740873db7146?s=96&d=mm&r=g","contentUrl":"https:\/\/secure.gravatar.com\/avatar\/e5c70e7a9e29f270de612e0fc3ec80dfe6dcaa543bd068051f89740873db7146?s=96&d=mm&r=g","caption":"Comunicaci\u00f3n Sistema UNIVA"},"url":"https:\/\/www.univa.mx\/leon\/author\/davidrosas\/"}]}},"_links":{"self":[{"href":"https:\/\/www.univa.mx\/leon\/wp-json\/wp\/v2\/posts\/3447","targetHints":{"allow":["GET"]}}],"collection":[{"href":"https:\/\/www.univa.mx\/leon\/wp-json\/wp\/v2\/posts"}],"about":[{"href":"https:\/\/www.univa.mx\/leon\/wp-json\/wp\/v2\/types\/post"}],"author":[{"embeddable":true,"href":"https:\/\/www.univa.mx\/leon\/wp-json\/wp\/v2\/users\/2"}],"replies":[{"embeddable":true,"href":"https:\/\/www.univa.mx\/leon\/wp-json\/wp\/v2\/comments?post=3447"}],"version-history":[{"count":1,"href":"https:\/\/www.univa.mx\/leon\/wp-json\/wp\/v2\/posts\/3447\/revisions"}],"predecessor-version":[{"id":3448,"href":"https:\/\/www.univa.mx\/leon\/wp-json\/wp\/v2\/posts\/3447\/revisions\/3448"}],"wp:featuredmedia":[{"embeddable":true,"href":"https:\/\/www.univa.mx\/leon\/wp-json\/wp\/v2\/media\/2900"}],"wp:attachment":[{"href":"https:\/\/www.univa.mx\/leon\/wp-json\/wp\/v2\/media?parent=3447"}],"wp:term":[{"taxonomy":"category","embeddable":true,"href":"https:\/\/www.univa.mx\/leon\/wp-json\/wp\/v2\/categories?post=3447"},{"taxonomy":"post_tag","embeddable":true,"href":"https:\/\/www.univa.mx\/leon\/wp-json\/wp\/v2\/tags?post=3447"}],"curies":[{"name":"wp","href":"https:\/\/api.w.org\/{rel}","templated":true}]}}