{"id":6906,"date":"2023-09-18T08:53:47","date_gmt":"2023-09-18T14:53:47","guid":{"rendered":"https:\/\/www.univa.mx\/la-piedad\/2023\/09\/18\/univa-la-piedad-realizo-firma-de-convenio-con-el-ombudsperson-de-michoacan\/"},"modified":"2023-09-18T08:53:49","modified_gmt":"2023-09-18T14:53:49","slug":"univa-la-piedad-realizo-firma-de-convenio-con-el-ombudsperson-de-michoacan","status":"publish","type":"post","link":"https:\/\/www.univa.mx\/la-piedad\/2023\/09\/18\/univa-la-piedad-realizo-firma-de-convenio-con-el-ombudsperson-de-michoacan\/","title":{"rendered":"UNIVA La Piedad realiz\u00f3 firma de convenio con el ombudsperson de Michoac\u00e1n"},"content":{"rendered":"<p>La directora de UNIVA La Piedad, Dra. Natalia Salinas Bravo, y el ombudsperson de Michoac\u00e1n, Marco Tinoco \u00c1lvarez realizaron la firma de un convenio, para unir fuerzas en una mayor divulgaci\u00f3n y creaci\u00f3n de una cultura de los derechos humanos, desde la formaci\u00f3n escolar.<\/p>\n<p>En esta firma estuvieron presentes los jefes de cada departamento del plantel UNIVA La Piedad y administrativos de la Comisi\u00f3n Estatal de los Derechos Humanos de Michoac\u00e1n, a fin de reforzar este convenio entre ambas instituciones y dar pie a crear nuevos proyectos y estrategias para el desarrollo del bien com\u00fan.<\/p>\n<p>El ombudsperson de Michoac\u00e1n, Marco Tinoco, imparti\u00f3 la conferencia \u201cEl ABC de los Derechos Humamos\u201d, a personal de la UNIVA, esto con el fin de que conozcan informaci\u00f3n adicional al tema. De igual forma, se ofreci\u00f3 la charla \u201cLos Derechos Humanos de las Personas con Discapacidad\u201d.<\/p>\n<p>Para la Universidad del Valle de Atemajac campus La Piedad, es gratificante el lograr sumar y aliarse a esta comisi\u00f3n, pues as\u00ed, tambi\u00e9n ser\u00e1n beneficiados los universitarios de este plantel y para seguir ejerciendo oportunidades, proyectos y estrategias para la formaci\u00f3n, el desarrollo y la trascendencia de Michoac\u00e1n.<\/p>\n","protected":false},"excerpt":{"rendered":"<p>La directora de UNIVA La Piedad, Dra. Natalia Salinas Bravo, y el ombudsperson de Michoac\u00e1n, Marco Tinoco \u00c1lvarez realizaron la firma de un convenio, para unir fuerzas en una mayor&#8230;<\/p>\n","protected":false},"author":2,"featured_media":6907,"comment_status":"open","ping_status":"open","sticky":false,"template":"","format":"standard","meta":{"footnotes":""},"categories":[4],"tags":[],"class_list":{"0":"post-6906","1":"post","2":"type-post","3":"status-publish","4":"format-standard","5":"has-post-thumbnail","7":"category-noticias"},"yoast_head":"<!-- This site is optimized with the Yoast SEO plugin v26.6 - https:\/\/yoast.com\/wordpress\/plugins\/seo\/ -->\n<title>UNIVA La Piedad realiz\u00f3 firma de convenio con el ombudsperson de Michoac\u00e1n - La Piedad<\/title>\n<meta name=\"robots\" content=\"index, follow, max-snippet:-1, max-image-preview:large, max-video-preview:-1\" \/>\n<link rel=\"canonical\" href=\"https:\/\/www.univa.mx\/la-piedad\/2023\/09\/18\/univa-la-piedad-realizo-firma-de-convenio-con-el-ombudsperson-de-michoacan\/\" \/>\n<meta property=\"og:locale\" content=\"es_ES\" \/>\n<meta property=\"og:type\" content=\"article\" \/>\n<meta property=\"og:title\" content=\"UNIVA La Piedad realiz\u00f3 firma de convenio con el ombudsperson de Michoac\u00e1n - La Piedad\" \/>\n<meta property=\"og:description\" content=\"La directora de UNIVA La Piedad, Dra. Natalia Salinas Bravo, y el ombudsperson de Michoac\u00e1n, Marco Tinoco \u00c1lvarez realizaron la firma de un convenio, para unir fuerzas en una mayor...\" \/>\n<meta property=\"og:url\" content=\"https:\/\/www.univa.mx\/la-piedad\/2023\/09\/18\/univa-la-piedad-realizo-firma-de-convenio-con-el-ombudsperson-de-michoacan\/\" \/>\n<meta property=\"og:site_name\" content=\"La Piedad\" \/>\n<meta property=\"article:published_time\" content=\"2023-09-18T14:53:47+00:00\" \/>\n<meta property=\"article:modified_time\" content=\"2023-09-18T14:53:49+00:00\" \/>\n<meta property=\"og:image\" content=\"https:\/\/www.univa.mx\/la-piedad\/wp-content\/uploads\/sites\/2\/2023\/09\/UNIVA-La-Piedad-realizo\u0301-firma-de-convenio-con-el-ombudsperson-de-Michoaca\u0301n.gif\" \/>\n\t<meta property=\"og:image:width\" content=\"1280\" \/>\n\t<meta property=\"og:image:height\" content=\"720\" \/>\n\t<meta property=\"og:image:type\" content=\"image\/gif\" \/>\n<meta name=\"author\" content=\"Comunicaci\u00f3n Sistema UNIVA\" \/>\n<meta name=\"twitter:card\" content=\"summary_large_image\" \/>\n<meta name=\"twitter:label1\" content=\"Escrito por\" \/>\n\t<meta name=\"twitter:data1\" content=\"Comunicaci\u00f3n Sistema UNIVA\" \/>\n\t<meta name=\"twitter:label2\" content=\"Tiempo de lectura\" \/>\n\t<meta name=\"twitter:data2\" content=\"1 minuto\" \/>\n<script type=\"application\/ld+json\" class=\"yoast-schema-graph\">{\"@context\":\"https:\/\/schema.org\",\"@graph\":[{\"@type\":\"WebPage\",\"@id\":\"https:\/\/www.univa.mx\/la-piedad\/2023\/09\/18\/univa-la-piedad-realizo-firma-de-convenio-con-el-ombudsperson-de-michoacan\/\",\"url\":\"https:\/\/www.univa.mx\/la-piedad\/2023\/09\/18\/univa-la-piedad-realizo-firma-de-convenio-con-el-ombudsperson-de-michoacan\/\",\"name\":\"UNIVA La Piedad realiz\u00f3 firma de convenio con el ombudsperson de Michoac\u00e1n - La Piedad\",\"isPartOf\":{\"@id\":\"https:\/\/www.univa.mx\/la-piedad\/#website\"},\"primaryImageOfPage\":{\"@id\":\"https:\/\/www.univa.mx\/la-piedad\/2023\/09\/18\/univa-la-piedad-realizo-firma-de-convenio-con-el-ombudsperson-de-michoacan\/#primaryimage\"},\"image\":{\"@id\":\"https:\/\/www.univa.mx\/la-piedad\/2023\/09\/18\/univa-la-piedad-realizo-firma-de-convenio-con-el-ombudsperson-de-michoacan\/#primaryimage\"},\"thumbnailUrl\":\"https:\/\/www.univa.mx\/la-piedad\/wp-content\/uploads\/sites\/2\/2023\/09\/UNIVA-La-Piedad-realizo\u0301-firma-de-convenio-con-el-ombudsperson-de-Michoaca\u0301n.gif\",\"datePublished\":\"2023-09-18T14:53:47+00:00\",\"dateModified\":\"2023-09-18T14:53:49+00:00\",\"author\":{\"@id\":\"https:\/\/www.univa.mx\/la-piedad\/#\/schema\/person\/69c7c7ff4ec76903a1b7038cb8f0b6cd\"},\"breadcrumb\":{\"@id\":\"https:\/\/www.univa.mx\/la-piedad\/2023\/09\/18\/univa-la-piedad-realizo-firma-de-convenio-con-el-ombudsperson-de-michoacan\/#breadcrumb\"},\"inLanguage\":\"es\",\"potentialAction\":[{\"@type\":\"ReadAction\",\"target\":[\"https:\/\/www.univa.mx\/la-piedad\/2023\/09\/18\/univa-la-piedad-realizo-firma-de-convenio-con-el-ombudsperson-de-michoacan\/\"]}]},{\"@type\":\"ImageObject\",\"inLanguage\":\"es\",\"@id\":\"https:\/\/www.univa.mx\/la-piedad\/2023\/09\/18\/univa-la-piedad-realizo-firma-de-convenio-con-el-ombudsperson-de-michoacan\/#primaryimage\",\"url\":\"https:\/\/www.univa.mx\/la-piedad\/wp-content\/uploads\/sites\/2\/2023\/09\/UNIVA-La-Piedad-realizo\u0301-firma-de-convenio-con-el-ombudsperson-de-Michoaca\u0301n.gif\",\"contentUrl\":\"https:\/\/www.univa.mx\/la-piedad\/wp-content\/uploads\/sites\/2\/2023\/09\/UNIVA-La-Piedad-realizo\u0301-firma-de-convenio-con-el-ombudsperson-de-Michoaca\u0301n.gif\",\"width\":1280,\"height\":720},{\"@type\":\"BreadcrumbList\",\"@id\":\"https:\/\/www.univa.mx\/la-piedad\/2023\/09\/18\/univa-la-piedad-realizo-firma-de-convenio-con-el-ombudsperson-de-michoacan\/#breadcrumb\",\"itemListElement\":[{\"@type\":\"ListItem\",\"position\":1,\"name\":\"Portada\",\"item\":\"https:\/\/www.univa.mx\/la-piedad\/\"},{\"@type\":\"ListItem\",\"position\":2,\"name\":\"UNIVA La Piedad realiz\u00f3 firma de convenio con el ombudsperson de Michoac\u00e1n\"}]},{\"@type\":\"WebSite\",\"@id\":\"https:\/\/www.univa.mx\/la-piedad\/#website\",\"url\":\"https:\/\/www.univa.mx\/la-piedad\/\",\"name\":\"La Piedad\",\"description\":\"Univa\",\"potentialAction\":[{\"@type\":\"SearchAction\",\"target\":{\"@type\":\"EntryPoint\",\"urlTemplate\":\"https:\/\/www.univa.mx\/la-piedad\/?s={search_term_string}\"},\"query-input\":{\"@type\":\"PropertyValueSpecification\",\"valueRequired\":true,\"valueName\":\"search_term_string\"}}],\"inLanguage\":\"es\"},{\"@type\":\"Person\",\"@id\":\"https:\/\/www.univa.mx\/la-piedad\/#\/schema\/person\/69c7c7ff4ec76903a1b7038cb8f0b6cd\",\"name\":\"Comunicaci\u00f3n Sistema UNIVA\",\"image\":{\"@type\":\"ImageObject\",\"inLanguage\":\"es\",\"@id\":\"https:\/\/www.univa.mx\/la-piedad\/#\/schema\/person\/image\/\",\"url\":\"https:\/\/secure.gravatar.com\/avatar\/e5c70e7a9e29f270de612e0fc3ec80dfe6dcaa543bd068051f89740873db7146?s=96&d=mm&r=g\",\"contentUrl\":\"https:\/\/secure.gravatar.com\/avatar\/e5c70e7a9e29f270de612e0fc3ec80dfe6dcaa543bd068051f89740873db7146?s=96&d=mm&r=g\",\"caption\":\"Comunicaci\u00f3n Sistema UNIVA\"},\"url\":\"https:\/\/www.univa.mx\/la-piedad\/author\/davidrosas\/\"}]}<\/script>\n<!-- \/ Yoast SEO plugin. -->","yoast_head_json":{"title":"UNIVA La Piedad realiz\u00f3 firma de convenio con el ombudsperson de Michoac\u00e1n - La Piedad","robots":{"index":"index","follow":"follow","max-snippet":"max-snippet:-1","max-image-preview":"max-image-preview:large","max-video-preview":"max-video-preview:-1"},"canonical":"https:\/\/www.univa.mx\/la-piedad\/2023\/09\/18\/univa-la-piedad-realizo-firma-de-convenio-con-el-ombudsperson-de-michoacan\/","og_locale":"es_ES","og_type":"article","og_title":"UNIVA La Piedad realiz\u00f3 firma de convenio con el ombudsperson de Michoac\u00e1n - La Piedad","og_description":"La directora de UNIVA La Piedad, Dra. Natalia Salinas Bravo, y el ombudsperson de Michoac\u00e1n, Marco Tinoco \u00c1lvarez realizaron la firma de un convenio, para unir fuerzas en una mayor...","og_url":"https:\/\/www.univa.mx\/la-piedad\/2023\/09\/18\/univa-la-piedad-realizo-firma-de-convenio-con-el-ombudsperson-de-michoacan\/","og_site_name":"La Piedad","article_published_time":"2023-09-18T14:53:47+00:00","article_modified_time":"2023-09-18T14:53:49+00:00","og_image":[{"width":1280,"height":720,"url":"https:\/\/www.univa.mx\/la-piedad\/wp-content\/uploads\/sites\/2\/2023\/09\/UNIVA-La-Piedad-realizo\u0301-firma-de-convenio-con-el-ombudsperson-de-Michoaca\u0301n.gif","type":"image\/gif"}],"author":"Comunicaci\u00f3n Sistema UNIVA","twitter_card":"summary_large_image","twitter_misc":{"Escrito por":"Comunicaci\u00f3n Sistema UNIVA","Tiempo de lectura":"1 minuto"},"schema":{"@context":"https:\/\/schema.org","@graph":[{"@type":"WebPage","@id":"https:\/\/www.univa.mx\/la-piedad\/2023\/09\/18\/univa-la-piedad-realizo-firma-de-convenio-con-el-ombudsperson-de-michoacan\/","url":"https:\/\/www.univa.mx\/la-piedad\/2023\/09\/18\/univa-la-piedad-realizo-firma-de-convenio-con-el-ombudsperson-de-michoacan\/","name":"UNIVA La Piedad realiz\u00f3 firma de convenio con el ombudsperson de Michoac\u00e1n - La Piedad","isPartOf":{"@id":"https:\/\/www.univa.mx\/la-piedad\/#website"},"primaryImageOfPage":{"@id":"https:\/\/www.univa.mx\/la-piedad\/2023\/09\/18\/univa-la-piedad-realizo-firma-de-convenio-con-el-ombudsperson-de-michoacan\/#primaryimage"},"image":{"@id":"https:\/\/www.univa.mx\/la-piedad\/2023\/09\/18\/univa-la-piedad-realizo-firma-de-convenio-con-el-ombudsperson-de-michoacan\/#primaryimage"},"thumbnailUrl":"https:\/\/www.univa.mx\/la-piedad\/wp-content\/uploads\/sites\/2\/2023\/09\/UNIVA-La-Piedad-realizo\u0301-firma-de-convenio-con-el-ombudsperson-de-Michoaca\u0301n.gif","datePublished":"2023-09-18T14:53:47+00:00","dateModified":"2023-09-18T14:53:49+00:00","author":{"@id":"https:\/\/www.univa.mx\/la-piedad\/#\/schema\/person\/69c7c7ff4ec76903a1b7038cb8f0b6cd"},"breadcrumb":{"@id":"https:\/\/www.univa.mx\/la-piedad\/2023\/09\/18\/univa-la-piedad-realizo-firma-de-convenio-con-el-ombudsperson-de-michoacan\/#breadcrumb"},"inLanguage":"es","potentialAction":[{"@type":"ReadAction","target":["https:\/\/www.univa.mx\/la-piedad\/2023\/09\/18\/univa-la-piedad-realizo-firma-de-convenio-con-el-ombudsperson-de-michoacan\/"]}]},{"@type":"ImageObject","inLanguage":"es","@id":"https:\/\/www.univa.mx\/la-piedad\/2023\/09\/18\/univa-la-piedad-realizo-firma-de-convenio-con-el-ombudsperson-de-michoacan\/#primaryimage","url":"https:\/\/www.univa.mx\/la-piedad\/wp-content\/uploads\/sites\/2\/2023\/09\/UNIVA-La-Piedad-realizo\u0301-firma-de-convenio-con-el-ombudsperson-de-Michoaca\u0301n.gif","contentUrl":"https:\/\/www.univa.mx\/la-piedad\/wp-content\/uploads\/sites\/2\/2023\/09\/UNIVA-La-Piedad-realizo\u0301-firma-de-convenio-con-el-ombudsperson-de-Michoaca\u0301n.gif","width":1280,"height":720},{"@type":"BreadcrumbList","@id":"https:\/\/www.univa.mx\/la-piedad\/2023\/09\/18\/univa-la-piedad-realizo-firma-de-convenio-con-el-ombudsperson-de-michoacan\/#breadcrumb","itemListElement":[{"@type":"ListItem","position":1,"name":"Portada","item":"https:\/\/www.univa.mx\/la-piedad\/"},{"@type":"ListItem","position":2,"name":"UNIVA La Piedad realiz\u00f3 firma de convenio con el ombudsperson de Michoac\u00e1n"}]},{"@type":"WebSite","@id":"https:\/\/www.univa.mx\/la-piedad\/#website","url":"https:\/\/www.univa.mx\/la-piedad\/","name":"La Piedad","description":"Univa","potentialAction":[{"@type":"SearchAction","target":{"@type":"EntryPoint","urlTemplate":"https:\/\/www.univa.mx\/la-piedad\/?s={search_term_string}"},"query-input":{"@type":"PropertyValueSpecification","valueRequired":true,"valueName":"search_term_string"}}],"inLanguage":"es"},{"@type":"Person","@id":"https:\/\/www.univa.mx\/la-piedad\/#\/schema\/person\/69c7c7ff4ec76903a1b7038cb8f0b6cd","name":"Comunicaci\u00f3n Sistema UNIVA","image":{"@type":"ImageObject","inLanguage":"es","@id":"https:\/\/www.univa.mx\/la-piedad\/#\/schema\/person\/image\/","url":"https:\/\/secure.gravatar.com\/avatar\/e5c70e7a9e29f270de612e0fc3ec80dfe6dcaa543bd068051f89740873db7146?s=96&d=mm&r=g","contentUrl":"https:\/\/secure.gravatar.com\/avatar\/e5c70e7a9e29f270de612e0fc3ec80dfe6dcaa543bd068051f89740873db7146?s=96&d=mm&r=g","caption":"Comunicaci\u00f3n Sistema UNIVA"},"url":"https:\/\/www.univa.mx\/la-piedad\/author\/davidrosas\/"}]}},"_links":{"self":[{"href":"https:\/\/www.univa.mx\/la-piedad\/wp-json\/wp\/v2\/posts\/6906","targetHints":{"allow":["GET"]}}],"collection":[{"href":"https:\/\/www.univa.mx\/la-piedad\/wp-json\/wp\/v2\/posts"}],"about":[{"href":"https:\/\/www.univa.mx\/la-piedad\/wp-json\/wp\/v2\/types\/post"}],"author":[{"embeddable":true,"href":"https:\/\/www.univa.mx\/la-piedad\/wp-json\/wp\/v2\/users\/2"}],"replies":[{"embeddable":true,"href":"https:\/\/www.univa.mx\/la-piedad\/wp-json\/wp\/v2\/comments?post=6906"}],"version-history":[{"count":1,"href":"https:\/\/www.univa.mx\/la-piedad\/wp-json\/wp\/v2\/posts\/6906\/revisions"}],"predecessor-version":[{"id":6908,"href":"https:\/\/www.univa.mx\/la-piedad\/wp-json\/wp\/v2\/posts\/6906\/revisions\/6908"}],"wp:featuredmedia":[{"embeddable":true,"href":"https:\/\/www.univa.mx\/la-piedad\/wp-json\/wp\/v2\/media\/6907"}],"wp:attachment":[{"href":"https:\/\/www.univa.mx\/la-piedad\/wp-json\/wp\/v2\/media?parent=6906"}],"wp:term":[{"taxonomy":"category","embeddable":true,"href":"https:\/\/www.univa.mx\/la-piedad\/wp-json\/wp\/v2\/categories?post=6906"},{"taxonomy":"post_tag","embeddable":true,"href":"https:\/\/www.univa.mx\/la-piedad\/wp-json\/wp\/v2\/tags?post=6906"}],"curies":[{"name":"wp","href":"https:\/\/api.w.org\/{rel}","templated":true}]}}