{"id":6673,"date":"2025-09-29T10:01:33","date_gmt":"2025-09-29T16:01:33","guid":{"rendered":"https:\/\/www.univa.mx\/colima\/univa-colima-presente-en-la-entrega-de-becas-de-transporte-movilidad-juvenil-por-ti\/"},"modified":"2025-09-29T10:01:33","modified_gmt":"2025-09-29T16:01:33","slug":"univa-colima-presente-en-la-entrega-de-becas-de-transporte-movilidad-juvenil-por-ti","status":"publish","type":"post","link":"https:\/\/www.univa.mx\/colima\/univa-colima-presente-en-la-entrega-de-becas-de-transporte-movilidad-juvenil-por-ti\/","title":{"rendered":"UNIVA Colima presente en la Entrega de Becas de Transporte \u201cMovilidad Juvenil por Ti\u201d"},"content":{"rendered":"<p>Colima, Col., 26 de septiembre de 2025, la UNIVA Colima estuvo presente en la entrega de las primeras 500 becas de transporte del programa \u201cMovilidad Juvenil por Ti\u201d, realizada en el Auditorio Miguel de la Madrid Hurtado.<\/p>\n<p>El evento, encabezado por el presidente municipal Riult Rivera Guti\u00e9rrez, tuvo como objetivo garantizar que la movilidad no sea un impedimento para que los j\u00f3venes contin\u00faen con sus estudios.<\/p>\n<p>Las y los estudiantes beneficiados recibieron una credencial con descuento del 50 % en transporte, acceso a unidades seguras y en \u00f3ptimas condiciones, y con ello un apoyo directo a la econom\u00eda de sus familias.<\/p>\n<p>El programa se hace posible gracias al convenio entre el Ayuntamiento de Colima y Transportistas del Sur de Jalisco, alianza estrat\u00e9gica que permitir\u00e1 beneficiar a estudiantes de distintos municipios como Armer\u00eda, Manzanillo, Tecom\u00e1n, Mazamitla, Sayula, Tamazula y Ciudad Guzm\u00e1n, entre otros.<\/p>\n<p>Asimismo, se anunci\u00f3 que la pr\u00f3xima semana se reabrir\u00e1n inscripciones en las p\u00e1ginas oficiales del Ayuntamiento para que m\u00e1s j\u00f3venes puedan acceder a este beneficio.<\/p>\n<p>En UNIVA Colima reconocemos y celebramos este tipo de iniciativas que promueven el acceso igualitario a la educaci\u00f3n y facilitan el camino acad\u00e9mico de miles de estudiantes.<\/p>\n","protected":false},"excerpt":{"rendered":"<p>Colima, Col., 26 de septiembre de 2025, la UNIVA Colima estuvo presente en la entrega de las primeras 500 becas de transporte del programa \u201cMovilidad Juvenil por Ti\u201d, realizada en&#8230;<\/p>\n","protected":false},"author":40,"featured_media":6674,"comment_status":"","ping_status":"","sticky":false,"template":"","format":"standard","meta":{"footnotes":""},"categories":[2],"tags":[],"class_list":{"0":"post-6673","1":"post","2":"type-post","3":"status-publish","4":"format-standard","5":"has-post-thumbnail","7":"category-noticias"},"yoast_head":"<!-- This site is optimized with the Yoast SEO plugin v26.6 - https:\/\/yoast.com\/wordpress\/plugins\/seo\/ -->\n<title>UNIVA Colima presente en la Entrega de Becas de Transporte \u201cMovilidad Juvenil por Ti\u201d - Colima<\/title>\n<meta name=\"description\" content=\"Colima, Col., 26 de septiembre de 2025, la UNIVA Colima estuvo presente en la entrega de las primeras 500 becas de transporte del programa \u201cMovilidad Juvenil por Ti\u201d, realizada en el Auditorio Miguel de la Madrid Hurtado.\" \/>\n<meta name=\"robots\" content=\"index, follow, max-snippet:-1, max-image-preview:large, max-video-preview:-1\" \/>\n<link rel=\"canonical\" href=\"https:\/\/www.univa.mx\/colima\/univa-colima-presente-en-la-entrega-de-becas-de-transporte-movilidad-juvenil-por-ti\/\" \/>\n<meta property=\"og:locale\" content=\"es_ES\" \/>\n<meta property=\"og:type\" content=\"article\" \/>\n<meta property=\"og:title\" content=\"UNIVA Colima presente en la Entrega de Becas de Transporte \u201cMovilidad Juvenil por Ti\u201d - Colima\" \/>\n<meta property=\"og:description\" content=\"Colima, Col., 26 de septiembre de 2025, la UNIVA Colima estuvo presente en la entrega de las primeras 500 becas de transporte del programa \u201cMovilidad Juvenil por Ti\u201d, realizada en el Auditorio Miguel de la Madrid Hurtado.\" \/>\n<meta property=\"og:url\" content=\"https:\/\/www.univa.mx\/colima\/univa-colima-presente-en-la-entrega-de-becas-de-transporte-movilidad-juvenil-por-ti\/\" \/>\n<meta property=\"og:site_name\" content=\"Colima\" \/>\n<meta property=\"article:published_time\" content=\"2025-09-29T16:01:33+00:00\" \/>\n<meta property=\"og:image\" content=\"https:\/\/www.univa.mx\/colima\/wp-content\/uploads\/sites\/8\/2025\/09\/Campus_Colima-1.gif\" \/>\n\t<meta property=\"og:image:width\" content=\"1280\" \/>\n\t<meta property=\"og:image:height\" content=\"720\" \/>\n\t<meta property=\"og:image:type\" content=\"image\/gif\" \/>\n<meta name=\"author\" content=\"Comunicaci\u00f3n Sistema UNIVA\" \/>\n<meta name=\"twitter:card\" content=\"summary_large_image\" \/>\n<meta name=\"twitter:label1\" content=\"Escrito por\" \/>\n\t<meta name=\"twitter:data1\" content=\"Comunicaci\u00f3n Sistema UNIVA\" \/>\n\t<meta name=\"twitter:label2\" content=\"Tiempo de lectura\" \/>\n\t<meta name=\"twitter:data2\" content=\"1 minuto\" \/>\n<script type=\"application\/ld+json\" class=\"yoast-schema-graph\">{\"@context\":\"https:\/\/schema.org\",\"@graph\":[{\"@type\":\"WebPage\",\"@id\":\"https:\/\/www.univa.mx\/colima\/univa-colima-presente-en-la-entrega-de-becas-de-transporte-movilidad-juvenil-por-ti\/\",\"url\":\"https:\/\/www.univa.mx\/colima\/univa-colima-presente-en-la-entrega-de-becas-de-transporte-movilidad-juvenil-por-ti\/\",\"name\":\"UNIVA Colima presente en la Entrega de Becas de Transporte \u201cMovilidad Juvenil por Ti\u201d - Colima\",\"isPartOf\":{\"@id\":\"https:\/\/www.univa.mx\/colima\/#website\"},\"primaryImageOfPage\":{\"@id\":\"https:\/\/www.univa.mx\/colima\/univa-colima-presente-en-la-entrega-de-becas-de-transporte-movilidad-juvenil-por-ti\/#primaryimage\"},\"image\":{\"@id\":\"https:\/\/www.univa.mx\/colima\/univa-colima-presente-en-la-entrega-de-becas-de-transporte-movilidad-juvenil-por-ti\/#primaryimage\"},\"thumbnailUrl\":\"https:\/\/www.univa.mx\/colima\/wp-content\/uploads\/sites\/8\/2025\/09\/Campus_Colima-1.gif\",\"datePublished\":\"2025-09-29T16:01:33+00:00\",\"author\":{\"@id\":\"https:\/\/www.univa.mx\/colima\/#\/schema\/person\/257d6e84e733cd038299033a4e51daf8\"},\"description\":\"Colima, Col., 26 de septiembre de 2025, la UNIVA Colima estuvo presente en la entrega de las primeras 500 becas de transporte del programa \u201cMovilidad Juvenil por Ti\u201d, realizada en el Auditorio Miguel de la Madrid Hurtado.\",\"breadcrumb\":{\"@id\":\"https:\/\/www.univa.mx\/colima\/univa-colima-presente-en-la-entrega-de-becas-de-transporte-movilidad-juvenil-por-ti\/#breadcrumb\"},\"inLanguage\":\"es\",\"potentialAction\":[{\"@type\":\"ReadAction\",\"target\":[\"https:\/\/www.univa.mx\/colima\/univa-colima-presente-en-la-entrega-de-becas-de-transporte-movilidad-juvenil-por-ti\/\"]}]},{\"@type\":\"ImageObject\",\"inLanguage\":\"es\",\"@id\":\"https:\/\/www.univa.mx\/colima\/univa-colima-presente-en-la-entrega-de-becas-de-transporte-movilidad-juvenil-por-ti\/#primaryimage\",\"url\":\"https:\/\/www.univa.mx\/colima\/wp-content\/uploads\/sites\/8\/2025\/09\/Campus_Colima-1.gif\",\"contentUrl\":\"https:\/\/www.univa.mx\/colima\/wp-content\/uploads\/sites\/8\/2025\/09\/Campus_Colima-1.gif\",\"width\":1280,\"height\":720},{\"@type\":\"BreadcrumbList\",\"@id\":\"https:\/\/www.univa.mx\/colima\/univa-colima-presente-en-la-entrega-de-becas-de-transporte-movilidad-juvenil-por-ti\/#breadcrumb\",\"itemListElement\":[{\"@type\":\"ListItem\",\"position\":1,\"name\":\"Portada\",\"item\":\"https:\/\/www.univa.mx\/colima\/\"},{\"@type\":\"ListItem\",\"position\":2,\"name\":\"UNIVA Colima presente en la Entrega de Becas de Transporte \u201cMovilidad Juvenil por Ti\u201d\"}]},{\"@type\":\"WebSite\",\"@id\":\"https:\/\/www.univa.mx\/colima\/#website\",\"url\":\"https:\/\/www.univa.mx\/colima\/\",\"name\":\"Colima\",\"description\":\"Univa\",\"potentialAction\":[{\"@type\":\"SearchAction\",\"target\":{\"@type\":\"EntryPoint\",\"urlTemplate\":\"https:\/\/www.univa.mx\/colima\/?s={search_term_string}\"},\"query-input\":{\"@type\":\"PropertyValueSpecification\",\"valueRequired\":true,\"valueName\":\"search_term_string\"}}],\"inLanguage\":\"es\"},{\"@type\":\"Person\",\"@id\":\"https:\/\/www.univa.mx\/colima\/#\/schema\/person\/257d6e84e733cd038299033a4e51daf8\",\"name\":\"Comunicaci\u00f3n Sistema UNIVA\",\"image\":{\"@type\":\"ImageObject\",\"inLanguage\":\"es\",\"@id\":\"https:\/\/www.univa.mx\/colima\/#\/schema\/person\/image\/\",\"url\":\"https:\/\/secure.gravatar.com\/avatar\/6aa0bbdc2764d6dabb18e0075a849c5887b5f3f2c39e3b19384bfd22e55dba7c?s=96&d=mm&r=g\",\"contentUrl\":\"https:\/\/secure.gravatar.com\/avatar\/6aa0bbdc2764d6dabb18e0075a849c5887b5f3f2c39e3b19384bfd22e55dba7c?s=96&d=mm&r=g\",\"caption\":\"Comunicaci\u00f3n Sistema UNIVA\"},\"url\":\"https:\/\/www.univa.mx\/colima\/author\/gustavo\/\"}]}<\/script>\n<!-- \/ Yoast SEO plugin. -->","yoast_head_json":{"title":"UNIVA Colima presente en la Entrega de Becas de Transporte \u201cMovilidad Juvenil por Ti\u201d - Colima","description":"Colima, Col., 26 de septiembre de 2025, la UNIVA Colima estuvo presente en la entrega de las primeras 500 becas de transporte del programa \u201cMovilidad Juvenil por Ti\u201d, realizada en el Auditorio Miguel de la Madrid Hurtado.","robots":{"index":"index","follow":"follow","max-snippet":"max-snippet:-1","max-image-preview":"max-image-preview:large","max-video-preview":"max-video-preview:-1"},"canonical":"https:\/\/www.univa.mx\/colima\/univa-colima-presente-en-la-entrega-de-becas-de-transporte-movilidad-juvenil-por-ti\/","og_locale":"es_ES","og_type":"article","og_title":"UNIVA Colima presente en la Entrega de Becas de Transporte \u201cMovilidad Juvenil por Ti\u201d - Colima","og_description":"Colima, Col., 26 de septiembre de 2025, la UNIVA Colima estuvo presente en la entrega de las primeras 500 becas de transporte del programa \u201cMovilidad Juvenil por Ti\u201d, realizada en el Auditorio Miguel de la Madrid Hurtado.","og_url":"https:\/\/www.univa.mx\/colima\/univa-colima-presente-en-la-entrega-de-becas-de-transporte-movilidad-juvenil-por-ti\/","og_site_name":"Colima","article_published_time":"2025-09-29T16:01:33+00:00","og_image":[{"width":1280,"height":720,"url":"https:\/\/www.univa.mx\/colima\/wp-content\/uploads\/sites\/8\/2025\/09\/Campus_Colima-1.gif","type":"image\/gif"}],"author":"Comunicaci\u00f3n Sistema UNIVA","twitter_card":"summary_large_image","twitter_misc":{"Escrito por":"Comunicaci\u00f3n Sistema UNIVA","Tiempo de lectura":"1 minuto"},"schema":{"@context":"https:\/\/schema.org","@graph":[{"@type":"WebPage","@id":"https:\/\/www.univa.mx\/colima\/univa-colima-presente-en-la-entrega-de-becas-de-transporte-movilidad-juvenil-por-ti\/","url":"https:\/\/www.univa.mx\/colima\/univa-colima-presente-en-la-entrega-de-becas-de-transporte-movilidad-juvenil-por-ti\/","name":"UNIVA Colima presente en la Entrega de Becas de Transporte \u201cMovilidad Juvenil por Ti\u201d - Colima","isPartOf":{"@id":"https:\/\/www.univa.mx\/colima\/#website"},"primaryImageOfPage":{"@id":"https:\/\/www.univa.mx\/colima\/univa-colima-presente-en-la-entrega-de-becas-de-transporte-movilidad-juvenil-por-ti\/#primaryimage"},"image":{"@id":"https:\/\/www.univa.mx\/colima\/univa-colima-presente-en-la-entrega-de-becas-de-transporte-movilidad-juvenil-por-ti\/#primaryimage"},"thumbnailUrl":"https:\/\/www.univa.mx\/colima\/wp-content\/uploads\/sites\/8\/2025\/09\/Campus_Colima-1.gif","datePublished":"2025-09-29T16:01:33+00:00","author":{"@id":"https:\/\/www.univa.mx\/colima\/#\/schema\/person\/257d6e84e733cd038299033a4e51daf8"},"description":"Colima, Col., 26 de septiembre de 2025, la UNIVA Colima estuvo presente en la entrega de las primeras 500 becas de transporte del programa \u201cMovilidad Juvenil por Ti\u201d, realizada en el Auditorio Miguel de la Madrid Hurtado.","breadcrumb":{"@id":"https:\/\/www.univa.mx\/colima\/univa-colima-presente-en-la-entrega-de-becas-de-transporte-movilidad-juvenil-por-ti\/#breadcrumb"},"inLanguage":"es","potentialAction":[{"@type":"ReadAction","target":["https:\/\/www.univa.mx\/colima\/univa-colima-presente-en-la-entrega-de-becas-de-transporte-movilidad-juvenil-por-ti\/"]}]},{"@type":"ImageObject","inLanguage":"es","@id":"https:\/\/www.univa.mx\/colima\/univa-colima-presente-en-la-entrega-de-becas-de-transporte-movilidad-juvenil-por-ti\/#primaryimage","url":"https:\/\/www.univa.mx\/colima\/wp-content\/uploads\/sites\/8\/2025\/09\/Campus_Colima-1.gif","contentUrl":"https:\/\/www.univa.mx\/colima\/wp-content\/uploads\/sites\/8\/2025\/09\/Campus_Colima-1.gif","width":1280,"height":720},{"@type":"BreadcrumbList","@id":"https:\/\/www.univa.mx\/colima\/univa-colima-presente-en-la-entrega-de-becas-de-transporte-movilidad-juvenil-por-ti\/#breadcrumb","itemListElement":[{"@type":"ListItem","position":1,"name":"Portada","item":"https:\/\/www.univa.mx\/colima\/"},{"@type":"ListItem","position":2,"name":"UNIVA Colima presente en la Entrega de Becas de Transporte \u201cMovilidad Juvenil por Ti\u201d"}]},{"@type":"WebSite","@id":"https:\/\/www.univa.mx\/colima\/#website","url":"https:\/\/www.univa.mx\/colima\/","name":"Colima","description":"Univa","potentialAction":[{"@type":"SearchAction","target":{"@type":"EntryPoint","urlTemplate":"https:\/\/www.univa.mx\/colima\/?s={search_term_string}"},"query-input":{"@type":"PropertyValueSpecification","valueRequired":true,"valueName":"search_term_string"}}],"inLanguage":"es"},{"@type":"Person","@id":"https:\/\/www.univa.mx\/colima\/#\/schema\/person\/257d6e84e733cd038299033a4e51daf8","name":"Comunicaci\u00f3n Sistema UNIVA","image":{"@type":"ImageObject","inLanguage":"es","@id":"https:\/\/www.univa.mx\/colima\/#\/schema\/person\/image\/","url":"https:\/\/secure.gravatar.com\/avatar\/6aa0bbdc2764d6dabb18e0075a849c5887b5f3f2c39e3b19384bfd22e55dba7c?s=96&d=mm&r=g","contentUrl":"https:\/\/secure.gravatar.com\/avatar\/6aa0bbdc2764d6dabb18e0075a849c5887b5f3f2c39e3b19384bfd22e55dba7c?s=96&d=mm&r=g","caption":"Comunicaci\u00f3n Sistema UNIVA"},"url":"https:\/\/www.univa.mx\/colima\/author\/gustavo\/"}]}},"_links":{"self":[{"href":"https:\/\/www.univa.mx\/colima\/wp-json\/wp\/v2\/posts\/6673","targetHints":{"allow":["GET"]}}],"collection":[{"href":"https:\/\/www.univa.mx\/colima\/wp-json\/wp\/v2\/posts"}],"about":[{"href":"https:\/\/www.univa.mx\/colima\/wp-json\/wp\/v2\/types\/post"}],"author":[{"embeddable":true,"href":"https:\/\/www.univa.mx\/colima\/wp-json\/wp\/v2\/users\/40"}],"replies":[{"embeddable":true,"href":"https:\/\/www.univa.mx\/colima\/wp-json\/wp\/v2\/comments?post=6673"}],"version-history":[{"count":0,"href":"https:\/\/www.univa.mx\/colima\/wp-json\/wp\/v2\/posts\/6673\/revisions"}],"wp:featuredmedia":[{"embeddable":true,"href":"https:\/\/www.univa.mx\/colima\/wp-json\/wp\/v2\/media\/6674"}],"wp:attachment":[{"href":"https:\/\/www.univa.mx\/colima\/wp-json\/wp\/v2\/media?parent=6673"}],"wp:term":[{"taxonomy":"category","embeddable":true,"href":"https:\/\/www.univa.mx\/colima\/wp-json\/wp\/v2\/categories?post=6673"},{"taxonomy":"post_tag","embeddable":true,"href":"https:\/\/www.univa.mx\/colima\/wp-json\/wp\/v2\/tags?post=6673"}],"curies":[{"name":"wp","href":"https:\/\/api.w.org\/{rel}","templated":true}]}}