{"id":6672,"date":"2025-09-26T10:23:21","date_gmt":"2025-09-26T16:23:21","guid":{"rendered":"https:\/\/www.univa.mx\/colima\/univa-colima-presente-en-la-rueda-de-prensa-de-canaco-servytur-colima-2\/"},"modified":"2025-09-26T10:23:21","modified_gmt":"2025-09-26T16:23:21","slug":"univa-colima-presente-en-la-rueda-de-prensa-de-canaco-servytur-colima-2","status":"publish","type":"post","link":"https:\/\/www.univa.mx\/colima\/univa-colima-presente-en-la-rueda-de-prensa-de-canaco-servytur-colima-2\/","title":{"rendered":"UNIVA Colima presente en la rueda de prensa de CANACO SERVYTUR Colima"},"content":{"rendered":"<p>UNIVA Colima estuvo presente en la rueda de prensa organizada por CANACO SERVYTUR Colima, un espacio en el que se presentaron los programas \u201cViernes Muy Mexicano\u201d y \u201cDi\u00e1logos por la Paz\u201d, ambos dise\u00f1ados para fortalecer nuestras tradiciones, impulsar el desarrollo cultural y promover una convivencia arm\u00f3nica dentro de la sociedad.<\/p>\n<p>El programa \u201cViernes Muy Mexicano\u201d busca destacar y preservar las ra\u00edces de nuestra identidad nacional a trav\u00e9s de actividades que celebran nuestras costumbres, fomentando al mismo tiempo el dinamismo econ\u00f3mico local. Por su parte, \u201cDi\u00e1logos por la Paz\u201d representa una valiosa plataforma de reflexi\u00f3n y encuentro, orientada a construir una cultura de unidad, respeto y entendimiento mutuo.<\/p>\n<p>En UNIVA Colima nos sumamos con orgullo a estas iniciativas que refuerzan los valores de nuestra comunidad, convencidos de que la educaci\u00f3n, el di\u00e1logo y la colaboraci\u00f3n son fundamentales para alcanzar un desarrollo social, cultural y econ\u00f3mico sostenible.<\/p>\n","protected":false},"excerpt":{"rendered":"<p>UNIVA Colima estuvo presente en la rueda de prensa organizada por CANACO SERVYTUR Colima, un espacio en el que se presentaron los programas \u201cViernes Muy Mexicano\u201d y \u201cDi\u00e1logos por la&#8230;<\/p>\n","protected":false},"author":40,"featured_media":6671,"comment_status":"","ping_status":"","sticky":false,"template":"","format":"standard","meta":{"footnotes":""},"categories":[2],"tags":[],"class_list":{"0":"post-6672","1":"post","2":"type-post","3":"status-publish","4":"format-standard","5":"has-post-thumbnail","7":"category-noticias"},"yoast_head":"<!-- This site is optimized with the Yoast SEO plugin v26.6 - https:\/\/yoast.com\/wordpress\/plugins\/seo\/ -->\n<title>UNIVA Colima presente en la rueda de prensa de CANACO SERVYTUR Colima - Colima<\/title>\n<meta name=\"description\" content=\"UNIVA Colima estuvo presente en la rueda de prensa organizada por CANACO SERVYTUR Colima, un espacio en el que se presentaron los programas \u201cViernes Muy Mexicano\u201d y \u201cDi\u00e1logos por la Paz\u201d, ambos dise\u00f1ados para fortalecer nuestras tradiciones, impulsar el desarrollo cultural y promover una convivencia arm\u00f3nica dentro de la sociedad.\" \/>\n<meta name=\"robots\" content=\"index, follow, max-snippet:-1, max-image-preview:large, max-video-preview:-1\" \/>\n<link rel=\"canonical\" href=\"https:\/\/www.univa.mx\/colima\/univa-colima-presente-en-la-rueda-de-prensa-de-canaco-servytur-colima-2\/\" \/>\n<meta property=\"og:locale\" content=\"es_ES\" \/>\n<meta property=\"og:type\" content=\"article\" \/>\n<meta property=\"og:title\" content=\"UNIVA Colima presente en la rueda de prensa de CANACO SERVYTUR Colima - Colima\" \/>\n<meta property=\"og:description\" content=\"UNIVA Colima estuvo presente en la rueda de prensa organizada por CANACO SERVYTUR Colima, un espacio en el que se presentaron los programas \u201cViernes Muy Mexicano\u201d y \u201cDi\u00e1logos por la Paz\u201d, ambos dise\u00f1ados para fortalecer nuestras tradiciones, impulsar el desarrollo cultural y promover una convivencia arm\u00f3nica dentro de la sociedad.\" \/>\n<meta property=\"og:url\" content=\"https:\/\/www.univa.mx\/colima\/univa-colima-presente-en-la-rueda-de-prensa-de-canaco-servytur-colima-2\/\" \/>\n<meta property=\"og:site_name\" content=\"Colima\" \/>\n<meta property=\"article:published_time\" content=\"2025-09-26T16:23:21+00:00\" \/>\n<meta property=\"og:image\" content=\"https:\/\/www.univa.mx\/colima\/wp-content\/uploads\/sites\/8\/2025\/09\/foto_2.gif\" \/>\n\t<meta property=\"og:image:width\" content=\"1280\" \/>\n\t<meta property=\"og:image:height\" content=\"720\" \/>\n\t<meta property=\"og:image:type\" content=\"image\/gif\" \/>\n<meta name=\"author\" content=\"Comunicaci\u00f3n Sistema UNIVA\" \/>\n<meta name=\"twitter:card\" content=\"summary_large_image\" \/>\n<meta name=\"twitter:label1\" content=\"Escrito por\" \/>\n\t<meta name=\"twitter:data1\" content=\"Comunicaci\u00f3n Sistema UNIVA\" \/>\n\t<meta name=\"twitter:label2\" content=\"Tiempo de lectura\" \/>\n\t<meta name=\"twitter:data2\" content=\"1 minuto\" \/>\n<script type=\"application\/ld+json\" class=\"yoast-schema-graph\">{\"@context\":\"https:\/\/schema.org\",\"@graph\":[{\"@type\":\"WebPage\",\"@id\":\"https:\/\/www.univa.mx\/colima\/univa-colima-presente-en-la-rueda-de-prensa-de-canaco-servytur-colima-2\/\",\"url\":\"https:\/\/www.univa.mx\/colima\/univa-colima-presente-en-la-rueda-de-prensa-de-canaco-servytur-colima-2\/\",\"name\":\"UNIVA Colima presente en la rueda de prensa de CANACO SERVYTUR Colima - Colima\",\"isPartOf\":{\"@id\":\"https:\/\/www.univa.mx\/colima\/#website\"},\"primaryImageOfPage\":{\"@id\":\"https:\/\/www.univa.mx\/colima\/univa-colima-presente-en-la-rueda-de-prensa-de-canaco-servytur-colima-2\/#primaryimage\"},\"image\":{\"@id\":\"https:\/\/www.univa.mx\/colima\/univa-colima-presente-en-la-rueda-de-prensa-de-canaco-servytur-colima-2\/#primaryimage\"},\"thumbnailUrl\":\"https:\/\/www.univa.mx\/colima\/wp-content\/uploads\/sites\/8\/2025\/09\/foto_2.gif\",\"datePublished\":\"2025-09-26T16:23:21+00:00\",\"author\":{\"@id\":\"https:\/\/www.univa.mx\/colima\/#\/schema\/person\/257d6e84e733cd038299033a4e51daf8\"},\"description\":\"UNIVA Colima estuvo presente en la rueda de prensa organizada por CANACO SERVYTUR Colima, un espacio en el que se presentaron los programas \u201cViernes Muy Mexicano\u201d y \u201cDi\u00e1logos por la Paz\u201d, ambos dise\u00f1ados para fortalecer nuestras tradiciones, impulsar el desarrollo cultural y promover una convivencia arm\u00f3nica dentro de la sociedad.\",\"breadcrumb\":{\"@id\":\"https:\/\/www.univa.mx\/colima\/univa-colima-presente-en-la-rueda-de-prensa-de-canaco-servytur-colima-2\/#breadcrumb\"},\"inLanguage\":\"es\",\"potentialAction\":[{\"@type\":\"ReadAction\",\"target\":[\"https:\/\/www.univa.mx\/colima\/univa-colima-presente-en-la-rueda-de-prensa-de-canaco-servytur-colima-2\/\"]}]},{\"@type\":\"ImageObject\",\"inLanguage\":\"es\",\"@id\":\"https:\/\/www.univa.mx\/colima\/univa-colima-presente-en-la-rueda-de-prensa-de-canaco-servytur-colima-2\/#primaryimage\",\"url\":\"https:\/\/www.univa.mx\/colima\/wp-content\/uploads\/sites\/8\/2025\/09\/foto_2.gif\",\"contentUrl\":\"https:\/\/www.univa.mx\/colima\/wp-content\/uploads\/sites\/8\/2025\/09\/foto_2.gif\",\"width\":1280,\"height\":720},{\"@type\":\"BreadcrumbList\",\"@id\":\"https:\/\/www.univa.mx\/colima\/univa-colima-presente-en-la-rueda-de-prensa-de-canaco-servytur-colima-2\/#breadcrumb\",\"itemListElement\":[{\"@type\":\"ListItem\",\"position\":1,\"name\":\"Portada\",\"item\":\"https:\/\/www.univa.mx\/colima\/\"},{\"@type\":\"ListItem\",\"position\":2,\"name\":\"UNIVA Colima presente en la rueda de prensa de CANACO SERVYTUR Colima\"}]},{\"@type\":\"WebSite\",\"@id\":\"https:\/\/www.univa.mx\/colima\/#website\",\"url\":\"https:\/\/www.univa.mx\/colima\/\",\"name\":\"Colima\",\"description\":\"Univa\",\"potentialAction\":[{\"@type\":\"SearchAction\",\"target\":{\"@type\":\"EntryPoint\",\"urlTemplate\":\"https:\/\/www.univa.mx\/colima\/?s={search_term_string}\"},\"query-input\":{\"@type\":\"PropertyValueSpecification\",\"valueRequired\":true,\"valueName\":\"search_term_string\"}}],\"inLanguage\":\"es\"},{\"@type\":\"Person\",\"@id\":\"https:\/\/www.univa.mx\/colima\/#\/schema\/person\/257d6e84e733cd038299033a4e51daf8\",\"name\":\"Comunicaci\u00f3n Sistema UNIVA\",\"image\":{\"@type\":\"ImageObject\",\"inLanguage\":\"es\",\"@id\":\"https:\/\/www.univa.mx\/colima\/#\/schema\/person\/image\/\",\"url\":\"https:\/\/secure.gravatar.com\/avatar\/6aa0bbdc2764d6dabb18e0075a849c5887b5f3f2c39e3b19384bfd22e55dba7c?s=96&d=mm&r=g\",\"contentUrl\":\"https:\/\/secure.gravatar.com\/avatar\/6aa0bbdc2764d6dabb18e0075a849c5887b5f3f2c39e3b19384bfd22e55dba7c?s=96&d=mm&r=g\",\"caption\":\"Comunicaci\u00f3n Sistema UNIVA\"},\"url\":\"https:\/\/www.univa.mx\/colima\/author\/gustavo\/\"}]}<\/script>\n<!-- \/ Yoast SEO plugin. -->","yoast_head_json":{"title":"UNIVA Colima presente en la rueda de prensa de CANACO SERVYTUR Colima - Colima","description":"UNIVA Colima estuvo presente en la rueda de prensa organizada por CANACO SERVYTUR Colima, un espacio en el que se presentaron los programas \u201cViernes Muy Mexicano\u201d y \u201cDi\u00e1logos por la Paz\u201d, ambos dise\u00f1ados para fortalecer nuestras tradiciones, impulsar el desarrollo cultural y promover una convivencia arm\u00f3nica dentro de la sociedad.","robots":{"index":"index","follow":"follow","max-snippet":"max-snippet:-1","max-image-preview":"max-image-preview:large","max-video-preview":"max-video-preview:-1"},"canonical":"https:\/\/www.univa.mx\/colima\/univa-colima-presente-en-la-rueda-de-prensa-de-canaco-servytur-colima-2\/","og_locale":"es_ES","og_type":"article","og_title":"UNIVA Colima presente en la rueda de prensa de CANACO SERVYTUR Colima - Colima","og_description":"UNIVA Colima estuvo presente en la rueda de prensa organizada por CANACO SERVYTUR Colima, un espacio en el que se presentaron los programas \u201cViernes Muy Mexicano\u201d y \u201cDi\u00e1logos por la Paz\u201d, ambos dise\u00f1ados para fortalecer nuestras tradiciones, impulsar el desarrollo cultural y promover una convivencia arm\u00f3nica dentro de la sociedad.","og_url":"https:\/\/www.univa.mx\/colima\/univa-colima-presente-en-la-rueda-de-prensa-de-canaco-servytur-colima-2\/","og_site_name":"Colima","article_published_time":"2025-09-26T16:23:21+00:00","og_image":[{"width":1280,"height":720,"url":"https:\/\/www.univa.mx\/colima\/wp-content\/uploads\/sites\/8\/2025\/09\/foto_2.gif","type":"image\/gif"}],"author":"Comunicaci\u00f3n Sistema UNIVA","twitter_card":"summary_large_image","twitter_misc":{"Escrito por":"Comunicaci\u00f3n Sistema UNIVA","Tiempo de lectura":"1 minuto"},"schema":{"@context":"https:\/\/schema.org","@graph":[{"@type":"WebPage","@id":"https:\/\/www.univa.mx\/colima\/univa-colima-presente-en-la-rueda-de-prensa-de-canaco-servytur-colima-2\/","url":"https:\/\/www.univa.mx\/colima\/univa-colima-presente-en-la-rueda-de-prensa-de-canaco-servytur-colima-2\/","name":"UNIVA Colima presente en la rueda de prensa de CANACO SERVYTUR Colima - Colima","isPartOf":{"@id":"https:\/\/www.univa.mx\/colima\/#website"},"primaryImageOfPage":{"@id":"https:\/\/www.univa.mx\/colima\/univa-colima-presente-en-la-rueda-de-prensa-de-canaco-servytur-colima-2\/#primaryimage"},"image":{"@id":"https:\/\/www.univa.mx\/colima\/univa-colima-presente-en-la-rueda-de-prensa-de-canaco-servytur-colima-2\/#primaryimage"},"thumbnailUrl":"https:\/\/www.univa.mx\/colima\/wp-content\/uploads\/sites\/8\/2025\/09\/foto_2.gif","datePublished":"2025-09-26T16:23:21+00:00","author":{"@id":"https:\/\/www.univa.mx\/colima\/#\/schema\/person\/257d6e84e733cd038299033a4e51daf8"},"description":"UNIVA Colima estuvo presente en la rueda de prensa organizada por CANACO SERVYTUR Colima, un espacio en el que se presentaron los programas \u201cViernes Muy Mexicano\u201d y \u201cDi\u00e1logos por la Paz\u201d, ambos dise\u00f1ados para fortalecer nuestras tradiciones, impulsar el desarrollo cultural y promover una convivencia arm\u00f3nica dentro de la sociedad.","breadcrumb":{"@id":"https:\/\/www.univa.mx\/colima\/univa-colima-presente-en-la-rueda-de-prensa-de-canaco-servytur-colima-2\/#breadcrumb"},"inLanguage":"es","potentialAction":[{"@type":"ReadAction","target":["https:\/\/www.univa.mx\/colima\/univa-colima-presente-en-la-rueda-de-prensa-de-canaco-servytur-colima-2\/"]}]},{"@type":"ImageObject","inLanguage":"es","@id":"https:\/\/www.univa.mx\/colima\/univa-colima-presente-en-la-rueda-de-prensa-de-canaco-servytur-colima-2\/#primaryimage","url":"https:\/\/www.univa.mx\/colima\/wp-content\/uploads\/sites\/8\/2025\/09\/foto_2.gif","contentUrl":"https:\/\/www.univa.mx\/colima\/wp-content\/uploads\/sites\/8\/2025\/09\/foto_2.gif","width":1280,"height":720},{"@type":"BreadcrumbList","@id":"https:\/\/www.univa.mx\/colima\/univa-colima-presente-en-la-rueda-de-prensa-de-canaco-servytur-colima-2\/#breadcrumb","itemListElement":[{"@type":"ListItem","position":1,"name":"Portada","item":"https:\/\/www.univa.mx\/colima\/"},{"@type":"ListItem","position":2,"name":"UNIVA Colima presente en la rueda de prensa de CANACO SERVYTUR Colima"}]},{"@type":"WebSite","@id":"https:\/\/www.univa.mx\/colima\/#website","url":"https:\/\/www.univa.mx\/colima\/","name":"Colima","description":"Univa","potentialAction":[{"@type":"SearchAction","target":{"@type":"EntryPoint","urlTemplate":"https:\/\/www.univa.mx\/colima\/?s={search_term_string}"},"query-input":{"@type":"PropertyValueSpecification","valueRequired":true,"valueName":"search_term_string"}}],"inLanguage":"es"},{"@type":"Person","@id":"https:\/\/www.univa.mx\/colima\/#\/schema\/person\/257d6e84e733cd038299033a4e51daf8","name":"Comunicaci\u00f3n Sistema UNIVA","image":{"@type":"ImageObject","inLanguage":"es","@id":"https:\/\/www.univa.mx\/colima\/#\/schema\/person\/image\/","url":"https:\/\/secure.gravatar.com\/avatar\/6aa0bbdc2764d6dabb18e0075a849c5887b5f3f2c39e3b19384bfd22e55dba7c?s=96&d=mm&r=g","contentUrl":"https:\/\/secure.gravatar.com\/avatar\/6aa0bbdc2764d6dabb18e0075a849c5887b5f3f2c39e3b19384bfd22e55dba7c?s=96&d=mm&r=g","caption":"Comunicaci\u00f3n Sistema UNIVA"},"url":"https:\/\/www.univa.mx\/colima\/author\/gustavo\/"}]}},"_links":{"self":[{"href":"https:\/\/www.univa.mx\/colima\/wp-json\/wp\/v2\/posts\/6672","targetHints":{"allow":["GET"]}}],"collection":[{"href":"https:\/\/www.univa.mx\/colima\/wp-json\/wp\/v2\/posts"}],"about":[{"href":"https:\/\/www.univa.mx\/colima\/wp-json\/wp\/v2\/types\/post"}],"author":[{"embeddable":true,"href":"https:\/\/www.univa.mx\/colima\/wp-json\/wp\/v2\/users\/40"}],"replies":[{"embeddable":true,"href":"https:\/\/www.univa.mx\/colima\/wp-json\/wp\/v2\/comments?post=6672"}],"version-history":[{"count":0,"href":"https:\/\/www.univa.mx\/colima\/wp-json\/wp\/v2\/posts\/6672\/revisions"}],"wp:featuredmedia":[{"embeddable":true,"href":"https:\/\/www.univa.mx\/colima\/wp-json\/wp\/v2\/media\/6671"}],"wp:attachment":[{"href":"https:\/\/www.univa.mx\/colima\/wp-json\/wp\/v2\/media?parent=6672"}],"wp:term":[{"taxonomy":"category","embeddable":true,"href":"https:\/\/www.univa.mx\/colima\/wp-json\/wp\/v2\/categories?post=6672"},{"taxonomy":"post_tag","embeddable":true,"href":"https:\/\/www.univa.mx\/colima\/wp-json\/wp\/v2\/tags?post=6672"}],"curies":[{"name":"wp","href":"https:\/\/api.w.org\/{rel}","templated":true}]}}