{"id":6668,"date":"2025-09-25T09:54:15","date_gmt":"2025-09-25T15:54:15","guid":{"rendered":"https:\/\/www.univa.mx\/colima\/director-de-univa-colima-presente-en-el-informe-de-coparmex-colima-periodo-enero-agosto-2025\/"},"modified":"2025-09-25T09:54:15","modified_gmt":"2025-09-25T15:54:15","slug":"director-de-univa-colima-presente-en-el-informe-de-coparmex-colima-periodo-enero-agosto-2025","status":"publish","type":"post","link":"https:\/\/www.univa.mx\/colima\/director-de-univa-colima-presente-en-el-informe-de-coparmex-colima-periodo-enero-agosto-2025\/","title":{"rendered":"Director de UNIVA Colima presente en el Informe de COPARMEX Colima, periodo enero \u2013 agosto 2025"},"content":{"rendered":"<p>El director de UNIVA Colima estuvo presente en el informe correspondiente al periodo enero \u2013 agosto 2025, evento en el que se resaltaron los logros, el compromiso y la representaci\u00f3n de COPARMEX Colima ante diversas instancias gubernamentales, as\u00ed como su activa presencia en el fortalecimiento de la comunidad empresarial a nivel nacional.<\/p>\n<p>Este encuentro permiti\u00f3 destacar la importancia del sector empresarial como un actor clave en la construcci\u00f3n de pol\u00edticas p\u00fablicas, en la generaci\u00f3n de empleos y en la promoci\u00f3n de iniciativas que impulsan la innovaci\u00f3n y el desarrollo econ\u00f3mico de la regi\u00f3n y del pa\u00eds.<\/p>\n<p>La participaci\u00f3n de UNIVA Colima en este tipo de espacios reafirma su compromiso con la formaci\u00f3n de l\u00edderes capaces de aportar propuestas y soluciones en beneficio de la sociedad. Asimismo, refleja la importancia de mantener una voz firme, \u00e9tica y propositiva dentro del \u00e1mbito empresarial, trabajando en conjunto para consolidar un entorno de desarrollo, responsabilidad social y crecimiento sostenible.<\/p>\n","protected":false},"excerpt":{"rendered":"<p>El director de UNIVA Colima estuvo presente en el informe correspondiente al periodo enero \u2013 agosto 2025, evento en el que se resaltaron los logros, el compromiso y la representaci\u00f3n&#8230;<\/p>\n","protected":false},"author":40,"featured_media":6669,"comment_status":"","ping_status":"","sticky":false,"template":"","format":"standard","meta":{"footnotes":""},"categories":[2],"tags":[],"class_list":{"0":"post-6668","1":"post","2":"type-post","3":"status-publish","4":"format-standard","5":"has-post-thumbnail","7":"category-noticias"},"yoast_head":"<!-- This site is optimized with the Yoast SEO plugin v26.6 - https:\/\/yoast.com\/wordpress\/plugins\/seo\/ -->\n<title>Director de UNIVA Colima presente en el Informe de COPARMEX Colima, periodo enero \u2013 agosto 2025 - Colima<\/title>\n<meta name=\"description\" content=\"El director de UNIVA Colima estuvo presente en el informe correspondiente al periodo enero \u2013 agosto 2025, evento en el que se resaltaron los logros, el compromiso y la representaci\u00f3n de COPARMEX Colima ante diversas instancias gubernamentales, as\u00ed como su activa presencia en el fortalecimiento de la comunidad empresarial a nivel nacional.\" \/>\n<meta name=\"robots\" content=\"index, follow, max-snippet:-1, max-image-preview:large, max-video-preview:-1\" \/>\n<link rel=\"canonical\" href=\"https:\/\/www.univa.mx\/colima\/director-de-univa-colima-presente-en-el-informe-de-coparmex-colima-periodo-enero-agosto-2025\/\" \/>\n<meta property=\"og:locale\" content=\"es_ES\" \/>\n<meta property=\"og:type\" content=\"article\" \/>\n<meta property=\"og:title\" content=\"Director de UNIVA Colima presente en el Informe de COPARMEX Colima, periodo enero \u2013 agosto 2025 - Colima\" \/>\n<meta property=\"og:description\" content=\"El director de UNIVA Colima estuvo presente en el informe correspondiente al periodo enero \u2013 agosto 2025, evento en el que se resaltaron los logros, el compromiso y la representaci\u00f3n de COPARMEX Colima ante diversas instancias gubernamentales, as\u00ed como su activa presencia en el fortalecimiento de la comunidad empresarial a nivel nacional.\" \/>\n<meta property=\"og:url\" content=\"https:\/\/www.univa.mx\/colima\/director-de-univa-colima-presente-en-el-informe-de-coparmex-colima-periodo-enero-agosto-2025\/\" \/>\n<meta property=\"og:site_name\" content=\"Colima\" \/>\n<meta property=\"article:published_time\" content=\"2025-09-25T15:54:15+00:00\" \/>\n<meta property=\"og:image\" content=\"https:\/\/www.univa.mx\/colima\/wp-content\/uploads\/sites\/8\/2025\/09\/Campus_Colima.gif\" \/>\n\t<meta property=\"og:image:width\" content=\"1280\" \/>\n\t<meta property=\"og:image:height\" content=\"720\" \/>\n\t<meta property=\"og:image:type\" content=\"image\/gif\" \/>\n<meta name=\"author\" content=\"Comunicaci\u00f3n Sistema UNIVA\" \/>\n<meta name=\"twitter:card\" content=\"summary_large_image\" \/>\n<meta name=\"twitter:label1\" content=\"Escrito por\" \/>\n\t<meta name=\"twitter:data1\" content=\"Comunicaci\u00f3n Sistema UNIVA\" \/>\n\t<meta name=\"twitter:label2\" content=\"Tiempo de lectura\" \/>\n\t<meta name=\"twitter:data2\" content=\"1 minuto\" \/>\n<script type=\"application\/ld+json\" class=\"yoast-schema-graph\">{\"@context\":\"https:\/\/schema.org\",\"@graph\":[{\"@type\":\"WebPage\",\"@id\":\"https:\/\/www.univa.mx\/colima\/director-de-univa-colima-presente-en-el-informe-de-coparmex-colima-periodo-enero-agosto-2025\/\",\"url\":\"https:\/\/www.univa.mx\/colima\/director-de-univa-colima-presente-en-el-informe-de-coparmex-colima-periodo-enero-agosto-2025\/\",\"name\":\"Director de UNIVA Colima presente en el Informe de COPARMEX Colima, periodo enero \u2013 agosto 2025 - Colima\",\"isPartOf\":{\"@id\":\"https:\/\/www.univa.mx\/colima\/#website\"},\"primaryImageOfPage\":{\"@id\":\"https:\/\/www.univa.mx\/colima\/director-de-univa-colima-presente-en-el-informe-de-coparmex-colima-periodo-enero-agosto-2025\/#primaryimage\"},\"image\":{\"@id\":\"https:\/\/www.univa.mx\/colima\/director-de-univa-colima-presente-en-el-informe-de-coparmex-colima-periodo-enero-agosto-2025\/#primaryimage\"},\"thumbnailUrl\":\"https:\/\/www.univa.mx\/colima\/wp-content\/uploads\/sites\/8\/2025\/09\/Campus_Colima.gif\",\"datePublished\":\"2025-09-25T15:54:15+00:00\",\"author\":{\"@id\":\"https:\/\/www.univa.mx\/colima\/#\/schema\/person\/257d6e84e733cd038299033a4e51daf8\"},\"description\":\"El director de UNIVA Colima estuvo presente en el informe correspondiente al periodo enero \u2013 agosto 2025, evento en el que se resaltaron los logros, el compromiso y la representaci\u00f3n de COPARMEX Colima ante diversas instancias gubernamentales, as\u00ed como su activa presencia en el fortalecimiento de la comunidad empresarial a nivel nacional.\",\"breadcrumb\":{\"@id\":\"https:\/\/www.univa.mx\/colima\/director-de-univa-colima-presente-en-el-informe-de-coparmex-colima-periodo-enero-agosto-2025\/#breadcrumb\"},\"inLanguage\":\"es\",\"potentialAction\":[{\"@type\":\"ReadAction\",\"target\":[\"https:\/\/www.univa.mx\/colima\/director-de-univa-colima-presente-en-el-informe-de-coparmex-colima-periodo-enero-agosto-2025\/\"]}]},{\"@type\":\"ImageObject\",\"inLanguage\":\"es\",\"@id\":\"https:\/\/www.univa.mx\/colima\/director-de-univa-colima-presente-en-el-informe-de-coparmex-colima-periodo-enero-agosto-2025\/#primaryimage\",\"url\":\"https:\/\/www.univa.mx\/colima\/wp-content\/uploads\/sites\/8\/2025\/09\/Campus_Colima.gif\",\"contentUrl\":\"https:\/\/www.univa.mx\/colima\/wp-content\/uploads\/sites\/8\/2025\/09\/Campus_Colima.gif\",\"width\":1280,\"height\":720},{\"@type\":\"BreadcrumbList\",\"@id\":\"https:\/\/www.univa.mx\/colima\/director-de-univa-colima-presente-en-el-informe-de-coparmex-colima-periodo-enero-agosto-2025\/#breadcrumb\",\"itemListElement\":[{\"@type\":\"ListItem\",\"position\":1,\"name\":\"Portada\",\"item\":\"https:\/\/www.univa.mx\/colima\/\"},{\"@type\":\"ListItem\",\"position\":2,\"name\":\"Director de UNIVA Colima presente en el Informe de COPARMEX Colima, periodo enero \u2013 agosto 2025\"}]},{\"@type\":\"WebSite\",\"@id\":\"https:\/\/www.univa.mx\/colima\/#website\",\"url\":\"https:\/\/www.univa.mx\/colima\/\",\"name\":\"Colima\",\"description\":\"Univa\",\"potentialAction\":[{\"@type\":\"SearchAction\",\"target\":{\"@type\":\"EntryPoint\",\"urlTemplate\":\"https:\/\/www.univa.mx\/colima\/?s={search_term_string}\"},\"query-input\":{\"@type\":\"PropertyValueSpecification\",\"valueRequired\":true,\"valueName\":\"search_term_string\"}}],\"inLanguage\":\"es\"},{\"@type\":\"Person\",\"@id\":\"https:\/\/www.univa.mx\/colima\/#\/schema\/person\/257d6e84e733cd038299033a4e51daf8\",\"name\":\"Comunicaci\u00f3n Sistema UNIVA\",\"image\":{\"@type\":\"ImageObject\",\"inLanguage\":\"es\",\"@id\":\"https:\/\/www.univa.mx\/colima\/#\/schema\/person\/image\/\",\"url\":\"https:\/\/secure.gravatar.com\/avatar\/6aa0bbdc2764d6dabb18e0075a849c5887b5f3f2c39e3b19384bfd22e55dba7c?s=96&d=mm&r=g\",\"contentUrl\":\"https:\/\/secure.gravatar.com\/avatar\/6aa0bbdc2764d6dabb18e0075a849c5887b5f3f2c39e3b19384bfd22e55dba7c?s=96&d=mm&r=g\",\"caption\":\"Comunicaci\u00f3n Sistema UNIVA\"},\"url\":\"https:\/\/www.univa.mx\/colima\/author\/gustavo\/\"}]}<\/script>\n<!-- \/ Yoast SEO plugin. -->","yoast_head_json":{"title":"Director de UNIVA Colima presente en el Informe de COPARMEX Colima, periodo enero \u2013 agosto 2025 - Colima","description":"El director de UNIVA Colima estuvo presente en el informe correspondiente al periodo enero \u2013 agosto 2025, evento en el que se resaltaron los logros, el compromiso y la representaci\u00f3n de COPARMEX Colima ante diversas instancias gubernamentales, as\u00ed como su activa presencia en el fortalecimiento de la comunidad empresarial a nivel nacional.","robots":{"index":"index","follow":"follow","max-snippet":"max-snippet:-1","max-image-preview":"max-image-preview:large","max-video-preview":"max-video-preview:-1"},"canonical":"https:\/\/www.univa.mx\/colima\/director-de-univa-colima-presente-en-el-informe-de-coparmex-colima-periodo-enero-agosto-2025\/","og_locale":"es_ES","og_type":"article","og_title":"Director de UNIVA Colima presente en el Informe de COPARMEX Colima, periodo enero \u2013 agosto 2025 - Colima","og_description":"El director de UNIVA Colima estuvo presente en el informe correspondiente al periodo enero \u2013 agosto 2025, evento en el que se resaltaron los logros, el compromiso y la representaci\u00f3n de COPARMEX Colima ante diversas instancias gubernamentales, as\u00ed como su activa presencia en el fortalecimiento de la comunidad empresarial a nivel nacional.","og_url":"https:\/\/www.univa.mx\/colima\/director-de-univa-colima-presente-en-el-informe-de-coparmex-colima-periodo-enero-agosto-2025\/","og_site_name":"Colima","article_published_time":"2025-09-25T15:54:15+00:00","og_image":[{"width":1280,"height":720,"url":"https:\/\/www.univa.mx\/colima\/wp-content\/uploads\/sites\/8\/2025\/09\/Campus_Colima.gif","type":"image\/gif"}],"author":"Comunicaci\u00f3n Sistema UNIVA","twitter_card":"summary_large_image","twitter_misc":{"Escrito por":"Comunicaci\u00f3n Sistema UNIVA","Tiempo de lectura":"1 minuto"},"schema":{"@context":"https:\/\/schema.org","@graph":[{"@type":"WebPage","@id":"https:\/\/www.univa.mx\/colima\/director-de-univa-colima-presente-en-el-informe-de-coparmex-colima-periodo-enero-agosto-2025\/","url":"https:\/\/www.univa.mx\/colima\/director-de-univa-colima-presente-en-el-informe-de-coparmex-colima-periodo-enero-agosto-2025\/","name":"Director de UNIVA Colima presente en el Informe de COPARMEX Colima, periodo enero \u2013 agosto 2025 - Colima","isPartOf":{"@id":"https:\/\/www.univa.mx\/colima\/#website"},"primaryImageOfPage":{"@id":"https:\/\/www.univa.mx\/colima\/director-de-univa-colima-presente-en-el-informe-de-coparmex-colima-periodo-enero-agosto-2025\/#primaryimage"},"image":{"@id":"https:\/\/www.univa.mx\/colima\/director-de-univa-colima-presente-en-el-informe-de-coparmex-colima-periodo-enero-agosto-2025\/#primaryimage"},"thumbnailUrl":"https:\/\/www.univa.mx\/colima\/wp-content\/uploads\/sites\/8\/2025\/09\/Campus_Colima.gif","datePublished":"2025-09-25T15:54:15+00:00","author":{"@id":"https:\/\/www.univa.mx\/colima\/#\/schema\/person\/257d6e84e733cd038299033a4e51daf8"},"description":"El director de UNIVA Colima estuvo presente en el informe correspondiente al periodo enero \u2013 agosto 2025, evento en el que se resaltaron los logros, el compromiso y la representaci\u00f3n de COPARMEX Colima ante diversas instancias gubernamentales, as\u00ed como su activa presencia en el fortalecimiento de la comunidad empresarial a nivel nacional.","breadcrumb":{"@id":"https:\/\/www.univa.mx\/colima\/director-de-univa-colima-presente-en-el-informe-de-coparmex-colima-periodo-enero-agosto-2025\/#breadcrumb"},"inLanguage":"es","potentialAction":[{"@type":"ReadAction","target":["https:\/\/www.univa.mx\/colima\/director-de-univa-colima-presente-en-el-informe-de-coparmex-colima-periodo-enero-agosto-2025\/"]}]},{"@type":"ImageObject","inLanguage":"es","@id":"https:\/\/www.univa.mx\/colima\/director-de-univa-colima-presente-en-el-informe-de-coparmex-colima-periodo-enero-agosto-2025\/#primaryimage","url":"https:\/\/www.univa.mx\/colima\/wp-content\/uploads\/sites\/8\/2025\/09\/Campus_Colima.gif","contentUrl":"https:\/\/www.univa.mx\/colima\/wp-content\/uploads\/sites\/8\/2025\/09\/Campus_Colima.gif","width":1280,"height":720},{"@type":"BreadcrumbList","@id":"https:\/\/www.univa.mx\/colima\/director-de-univa-colima-presente-en-el-informe-de-coparmex-colima-periodo-enero-agosto-2025\/#breadcrumb","itemListElement":[{"@type":"ListItem","position":1,"name":"Portada","item":"https:\/\/www.univa.mx\/colima\/"},{"@type":"ListItem","position":2,"name":"Director de UNIVA Colima presente en el Informe de COPARMEX Colima, periodo enero \u2013 agosto 2025"}]},{"@type":"WebSite","@id":"https:\/\/www.univa.mx\/colima\/#website","url":"https:\/\/www.univa.mx\/colima\/","name":"Colima","description":"Univa","potentialAction":[{"@type":"SearchAction","target":{"@type":"EntryPoint","urlTemplate":"https:\/\/www.univa.mx\/colima\/?s={search_term_string}"},"query-input":{"@type":"PropertyValueSpecification","valueRequired":true,"valueName":"search_term_string"}}],"inLanguage":"es"},{"@type":"Person","@id":"https:\/\/www.univa.mx\/colima\/#\/schema\/person\/257d6e84e733cd038299033a4e51daf8","name":"Comunicaci\u00f3n Sistema UNIVA","image":{"@type":"ImageObject","inLanguage":"es","@id":"https:\/\/www.univa.mx\/colima\/#\/schema\/person\/image\/","url":"https:\/\/secure.gravatar.com\/avatar\/6aa0bbdc2764d6dabb18e0075a849c5887b5f3f2c39e3b19384bfd22e55dba7c?s=96&d=mm&r=g","contentUrl":"https:\/\/secure.gravatar.com\/avatar\/6aa0bbdc2764d6dabb18e0075a849c5887b5f3f2c39e3b19384bfd22e55dba7c?s=96&d=mm&r=g","caption":"Comunicaci\u00f3n Sistema UNIVA"},"url":"https:\/\/www.univa.mx\/colima\/author\/gustavo\/"}]}},"_links":{"self":[{"href":"https:\/\/www.univa.mx\/colima\/wp-json\/wp\/v2\/posts\/6668","targetHints":{"allow":["GET"]}}],"collection":[{"href":"https:\/\/www.univa.mx\/colima\/wp-json\/wp\/v2\/posts"}],"about":[{"href":"https:\/\/www.univa.mx\/colima\/wp-json\/wp\/v2\/types\/post"}],"author":[{"embeddable":true,"href":"https:\/\/www.univa.mx\/colima\/wp-json\/wp\/v2\/users\/40"}],"replies":[{"embeddable":true,"href":"https:\/\/www.univa.mx\/colima\/wp-json\/wp\/v2\/comments?post=6668"}],"version-history":[{"count":0,"href":"https:\/\/www.univa.mx\/colima\/wp-json\/wp\/v2\/posts\/6668\/revisions"}],"wp:featuredmedia":[{"embeddable":true,"href":"https:\/\/www.univa.mx\/colima\/wp-json\/wp\/v2\/media\/6669"}],"wp:attachment":[{"href":"https:\/\/www.univa.mx\/colima\/wp-json\/wp\/v2\/media?parent=6668"}],"wp:term":[{"taxonomy":"category","embeddable":true,"href":"https:\/\/www.univa.mx\/colima\/wp-json\/wp\/v2\/categories?post=6668"},{"taxonomy":"post_tag","embeddable":true,"href":"https:\/\/www.univa.mx\/colima\/wp-json\/wp\/v2\/tags?post=6668"}],"curies":[{"name":"wp","href":"https:\/\/api.w.org\/{rel}","templated":true}]}}