{"id":2888,"date":"2020-11-09T13:58:41","date_gmt":"2020-11-09T19:58:41","guid":{"rendered":"https:\/\/www.univa.mx\/colima\/se-lleva-a-cabo-la-xviii-i-asamblea-general-intermedia-de-la-oducal\/"},"modified":"2020-11-09T13:59:30","modified_gmt":"2020-11-09T19:59:30","slug":"se-lleva-a-cabo-la-xviii-i-asamblea-general-intermedia-de-la-oducal","status":"publish","type":"post","link":"https:\/\/www.univa.mx\/colima\/se-lleva-a-cabo-la-xviii-i-asamblea-general-intermedia-de-la-oducal\/","title":{"rendered":"Se lleva a cabo la XVIII-I Asamblea General Intermedia de la ODUCAL"},"content":{"rendered":"<p>Con el objetivo de que los coordinadores de las redes, observatorios, programas y grupos de trabajo de la Organizaci\u00f3n de Universidades Cat\u00f3licas de Am\u00e9rica Latina y el Caribe (ODUCAL) presentaran los avances y resultados registrados al momento en sus respectivas \u00e1reas de responsabilidad, se llev\u00f3 a cabo la XVIII-I Asamblea General Intermedia. La misi\u00f3n de ODUCAL es servir como \u00e1mbito de encuentro, coordinaci\u00f3n y colaboraci\u00f3n mutua de sus instituciones afiliadas, procurando el fortalecimiento de la educaci\u00f3n superior cat\u00f3lica en Am\u00e9rica Latina y el Caribe, a trav\u00e9s de un conjunto de acciones orientadas al intercambio acad\u00e9mico, siempre en la b\u00fasqueda de mejorar la calidad de la docencia, la investigaci\u00f3n y el servicio a la sociedad que realizan sus miembros.<\/p>\n<p>Dicho evento debi\u00f3 celebrarse en el mes de marzo en la ciudad de Bogot\u00e1, Colombia; sin embargo, dado que la situaci\u00f3n en Am\u00e9rica Latina no permite a\u00fan la realizaci\u00f3n de un evento presencial, la Junta Directiva tom\u00f3 la decisi\u00f3n de que la Asamblea General Intermedia se realizara de forma virtual, durante los d\u00edas 4, 5 y 6 de noviembre del a\u00f1o en curso.<\/p>\n<p>Durante los dos primeros d\u00edas de actividades, se revisaron los avances de diversos proyectos como el programa Americarum Mobilitas, proyecto de intercambios estudiantiles presenciales y virtuales, as\u00ed como de movilidad temporal para profesores e investigadores que inici\u00f3 operaciones en 2019 y es coordinado por la UNIVA; programa ODUCOIL, el cual busca facilitar el contacto y la colaboraci\u00f3n entre profesores de las universidades afiliadas a la ODUCAL de distintos pa\u00edses de la regi\u00f3n, para promover el dise\u00f1o e implementaci\u00f3n de proyectos de aprendizaje colaborativo internacional a distancia, contribuyendo as\u00ed al desarrollo de competencias globales e interculturales de los estudiantes. Por otra parte, tambi\u00e9n se abord\u00f3 el proyecto de los Observatorios Sociales de Am\u00e9rica Latina (ODSAL), que bajo la coordinaci\u00f3n del Dr. Agust\u00edn Salvia, de la Pontificia Universidad Cat\u00f3lica Argentina (UCA, Argentina), se ha consolidado este espacio acad\u00e9mico creado para generar opini\u00f3n sobre la problem\u00e1tica de la deuda social en Am\u00e9rica Latina. El principal objetivo de los observatorios ha sido formar equipos de investigaci\u00f3n con est\u00e1ndares de excelencia acad\u00e9mica en condiciones de producir conocimientos relevantes sobre el estado del desarrollo humano y las condiciones de integraci\u00f3n sociopol\u00edtica en los pa\u00edses de la regi\u00f3n; poniendo sus estudios al servicio del diagn\u00f3stico y dise\u00f1o de pol\u00edticas p\u00fablicas comprometidas con el bien com\u00fan.<\/p>\n<p>Este 6 de noviembre se realiz\u00f3 la tercera y \u00faltima sesi\u00f3n de actividades de la XVIII-I Asamblea General Intermedia. Evento que reuni\u00f3 a 324 participantes de 89 universidades afiliadas, 2 invitadas y 3 instituciones especiales, quienes intercambiaron buenas pr\u00e1cticas de sus respectivas instituciones, compartieron avances en cada uno de los proyectos que forman parte de la ODUCAL y dieron a conocer la proyecci\u00f3n a futuro en cada \u00e1rea.<\/p>\n<p>En punto de las 9:00 horas (tiempo de M\u00e9xico) se realizaron, de manera simult\u00e1nea, las reuniones de las cuatro subregiones que componen a la organizaci\u00f3n, con el objetivo de compartir los planes de trabajo y proyecciones que, como subregi\u00f3n, abonar\u00e1n a continuar con el crecimiento de la ODUCAL. Como moderadores fungieron: por parte de la Subregi\u00f3n Andina, la Mtra. Caterine Camacho; Subregi\u00f3n Brasil, el Mtro. James Pinheiro; Subregi\u00f3n Cono Sur, el Dr. Pedro Pablo Rosso; Subregi\u00f3n M\u00e9xico, Centro-Am\u00e9rica y el Caribe, Mtro. Joel V\u00e9lez, todos ellos secretarios y subsecretarios ejecutivos de las respectivas subregiones.<\/p>\n<p>Mientras tanto, a la misma hora, se llev\u00f3 a cabo el 2\u00b0 Encuentro Virtual de la Red de Comunicaci\u00f3n, con la presentaci\u00f3n del plan de trabajo 2021, a cargo de la Mtra. Maricarmen D\u00edaz de Sandi, coordinadora de la Red de Comunicaci\u00f3n, quien proyect\u00f3 los objetivos por los que ODUCAL trabajar\u00e1 para el a\u00f1o 2021 en materia de comunicaci\u00f3n.<\/p>\n<p>Los asistentes a este encuentro disfrutaron de la conferencia \u00abComunicar en tiempos de redes\u00bb, a cargo de la Dra. Lorena Fern\u00e1ndez \u00c1lvarez, representante de la Universidad de Deusto (Espa\u00f1a), ingeniera en Inform\u00e1tica y especialista en Nuevas Tecnolog\u00edas, ganadora del Premio Periodismo Vasco 2018 en la categor\u00eda de Periodismo Digital. La Dra. Lorena Fern\u00e1ndez explic\u00f3 la manera en que la universidad en donde labora; organiza y distribuye las estrategias de comunicaci\u00f3n para el logro de objetivos a nivel micro y macro. Tambi\u00e9n abord\u00f3 la importancia de la identidad digital y los aspectos importantes a considerar al respecto.<\/p>\n<p>Posterior a las sesiones simult\u00e1neas, los asistentes convergieron de nueva cuenta para la Sesi\u00f3n Plenaria e Informes de las cuatro subregiones, moderada por el Mtro. Andr\u00e9s Barba, secretario general de la ODUCAL y director de Desarrollo Internacional y Relaciones Externas del Sistema UNIVA; en donde se compartieron las propuestas de construcci\u00f3n colectiva en torno al a\u00f1o 2021, as\u00ed como las experiencias de algunos de los asistentes quienes se mostraron satisfechos con las actividades realizadas.<\/p>\n<p>Para clausurar de manera formal el evento, el Pbro. Lic. Francisco Ram\u00edrez Y\u00e1\u00f1ez, presidente de la ODUCAL y rector de la Universidad del Valle de Atemajac (UNIVA, M\u00e9xico), dirigi\u00f3 un mensaje de cierre en el que mencion\u00f3 que \u201cen esta reuni\u00f3n hemos reforzado la misi\u00f3n de las universidades cat\u00f3licas, cultivando el saber, creando cultura y formando a la persona\u201d. Concluy\u00f3 felicitando a los presentes por los tres d\u00edas de intensa actividad.<\/p>\n<p>Sitio oficial: https:\/\/www.oducal.com\/<\/p>\n","protected":false},"excerpt":{"rendered":"<p>Con el objetivo de que los coordinadores de las redes, observatorios, programas y grupos de trabajo de la Organizaci\u00f3n de Universidades Cat\u00f3licas de Am\u00e9rica Latina y el Caribe (ODUCAL) presentaran&#8230;<\/p>\n","protected":false},"author":2,"featured_media":2889,"comment_status":"open","ping_status":"open","sticky":false,"template":"","format":"standard","meta":{"footnotes":""},"categories":[2],"tags":[],"class_list":{"0":"post-2888","1":"post","2":"type-post","3":"status-publish","4":"format-standard","5":"has-post-thumbnail","7":"category-noticias"},"yoast_head":"<!-- This site is optimized with the Yoast SEO plugin v26.6 - https:\/\/yoast.com\/wordpress\/plugins\/seo\/ -->\n<title>Se lleva a cabo la XVIII-I Asamblea General Intermedia de la ODUCAL - Colima<\/title>\n<meta name=\"robots\" content=\"index, follow, max-snippet:-1, max-image-preview:large, max-video-preview:-1\" \/>\n<link rel=\"canonical\" href=\"https:\/\/www.univa.mx\/colima\/se-lleva-a-cabo-la-xviii-i-asamblea-general-intermedia-de-la-oducal\/\" \/>\n<meta property=\"og:locale\" content=\"es_ES\" \/>\n<meta property=\"og:type\" content=\"article\" \/>\n<meta property=\"og:title\" content=\"Se lleva a cabo la XVIII-I Asamblea General Intermedia de la ODUCAL - Colima\" \/>\n<meta property=\"og:description\" content=\"Con el objetivo de que los coordinadores de las redes, observatorios, programas y grupos de trabajo de la Organizaci\u00f3n de Universidades Cat\u00f3licas de Am\u00e9rica Latina y el Caribe (ODUCAL) presentaran...\" \/>\n<meta property=\"og:url\" content=\"https:\/\/www.univa.mx\/colima\/se-lleva-a-cabo-la-xviii-i-asamblea-general-intermedia-de-la-oducal\/\" \/>\n<meta property=\"og:site_name\" content=\"Colima\" \/>\n<meta property=\"article:published_time\" content=\"2020-11-09T19:58:41+00:00\" \/>\n<meta property=\"article:modified_time\" content=\"2020-11-09T19:59:30+00:00\" \/>\n<meta property=\"og:image\" content=\"https:\/\/www.univa.mx\/colima\/wp-content\/uploads\/sites\/8\/2020\/11\/Asamblea-ODUCAL6.jpg\" \/>\n\t<meta property=\"og:image:width\" content=\"1280\" \/>\n\t<meta property=\"og:image:height\" content=\"720\" \/>\n\t<meta property=\"og:image:type\" content=\"image\/jpeg\" \/>\n<meta name=\"author\" content=\"Comunicaci\u00f3n Sistema UNIVA\" \/>\n<meta name=\"twitter:card\" content=\"summary_large_image\" \/>\n<meta name=\"twitter:label1\" content=\"Escrito por\" \/>\n\t<meta name=\"twitter:data1\" content=\"Comunicaci\u00f3n Sistema UNIVA\" \/>\n\t<meta name=\"twitter:label2\" content=\"Tiempo de lectura\" \/>\n\t<meta name=\"twitter:data2\" content=\"5 minutos\" \/>\n<script type=\"application\/ld+json\" class=\"yoast-schema-graph\">{\"@context\":\"https:\/\/schema.org\",\"@graph\":[{\"@type\":\"WebPage\",\"@id\":\"https:\/\/www.univa.mx\/colima\/se-lleva-a-cabo-la-xviii-i-asamblea-general-intermedia-de-la-oducal\/\",\"url\":\"https:\/\/www.univa.mx\/colima\/se-lleva-a-cabo-la-xviii-i-asamblea-general-intermedia-de-la-oducal\/\",\"name\":\"Se lleva a cabo la XVIII-I Asamblea General Intermedia de la ODUCAL - Colima\",\"isPartOf\":{\"@id\":\"https:\/\/www.univa.mx\/colima\/#website\"},\"primaryImageOfPage\":{\"@id\":\"https:\/\/www.univa.mx\/colima\/se-lleva-a-cabo-la-xviii-i-asamblea-general-intermedia-de-la-oducal\/#primaryimage\"},\"image\":{\"@id\":\"https:\/\/www.univa.mx\/colima\/se-lleva-a-cabo-la-xviii-i-asamblea-general-intermedia-de-la-oducal\/#primaryimage\"},\"thumbnailUrl\":\"https:\/\/www.univa.mx\/colima\/wp-content\/uploads\/sites\/8\/2020\/11\/Asamblea-ODUCAL6.jpg\",\"datePublished\":\"2020-11-09T19:58:41+00:00\",\"dateModified\":\"2020-11-09T19:59:30+00:00\",\"author\":{\"@id\":\"https:\/\/www.univa.mx\/colima\/#\/schema\/person\/69c7c7ff4ec76903a1b7038cb8f0b6cd\"},\"breadcrumb\":{\"@id\":\"https:\/\/www.univa.mx\/colima\/se-lleva-a-cabo-la-xviii-i-asamblea-general-intermedia-de-la-oducal\/#breadcrumb\"},\"inLanguage\":\"es\",\"potentialAction\":[{\"@type\":\"ReadAction\",\"target\":[\"https:\/\/www.univa.mx\/colima\/se-lleva-a-cabo-la-xviii-i-asamblea-general-intermedia-de-la-oducal\/\"]}]},{\"@type\":\"ImageObject\",\"inLanguage\":\"es\",\"@id\":\"https:\/\/www.univa.mx\/colima\/se-lleva-a-cabo-la-xviii-i-asamblea-general-intermedia-de-la-oducal\/#primaryimage\",\"url\":\"https:\/\/www.univa.mx\/colima\/wp-content\/uploads\/sites\/8\/2020\/11\/Asamblea-ODUCAL6.jpg\",\"contentUrl\":\"https:\/\/www.univa.mx\/colima\/wp-content\/uploads\/sites\/8\/2020\/11\/Asamblea-ODUCAL6.jpg\",\"width\":1280,\"height\":720},{\"@type\":\"BreadcrumbList\",\"@id\":\"https:\/\/www.univa.mx\/colima\/se-lleva-a-cabo-la-xviii-i-asamblea-general-intermedia-de-la-oducal\/#breadcrumb\",\"itemListElement\":[{\"@type\":\"ListItem\",\"position\":1,\"name\":\"Portada\",\"item\":\"https:\/\/www.univa.mx\/colima\/\"},{\"@type\":\"ListItem\",\"position\":2,\"name\":\"Se lleva a cabo la XVIII-I Asamblea General Intermedia de la ODUCAL\"}]},{\"@type\":\"WebSite\",\"@id\":\"https:\/\/www.univa.mx\/colima\/#website\",\"url\":\"https:\/\/www.univa.mx\/colima\/\",\"name\":\"Colima\",\"description\":\"Univa\",\"potentialAction\":[{\"@type\":\"SearchAction\",\"target\":{\"@type\":\"EntryPoint\",\"urlTemplate\":\"https:\/\/www.univa.mx\/colima\/?s={search_term_string}\"},\"query-input\":{\"@type\":\"PropertyValueSpecification\",\"valueRequired\":true,\"valueName\":\"search_term_string\"}}],\"inLanguage\":\"es\"},{\"@type\":\"Person\",\"@id\":\"https:\/\/www.univa.mx\/colima\/#\/schema\/person\/69c7c7ff4ec76903a1b7038cb8f0b6cd\",\"name\":\"Comunicaci\u00f3n Sistema UNIVA\",\"image\":{\"@type\":\"ImageObject\",\"inLanguage\":\"es\",\"@id\":\"https:\/\/www.univa.mx\/colima\/#\/schema\/person\/image\/\",\"url\":\"https:\/\/secure.gravatar.com\/avatar\/e5c70e7a9e29f270de612e0fc3ec80dfe6dcaa543bd068051f89740873db7146?s=96&d=mm&r=g\",\"contentUrl\":\"https:\/\/secure.gravatar.com\/avatar\/e5c70e7a9e29f270de612e0fc3ec80dfe6dcaa543bd068051f89740873db7146?s=96&d=mm&r=g\",\"caption\":\"Comunicaci\u00f3n Sistema UNIVA\"},\"url\":\"https:\/\/www.univa.mx\/colima\/author\/davidrosas\/\"}]}<\/script>\n<!-- \/ Yoast SEO plugin. -->","yoast_head_json":{"title":"Se lleva a cabo la XVIII-I Asamblea General Intermedia de la ODUCAL - Colima","robots":{"index":"index","follow":"follow","max-snippet":"max-snippet:-1","max-image-preview":"max-image-preview:large","max-video-preview":"max-video-preview:-1"},"canonical":"https:\/\/www.univa.mx\/colima\/se-lleva-a-cabo-la-xviii-i-asamblea-general-intermedia-de-la-oducal\/","og_locale":"es_ES","og_type":"article","og_title":"Se lleva a cabo la XVIII-I Asamblea General Intermedia de la ODUCAL - Colima","og_description":"Con el objetivo de que los coordinadores de las redes, observatorios, programas y grupos de trabajo de la Organizaci\u00f3n de Universidades Cat\u00f3licas de Am\u00e9rica Latina y el Caribe (ODUCAL) presentaran...","og_url":"https:\/\/www.univa.mx\/colima\/se-lleva-a-cabo-la-xviii-i-asamblea-general-intermedia-de-la-oducal\/","og_site_name":"Colima","article_published_time":"2020-11-09T19:58:41+00:00","article_modified_time":"2020-11-09T19:59:30+00:00","og_image":[{"width":1280,"height":720,"url":"https:\/\/www.univa.mx\/colima\/wp-content\/uploads\/sites\/8\/2020\/11\/Asamblea-ODUCAL6.jpg","type":"image\/jpeg"}],"author":"Comunicaci\u00f3n Sistema UNIVA","twitter_card":"summary_large_image","twitter_misc":{"Escrito por":"Comunicaci\u00f3n Sistema UNIVA","Tiempo de lectura":"5 minutos"},"schema":{"@context":"https:\/\/schema.org","@graph":[{"@type":"WebPage","@id":"https:\/\/www.univa.mx\/colima\/se-lleva-a-cabo-la-xviii-i-asamblea-general-intermedia-de-la-oducal\/","url":"https:\/\/www.univa.mx\/colima\/se-lleva-a-cabo-la-xviii-i-asamblea-general-intermedia-de-la-oducal\/","name":"Se lleva a cabo la XVIII-I Asamblea General Intermedia de la ODUCAL - Colima","isPartOf":{"@id":"https:\/\/www.univa.mx\/colima\/#website"},"primaryImageOfPage":{"@id":"https:\/\/www.univa.mx\/colima\/se-lleva-a-cabo-la-xviii-i-asamblea-general-intermedia-de-la-oducal\/#primaryimage"},"image":{"@id":"https:\/\/www.univa.mx\/colima\/se-lleva-a-cabo-la-xviii-i-asamblea-general-intermedia-de-la-oducal\/#primaryimage"},"thumbnailUrl":"https:\/\/www.univa.mx\/colima\/wp-content\/uploads\/sites\/8\/2020\/11\/Asamblea-ODUCAL6.jpg","datePublished":"2020-11-09T19:58:41+00:00","dateModified":"2020-11-09T19:59:30+00:00","author":{"@id":"https:\/\/www.univa.mx\/colima\/#\/schema\/person\/69c7c7ff4ec76903a1b7038cb8f0b6cd"},"breadcrumb":{"@id":"https:\/\/www.univa.mx\/colima\/se-lleva-a-cabo-la-xviii-i-asamblea-general-intermedia-de-la-oducal\/#breadcrumb"},"inLanguage":"es","potentialAction":[{"@type":"ReadAction","target":["https:\/\/www.univa.mx\/colima\/se-lleva-a-cabo-la-xviii-i-asamblea-general-intermedia-de-la-oducal\/"]}]},{"@type":"ImageObject","inLanguage":"es","@id":"https:\/\/www.univa.mx\/colima\/se-lleva-a-cabo-la-xviii-i-asamblea-general-intermedia-de-la-oducal\/#primaryimage","url":"https:\/\/www.univa.mx\/colima\/wp-content\/uploads\/sites\/8\/2020\/11\/Asamblea-ODUCAL6.jpg","contentUrl":"https:\/\/www.univa.mx\/colima\/wp-content\/uploads\/sites\/8\/2020\/11\/Asamblea-ODUCAL6.jpg","width":1280,"height":720},{"@type":"BreadcrumbList","@id":"https:\/\/www.univa.mx\/colima\/se-lleva-a-cabo-la-xviii-i-asamblea-general-intermedia-de-la-oducal\/#breadcrumb","itemListElement":[{"@type":"ListItem","position":1,"name":"Portada","item":"https:\/\/www.univa.mx\/colima\/"},{"@type":"ListItem","position":2,"name":"Se lleva a cabo la XVIII-I Asamblea General Intermedia de la ODUCAL"}]},{"@type":"WebSite","@id":"https:\/\/www.univa.mx\/colima\/#website","url":"https:\/\/www.univa.mx\/colima\/","name":"Colima","description":"Univa","potentialAction":[{"@type":"SearchAction","target":{"@type":"EntryPoint","urlTemplate":"https:\/\/www.univa.mx\/colima\/?s={search_term_string}"},"query-input":{"@type":"PropertyValueSpecification","valueRequired":true,"valueName":"search_term_string"}}],"inLanguage":"es"},{"@type":"Person","@id":"https:\/\/www.univa.mx\/colima\/#\/schema\/person\/69c7c7ff4ec76903a1b7038cb8f0b6cd","name":"Comunicaci\u00f3n Sistema UNIVA","image":{"@type":"ImageObject","inLanguage":"es","@id":"https:\/\/www.univa.mx\/colima\/#\/schema\/person\/image\/","url":"https:\/\/secure.gravatar.com\/avatar\/e5c70e7a9e29f270de612e0fc3ec80dfe6dcaa543bd068051f89740873db7146?s=96&d=mm&r=g","contentUrl":"https:\/\/secure.gravatar.com\/avatar\/e5c70e7a9e29f270de612e0fc3ec80dfe6dcaa543bd068051f89740873db7146?s=96&d=mm&r=g","caption":"Comunicaci\u00f3n Sistema UNIVA"},"url":"https:\/\/www.univa.mx\/colima\/author\/davidrosas\/"}]}},"_links":{"self":[{"href":"https:\/\/www.univa.mx\/colima\/wp-json\/wp\/v2\/posts\/2888","targetHints":{"allow":["GET"]}}],"collection":[{"href":"https:\/\/www.univa.mx\/colima\/wp-json\/wp\/v2\/posts"}],"about":[{"href":"https:\/\/www.univa.mx\/colima\/wp-json\/wp\/v2\/types\/post"}],"author":[{"embeddable":true,"href":"https:\/\/www.univa.mx\/colima\/wp-json\/wp\/v2\/users\/2"}],"replies":[{"embeddable":true,"href":"https:\/\/www.univa.mx\/colima\/wp-json\/wp\/v2\/comments?post=2888"}],"version-history":[{"count":1,"href":"https:\/\/www.univa.mx\/colima\/wp-json\/wp\/v2\/posts\/2888\/revisions"}],"predecessor-version":[{"id":2891,"href":"https:\/\/www.univa.mx\/colima\/wp-json\/wp\/v2\/posts\/2888\/revisions\/2891"}],"wp:featuredmedia":[{"embeddable":true,"href":"https:\/\/www.univa.mx\/colima\/wp-json\/wp\/v2\/media\/2889"}],"wp:attachment":[{"href":"https:\/\/www.univa.mx\/colima\/wp-json\/wp\/v2\/media?parent=2888"}],"wp:term":[{"taxonomy":"category","embeddable":true,"href":"https:\/\/www.univa.mx\/colima\/wp-json\/wp\/v2\/categories?post=2888"},{"taxonomy":"post_tag","embeddable":true,"href":"https:\/\/www.univa.mx\/colima\/wp-json\/wp\/v2\/tags?post=2888"}],"curies":[{"name":"wp","href":"https:\/\/api.w.org\/{rel}","templated":true}]}}