{"id":2501,"date":"2020-09-28T20:23:20","date_gmt":"2020-09-29T01:23:20","guid":{"rendered":"https:\/\/www.univa.mx\/colima\/se-lleva-a-cabo-el-ii-encuentro-de-buenas-practicas-oducal\/"},"modified":"2020-09-28T20:23:20","modified_gmt":"2020-09-29T01:23:20","slug":"se-lleva-a-cabo-el-ii-encuentro-de-buenas-practicas-oducal","status":"publish","type":"post","link":"https:\/\/www.univa.mx\/colima\/se-lleva-a-cabo-el-ii-encuentro-de-buenas-practicas-oducal\/","title":{"rendered":"Se lleva a cabo el II Encuentro de Buenas Pr\u00e1cticas ODUCAL"},"content":{"rendered":"<p>El pasado 23 de septiembre, en un entorno virtual, se realiz\u00f3 la segunda sesi\u00f3n del II Encuentro de Buenas Pr\u00e1cticas: una oportunidad de di\u00e1logo y reconocimiento de experiencias, evento coordinado por la Organizaci\u00f3n de Universidades Cat\u00f3licas de Am\u00e9rica Latina y el Caribe (ODUCAL).<\/p>\n<p>Bajo el tema de \u201cRetos y buenas pr\u00e1cticas bio\u00e9ticas en el desarrollo de protocolos y pol\u00edtica p\u00fablica\u201d se desarrollaron las ponencias con facilitadores originarios de Cuba, Ecuador y M\u00e9xico.<\/p>\n<p>La sesi\u00f3n comenz\u00f3 con una oraci\u00f3n del Pbro. Lic. Francisco Ram\u00edrez Y\u00e1\u00f1ez, presidente de la ODUCAL y rector de la Universidad del Valle de Atemajac (UNIVA, M\u00e9xico), dirigida a las personas que est\u00e1n atravesando momentos complicados durante la pandemia del COVID-19. As\u00ed mismo, el m\u00e1ximo dirigente de la organizaci\u00f3n, aprovech\u00f3 el uso de la voz para recalcar la importancia de las buenas pr\u00e1cticas en el quehacer diario mediante el contacto colaborativo, la reciprocidad y el aprendizaje activo.<\/p>\n<p>Posteriormente la Dra. Patricia Campos Olaz\u00e1bal, segunda vicepresidenta de la Subregi\u00f3n Andina de la ODUCAL y rectora de la Universidad Cat\u00f3lica Santo Toribio de Mogrovejo (Per\u00fa), dirigi\u00f3 un mensaje en el que enfatiz\u00f3 la relevancia de la bio\u00e9tica dentro de las instituciones cat\u00f3licas y dio por inaugurada de manera oficial, la jornada de ponencias del evento.<\/p>\n<p>La Dra. Mar\u00eda Elizabeth de los R\u00edos Uriarte, profesora investigadora de la Facultad de Bio\u00e9tica de la Universidad An\u00e1huac M\u00e9xico, comenz\u00f3 la serie de ponencias con el tema de \u201cCreaci\u00f3n de unas gu\u00edas de criterios \u00e9ticos ante emergencias sanitarias en M\u00e9xico en el contexto de la pandemia por COVID-19\u201d, en donde comparti\u00f3 las acciones concretas que se realizaron en su instituci\u00f3n con el surgimiento de la emergencia sanitaria y abord\u00f3 algunos detalles del proyecto \u201cConsultor\u00eda en Bio\u00e9tica An\u00e1huac\u201d, plataforma mediante la cual se pueden realizar consultas gratuitas por parte del p\u00fablico en general, con atenci\u00f3n personalizada y brindada por especialistas en la materia.<\/p>\n<p>Posteriormente se desarroll\u00f3 la ponencia titulada \u201cCuidados paliativos y humanizaci\u00f3n en COVID-19\u201d, a cargo de la Dra. Luz Adriana Templos Esteban, docente de Educaci\u00f3n Continua dentro del diplomado \u201cCuidados paliativos y dolor\u201d en la Universidad An\u00e1huac M\u00e9xico. La ponencia abord\u00f3 la relevancia de la atenci\u00f3n al paciente y a su familia, teniendo como base los valores que permitan hacer una estancia m\u00e1s humana y cercana; adem\u00e1s de preocuparse por la angustia f\u00edsica, psicosocial y espiritual de las personas. La Dra. Templos habl\u00f3 tambi\u00e9n sobre el modelo de atenci\u00f3n paliativa para pacientes con COVID-19 con un enfoque bio\u00e9tico.<\/p>\n<p>La tercera charla de la jornada corri\u00f3 a cargo del Dr. Iv\u00e1n Due\u00f1as Esp\u00edn, presidente del Comit\u00e9 de \u00c9tica de la Investigaci\u00f3n en Seres Humanos y docente agregado de la Facultad de Medicina en la Pontificia Universidad Cat\u00f3lica de Ecuador (PUCE); quien present\u00f3 el tema \u201cContribuciones desde la Bio\u00e9tica a la investigaci\u00f3n en humanos en tiempos de pandemia: experiencia de la PUCE\u201d, mismo en el que se explicaron tantos los aspectos reglamentarios, basados en la Constituci\u00f3n de la Rep\u00fablica del Ecuador, como los que maneja la Organizaci\u00f3n Mundial de la Salud. El Dr. Due\u00f1as abord\u00f3 tambi\u00e9n el tema de los Comit\u00e9s de \u00c9tica e Investigaci\u00f3n en Seres Humanos (CEISH) y la contribuci\u00f3n que ha tenido la PUCE en los mismos.<\/p>\n<p>Enseguida se present\u00f3 la ponencia titulada \u201cPrograma de reactivaci\u00f3n interinstitucional en el territorio para la prevenci\u00f3n de COVID-19 de las medicinas ancestrales y espiritualidades despu\u00e9s de la emergencia sanitaria\u201d, por cuenta del profesor Freddy Simba\u00f1a Pillajo, docente e investigador de la Universidad Polit\u00e9cnica Salesiana (Ecuador). El objetivo de la ponencia fue delinear un plan abordado con habitantes de una regi\u00f3n del Ecuador con la finalidad de generar una sola voz en torno a la pandemia; plan que fue descrito desde la fase de prevenci\u00f3n comunitaria, contagio, tratamiento espiritual y m\u00e9dico a enfermos de COVID-19 y, finalmente, revitalizaci\u00f3n del cuerpo bioenerg\u00e9tico.<\/p>\n<p>Fue el Mtro. Leonel Z\u00fa\u00f1iga Arciniega, director de la Universidad del Valle de Atemajac plantel Le\u00f3n (M\u00e9xico), quien continu\u00f3 compartiendo conocimiento con los presentes a trav\u00e9s de la ponencia \u201cRed de apoyo psicosocial de Guanajuato, M\u00e9xico\u201d. Durante la presentaci\u00f3n, el Mtro. Z\u00fa\u00f1iga explic\u00f3 el esquema utilizado en el estado de Guanajuato, M\u00e9xico, mediante la cooperaci\u00f3n interinstitucional entre soci\u00f3logos, psic\u00f3logos, m\u00e9dicos, alumnos y profesores; quienes componen el proyecto de atenci\u00f3n psicol\u00f3gica telef\u00f3nica que UNIVA ha brindado a la poblaci\u00f3n del estado antes mencionado.<\/p>\n<p>Las intervenciones culminaron con la participaci\u00f3n del Dr. Ren\u00e9 Zamora Mar\u00edn, director fundador del Instituto de Bio\u00e9tica Juan Pablo II (Cuba) y miembro de la Pontificia Universidad Cat\u00f3lica de Puerto Rico, con la ponencia nombrada \u201cIdentidad cat\u00f3lica y misi\u00f3n educativa de un instituto de Bio\u00e9tica en Cuba post-COVID-19\u201d, el Dr. Ren\u00e9 comparti\u00f3 la historia y los objetivos del Instituto de Bio\u00e9tica Juan Pablo II en pro de la defensa de la vida humana y su dignidad, as\u00ed como la difusi\u00f3n de la Bio\u00e9tica personalista mediante una conciencia \u00e9tico moral.<\/p>\n<p>Fue as\u00ed como se realiz\u00f3 la segunda sesi\u00f3n del II Encuentro de Buenas Pr\u00e1cticas de la ODUCAL, a la espera de la siguiente jornada de actividades, a realizarse el mi\u00e9rcoles 30 de septiembre bajo el tema de \u201cTestimonios de estudiantes resilientes\u201d.<\/p>\n","protected":false},"excerpt":{"rendered":"<p>El pasado 23 de septiembre, en un entorno virtual, se realiz\u00f3 la segunda sesi\u00f3n del II Encuentro de Buenas Pr\u00e1cticas: una oportunidad de di\u00e1logo y reconocimiento de experiencias, evento coordinado&#8230;<\/p>\n","protected":false},"author":2,"featured_media":2502,"comment_status":"open","ping_status":"open","sticky":false,"template":"","format":"standard","meta":{"footnotes":""},"categories":[2],"tags":[],"class_list":{"0":"post-2501","1":"post","2":"type-post","3":"status-publish","4":"format-standard","5":"has-post-thumbnail","7":"category-noticias"},"yoast_head":"<!-- This site is optimized with the Yoast SEO plugin v26.6 - https:\/\/yoast.com\/wordpress\/plugins\/seo\/ -->\n<title>Se lleva a cabo el II Encuentro de Buenas Pr\u00e1cticas ODUCAL - Colima<\/title>\n<meta name=\"robots\" content=\"index, follow, max-snippet:-1, max-image-preview:large, max-video-preview:-1\" \/>\n<link rel=\"canonical\" href=\"https:\/\/www.univa.mx\/colima\/se-lleva-a-cabo-el-ii-encuentro-de-buenas-practicas-oducal\/\" \/>\n<meta property=\"og:locale\" content=\"es_ES\" \/>\n<meta property=\"og:type\" content=\"article\" \/>\n<meta property=\"og:title\" content=\"Se lleva a cabo el II Encuentro de Buenas Pr\u00e1cticas ODUCAL - Colima\" \/>\n<meta property=\"og:description\" content=\"El pasado 23 de septiembre, en un entorno virtual, se realiz\u00f3 la segunda sesi\u00f3n del II Encuentro de Buenas Pr\u00e1cticas: una oportunidad de di\u00e1logo y reconocimiento de experiencias, evento coordinado...\" \/>\n<meta property=\"og:url\" content=\"https:\/\/www.univa.mx\/colima\/se-lleva-a-cabo-el-ii-encuentro-de-buenas-practicas-oducal\/\" \/>\n<meta property=\"og:site_name\" content=\"Colima\" \/>\n<meta property=\"article:published_time\" content=\"2020-09-29T01:23:20+00:00\" \/>\n<meta property=\"og:image\" content=\"https:\/\/www.univa.mx\/colima\/wp-content\/uploads\/sites\/8\/2020\/09\/Se-lleva-a-cabo-el-II-Encuentro-de-buenas-pra\u0301cticas-ODUCAL.-Revisado-28.09.2020..jpg\" \/>\n\t<meta property=\"og:image:width\" content=\"1280\" \/>\n\t<meta property=\"og:image:height\" content=\"720\" \/>\n\t<meta property=\"og:image:type\" content=\"image\/jpeg\" \/>\n<meta name=\"author\" content=\"Comunicaci\u00f3n Sistema UNIVA\" \/>\n<meta name=\"twitter:card\" content=\"summary_large_image\" \/>\n<meta name=\"twitter:label1\" content=\"Escrito por\" \/>\n\t<meta name=\"twitter:data1\" content=\"Comunicaci\u00f3n Sistema UNIVA\" \/>\n\t<meta name=\"twitter:label2\" content=\"Tiempo de lectura\" \/>\n\t<meta name=\"twitter:data2\" content=\"5 minutos\" \/>\n<script type=\"application\/ld+json\" class=\"yoast-schema-graph\">{\"@context\":\"https:\/\/schema.org\",\"@graph\":[{\"@type\":\"WebPage\",\"@id\":\"https:\/\/www.univa.mx\/colima\/se-lleva-a-cabo-el-ii-encuentro-de-buenas-practicas-oducal\/\",\"url\":\"https:\/\/www.univa.mx\/colima\/se-lleva-a-cabo-el-ii-encuentro-de-buenas-practicas-oducal\/\",\"name\":\"Se lleva a cabo el II Encuentro de Buenas Pr\u00e1cticas ODUCAL - Colima\",\"isPartOf\":{\"@id\":\"https:\/\/www.univa.mx\/colima\/#website\"},\"primaryImageOfPage\":{\"@id\":\"https:\/\/www.univa.mx\/colima\/se-lleva-a-cabo-el-ii-encuentro-de-buenas-practicas-oducal\/#primaryimage\"},\"image\":{\"@id\":\"https:\/\/www.univa.mx\/colima\/se-lleva-a-cabo-el-ii-encuentro-de-buenas-practicas-oducal\/#primaryimage\"},\"thumbnailUrl\":\"https:\/\/www.univa.mx\/colima\/wp-content\/uploads\/sites\/8\/2020\/09\/Se-lleva-a-cabo-el-II-Encuentro-de-buenas-pra\u0301cticas-ODUCAL.-Revisado-28.09.2020..jpg\",\"datePublished\":\"2020-09-29T01:23:20+00:00\",\"author\":{\"@id\":\"https:\/\/www.univa.mx\/colima\/#\/schema\/person\/69c7c7ff4ec76903a1b7038cb8f0b6cd\"},\"breadcrumb\":{\"@id\":\"https:\/\/www.univa.mx\/colima\/se-lleva-a-cabo-el-ii-encuentro-de-buenas-practicas-oducal\/#breadcrumb\"},\"inLanguage\":\"es\",\"potentialAction\":[{\"@type\":\"ReadAction\",\"target\":[\"https:\/\/www.univa.mx\/colima\/se-lleva-a-cabo-el-ii-encuentro-de-buenas-practicas-oducal\/\"]}]},{\"@type\":\"ImageObject\",\"inLanguage\":\"es\",\"@id\":\"https:\/\/www.univa.mx\/colima\/se-lleva-a-cabo-el-ii-encuentro-de-buenas-practicas-oducal\/#primaryimage\",\"url\":\"https:\/\/www.univa.mx\/colima\/wp-content\/uploads\/sites\/8\/2020\/09\/Se-lleva-a-cabo-el-II-Encuentro-de-buenas-pra\u0301cticas-ODUCAL.-Revisado-28.09.2020..jpg\",\"contentUrl\":\"https:\/\/www.univa.mx\/colima\/wp-content\/uploads\/sites\/8\/2020\/09\/Se-lleva-a-cabo-el-II-Encuentro-de-buenas-pra\u0301cticas-ODUCAL.-Revisado-28.09.2020..jpg\",\"width\":1280,\"height\":720},{\"@type\":\"BreadcrumbList\",\"@id\":\"https:\/\/www.univa.mx\/colima\/se-lleva-a-cabo-el-ii-encuentro-de-buenas-practicas-oducal\/#breadcrumb\",\"itemListElement\":[{\"@type\":\"ListItem\",\"position\":1,\"name\":\"Portada\",\"item\":\"https:\/\/www.univa.mx\/colima\/\"},{\"@type\":\"ListItem\",\"position\":2,\"name\":\"Se lleva a cabo el II Encuentro de Buenas Pr\u00e1cticas ODUCAL\"}]},{\"@type\":\"WebSite\",\"@id\":\"https:\/\/www.univa.mx\/colima\/#website\",\"url\":\"https:\/\/www.univa.mx\/colima\/\",\"name\":\"Colima\",\"description\":\"Univa\",\"potentialAction\":[{\"@type\":\"SearchAction\",\"target\":{\"@type\":\"EntryPoint\",\"urlTemplate\":\"https:\/\/www.univa.mx\/colima\/?s={search_term_string}\"},\"query-input\":{\"@type\":\"PropertyValueSpecification\",\"valueRequired\":true,\"valueName\":\"search_term_string\"}}],\"inLanguage\":\"es\"},{\"@type\":\"Person\",\"@id\":\"https:\/\/www.univa.mx\/colima\/#\/schema\/person\/69c7c7ff4ec76903a1b7038cb8f0b6cd\",\"name\":\"Comunicaci\u00f3n Sistema UNIVA\",\"image\":{\"@type\":\"ImageObject\",\"inLanguage\":\"es\",\"@id\":\"https:\/\/www.univa.mx\/colima\/#\/schema\/person\/image\/\",\"url\":\"https:\/\/secure.gravatar.com\/avatar\/e5c70e7a9e29f270de612e0fc3ec80dfe6dcaa543bd068051f89740873db7146?s=96&d=mm&r=g\",\"contentUrl\":\"https:\/\/secure.gravatar.com\/avatar\/e5c70e7a9e29f270de612e0fc3ec80dfe6dcaa543bd068051f89740873db7146?s=96&d=mm&r=g\",\"caption\":\"Comunicaci\u00f3n Sistema UNIVA\"},\"url\":\"https:\/\/www.univa.mx\/colima\/author\/davidrosas\/\"}]}<\/script>\n<!-- \/ Yoast SEO plugin. -->","yoast_head_json":{"title":"Se lleva a cabo el II Encuentro de Buenas Pr\u00e1cticas ODUCAL - Colima","robots":{"index":"index","follow":"follow","max-snippet":"max-snippet:-1","max-image-preview":"max-image-preview:large","max-video-preview":"max-video-preview:-1"},"canonical":"https:\/\/www.univa.mx\/colima\/se-lleva-a-cabo-el-ii-encuentro-de-buenas-practicas-oducal\/","og_locale":"es_ES","og_type":"article","og_title":"Se lleva a cabo el II Encuentro de Buenas Pr\u00e1cticas ODUCAL - Colima","og_description":"El pasado 23 de septiembre, en un entorno virtual, se realiz\u00f3 la segunda sesi\u00f3n del II Encuentro de Buenas Pr\u00e1cticas: una oportunidad de di\u00e1logo y reconocimiento de experiencias, evento coordinado...","og_url":"https:\/\/www.univa.mx\/colima\/se-lleva-a-cabo-el-ii-encuentro-de-buenas-practicas-oducal\/","og_site_name":"Colima","article_published_time":"2020-09-29T01:23:20+00:00","og_image":[{"width":1280,"height":720,"url":"https:\/\/www.univa.mx\/colima\/wp-content\/uploads\/sites\/8\/2020\/09\/Se-lleva-a-cabo-el-II-Encuentro-de-buenas-pra\u0301cticas-ODUCAL.-Revisado-28.09.2020..jpg","type":"image\/jpeg"}],"author":"Comunicaci\u00f3n Sistema UNIVA","twitter_card":"summary_large_image","twitter_misc":{"Escrito por":"Comunicaci\u00f3n Sistema UNIVA","Tiempo de lectura":"5 minutos"},"schema":{"@context":"https:\/\/schema.org","@graph":[{"@type":"WebPage","@id":"https:\/\/www.univa.mx\/colima\/se-lleva-a-cabo-el-ii-encuentro-de-buenas-practicas-oducal\/","url":"https:\/\/www.univa.mx\/colima\/se-lleva-a-cabo-el-ii-encuentro-de-buenas-practicas-oducal\/","name":"Se lleva a cabo el II Encuentro de Buenas Pr\u00e1cticas ODUCAL - Colima","isPartOf":{"@id":"https:\/\/www.univa.mx\/colima\/#website"},"primaryImageOfPage":{"@id":"https:\/\/www.univa.mx\/colima\/se-lleva-a-cabo-el-ii-encuentro-de-buenas-practicas-oducal\/#primaryimage"},"image":{"@id":"https:\/\/www.univa.mx\/colima\/se-lleva-a-cabo-el-ii-encuentro-de-buenas-practicas-oducal\/#primaryimage"},"thumbnailUrl":"https:\/\/www.univa.mx\/colima\/wp-content\/uploads\/sites\/8\/2020\/09\/Se-lleva-a-cabo-el-II-Encuentro-de-buenas-pra\u0301cticas-ODUCAL.-Revisado-28.09.2020..jpg","datePublished":"2020-09-29T01:23:20+00:00","author":{"@id":"https:\/\/www.univa.mx\/colima\/#\/schema\/person\/69c7c7ff4ec76903a1b7038cb8f0b6cd"},"breadcrumb":{"@id":"https:\/\/www.univa.mx\/colima\/se-lleva-a-cabo-el-ii-encuentro-de-buenas-practicas-oducal\/#breadcrumb"},"inLanguage":"es","potentialAction":[{"@type":"ReadAction","target":["https:\/\/www.univa.mx\/colima\/se-lleva-a-cabo-el-ii-encuentro-de-buenas-practicas-oducal\/"]}]},{"@type":"ImageObject","inLanguage":"es","@id":"https:\/\/www.univa.mx\/colima\/se-lleva-a-cabo-el-ii-encuentro-de-buenas-practicas-oducal\/#primaryimage","url":"https:\/\/www.univa.mx\/colima\/wp-content\/uploads\/sites\/8\/2020\/09\/Se-lleva-a-cabo-el-II-Encuentro-de-buenas-pra\u0301cticas-ODUCAL.-Revisado-28.09.2020..jpg","contentUrl":"https:\/\/www.univa.mx\/colima\/wp-content\/uploads\/sites\/8\/2020\/09\/Se-lleva-a-cabo-el-II-Encuentro-de-buenas-pra\u0301cticas-ODUCAL.-Revisado-28.09.2020..jpg","width":1280,"height":720},{"@type":"BreadcrumbList","@id":"https:\/\/www.univa.mx\/colima\/se-lleva-a-cabo-el-ii-encuentro-de-buenas-practicas-oducal\/#breadcrumb","itemListElement":[{"@type":"ListItem","position":1,"name":"Portada","item":"https:\/\/www.univa.mx\/colima\/"},{"@type":"ListItem","position":2,"name":"Se lleva a cabo el II Encuentro de Buenas Pr\u00e1cticas ODUCAL"}]},{"@type":"WebSite","@id":"https:\/\/www.univa.mx\/colima\/#website","url":"https:\/\/www.univa.mx\/colima\/","name":"Colima","description":"Univa","potentialAction":[{"@type":"SearchAction","target":{"@type":"EntryPoint","urlTemplate":"https:\/\/www.univa.mx\/colima\/?s={search_term_string}"},"query-input":{"@type":"PropertyValueSpecification","valueRequired":true,"valueName":"search_term_string"}}],"inLanguage":"es"},{"@type":"Person","@id":"https:\/\/www.univa.mx\/colima\/#\/schema\/person\/69c7c7ff4ec76903a1b7038cb8f0b6cd","name":"Comunicaci\u00f3n Sistema UNIVA","image":{"@type":"ImageObject","inLanguage":"es","@id":"https:\/\/www.univa.mx\/colima\/#\/schema\/person\/image\/","url":"https:\/\/secure.gravatar.com\/avatar\/e5c70e7a9e29f270de612e0fc3ec80dfe6dcaa543bd068051f89740873db7146?s=96&d=mm&r=g","contentUrl":"https:\/\/secure.gravatar.com\/avatar\/e5c70e7a9e29f270de612e0fc3ec80dfe6dcaa543bd068051f89740873db7146?s=96&d=mm&r=g","caption":"Comunicaci\u00f3n Sistema UNIVA"},"url":"https:\/\/www.univa.mx\/colima\/author\/davidrosas\/"}]}},"_links":{"self":[{"href":"https:\/\/www.univa.mx\/colima\/wp-json\/wp\/v2\/posts\/2501","targetHints":{"allow":["GET"]}}],"collection":[{"href":"https:\/\/www.univa.mx\/colima\/wp-json\/wp\/v2\/posts"}],"about":[{"href":"https:\/\/www.univa.mx\/colima\/wp-json\/wp\/v2\/types\/post"}],"author":[{"embeddable":true,"href":"https:\/\/www.univa.mx\/colima\/wp-json\/wp\/v2\/users\/2"}],"replies":[{"embeddable":true,"href":"https:\/\/www.univa.mx\/colima\/wp-json\/wp\/v2\/comments?post=2501"}],"version-history":[{"count":0,"href":"https:\/\/www.univa.mx\/colima\/wp-json\/wp\/v2\/posts\/2501\/revisions"}],"wp:featuredmedia":[{"embeddable":true,"href":"https:\/\/www.univa.mx\/colima\/wp-json\/wp\/v2\/media\/2502"}],"wp:attachment":[{"href":"https:\/\/www.univa.mx\/colima\/wp-json\/wp\/v2\/media?parent=2501"}],"wp:term":[{"taxonomy":"category","embeddable":true,"href":"https:\/\/www.univa.mx\/colima\/wp-json\/wp\/v2\/categories?post=2501"},{"taxonomy":"post_tag","embeddable":true,"href":"https:\/\/www.univa.mx\/colima\/wp-json\/wp\/v2\/tags?post=2501"}],"curies":[{"name":"wp","href":"https:\/\/api.w.org\/{rel}","templated":true}]}}