{"id":6280,"date":"2026-09-03T12:00:37","date_gmt":"2026-09-03T18:00:37","guid":{"rendered":"https:\/\/www.univa.mx\/agora\/?p=6280"},"modified":"2026-09-03T12:00:37","modified_gmt":"2026-09-03T18:00:37","slug":"que-viene-perplejos","status":"publish","type":"post","link":"https:\/\/www.univa.mx\/agora\/que-viene-perplejos\/","title":{"rendered":"\u00bfQu\u00e9 viene? Perplejos"},"content":{"rendered":"<p><em><strong>Sean Osmin Hamud Ruiz &#8211; Egresado de Maestr\u00eda en Fiscal<\/strong><\/em><\/p>\n<p>S\u00ed. Mismo criterio: respeto \u00edntegramente la peculiar redacci\u00f3n del autor y solo corrijo ortograf\u00eda y puntuaci\u00f3n inequ\u00edvocamente incorrecta. No intervengo en sintaxis, estilo ni contenido.<\/p>\n<p>Tal como dice la canci\u00f3n \u201c\u00bfQu\u00e9 le pasa a Lupita?\u201d, me pregunto contrito: \u00bfqu\u00e9 les pasa a los protagonistas estatales de Morena?<\/p>\n<p>Su l\u00edder, la se\u00f1ora Mitzuko, xen\u00f3foba e intolerante, mand\u00f3 al exilio a todo aquel que no comulgue con el credo cuatrote\u00edsta, no importa que la presidenta Sheinbaum diga y repita que se gobierna para todos y todas.<\/p>\n<p>La gobernadora Vizca\u00edno se entrampa en la dial\u00e9ctica \u00e9tica juzgando una observaci\u00f3n t\u00e9cnica, que debiera haberse discutido o confrontado con argumentos venidos de la norma o los documentos oficiales y, desde un pedestal, juzga de inmoral a un funcionario del municipio de la capital, que tuvo la osad\u00eda de cuestionar, desde la \u00f3ptica de la seguridad, un color en una instalaci\u00f3n que precisamente debiera garantizar un transitar sin contratiempos. Lo muy curioso es que, d\u00edas antes, ante la cr\u00edtica social, este mismo funcionario, igualmente con argumentos profesionales, hab\u00eda argumentado a favor de un caso semejante en otro tramo del mismo libramiento, lo que no le vali\u00f3 ni un gracias, pero qu\u00e9 tal el calificativo de d\u00edas posteriores, poniendo en tela de juicio su calidad humana, sin que valga de algo la maestr\u00eda en derechos humanos.<\/p>\n<p>El secretario de seguridad y protecci\u00f3n ciudadana, el funcionario que menos preocupado debe estar en el juego pol\u00edtico de la funci\u00f3n p\u00fablica, erguido a trav\u00e9s de su discurso en parlanch\u00edn, que no palad\u00edn, dirigiendo un franco ataque verbal al presidente municipal Riult Rivera con motivo de la entrega de dos patrullas a la municipalidad, minimizando logros compartidos, siendo francamente hostil, con quienes desde el ayuntamiento siempre han tenido la mano tendida para trabajar coordinadamente (ah\u00ed est\u00e1n las jornadas por la paz, las mesas de seguridad semanales, etc.). Inexplicable actitud.<\/p>\n<p>Y el remate, en una sesi\u00f3n de cabildo, la regidora por Morena, Azucena L\u00f3pez, sin motivo, prueba o denuncia de por medio, acusando al presidente Riult Rivera (s\u00ed, otra vez Morena atacando a la administraci\u00f3n capitalina) de lavado de dinero. Muy grave dicho, seguramente producto de una actitud m\u00e1s lenguaraz que seria o sustentada.<\/p>\n<p>Para quienes ostentan todo el poder, toda la raz\u00f3n y todo el amor del pueblo, me parece que se sienten y act\u00faan totalmente PERPLEJOS.<\/p>\n<p>MICROCUENTO<\/p>\n<p>La tristeza tiene muchas formas. Hoy la siento en una mirada que va perdiendo luz, en un cuerpo que va dejando su peso al pasar de los d\u00edas, en un coraz\u00f3n que suena cansado. Yo s\u00e9, el paso del tiempo es eso, pero no deja de doler. Espero que en este tr\u00e1nsito mi querido Bold estemos siendo lo suficiente.<\/p>\n","protected":false},"excerpt":{"rendered":"<p>Sean Osmin Hamud Ruiz &#8211;&#8230;<\/p>\n","protected":false},"author":40,"featured_media":6281,"comment_status":"closed","ping_status":"closed","sticky":false,"template":"","format":"standard","meta":{"footnotes":""},"categories":[8,17],"tags":[],"class_list":["post-6280","post","type-post","status-publish","format-standard","has-post-thumbnail","category-tendencias","category-voces-univa"],"yoast_head":"<!-- This site is optimized with the Yoast SEO plugin v28.0 - https:\/\/yoast.com\/product\/yoast-seo-wordpress\/ -->\n<title>\u00bfQu\u00e9 viene? Perplejos - \u00c1gora<\/title>\n<meta name=\"robots\" content=\"index, follow, max-snippet:-1, max-image-preview:large, max-video-preview:-1\" \/>\n<link rel=\"canonical\" href=\"https:\/\/www.univa.mx\/agora\/que-viene-perplejos\/\" \/>\n<meta property=\"og:locale\" content=\"es_ES\" \/>\n<meta property=\"og:type\" content=\"article\" \/>\n<meta property=\"og:title\" content=\"\u00bfQu\u00e9 viene? Perplejos - \u00c1gora\" \/>\n<meta property=\"og:description\" content=\"Sean Osmin Hamud Ruiz &#8211;...\" \/>\n<meta property=\"og:url\" content=\"https:\/\/www.univa.mx\/agora\/que-viene-perplejos\/\" \/>\n<meta property=\"og:site_name\" content=\"\u00c1gora\" \/>\n<meta property=\"article:published_time\" content=\"2026-09-03T18:00:37+00:00\" \/>\n<meta property=\"og:image\" content=\"https:\/\/www.univa.mx\/agora\/wp-content\/uploads\/sites\/14\/2026\/09\/sean-hammud-4.gif\" \/>\n\t<meta property=\"og:image:width\" content=\"1280\" \/>\n\t<meta property=\"og:image:height\" content=\"720\" \/>\n\t<meta property=\"og:image:type\" content=\"image\/gif\" \/>\n<meta name=\"author\" content=\"Comunicaci\u00f3n Sistema UNIVA\" \/>\n<meta name=\"twitter:card\" content=\"summary_large_image\" \/>\n<meta name=\"twitter:label1\" content=\"Escrito por\" \/>\n\t<meta name=\"twitter:data1\" content=\"Comunicaci\u00f3n Sistema UNIVA\" \/>\n\t<meta name=\"twitter:label2\" content=\"Tiempo de lectura\" \/>\n\t<meta name=\"twitter:data2\" content=\"3 minutos\" \/>\n<script type=\"application\/ld+json\" class=\"yoast-schema-graph\">{\"@context\":\"https:\\\/\\\/schema.org\",\"@graph\":[{\"@type\":\"Article\",\"@id\":\"https:\\\/\\\/www.univa.mx\\\/agora\\\/que-viene-perplejos\\\/#article\",\"isPartOf\":{\"@id\":\"https:\\\/\\\/www.univa.mx\\\/agora\\\/que-viene-perplejos\\\/\"},\"author\":{\"name\":\"Comunicaci\u00f3n Sistema UNIVA\",\"@id\":\"https:\\\/\\\/www.univa.mx\\\/agora\\\/#\\\/schema\\\/person\\\/698af210c9a2ad5b61255af506d223e3\"},\"headline\":\"\u00bfQu\u00e9 viene? Perplejos\",\"datePublished\":\"2026-09-03T18:00:37+00:00\",\"mainEntityOfPage\":{\"@id\":\"https:\\\/\\\/www.univa.mx\\\/agora\\\/que-viene-perplejos\\\/\"},\"wordCount\":497,\"image\":{\"@id\":\"https:\\\/\\\/www.univa.mx\\\/agora\\\/que-viene-perplejos\\\/#primaryimage\"},\"thumbnailUrl\":\"https:\\\/\\\/www.univa.mx\\\/agora\\\/wp-content\\\/uploads\\\/sites\\\/14\\\/2026\\\/09\\\/sean-hammud-4.gif\",\"articleSection\":[\"Tendencias\",\"Voces UNIVA\"],\"inLanguage\":\"es\"},{\"@type\":\"WebPage\",\"@id\":\"https:\\\/\\\/www.univa.mx\\\/agora\\\/que-viene-perplejos\\\/\",\"url\":\"https:\\\/\\\/www.univa.mx\\\/agora\\\/que-viene-perplejos\\\/\",\"name\":\"\u00bfQu\u00e9 viene? Perplejos - \u00c1gora\",\"isPartOf\":{\"@id\":\"https:\\\/\\\/www.univa.mx\\\/agora\\\/#website\"},\"primaryImageOfPage\":{\"@id\":\"https:\\\/\\\/www.univa.mx\\\/agora\\\/que-viene-perplejos\\\/#primaryimage\"},\"image\":{\"@id\":\"https:\\\/\\\/www.univa.mx\\\/agora\\\/que-viene-perplejos\\\/#primaryimage\"},\"thumbnailUrl\":\"https:\\\/\\\/www.univa.mx\\\/agora\\\/wp-content\\\/uploads\\\/sites\\\/14\\\/2026\\\/09\\\/sean-hammud-4.gif\",\"datePublished\":\"2026-09-03T18:00:37+00:00\",\"author\":{\"@id\":\"https:\\\/\\\/www.univa.mx\\\/agora\\\/#\\\/schema\\\/person\\\/698af210c9a2ad5b61255af506d223e3\"},\"breadcrumb\":{\"@id\":\"https:\\\/\\\/www.univa.mx\\\/agora\\\/que-viene-perplejos\\\/#breadcrumb\"},\"inLanguage\":\"es\",\"potentialAction\":[{\"@type\":\"ReadAction\",\"target\":[\"https:\\\/\\\/www.univa.mx\\\/agora\\\/que-viene-perplejos\\\/\"]}]},{\"@type\":\"ImageObject\",\"inLanguage\":\"es\",\"@id\":\"https:\\\/\\\/www.univa.mx\\\/agora\\\/que-viene-perplejos\\\/#primaryimage\",\"url\":\"https:\\\/\\\/www.univa.mx\\\/agora\\\/wp-content\\\/uploads\\\/sites\\\/14\\\/2026\\\/09\\\/sean-hammud-4.gif\",\"contentUrl\":\"https:\\\/\\\/www.univa.mx\\\/agora\\\/wp-content\\\/uploads\\\/sites\\\/14\\\/2026\\\/09\\\/sean-hammud-4.gif\",\"width\":1280,\"height\":720},{\"@type\":\"BreadcrumbList\",\"@id\":\"https:\\\/\\\/www.univa.mx\\\/agora\\\/que-viene-perplejos\\\/#breadcrumb\",\"itemListElement\":[{\"@type\":\"ListItem\",\"position\":1,\"name\":\"Portada\",\"item\":\"https:\\\/\\\/www.univa.mx\\\/agora\\\/\"},{\"@type\":\"ListItem\",\"position\":2,\"name\":\"\u00bfQu\u00e9 viene? Perplejos\"}]},{\"@type\":\"WebSite\",\"@id\":\"https:\\\/\\\/www.univa.mx\\\/agora\\\/#website\",\"url\":\"https:\\\/\\\/www.univa.mx\\\/agora\\\/\",\"name\":\"\u00c1gora\",\"description\":\"\",\"potentialAction\":[{\"@type\":\"SearchAction\",\"target\":{\"@type\":\"EntryPoint\",\"urlTemplate\":\"https:\\\/\\\/www.univa.mx\\\/agora\\\/?s={search_term_string}\"},\"query-input\":{\"@type\":\"PropertyValueSpecification\",\"valueRequired\":true,\"valueName\":\"search_term_string\"}}],\"inLanguage\":\"es\"},{\"@type\":\"Person\",\"@id\":\"https:\\\/\\\/www.univa.mx\\\/agora\\\/#\\\/schema\\\/person\\\/698af210c9a2ad5b61255af506d223e3\",\"name\":\"Comunicaci\u00f3n Sistema UNIVA\",\"image\":{\"@type\":\"ImageObject\",\"inLanguage\":\"es\",\"@id\":\"https:\\\/\\\/secure.gravatar.com\\\/avatar\\\/6aa0bbdc2764d6dabb18e0075a849c5887b5f3f2c39e3b19384bfd22e55dba7c?s=96&d=mm&r=g\",\"url\":\"https:\\\/\\\/secure.gravatar.com\\\/avatar\\\/6aa0bbdc2764d6dabb18e0075a849c5887b5f3f2c39e3b19384bfd22e55dba7c?s=96&d=mm&r=g\",\"contentUrl\":\"https:\\\/\\\/secure.gravatar.com\\\/avatar\\\/6aa0bbdc2764d6dabb18e0075a849c5887b5f3f2c39e3b19384bfd22e55dba7c?s=96&d=mm&r=g\",\"caption\":\"Comunicaci\u00f3n Sistema UNIVA\"},\"url\":\"https:\\\/\\\/www.univa.mx\\\/agora\\\/author\\\/gustavo\\\/\"}]}<\/script>\n<!-- \/ Yoast SEO plugin. -->","yoast_head_json":{"title":"\u00bfQu\u00e9 viene? Perplejos - \u00c1gora","robots":{"index":"index","follow":"follow","max-snippet":"max-snippet:-1","max-image-preview":"max-image-preview:large","max-video-preview":"max-video-preview:-1"},"canonical":"https:\/\/www.univa.mx\/agora\/que-viene-perplejos\/","og_locale":"es_ES","og_type":"article","og_title":"\u00bfQu\u00e9 viene? Perplejos - \u00c1gora","og_description":"Sean Osmin Hamud Ruiz &#8211;...","og_url":"https:\/\/www.univa.mx\/agora\/que-viene-perplejos\/","og_site_name":"\u00c1gora","article_published_time":"2026-09-03T18:00:37+00:00","og_image":[{"width":1280,"height":720,"url":"https:\/\/www.univa.mx\/agora\/wp-content\/uploads\/sites\/14\/2026\/09\/sean-hammud-4.gif","type":"image\/gif"}],"author":"Comunicaci\u00f3n Sistema UNIVA","twitter_card":"summary_large_image","twitter_misc":{"Escrito por":"Comunicaci\u00f3n Sistema UNIVA","Tiempo de lectura":"3 minutos"},"schema":{"@context":"https:\/\/schema.org","@graph":[{"@type":"Article","@id":"https:\/\/www.univa.mx\/agora\/que-viene-perplejos\/#article","isPartOf":{"@id":"https:\/\/www.univa.mx\/agora\/que-viene-perplejos\/"},"author":{"name":"Comunicaci\u00f3n Sistema UNIVA","@id":"https:\/\/www.univa.mx\/agora\/#\/schema\/person\/698af210c9a2ad5b61255af506d223e3"},"headline":"\u00bfQu\u00e9 viene? Perplejos","datePublished":"2026-09-03T18:00:37+00:00","mainEntityOfPage":{"@id":"https:\/\/www.univa.mx\/agora\/que-viene-perplejos\/"},"wordCount":497,"image":{"@id":"https:\/\/www.univa.mx\/agora\/que-viene-perplejos\/#primaryimage"},"thumbnailUrl":"https:\/\/www.univa.mx\/agora\/wp-content\/uploads\/sites\/14\/2026\/09\/sean-hammud-4.gif","articleSection":["Tendencias","Voces UNIVA"],"inLanguage":"es"},{"@type":"WebPage","@id":"https:\/\/www.univa.mx\/agora\/que-viene-perplejos\/","url":"https:\/\/www.univa.mx\/agora\/que-viene-perplejos\/","name":"\u00bfQu\u00e9 viene? Perplejos - \u00c1gora","isPartOf":{"@id":"https:\/\/www.univa.mx\/agora\/#website"},"primaryImageOfPage":{"@id":"https:\/\/www.univa.mx\/agora\/que-viene-perplejos\/#primaryimage"},"image":{"@id":"https:\/\/www.univa.mx\/agora\/que-viene-perplejos\/#primaryimage"},"thumbnailUrl":"https:\/\/www.univa.mx\/agora\/wp-content\/uploads\/sites\/14\/2026\/09\/sean-hammud-4.gif","datePublished":"2026-09-03T18:00:37+00:00","author":{"@id":"https:\/\/www.univa.mx\/agora\/#\/schema\/person\/698af210c9a2ad5b61255af506d223e3"},"breadcrumb":{"@id":"https:\/\/www.univa.mx\/agora\/que-viene-perplejos\/#breadcrumb"},"inLanguage":"es","potentialAction":[{"@type":"ReadAction","target":["https:\/\/www.univa.mx\/agora\/que-viene-perplejos\/"]}]},{"@type":"ImageObject","inLanguage":"es","@id":"https:\/\/www.univa.mx\/agora\/que-viene-perplejos\/#primaryimage","url":"https:\/\/www.univa.mx\/agora\/wp-content\/uploads\/sites\/14\/2026\/09\/sean-hammud-4.gif","contentUrl":"https:\/\/www.univa.mx\/agora\/wp-content\/uploads\/sites\/14\/2026\/09\/sean-hammud-4.gif","width":1280,"height":720},{"@type":"BreadcrumbList","@id":"https:\/\/www.univa.mx\/agora\/que-viene-perplejos\/#breadcrumb","itemListElement":[{"@type":"ListItem","position":1,"name":"Portada","item":"https:\/\/www.univa.mx\/agora\/"},{"@type":"ListItem","position":2,"name":"\u00bfQu\u00e9 viene? Perplejos"}]},{"@type":"WebSite","@id":"https:\/\/www.univa.mx\/agora\/#website","url":"https:\/\/www.univa.mx\/agora\/","name":"\u00c1gora","description":"","potentialAction":[{"@type":"SearchAction","target":{"@type":"EntryPoint","urlTemplate":"https:\/\/www.univa.mx\/agora\/?s={search_term_string}"},"query-input":{"@type":"PropertyValueSpecification","valueRequired":true,"valueName":"search_term_string"}}],"inLanguage":"es"},{"@type":"Person","@id":"https:\/\/www.univa.mx\/agora\/#\/schema\/person\/698af210c9a2ad5b61255af506d223e3","name":"Comunicaci\u00f3n Sistema UNIVA","image":{"@type":"ImageObject","inLanguage":"es","@id":"https:\/\/secure.gravatar.com\/avatar\/6aa0bbdc2764d6dabb18e0075a849c5887b5f3f2c39e3b19384bfd22e55dba7c?s=96&d=mm&r=g","url":"https:\/\/secure.gravatar.com\/avatar\/6aa0bbdc2764d6dabb18e0075a849c5887b5f3f2c39e3b19384bfd22e55dba7c?s=96&d=mm&r=g","contentUrl":"https:\/\/secure.gravatar.com\/avatar\/6aa0bbdc2764d6dabb18e0075a849c5887b5f3f2c39e3b19384bfd22e55dba7c?s=96&d=mm&r=g","caption":"Comunicaci\u00f3n Sistema UNIVA"},"url":"https:\/\/www.univa.mx\/agora\/author\/gustavo\/"}]}},"_links":{"self":[{"href":"https:\/\/www.univa.mx\/agora\/wp-json\/wp\/v2\/posts\/6280","targetHints":{"allow":["GET"]}}],"collection":[{"href":"https:\/\/www.univa.mx\/agora\/wp-json\/wp\/v2\/posts"}],"about":[{"href":"https:\/\/www.univa.mx\/agora\/wp-json\/wp\/v2\/types\/post"}],"author":[{"embeddable":true,"href":"https:\/\/www.univa.mx\/agora\/wp-json\/wp\/v2\/users\/40"}],"replies":[{"embeddable":true,"href":"https:\/\/www.univa.mx\/agora\/wp-json\/wp\/v2\/comments?post=6280"}],"version-history":[{"count":1,"href":"https:\/\/www.univa.mx\/agora\/wp-json\/wp\/v2\/posts\/6280\/revisions"}],"predecessor-version":[{"id":6282,"href":"https:\/\/www.univa.mx\/agora\/wp-json\/wp\/v2\/posts\/6280\/revisions\/6282"}],"wp:featuredmedia":[{"embeddable":true,"href":"https:\/\/www.univa.mx\/agora\/wp-json\/wp\/v2\/media\/6281"}],"wp:attachment":[{"href":"https:\/\/www.univa.mx\/agora\/wp-json\/wp\/v2\/media?parent=6280"}],"wp:term":[{"taxonomy":"category","embeddable":true,"href":"https:\/\/www.univa.mx\/agora\/wp-json\/wp\/v2\/categories?post=6280"},{"taxonomy":"post_tag","embeddable":true,"href":"https:\/\/www.univa.mx\/agora\/wp-json\/wp\/v2\/tags?post=6280"}],"curies":[{"name":"wp","href":"https:\/\/api.w.org\/{rel}","templated":true}]}}