{"id":6274,"date":"2026-09-03T09:11:16","date_gmt":"2026-09-03T15:11:16","guid":{"rendered":"https:\/\/www.univa.mx\/agora\/?p=6274"},"modified":"2026-09-03T09:11:16","modified_gmt":"2026-09-03T15:11:16","slug":"campamento-internacional-juvenil-de-ciudades-hermanas-de-shanghai-2026-mi-experiencia-como-estudiante-de-univa","status":"publish","type":"post","link":"https:\/\/www.univa.mx\/agora\/campamento-internacional-juvenil-de-ciudades-hermanas-de-shanghai-2026-mi-experiencia-como-estudiante-de-univa\/","title":{"rendered":"Campamento Internacional Juvenil de Ciudades Hermanas de Shangh\u00e1i 2026, mi experiencia como estudiante de UNIVA"},"content":{"rendered":"<p><em><strong>Luis Fernando S\u00e1nchez Cruz &#8211; Alumni Bachillerato UNIVA<\/strong><\/em><\/p>\n<p>Ellos se convirtieron en mis amigos m\u00e1s cercanos durante el campamento. Tambi\u00e9n conoc\u00ed a Nalini, de Indonesia, con quien he seguido hablando mucho despu\u00e9s de regresar; sin embargo, durante esas dos semanas, mis compa\u00f1eros rusos fueron con quienes m\u00e1s compart\u00ed tiempo y conversaciones. Adem\u00e1s, hice varios amigos chinos con quienes promet\u00ed volver a encontrarme en el futuro. Ellos tambi\u00e9n quieren conocer M\u00e9xico alg\u00fan d\u00eda y, por supuesto, los invitar\u00e9 a mi hermoso Puerto Vallarta. Esa facilidad para crear lazos reales, sin importar el idioma o la distancia cultural, es algo que no se olvida.<\/p>\n<p>Todo el tiempo tuve presente que no solo iba por m\u00ed: iba representando a la UNIVA campus Puerto Vallarta, a Jalisco y, de hecho, a M\u00e9xico entero, siendo parte de un grupo tan reducido. Intent\u00e9 ser un buen embajador de mi tierra, compartiendo nuestra cultura, nuestra forma de ser y nuestra hospitalidad. Sent\u00ed que cada conversaci\u00f3n era tambi\u00e9n una oportunidad de mostrar lo mejor de nosotros.<\/p>\n<p>Quiero agradecer profundamente a todos los voluntarios que nos acompa\u00f1aron, especialmente a la maestra Mayte Yoshelyn Portillo de la Torre, a Isaiah, Leo y Ale, y a los voluntarios de China, la mayor\u00eda de los cuales hablaban muy bien espa\u00f1ol y nos facilitaron todo. Tambi\u00e9n a Andy, el voluntario de Rusia, con quien conect\u00e9 mucho. Sin su apoyo constante, la experiencia no habr\u00eda sido la misma.<\/p>\n<p>Regres\u00e9 a Puerto Vallarta con la certeza de que este campamento no solo me dio amigos y recuerdos, sino tambi\u00e9n una visi\u00f3n m\u00e1s amplia del mundo y de mi propio lugar en \u00e9l. Haber sido seleccionado entre tan pocos para un programa de este nivel y prestigio me motiva a seguir buscando oportunidades de crecimiento acad\u00e9mico e internacional. A mis 18 a\u00f1os, estoy convencido de que experiencias como esta forman personas m\u00e1s abiertas, responsables y preparadas para contribuir y, por eso, valoro enormemente la oportunidad que se me dio.<\/p>\n<p>Gracias, UNIVA campus Puerto Vallarta, por abrirme esta oportunidad y cerrar con broche de oro mi bachillerato. Porque s\u00ed: corriendo, pero alcanc\u00e9 a llegar a mi acto acad\u00e9mico y recibir mi diploma de graduaci\u00f3n.<\/p>\n","protected":false},"excerpt":{"rendered":"<p>Luis Fernando S\u00e1nchez Cruz &#8211;&#8230;<\/p>\n","protected":false},"author":40,"featured_media":6275,"comment_status":"closed","ping_status":"closed","sticky":false,"template":"","format":"standard","meta":{"footnotes":""},"categories":[8,17],"tags":[],"class_list":["post-6274","post","type-post","status-publish","format-standard","has-post-thumbnail","category-tendencias","category-voces-univa"],"yoast_head":"<!-- This site is optimized with the Yoast SEO plugin v28.0 - https:\/\/yoast.com\/product\/yoast-seo-wordpress\/ -->\n<title>Campamento Internacional Juvenil de Ciudades Hermanas de Shangh\u00e1i 2026, mi experiencia como estudiante de UNIVA - \u00c1gora<\/title>\n<meta name=\"description\" content=\"Ellos se convirtieron en mis amigos m\u00e1s cercanos durante el campamento. Tambi\u00e9n conoc\u00ed a Nalini, de Indonesia, con quien he seguido hablando mucho despu\u00e9s de regresar; sin embargo, durante esas dos semanas, mis compa\u00f1eros rusos fueron con quienes m\u00e1s compart\u00ed tiempo y conversaciones.\" \/>\n<meta name=\"robots\" content=\"index, follow, max-snippet:-1, max-image-preview:large, max-video-preview:-1\" \/>\n<link rel=\"canonical\" href=\"https:\/\/www.univa.mx\/agora\/campamento-internacional-juvenil-de-ciudades-hermanas-de-shanghai-2026-mi-experiencia-como-estudiante-de-univa\/\" \/>\n<meta property=\"og:locale\" content=\"es_ES\" \/>\n<meta property=\"og:type\" content=\"article\" \/>\n<meta property=\"og:title\" content=\"Campamento Internacional Juvenil de Ciudades Hermanas de Shangh\u00e1i 2026, mi experiencia como estudiante de UNIVA - \u00c1gora\" \/>\n<meta property=\"og:description\" content=\"Ellos se convirtieron en mis amigos m\u00e1s cercanos durante el campamento. Tambi\u00e9n conoc\u00ed a Nalini, de Indonesia, con quien he seguido hablando mucho despu\u00e9s de regresar; sin embargo, durante esas dos semanas, mis compa\u00f1eros rusos fueron con quienes m\u00e1s compart\u00ed tiempo y conversaciones.\" \/>\n<meta property=\"og:url\" content=\"https:\/\/www.univa.mx\/agora\/campamento-internacional-juvenil-de-ciudades-hermanas-de-shanghai-2026-mi-experiencia-como-estudiante-de-univa\/\" \/>\n<meta property=\"og:site_name\" content=\"\u00c1gora\" \/>\n<meta property=\"article:published_time\" content=\"2026-09-03T15:11:16+00:00\" \/>\n<meta property=\"og:image\" content=\"https:\/\/www.univa.mx\/agora\/wp-content\/uploads\/sites\/14\/2026\/09\/Luis-Fernando-Sa\u0301nchez-Cruz.gif\" \/>\n\t<meta property=\"og:image:width\" content=\"1280\" \/>\n\t<meta property=\"og:image:height\" content=\"720\" \/>\n\t<meta property=\"og:image:type\" content=\"image\/gif\" \/>\n<meta name=\"author\" content=\"Comunicaci\u00f3n Sistema UNIVA\" \/>\n<meta name=\"twitter:card\" content=\"summary_large_image\" \/>\n<meta name=\"twitter:label1\" content=\"Escrito por\" \/>\n\t<meta name=\"twitter:data1\" content=\"Comunicaci\u00f3n Sistema UNIVA\" \/>\n\t<meta name=\"twitter:label2\" content=\"Tiempo de lectura\" \/>\n\t<meta name=\"twitter:data2\" content=\"2 minutos\" \/>\n<script type=\"application\/ld+json\" class=\"yoast-schema-graph\">{\"@context\":\"https:\\\/\\\/schema.org\",\"@graph\":[{\"@type\":\"Article\",\"@id\":\"https:\\\/\\\/www.univa.mx\\\/agora\\\/campamento-internacional-juvenil-de-ciudades-hermanas-de-shanghai-2026-mi-experiencia-como-estudiante-de-univa\\\/#article\",\"isPartOf\":{\"@id\":\"https:\\\/\\\/www.univa.mx\\\/agora\\\/campamento-internacional-juvenil-de-ciudades-hermanas-de-shanghai-2026-mi-experiencia-como-estudiante-de-univa\\\/\"},\"author\":{\"name\":\"Comunicaci\u00f3n Sistema UNIVA\",\"@id\":\"https:\\\/\\\/www.univa.mx\\\/agora\\\/#\\\/schema\\\/person\\\/698af210c9a2ad5b61255af506d223e3\"},\"headline\":\"Campamento Internacional Juvenil de Ciudades Hermanas de Shangh\u00e1i 2026, mi experiencia como estudiante de UNIVA\",\"datePublished\":\"2026-09-03T15:11:16+00:00\",\"mainEntityOfPage\":{\"@id\":\"https:\\\/\\\/www.univa.mx\\\/agora\\\/campamento-internacional-juvenil-de-ciudades-hermanas-de-shanghai-2026-mi-experiencia-como-estudiante-de-univa\\\/\"},\"wordCount\":398,\"image\":{\"@id\":\"https:\\\/\\\/www.univa.mx\\\/agora\\\/campamento-internacional-juvenil-de-ciudades-hermanas-de-shanghai-2026-mi-experiencia-como-estudiante-de-univa\\\/#primaryimage\"},\"thumbnailUrl\":\"https:\\\/\\\/www.univa.mx\\\/agora\\\/wp-content\\\/uploads\\\/sites\\\/14\\\/2026\\\/09\\\/Luis-Fernando-Sa\u0301nchez-Cruz.gif\",\"articleSection\":[\"Tendencias\",\"Voces UNIVA\"],\"inLanguage\":\"es\"},{\"@type\":\"WebPage\",\"@id\":\"https:\\\/\\\/www.univa.mx\\\/agora\\\/campamento-internacional-juvenil-de-ciudades-hermanas-de-shanghai-2026-mi-experiencia-como-estudiante-de-univa\\\/\",\"url\":\"https:\\\/\\\/www.univa.mx\\\/agora\\\/campamento-internacional-juvenil-de-ciudades-hermanas-de-shanghai-2026-mi-experiencia-como-estudiante-de-univa\\\/\",\"name\":\"Campamento Internacional Juvenil de Ciudades Hermanas de Shangh\u00e1i 2026, mi experiencia como estudiante de UNIVA - \u00c1gora\",\"isPartOf\":{\"@id\":\"https:\\\/\\\/www.univa.mx\\\/agora\\\/#website\"},\"primaryImageOfPage\":{\"@id\":\"https:\\\/\\\/www.univa.mx\\\/agora\\\/campamento-internacional-juvenil-de-ciudades-hermanas-de-shanghai-2026-mi-experiencia-como-estudiante-de-univa\\\/#primaryimage\"},\"image\":{\"@id\":\"https:\\\/\\\/www.univa.mx\\\/agora\\\/campamento-internacional-juvenil-de-ciudades-hermanas-de-shanghai-2026-mi-experiencia-como-estudiante-de-univa\\\/#primaryimage\"},\"thumbnailUrl\":\"https:\\\/\\\/www.univa.mx\\\/agora\\\/wp-content\\\/uploads\\\/sites\\\/14\\\/2026\\\/09\\\/Luis-Fernando-Sa\u0301nchez-Cruz.gif\",\"datePublished\":\"2026-09-03T15:11:16+00:00\",\"author\":{\"@id\":\"https:\\\/\\\/www.univa.mx\\\/agora\\\/#\\\/schema\\\/person\\\/698af210c9a2ad5b61255af506d223e3\"},\"description\":\"Ellos se convirtieron en mis amigos m\u00e1s cercanos durante el campamento. Tambi\u00e9n conoc\u00ed a Nalini, de Indonesia, con quien he seguido hablando mucho despu\u00e9s de regresar; sin embargo, durante esas dos semanas, mis compa\u00f1eros rusos fueron con quienes m\u00e1s compart\u00ed tiempo y conversaciones.\",\"breadcrumb\":{\"@id\":\"https:\\\/\\\/www.univa.mx\\\/agora\\\/campamento-internacional-juvenil-de-ciudades-hermanas-de-shanghai-2026-mi-experiencia-como-estudiante-de-univa\\\/#breadcrumb\"},\"inLanguage\":\"es\",\"potentialAction\":[{\"@type\":\"ReadAction\",\"target\":[\"https:\\\/\\\/www.univa.mx\\\/agora\\\/campamento-internacional-juvenil-de-ciudades-hermanas-de-shanghai-2026-mi-experiencia-como-estudiante-de-univa\\\/\"]}]},{\"@type\":\"ImageObject\",\"inLanguage\":\"es\",\"@id\":\"https:\\\/\\\/www.univa.mx\\\/agora\\\/campamento-internacional-juvenil-de-ciudades-hermanas-de-shanghai-2026-mi-experiencia-como-estudiante-de-univa\\\/#primaryimage\",\"url\":\"https:\\\/\\\/www.univa.mx\\\/agora\\\/wp-content\\\/uploads\\\/sites\\\/14\\\/2026\\\/09\\\/Luis-Fernando-Sa\u0301nchez-Cruz.gif\",\"contentUrl\":\"https:\\\/\\\/www.univa.mx\\\/agora\\\/wp-content\\\/uploads\\\/sites\\\/14\\\/2026\\\/09\\\/Luis-Fernando-Sa\u0301nchez-Cruz.gif\",\"width\":1280,\"height\":720},{\"@type\":\"BreadcrumbList\",\"@id\":\"https:\\\/\\\/www.univa.mx\\\/agora\\\/campamento-internacional-juvenil-de-ciudades-hermanas-de-shanghai-2026-mi-experiencia-como-estudiante-de-univa\\\/#breadcrumb\",\"itemListElement\":[{\"@type\":\"ListItem\",\"position\":1,\"name\":\"Portada\",\"item\":\"https:\\\/\\\/www.univa.mx\\\/agora\\\/\"},{\"@type\":\"ListItem\",\"position\":2,\"name\":\"Campamento Internacional Juvenil de Ciudades Hermanas de Shangh\u00e1i 2026, mi experiencia como estudiante de UNIVA\"}]},{\"@type\":\"WebSite\",\"@id\":\"https:\\\/\\\/www.univa.mx\\\/agora\\\/#website\",\"url\":\"https:\\\/\\\/www.univa.mx\\\/agora\\\/\",\"name\":\"\u00c1gora\",\"description\":\"\",\"potentialAction\":[{\"@type\":\"SearchAction\",\"target\":{\"@type\":\"EntryPoint\",\"urlTemplate\":\"https:\\\/\\\/www.univa.mx\\\/agora\\\/?s={search_term_string}\"},\"query-input\":{\"@type\":\"PropertyValueSpecification\",\"valueRequired\":true,\"valueName\":\"search_term_string\"}}],\"inLanguage\":\"es\"},{\"@type\":\"Person\",\"@id\":\"https:\\\/\\\/www.univa.mx\\\/agora\\\/#\\\/schema\\\/person\\\/698af210c9a2ad5b61255af506d223e3\",\"name\":\"Comunicaci\u00f3n Sistema UNIVA\",\"image\":{\"@type\":\"ImageObject\",\"inLanguage\":\"es\",\"@id\":\"https:\\\/\\\/secure.gravatar.com\\\/avatar\\\/6aa0bbdc2764d6dabb18e0075a849c5887b5f3f2c39e3b19384bfd22e55dba7c?s=96&d=mm&r=g\",\"url\":\"https:\\\/\\\/secure.gravatar.com\\\/avatar\\\/6aa0bbdc2764d6dabb18e0075a849c5887b5f3f2c39e3b19384bfd22e55dba7c?s=96&d=mm&r=g\",\"contentUrl\":\"https:\\\/\\\/secure.gravatar.com\\\/avatar\\\/6aa0bbdc2764d6dabb18e0075a849c5887b5f3f2c39e3b19384bfd22e55dba7c?s=96&d=mm&r=g\",\"caption\":\"Comunicaci\u00f3n Sistema UNIVA\"},\"url\":\"https:\\\/\\\/www.univa.mx\\\/agora\\\/author\\\/gustavo\\\/\"}]}<\/script>\n<!-- \/ Yoast SEO plugin. -->","yoast_head_json":{"title":"Campamento Internacional Juvenil de Ciudades Hermanas de Shangh\u00e1i 2026, mi experiencia como estudiante de UNIVA - \u00c1gora","description":"Ellos se convirtieron en mis amigos m\u00e1s cercanos durante el campamento. Tambi\u00e9n conoc\u00ed a Nalini, de Indonesia, con quien he seguido hablando mucho despu\u00e9s de regresar; sin embargo, durante esas dos semanas, mis compa\u00f1eros rusos fueron con quienes m\u00e1s compart\u00ed tiempo y conversaciones.","robots":{"index":"index","follow":"follow","max-snippet":"max-snippet:-1","max-image-preview":"max-image-preview:large","max-video-preview":"max-video-preview:-1"},"canonical":"https:\/\/www.univa.mx\/agora\/campamento-internacional-juvenil-de-ciudades-hermanas-de-shanghai-2026-mi-experiencia-como-estudiante-de-univa\/","og_locale":"es_ES","og_type":"article","og_title":"Campamento Internacional Juvenil de Ciudades Hermanas de Shangh\u00e1i 2026, mi experiencia como estudiante de UNIVA - \u00c1gora","og_description":"Ellos se convirtieron en mis amigos m\u00e1s cercanos durante el campamento. Tambi\u00e9n conoc\u00ed a Nalini, de Indonesia, con quien he seguido hablando mucho despu\u00e9s de regresar; sin embargo, durante esas dos semanas, mis compa\u00f1eros rusos fueron con quienes m\u00e1s compart\u00ed tiempo y conversaciones.","og_url":"https:\/\/www.univa.mx\/agora\/campamento-internacional-juvenil-de-ciudades-hermanas-de-shanghai-2026-mi-experiencia-como-estudiante-de-univa\/","og_site_name":"\u00c1gora","article_published_time":"2026-09-03T15:11:16+00:00","og_image":[{"width":1280,"height":720,"url":"https:\/\/www.univa.mx\/agora\/wp-content\/uploads\/sites\/14\/2026\/09\/Luis-Fernando-Sa\u0301nchez-Cruz.gif","type":"image\/gif"}],"author":"Comunicaci\u00f3n Sistema UNIVA","twitter_card":"summary_large_image","twitter_misc":{"Escrito por":"Comunicaci\u00f3n Sistema UNIVA","Tiempo de lectura":"2 minutos"},"schema":{"@context":"https:\/\/schema.org","@graph":[{"@type":"Article","@id":"https:\/\/www.univa.mx\/agora\/campamento-internacional-juvenil-de-ciudades-hermanas-de-shanghai-2026-mi-experiencia-como-estudiante-de-univa\/#article","isPartOf":{"@id":"https:\/\/www.univa.mx\/agora\/campamento-internacional-juvenil-de-ciudades-hermanas-de-shanghai-2026-mi-experiencia-como-estudiante-de-univa\/"},"author":{"name":"Comunicaci\u00f3n Sistema UNIVA","@id":"https:\/\/www.univa.mx\/agora\/#\/schema\/person\/698af210c9a2ad5b61255af506d223e3"},"headline":"Campamento Internacional Juvenil de Ciudades Hermanas de Shangh\u00e1i 2026, mi experiencia como estudiante de UNIVA","datePublished":"2026-09-03T15:11:16+00:00","mainEntityOfPage":{"@id":"https:\/\/www.univa.mx\/agora\/campamento-internacional-juvenil-de-ciudades-hermanas-de-shanghai-2026-mi-experiencia-como-estudiante-de-univa\/"},"wordCount":398,"image":{"@id":"https:\/\/www.univa.mx\/agora\/campamento-internacional-juvenil-de-ciudades-hermanas-de-shanghai-2026-mi-experiencia-como-estudiante-de-univa\/#primaryimage"},"thumbnailUrl":"https:\/\/www.univa.mx\/agora\/wp-content\/uploads\/sites\/14\/2026\/09\/Luis-Fernando-Sa\u0301nchez-Cruz.gif","articleSection":["Tendencias","Voces UNIVA"],"inLanguage":"es"},{"@type":"WebPage","@id":"https:\/\/www.univa.mx\/agora\/campamento-internacional-juvenil-de-ciudades-hermanas-de-shanghai-2026-mi-experiencia-como-estudiante-de-univa\/","url":"https:\/\/www.univa.mx\/agora\/campamento-internacional-juvenil-de-ciudades-hermanas-de-shanghai-2026-mi-experiencia-como-estudiante-de-univa\/","name":"Campamento Internacional Juvenil de Ciudades Hermanas de Shangh\u00e1i 2026, mi experiencia como estudiante de UNIVA - \u00c1gora","isPartOf":{"@id":"https:\/\/www.univa.mx\/agora\/#website"},"primaryImageOfPage":{"@id":"https:\/\/www.univa.mx\/agora\/campamento-internacional-juvenil-de-ciudades-hermanas-de-shanghai-2026-mi-experiencia-como-estudiante-de-univa\/#primaryimage"},"image":{"@id":"https:\/\/www.univa.mx\/agora\/campamento-internacional-juvenil-de-ciudades-hermanas-de-shanghai-2026-mi-experiencia-como-estudiante-de-univa\/#primaryimage"},"thumbnailUrl":"https:\/\/www.univa.mx\/agora\/wp-content\/uploads\/sites\/14\/2026\/09\/Luis-Fernando-Sa\u0301nchez-Cruz.gif","datePublished":"2026-09-03T15:11:16+00:00","author":{"@id":"https:\/\/www.univa.mx\/agora\/#\/schema\/person\/698af210c9a2ad5b61255af506d223e3"},"description":"Ellos se convirtieron en mis amigos m\u00e1s cercanos durante el campamento. Tambi\u00e9n conoc\u00ed a Nalini, de Indonesia, con quien he seguido hablando mucho despu\u00e9s de regresar; sin embargo, durante esas dos semanas, mis compa\u00f1eros rusos fueron con quienes m\u00e1s compart\u00ed tiempo y conversaciones.","breadcrumb":{"@id":"https:\/\/www.univa.mx\/agora\/campamento-internacional-juvenil-de-ciudades-hermanas-de-shanghai-2026-mi-experiencia-como-estudiante-de-univa\/#breadcrumb"},"inLanguage":"es","potentialAction":[{"@type":"ReadAction","target":["https:\/\/www.univa.mx\/agora\/campamento-internacional-juvenil-de-ciudades-hermanas-de-shanghai-2026-mi-experiencia-como-estudiante-de-univa\/"]}]},{"@type":"ImageObject","inLanguage":"es","@id":"https:\/\/www.univa.mx\/agora\/campamento-internacional-juvenil-de-ciudades-hermanas-de-shanghai-2026-mi-experiencia-como-estudiante-de-univa\/#primaryimage","url":"https:\/\/www.univa.mx\/agora\/wp-content\/uploads\/sites\/14\/2026\/09\/Luis-Fernando-Sa\u0301nchez-Cruz.gif","contentUrl":"https:\/\/www.univa.mx\/agora\/wp-content\/uploads\/sites\/14\/2026\/09\/Luis-Fernando-Sa\u0301nchez-Cruz.gif","width":1280,"height":720},{"@type":"BreadcrumbList","@id":"https:\/\/www.univa.mx\/agora\/campamento-internacional-juvenil-de-ciudades-hermanas-de-shanghai-2026-mi-experiencia-como-estudiante-de-univa\/#breadcrumb","itemListElement":[{"@type":"ListItem","position":1,"name":"Portada","item":"https:\/\/www.univa.mx\/agora\/"},{"@type":"ListItem","position":2,"name":"Campamento Internacional Juvenil de Ciudades Hermanas de Shangh\u00e1i 2026, mi experiencia como estudiante de UNIVA"}]},{"@type":"WebSite","@id":"https:\/\/www.univa.mx\/agora\/#website","url":"https:\/\/www.univa.mx\/agora\/","name":"\u00c1gora","description":"","potentialAction":[{"@type":"SearchAction","target":{"@type":"EntryPoint","urlTemplate":"https:\/\/www.univa.mx\/agora\/?s={search_term_string}"},"query-input":{"@type":"PropertyValueSpecification","valueRequired":true,"valueName":"search_term_string"}}],"inLanguage":"es"},{"@type":"Person","@id":"https:\/\/www.univa.mx\/agora\/#\/schema\/person\/698af210c9a2ad5b61255af506d223e3","name":"Comunicaci\u00f3n Sistema UNIVA","image":{"@type":"ImageObject","inLanguage":"es","@id":"https:\/\/secure.gravatar.com\/avatar\/6aa0bbdc2764d6dabb18e0075a849c5887b5f3f2c39e3b19384bfd22e55dba7c?s=96&d=mm&r=g","url":"https:\/\/secure.gravatar.com\/avatar\/6aa0bbdc2764d6dabb18e0075a849c5887b5f3f2c39e3b19384bfd22e55dba7c?s=96&d=mm&r=g","contentUrl":"https:\/\/secure.gravatar.com\/avatar\/6aa0bbdc2764d6dabb18e0075a849c5887b5f3f2c39e3b19384bfd22e55dba7c?s=96&d=mm&r=g","caption":"Comunicaci\u00f3n Sistema UNIVA"},"url":"https:\/\/www.univa.mx\/agora\/author\/gustavo\/"}]}},"_links":{"self":[{"href":"https:\/\/www.univa.mx\/agora\/wp-json\/wp\/v2\/posts\/6274","targetHints":{"allow":["GET"]}}],"collection":[{"href":"https:\/\/www.univa.mx\/agora\/wp-json\/wp\/v2\/posts"}],"about":[{"href":"https:\/\/www.univa.mx\/agora\/wp-json\/wp\/v2\/types\/post"}],"author":[{"embeddable":true,"href":"https:\/\/www.univa.mx\/agora\/wp-json\/wp\/v2\/users\/40"}],"replies":[{"embeddable":true,"href":"https:\/\/www.univa.mx\/agora\/wp-json\/wp\/v2\/comments?post=6274"}],"version-history":[{"count":1,"href":"https:\/\/www.univa.mx\/agora\/wp-json\/wp\/v2\/posts\/6274\/revisions"}],"predecessor-version":[{"id":6276,"href":"https:\/\/www.univa.mx\/agora\/wp-json\/wp\/v2\/posts\/6274\/revisions\/6276"}],"wp:featuredmedia":[{"embeddable":true,"href":"https:\/\/www.univa.mx\/agora\/wp-json\/wp\/v2\/media\/6275"}],"wp:attachment":[{"href":"https:\/\/www.univa.mx\/agora\/wp-json\/wp\/v2\/media?parent=6274"}],"wp:term":[{"taxonomy":"category","embeddable":true,"href":"https:\/\/www.univa.mx\/agora\/wp-json\/wp\/v2\/categories?post=6274"},{"taxonomy":"post_tag","embeddable":true,"href":"https:\/\/www.univa.mx\/agora\/wp-json\/wp\/v2\/tags?post=6274"}],"curies":[{"name":"wp","href":"https:\/\/api.w.org\/{rel}","templated":true}]}}