{"id":6269,"date":"2026-09-01T16:56:22","date_gmt":"2026-09-01T22:56:22","guid":{"rendered":"https:\/\/www.univa.mx\/agora\/?p=6269"},"modified":"2026-09-01T16:56:22","modified_gmt":"2026-09-01T22:56:22","slug":"que-viene-dialogo","status":"publish","type":"post","link":"https:\/\/www.univa.mx\/agora\/que-viene-dialogo\/","title":{"rendered":"\u00bfQu\u00e9 viene? &#8211; Di\u00e1logo"},"content":{"rendered":"<p><em><strong>Sean Osmin Hamud Ruiz &#8211; Egresado de Maestr\u00eda en Fiscal<\/strong><\/em><\/p>\n<p>En este caso s\u00ed hay varias comas que deben desaparecer, principalmente porque separan sujeto y verbo. Te dejo el texto ya corregido:<\/p>\n<p>Cuatro mujeres extraordinarias. Las tres panelistas y la moderadora con presencia, prestancia y diligencia. Historias de vida dignas de platicar, pero, sobre todo, de aprenderles. Di\u00e1logos por la democracia vivi\u00f3 su segundo cap\u00edtulo.<\/p>\n<p>Nos dijeron lo que quer\u00edamos o\u00edr.<\/p>\n<p>Primero, que hay esperanza. La degradaci\u00f3n, el cinismo y la corrupci\u00f3n del sistema nos abren una ventana de oportunidad para reorientar al pa\u00eds. Dif\u00edcil cuesta, pero estamos a tiempo.<\/p>\n<p>Segundo, la oposici\u00f3n partidista al sistema debe ir unida a la contienda electoral, no hay opci\u00f3n. Las dirigencias nacionales deben asumirlo, si de verdad su inter\u00e9s es M\u00e9xico y su rescate. Los intereses personales deben dejarse a un lado.<\/p>\n<p>Tercero, la participaci\u00f3n ciudadana es indispensable. La lucha es de todos aquellos que nos sintamos agobiados, angustiados, azorados. La distancia entre la sociedad civil y la clase pol\u00edtica, la de oposici\u00f3n, se debe zanjar. Los justos reclamos que se hacen a los actores del pasado deben interpretarse como los ajustes en la estrategia y aplicaci\u00f3n de pol\u00edticas p\u00fablicas m\u00e1s apegadas a las necesidades reales y tambi\u00e9n aparejarse al verdadero compromiso de ejecuci\u00f3n de las mismas. La gobernanza, esa forma de llevar las riendas de lo p\u00fablico de manera coordinada entre el poder formal y la sociedad, tiene que ser el camino hacia adelante.<\/p>\n<p>Cuarto, hay una imperiosa necesidad de entender, fomentar y direccionar el voto \u00fatil. Si aquellos que nos consideramos distantes y contrarios al sistema no unimos objetivos electorales claros y votamos en consecuencia, la posibilidad se diluye. En las pr\u00f3ximas elecciones debemos cerrar los o\u00eddos al canto de las sirenas \u201copositoras\u201d y hay que concentrar los esfuerzos. Votar por quien tenga las reales posibilidades de vencer en la elecci\u00f3n.<\/p>\n<p>Quinto, no hay espacio para el desd\u00e9n o la indolencia. El panorama se abrir\u00e1 siempre y cuando persistamos en trabajo d\u00eda a d\u00eda para sumar las voluntades, desenga\u00f1os y reticencias.<\/p>\n<p>Gracias, mil gracias: Rosario, Martha, Carolina y Margarita.<\/p>\n<p>El compromiso de cada uno es que hoy encontremos a un posible aliado y de inmediato abramos el di\u00e1logo.<\/p>\n<p>&nbsp;<\/p>\n<p>MICROCUENTO<\/p>\n<p>&nbsp;<\/p>\n<p>Alicia anhelaba mundos dist\u00f3picos y alucinantes. Incluso no le import\u00f3 sumergirse en un hoyo que la llevaba al centro de la tierra. Yo soy m\u00e1s simple: puro, cerveza y carnitas. Con eso tengo.<\/p>\n","protected":false},"excerpt":{"rendered":"<p>Sean Osmin Hamud Ruiz &#8211;&#8230;<\/p>\n","protected":false},"author":40,"featured_media":6270,"comment_status":"closed","ping_status":"closed","sticky":false,"template":"","format":"standard","meta":{"footnotes":""},"categories":[8,17],"tags":[],"class_list":["post-6269","post","type-post","status-publish","format-standard","has-post-thumbnail","category-tendencias","category-voces-univa"],"yoast_head":"<!-- This site is optimized with the Yoast SEO plugin v28.0 - https:\/\/yoast.com\/product\/yoast-seo-wordpress\/ -->\n<title>\u00bfQu\u00e9 viene? - Di\u00e1logo - \u00c1gora<\/title>\n<meta name=\"description\" content=\"Cuatro mujeres extraordinarias. Las tres panelistas y la moderadora con presencia, prestancia y diligencia. Historias de vida dignas de platicar, pero, sobre todo, de aprenderles. Di\u00e1logos por la democracia vivi\u00f3 su segundo cap\u00edtulo.\" \/>\n<meta name=\"robots\" content=\"index, follow, max-snippet:-1, max-image-preview:large, max-video-preview:-1\" \/>\n<link rel=\"canonical\" href=\"https:\/\/www.univa.mx\/agora\/que-viene-dialogo\/\" \/>\n<meta property=\"og:locale\" content=\"es_ES\" \/>\n<meta property=\"og:type\" content=\"article\" \/>\n<meta property=\"og:title\" content=\"\u00bfQu\u00e9 viene? - Di\u00e1logo - \u00c1gora\" \/>\n<meta property=\"og:description\" content=\"Cuatro mujeres extraordinarias. Las tres panelistas y la moderadora con presencia, prestancia y diligencia. Historias de vida dignas de platicar, pero, sobre todo, de aprenderles. Di\u00e1logos por la democracia vivi\u00f3 su segundo cap\u00edtulo.\" \/>\n<meta property=\"og:url\" content=\"https:\/\/www.univa.mx\/agora\/que-viene-dialogo\/\" \/>\n<meta property=\"og:site_name\" content=\"\u00c1gora\" \/>\n<meta property=\"article:published_time\" content=\"2026-09-01T22:56:22+00:00\" \/>\n<meta property=\"og:image\" content=\"https:\/\/www.univa.mx\/agora\/wp-content\/uploads\/sites\/14\/2026\/09\/sean-hammud-3.gif\" \/>\n\t<meta property=\"og:image:width\" content=\"1280\" \/>\n\t<meta property=\"og:image:height\" content=\"720\" \/>\n\t<meta property=\"og:image:type\" content=\"image\/gif\" \/>\n<meta name=\"author\" content=\"Comunicaci\u00f3n Sistema UNIVA\" \/>\n<meta name=\"twitter:card\" content=\"summary_large_image\" \/>\n<meta name=\"twitter:label1\" content=\"Escrito por\" \/>\n\t<meta name=\"twitter:data1\" content=\"Comunicaci\u00f3n Sistema UNIVA\" \/>\n\t<meta name=\"twitter:label2\" content=\"Tiempo de lectura\" \/>\n\t<meta name=\"twitter:data2\" content=\"3 minutos\" \/>\n<script type=\"application\/ld+json\" class=\"yoast-schema-graph\">{\"@context\":\"https:\\\/\\\/schema.org\",\"@graph\":[{\"@type\":\"Article\",\"@id\":\"https:\\\/\\\/www.univa.mx\\\/agora\\\/que-viene-dialogo\\\/#article\",\"isPartOf\":{\"@id\":\"https:\\\/\\\/www.univa.mx\\\/agora\\\/que-viene-dialogo\\\/\"},\"author\":{\"name\":\"Comunicaci\u00f3n Sistema UNIVA\",\"@id\":\"https:\\\/\\\/www.univa.mx\\\/agora\\\/#\\\/schema\\\/person\\\/698af210c9a2ad5b61255af506d223e3\"},\"headline\":\"\u00bfQu\u00e9 viene? &#8211; Di\u00e1logo\",\"datePublished\":\"2026-09-01T22:56:22+00:00\",\"mainEntityOfPage\":{\"@id\":\"https:\\\/\\\/www.univa.mx\\\/agora\\\/que-viene-dialogo\\\/\"},\"wordCount\":441,\"image\":{\"@id\":\"https:\\\/\\\/www.univa.mx\\\/agora\\\/que-viene-dialogo\\\/#primaryimage\"},\"thumbnailUrl\":\"https:\\\/\\\/www.univa.mx\\\/agora\\\/wp-content\\\/uploads\\\/sites\\\/14\\\/2026\\\/09\\\/sean-hammud-3.gif\",\"articleSection\":[\"Tendencias\",\"Voces UNIVA\"],\"inLanguage\":\"es\"},{\"@type\":\"WebPage\",\"@id\":\"https:\\\/\\\/www.univa.mx\\\/agora\\\/que-viene-dialogo\\\/\",\"url\":\"https:\\\/\\\/www.univa.mx\\\/agora\\\/que-viene-dialogo\\\/\",\"name\":\"\u00bfQu\u00e9 viene? - Di\u00e1logo - \u00c1gora\",\"isPartOf\":{\"@id\":\"https:\\\/\\\/www.univa.mx\\\/agora\\\/#website\"},\"primaryImageOfPage\":{\"@id\":\"https:\\\/\\\/www.univa.mx\\\/agora\\\/que-viene-dialogo\\\/#primaryimage\"},\"image\":{\"@id\":\"https:\\\/\\\/www.univa.mx\\\/agora\\\/que-viene-dialogo\\\/#primaryimage\"},\"thumbnailUrl\":\"https:\\\/\\\/www.univa.mx\\\/agora\\\/wp-content\\\/uploads\\\/sites\\\/14\\\/2026\\\/09\\\/sean-hammud-3.gif\",\"datePublished\":\"2026-09-01T22:56:22+00:00\",\"author\":{\"@id\":\"https:\\\/\\\/www.univa.mx\\\/agora\\\/#\\\/schema\\\/person\\\/698af210c9a2ad5b61255af506d223e3\"},\"description\":\"Cuatro mujeres extraordinarias. Las tres panelistas y la moderadora con presencia, prestancia y diligencia. Historias de vida dignas de platicar, pero, sobre todo, de aprenderles. Di\u00e1logos por la democracia vivi\u00f3 su segundo cap\u00edtulo.\",\"breadcrumb\":{\"@id\":\"https:\\\/\\\/www.univa.mx\\\/agora\\\/que-viene-dialogo\\\/#breadcrumb\"},\"inLanguage\":\"es\",\"potentialAction\":[{\"@type\":\"ReadAction\",\"target\":[\"https:\\\/\\\/www.univa.mx\\\/agora\\\/que-viene-dialogo\\\/\"]}]},{\"@type\":\"ImageObject\",\"inLanguage\":\"es\",\"@id\":\"https:\\\/\\\/www.univa.mx\\\/agora\\\/que-viene-dialogo\\\/#primaryimage\",\"url\":\"https:\\\/\\\/www.univa.mx\\\/agora\\\/wp-content\\\/uploads\\\/sites\\\/14\\\/2026\\\/09\\\/sean-hammud-3.gif\",\"contentUrl\":\"https:\\\/\\\/www.univa.mx\\\/agora\\\/wp-content\\\/uploads\\\/sites\\\/14\\\/2026\\\/09\\\/sean-hammud-3.gif\",\"width\":1280,\"height\":720},{\"@type\":\"BreadcrumbList\",\"@id\":\"https:\\\/\\\/www.univa.mx\\\/agora\\\/que-viene-dialogo\\\/#breadcrumb\",\"itemListElement\":[{\"@type\":\"ListItem\",\"position\":1,\"name\":\"Portada\",\"item\":\"https:\\\/\\\/www.univa.mx\\\/agora\\\/\"},{\"@type\":\"ListItem\",\"position\":2,\"name\":\"\u00bfQu\u00e9 viene? &#8211; Di\u00e1logo\"}]},{\"@type\":\"WebSite\",\"@id\":\"https:\\\/\\\/www.univa.mx\\\/agora\\\/#website\",\"url\":\"https:\\\/\\\/www.univa.mx\\\/agora\\\/\",\"name\":\"\u00c1gora\",\"description\":\"\",\"potentialAction\":[{\"@type\":\"SearchAction\",\"target\":{\"@type\":\"EntryPoint\",\"urlTemplate\":\"https:\\\/\\\/www.univa.mx\\\/agora\\\/?s={search_term_string}\"},\"query-input\":{\"@type\":\"PropertyValueSpecification\",\"valueRequired\":true,\"valueName\":\"search_term_string\"}}],\"inLanguage\":\"es\"},{\"@type\":\"Person\",\"@id\":\"https:\\\/\\\/www.univa.mx\\\/agora\\\/#\\\/schema\\\/person\\\/698af210c9a2ad5b61255af506d223e3\",\"name\":\"Comunicaci\u00f3n Sistema UNIVA\",\"image\":{\"@type\":\"ImageObject\",\"inLanguage\":\"es\",\"@id\":\"https:\\\/\\\/secure.gravatar.com\\\/avatar\\\/6aa0bbdc2764d6dabb18e0075a849c5887b5f3f2c39e3b19384bfd22e55dba7c?s=96&d=mm&r=g\",\"url\":\"https:\\\/\\\/secure.gravatar.com\\\/avatar\\\/6aa0bbdc2764d6dabb18e0075a849c5887b5f3f2c39e3b19384bfd22e55dba7c?s=96&d=mm&r=g\",\"contentUrl\":\"https:\\\/\\\/secure.gravatar.com\\\/avatar\\\/6aa0bbdc2764d6dabb18e0075a849c5887b5f3f2c39e3b19384bfd22e55dba7c?s=96&d=mm&r=g\",\"caption\":\"Comunicaci\u00f3n Sistema UNIVA\"},\"url\":\"https:\\\/\\\/www.univa.mx\\\/agora\\\/author\\\/gustavo\\\/\"}]}<\/script>\n<!-- \/ Yoast SEO plugin. -->","yoast_head_json":{"title":"\u00bfQu\u00e9 viene? - Di\u00e1logo - \u00c1gora","description":"Cuatro mujeres extraordinarias. Las tres panelistas y la moderadora con presencia, prestancia y diligencia. Historias de vida dignas de platicar, pero, sobre todo, de aprenderles. Di\u00e1logos por la democracia vivi\u00f3 su segundo cap\u00edtulo.","robots":{"index":"index","follow":"follow","max-snippet":"max-snippet:-1","max-image-preview":"max-image-preview:large","max-video-preview":"max-video-preview:-1"},"canonical":"https:\/\/www.univa.mx\/agora\/que-viene-dialogo\/","og_locale":"es_ES","og_type":"article","og_title":"\u00bfQu\u00e9 viene? - Di\u00e1logo - \u00c1gora","og_description":"Cuatro mujeres extraordinarias. Las tres panelistas y la moderadora con presencia, prestancia y diligencia. Historias de vida dignas de platicar, pero, sobre todo, de aprenderles. Di\u00e1logos por la democracia vivi\u00f3 su segundo cap\u00edtulo.","og_url":"https:\/\/www.univa.mx\/agora\/que-viene-dialogo\/","og_site_name":"\u00c1gora","article_published_time":"2026-09-01T22:56:22+00:00","og_image":[{"width":1280,"height":720,"url":"https:\/\/www.univa.mx\/agora\/wp-content\/uploads\/sites\/14\/2026\/09\/sean-hammud-3.gif","type":"image\/gif"}],"author":"Comunicaci\u00f3n Sistema UNIVA","twitter_card":"summary_large_image","twitter_misc":{"Escrito por":"Comunicaci\u00f3n Sistema UNIVA","Tiempo de lectura":"3 minutos"},"schema":{"@context":"https:\/\/schema.org","@graph":[{"@type":"Article","@id":"https:\/\/www.univa.mx\/agora\/que-viene-dialogo\/#article","isPartOf":{"@id":"https:\/\/www.univa.mx\/agora\/que-viene-dialogo\/"},"author":{"name":"Comunicaci\u00f3n Sistema UNIVA","@id":"https:\/\/www.univa.mx\/agora\/#\/schema\/person\/698af210c9a2ad5b61255af506d223e3"},"headline":"\u00bfQu\u00e9 viene? &#8211; Di\u00e1logo","datePublished":"2026-09-01T22:56:22+00:00","mainEntityOfPage":{"@id":"https:\/\/www.univa.mx\/agora\/que-viene-dialogo\/"},"wordCount":441,"image":{"@id":"https:\/\/www.univa.mx\/agora\/que-viene-dialogo\/#primaryimage"},"thumbnailUrl":"https:\/\/www.univa.mx\/agora\/wp-content\/uploads\/sites\/14\/2026\/09\/sean-hammud-3.gif","articleSection":["Tendencias","Voces UNIVA"],"inLanguage":"es"},{"@type":"WebPage","@id":"https:\/\/www.univa.mx\/agora\/que-viene-dialogo\/","url":"https:\/\/www.univa.mx\/agora\/que-viene-dialogo\/","name":"\u00bfQu\u00e9 viene? - Di\u00e1logo - \u00c1gora","isPartOf":{"@id":"https:\/\/www.univa.mx\/agora\/#website"},"primaryImageOfPage":{"@id":"https:\/\/www.univa.mx\/agora\/que-viene-dialogo\/#primaryimage"},"image":{"@id":"https:\/\/www.univa.mx\/agora\/que-viene-dialogo\/#primaryimage"},"thumbnailUrl":"https:\/\/www.univa.mx\/agora\/wp-content\/uploads\/sites\/14\/2026\/09\/sean-hammud-3.gif","datePublished":"2026-09-01T22:56:22+00:00","author":{"@id":"https:\/\/www.univa.mx\/agora\/#\/schema\/person\/698af210c9a2ad5b61255af506d223e3"},"description":"Cuatro mujeres extraordinarias. Las tres panelistas y la moderadora con presencia, prestancia y diligencia. Historias de vida dignas de platicar, pero, sobre todo, de aprenderles. Di\u00e1logos por la democracia vivi\u00f3 su segundo cap\u00edtulo.","breadcrumb":{"@id":"https:\/\/www.univa.mx\/agora\/que-viene-dialogo\/#breadcrumb"},"inLanguage":"es","potentialAction":[{"@type":"ReadAction","target":["https:\/\/www.univa.mx\/agora\/que-viene-dialogo\/"]}]},{"@type":"ImageObject","inLanguage":"es","@id":"https:\/\/www.univa.mx\/agora\/que-viene-dialogo\/#primaryimage","url":"https:\/\/www.univa.mx\/agora\/wp-content\/uploads\/sites\/14\/2026\/09\/sean-hammud-3.gif","contentUrl":"https:\/\/www.univa.mx\/agora\/wp-content\/uploads\/sites\/14\/2026\/09\/sean-hammud-3.gif","width":1280,"height":720},{"@type":"BreadcrumbList","@id":"https:\/\/www.univa.mx\/agora\/que-viene-dialogo\/#breadcrumb","itemListElement":[{"@type":"ListItem","position":1,"name":"Portada","item":"https:\/\/www.univa.mx\/agora\/"},{"@type":"ListItem","position":2,"name":"\u00bfQu\u00e9 viene? &#8211; Di\u00e1logo"}]},{"@type":"WebSite","@id":"https:\/\/www.univa.mx\/agora\/#website","url":"https:\/\/www.univa.mx\/agora\/","name":"\u00c1gora","description":"","potentialAction":[{"@type":"SearchAction","target":{"@type":"EntryPoint","urlTemplate":"https:\/\/www.univa.mx\/agora\/?s={search_term_string}"},"query-input":{"@type":"PropertyValueSpecification","valueRequired":true,"valueName":"search_term_string"}}],"inLanguage":"es"},{"@type":"Person","@id":"https:\/\/www.univa.mx\/agora\/#\/schema\/person\/698af210c9a2ad5b61255af506d223e3","name":"Comunicaci\u00f3n Sistema UNIVA","image":{"@type":"ImageObject","inLanguage":"es","@id":"https:\/\/secure.gravatar.com\/avatar\/6aa0bbdc2764d6dabb18e0075a849c5887b5f3f2c39e3b19384bfd22e55dba7c?s=96&d=mm&r=g","url":"https:\/\/secure.gravatar.com\/avatar\/6aa0bbdc2764d6dabb18e0075a849c5887b5f3f2c39e3b19384bfd22e55dba7c?s=96&d=mm&r=g","contentUrl":"https:\/\/secure.gravatar.com\/avatar\/6aa0bbdc2764d6dabb18e0075a849c5887b5f3f2c39e3b19384bfd22e55dba7c?s=96&d=mm&r=g","caption":"Comunicaci\u00f3n Sistema UNIVA"},"url":"https:\/\/www.univa.mx\/agora\/author\/gustavo\/"}]}},"_links":{"self":[{"href":"https:\/\/www.univa.mx\/agora\/wp-json\/wp\/v2\/posts\/6269","targetHints":{"allow":["GET"]}}],"collection":[{"href":"https:\/\/www.univa.mx\/agora\/wp-json\/wp\/v2\/posts"}],"about":[{"href":"https:\/\/www.univa.mx\/agora\/wp-json\/wp\/v2\/types\/post"}],"author":[{"embeddable":true,"href":"https:\/\/www.univa.mx\/agora\/wp-json\/wp\/v2\/users\/40"}],"replies":[{"embeddable":true,"href":"https:\/\/www.univa.mx\/agora\/wp-json\/wp\/v2\/comments?post=6269"}],"version-history":[{"count":1,"href":"https:\/\/www.univa.mx\/agora\/wp-json\/wp\/v2\/posts\/6269\/revisions"}],"predecessor-version":[{"id":6271,"href":"https:\/\/www.univa.mx\/agora\/wp-json\/wp\/v2\/posts\/6269\/revisions\/6271"}],"wp:featuredmedia":[{"embeddable":true,"href":"https:\/\/www.univa.mx\/agora\/wp-json\/wp\/v2\/media\/6270"}],"wp:attachment":[{"href":"https:\/\/www.univa.mx\/agora\/wp-json\/wp\/v2\/media?parent=6269"}],"wp:term":[{"taxonomy":"category","embeddable":true,"href":"https:\/\/www.univa.mx\/agora\/wp-json\/wp\/v2\/categories?post=6269"},{"taxonomy":"post_tag","embeddable":true,"href":"https:\/\/www.univa.mx\/agora\/wp-json\/wp\/v2\/tags?post=6269"}],"curies":[{"name":"wp","href":"https:\/\/api.w.org\/{rel}","templated":true}]}}