{"id":6266,"date":"2026-09-01T16:51:58","date_gmt":"2026-09-01T22:51:58","guid":{"rendered":"https:\/\/www.univa.mx\/agora\/?p=6266"},"modified":"2026-09-01T16:51:58","modified_gmt":"2026-09-01T22:51:58","slug":"la-dignidad-humana-el-corazon-de-la-justicia","status":"publish","type":"post","link":"https:\/\/www.univa.mx\/agora\/la-dignidad-humana-el-corazon-de-la-justicia\/","title":{"rendered":"La dignidad humana: el coraz\u00f3n de la justicia"},"content":{"rendered":"<p><em><strong>Evelyn Eugenia Reyes Leal &#8211; Estudiante de la Licenciatura en Derecho<\/strong><\/em><\/p>\n<p>Vivimos en una \u00e9poca en la que la tecnolog\u00eda es capaz de transformar casi todos los aspectos de nuestra vida. Sin embargo, existe una pregunta que contin\u00faa siendo esencial: \u00bfpor qu\u00e9 la dignidad humana debe seguir siendo el fundamento del Derecho?<\/p>\n<p>En un mundo donde la tecnolog\u00eda avanza a pasos agigantados y la automatizaci\u00f3n redefine las labores cotidianas del ser humano, los caminos de la humanidad y de la innovaci\u00f3n tecnol\u00f3gica se estrechan cada vez m\u00e1s. Ante esta realidad, surge el riesgo de comenzar a ver al ser humano como un simple instrumento u objeto al servicio de la eficiencia. Es por ello que el Derecho no solo debe avanzar al mismo ritmo que la tecnolog\u00eda, sino tambi\u00e9n mantenerse firme en uno de sus pilares m\u00e1s esenciales: la protecci\u00f3n de la dignidad humana.<\/p>\n<p>El ser humano posee derechos inherentes e inalienables, pero, sobre todo, posee dignidad por el simple hecho de ser humano. Esta dignidad no es negociable ni puede ser objeto de renuncia. Como se\u00f1alaba santo Tom\u00e1s de Aquino, la dignidad de la persona humana se relaciona con su naturaleza racional y libre, que hace del ser humano un ser \u00fanico e irrepetible. Por ello, ante el avance tecnol\u00f3gico, el Derecho tiene que buscar nuevas formas de proteger la dignidad humana, pues actualmente es m\u00e1s f\u00e1cil vulnerar los derechos de una persona mediante pr\u00e1cticas como la suplantaci\u00f3n de identidad o el uso de su imagen y su voz sin autorizaci\u00f3n.<\/p>\n<p>En M\u00e9xico, nuestra Constituci\u00f3n reconoce la dignidad humana como un principio fundamental y establece un amplio marco de protecci\u00f3n de los derechos humanos. Estos derechos no son una concesi\u00f3n del Estado, sino que corresponden a todas las personas por el hecho de serlo. Asimismo, el orden jur\u00eddico establece l\u00edmites al ejercicio del poder del Estado y proh\u00edbe pr\u00e1cticas que atenten contra la dignidad de las personas. En el \u00e1mbito tecnol\u00f3gico, esta realidad puede convertirse en un arma de doble filo, porque, as\u00ed como el acceso a la tecnolog\u00eda ha facilitado numerosos aspectos de nuestra vida, tambi\u00e9n existe el riesgo de que las personas sean reducidas a simples cifras, datos o perfiles.<\/p>\n<p>Un ejemplo de esto no va m\u00e1s all\u00e1 de nuestra propia realidad, pues sucede cotidianamente en el \u00e1mbito de la salud. En un entorno donde todo parece avanzar contra reloj, cada vez es m\u00e1s com\u00fan que las personas pierdan su individualidad al convertirse \u00fanicamente en \u00abel paciente de la cama 06\u00bb o en un n\u00famero dentro de un expediente. Es comprensible que en el mundo actual todo avance con rapidez y que las personas deban cumplir determinadas obligaciones para poder subsistir; sin embargo, esta din\u00e1mica no debe conducir a la deshumanizaci\u00f3n. Esta no proviene \u00fanicamente del personal de salud, sino tambi\u00e9n de una sociedad que, en muchas ocasiones, prioriza la eficiencia por encima de la persona. Por ello, es necesario concientizar a la sociedad de que toda<\/p>\n<p>persona posee dignidad por el solo hecho de ser humana y que esta debe ser respetada en cualquier circunstancia.<\/p>\n<p>Por esta raz\u00f3n, los organismos internacionales y la doctrina constitucional han establecido que, sin importar el origen, religi\u00f3n, raza, g\u00e9nero, idioma o condici\u00f3n de una persona, toda persona merece el reconocimiento y respeto de su dignidad. Nadie debe ser vulnerado ni tratado como un objeto, tanto en el mundo f\u00edsico como en el digital. La dignidad constituye un n\u00facleo fundamental de la persona, por lo que cualquier avance tecnol\u00f3gico debe dise\u00f1arse y regularse para estar al servicio de la humanidad y no para explotarla, manipularla o controlarla.<\/p>\n<p>Es por ello que el Derecho debe seguir reafirmando uno de sus pilares m\u00e1s importantes: la protecci\u00f3n de la dignidad humana. Sin el reconocimiento pleno de esta dignidad, la persona queda expuesta y resulta m\u00e1s f\u00e1cil vulnerar sus derechos, particularmente en el \u00e1mbito digital. En este sentido, tampoco debemos dejar de lado las orientaciones del papa Le\u00f3n XIV y del magisterio social de la Iglesia, que llaman a aprovechar las herramientas digitales para ponerlas al servicio de las personas, especialmente de quienes m\u00e1s lo necesitan, y a evitar que la tecnolog\u00eda termine convirtiendo al ser humano en una herramienta al servicio de sus propios intereses.<\/p>\n<p>Por todo ello, el Derecho debe continuar avanzando junto con la tecnolog\u00eda, pero sin perder de vista su raz\u00f3n de ser: la protecci\u00f3n de la persona. La innovaci\u00f3n puede transformar nuestra manera de vivir, trabajar y relacionarnos, pero nunca debe transformar aquello que nos hace humanos. La tecnolog\u00eda debe estar al servicio de la persona y no la persona al servicio de la tecnolog\u00eda.<\/p>\n<p>Semblanza<\/p>\n<p>Evelyn Eugenia Reyes Leal es estudiante de la Licenciatura en Derecho de la Universidad del Valle de Atemajac (UNIVA), con formaci\u00f3n y experiencia en el \u00e1rea de la salud. Es una persona activa en la comunidad cat\u00f3lica y tiene especial inter\u00e9s en la relaci\u00f3n entre el Derecho, la tecnolog\u00eda y la dignidad humana. Actualmente participa en proyectos de innovaci\u00f3n tecnol\u00f3gica orientados al sector salud y busca contribuir, desde el Derecho, a que el desarrollo tecnol\u00f3gico mantenga a la persona como su principal raz\u00f3n de ser.<\/p>\n","protected":false},"excerpt":{"rendered":"<p>Evelyn Eugenia Reyes Leal &#8211;&#8230;<\/p>\n","protected":false},"author":40,"featured_media":6267,"comment_status":"closed","ping_status":"closed","sticky":false,"template":"","format":"standard","meta":{"footnotes":""},"categories":[7,17],"tags":[],"class_list":["post-6266","post","type-post","status-publish","format-standard","has-post-thumbnail","category-lideres-universitarios","category-voces-univa"],"yoast_head":"<!-- This site is optimized with the Yoast SEO plugin v28.0 - https:\/\/yoast.com\/product\/yoast-seo-wordpress\/ -->\n<title>La dignidad humana: el coraz\u00f3n de la justicia - \u00c1gora<\/title>\n<meta name=\"robots\" content=\"index, follow, max-snippet:-1, max-image-preview:large, max-video-preview:-1\" \/>\n<link rel=\"canonical\" href=\"https:\/\/www.univa.mx\/agora\/la-dignidad-humana-el-corazon-de-la-justicia\/\" \/>\n<meta property=\"og:locale\" content=\"es_ES\" \/>\n<meta property=\"og:type\" content=\"article\" \/>\n<meta property=\"og:title\" content=\"La dignidad humana: el coraz\u00f3n de la justicia - \u00c1gora\" \/>\n<meta property=\"og:description\" content=\"Evelyn Eugenia Reyes Leal &#8211;...\" \/>\n<meta property=\"og:url\" content=\"https:\/\/www.univa.mx\/agora\/la-dignidad-humana-el-corazon-de-la-justicia\/\" \/>\n<meta property=\"og:site_name\" content=\"\u00c1gora\" \/>\n<meta property=\"article:published_time\" content=\"2026-09-01T22:51:58+00:00\" \/>\n<meta property=\"og:image\" content=\"https:\/\/www.univa.mx\/agora\/wp-content\/uploads\/sites\/14\/2026\/09\/Evelyn-Eugenia-Reyes-Leal-.gif\" \/>\n\t<meta property=\"og:image:width\" content=\"1280\" \/>\n\t<meta property=\"og:image:height\" content=\"720\" \/>\n\t<meta property=\"og:image:type\" content=\"image\/gif\" \/>\n<meta name=\"author\" content=\"Comunicaci\u00f3n Sistema UNIVA\" \/>\n<meta name=\"twitter:card\" content=\"summary_large_image\" \/>\n<meta name=\"twitter:label1\" content=\"Escrito por\" \/>\n\t<meta name=\"twitter:data1\" content=\"Comunicaci\u00f3n Sistema UNIVA\" \/>\n\t<meta name=\"twitter:label2\" content=\"Tiempo de lectura\" \/>\n\t<meta name=\"twitter:data2\" content=\"5 minutos\" \/>\n<script type=\"application\/ld+json\" class=\"yoast-schema-graph\">{\"@context\":\"https:\\\/\\\/schema.org\",\"@graph\":[{\"@type\":\"Article\",\"@id\":\"https:\\\/\\\/www.univa.mx\\\/agora\\\/la-dignidad-humana-el-corazon-de-la-justicia\\\/#article\",\"isPartOf\":{\"@id\":\"https:\\\/\\\/www.univa.mx\\\/agora\\\/la-dignidad-humana-el-corazon-de-la-justicia\\\/\"},\"author\":{\"name\":\"Comunicaci\u00f3n Sistema UNIVA\",\"@id\":\"https:\\\/\\\/www.univa.mx\\\/agora\\\/#\\\/schema\\\/person\\\/698af210c9a2ad5b61255af506d223e3\"},\"headline\":\"La dignidad humana: el coraz\u00f3n de la justicia\",\"datePublished\":\"2026-09-01T22:51:58+00:00\",\"mainEntityOfPage\":{\"@id\":\"https:\\\/\\\/www.univa.mx\\\/agora\\\/la-dignidad-humana-el-corazon-de-la-justicia\\\/\"},\"wordCount\":926,\"image\":{\"@id\":\"https:\\\/\\\/www.univa.mx\\\/agora\\\/la-dignidad-humana-el-corazon-de-la-justicia\\\/#primaryimage\"},\"thumbnailUrl\":\"https:\\\/\\\/www.univa.mx\\\/agora\\\/wp-content\\\/uploads\\\/sites\\\/14\\\/2026\\\/09\\\/Evelyn-Eugenia-Reyes-Leal-.gif\",\"articleSection\":[\"L\u00edderes Universitarios\",\"Voces UNIVA\"],\"inLanguage\":\"es\"},{\"@type\":\"WebPage\",\"@id\":\"https:\\\/\\\/www.univa.mx\\\/agora\\\/la-dignidad-humana-el-corazon-de-la-justicia\\\/\",\"url\":\"https:\\\/\\\/www.univa.mx\\\/agora\\\/la-dignidad-humana-el-corazon-de-la-justicia\\\/\",\"name\":\"La dignidad humana: el coraz\u00f3n de la justicia - \u00c1gora\",\"isPartOf\":{\"@id\":\"https:\\\/\\\/www.univa.mx\\\/agora\\\/#website\"},\"primaryImageOfPage\":{\"@id\":\"https:\\\/\\\/www.univa.mx\\\/agora\\\/la-dignidad-humana-el-corazon-de-la-justicia\\\/#primaryimage\"},\"image\":{\"@id\":\"https:\\\/\\\/www.univa.mx\\\/agora\\\/la-dignidad-humana-el-corazon-de-la-justicia\\\/#primaryimage\"},\"thumbnailUrl\":\"https:\\\/\\\/www.univa.mx\\\/agora\\\/wp-content\\\/uploads\\\/sites\\\/14\\\/2026\\\/09\\\/Evelyn-Eugenia-Reyes-Leal-.gif\",\"datePublished\":\"2026-09-01T22:51:58+00:00\",\"author\":{\"@id\":\"https:\\\/\\\/www.univa.mx\\\/agora\\\/#\\\/schema\\\/person\\\/698af210c9a2ad5b61255af506d223e3\"},\"breadcrumb\":{\"@id\":\"https:\\\/\\\/www.univa.mx\\\/agora\\\/la-dignidad-humana-el-corazon-de-la-justicia\\\/#breadcrumb\"},\"inLanguage\":\"es\",\"potentialAction\":[{\"@type\":\"ReadAction\",\"target\":[\"https:\\\/\\\/www.univa.mx\\\/agora\\\/la-dignidad-humana-el-corazon-de-la-justicia\\\/\"]}]},{\"@type\":\"ImageObject\",\"inLanguage\":\"es\",\"@id\":\"https:\\\/\\\/www.univa.mx\\\/agora\\\/la-dignidad-humana-el-corazon-de-la-justicia\\\/#primaryimage\",\"url\":\"https:\\\/\\\/www.univa.mx\\\/agora\\\/wp-content\\\/uploads\\\/sites\\\/14\\\/2026\\\/09\\\/Evelyn-Eugenia-Reyes-Leal-.gif\",\"contentUrl\":\"https:\\\/\\\/www.univa.mx\\\/agora\\\/wp-content\\\/uploads\\\/sites\\\/14\\\/2026\\\/09\\\/Evelyn-Eugenia-Reyes-Leal-.gif\",\"width\":1280,\"height\":720},{\"@type\":\"BreadcrumbList\",\"@id\":\"https:\\\/\\\/www.univa.mx\\\/agora\\\/la-dignidad-humana-el-corazon-de-la-justicia\\\/#breadcrumb\",\"itemListElement\":[{\"@type\":\"ListItem\",\"position\":1,\"name\":\"Portada\",\"item\":\"https:\\\/\\\/www.univa.mx\\\/agora\\\/\"},{\"@type\":\"ListItem\",\"position\":2,\"name\":\"La dignidad humana: el coraz\u00f3n de la justicia\"}]},{\"@type\":\"WebSite\",\"@id\":\"https:\\\/\\\/www.univa.mx\\\/agora\\\/#website\",\"url\":\"https:\\\/\\\/www.univa.mx\\\/agora\\\/\",\"name\":\"\u00c1gora\",\"description\":\"\",\"potentialAction\":[{\"@type\":\"SearchAction\",\"target\":{\"@type\":\"EntryPoint\",\"urlTemplate\":\"https:\\\/\\\/www.univa.mx\\\/agora\\\/?s={search_term_string}\"},\"query-input\":{\"@type\":\"PropertyValueSpecification\",\"valueRequired\":true,\"valueName\":\"search_term_string\"}}],\"inLanguage\":\"es\"},{\"@type\":\"Person\",\"@id\":\"https:\\\/\\\/www.univa.mx\\\/agora\\\/#\\\/schema\\\/person\\\/698af210c9a2ad5b61255af506d223e3\",\"name\":\"Comunicaci\u00f3n Sistema UNIVA\",\"image\":{\"@type\":\"ImageObject\",\"inLanguage\":\"es\",\"@id\":\"https:\\\/\\\/secure.gravatar.com\\\/avatar\\\/6aa0bbdc2764d6dabb18e0075a849c5887b5f3f2c39e3b19384bfd22e55dba7c?s=96&d=mm&r=g\",\"url\":\"https:\\\/\\\/secure.gravatar.com\\\/avatar\\\/6aa0bbdc2764d6dabb18e0075a849c5887b5f3f2c39e3b19384bfd22e55dba7c?s=96&d=mm&r=g\",\"contentUrl\":\"https:\\\/\\\/secure.gravatar.com\\\/avatar\\\/6aa0bbdc2764d6dabb18e0075a849c5887b5f3f2c39e3b19384bfd22e55dba7c?s=96&d=mm&r=g\",\"caption\":\"Comunicaci\u00f3n Sistema UNIVA\"},\"url\":\"https:\\\/\\\/www.univa.mx\\\/agora\\\/author\\\/gustavo\\\/\"}]}<\/script>\n<!-- \/ Yoast SEO plugin. -->","yoast_head_json":{"title":"La dignidad humana: el coraz\u00f3n de la justicia - \u00c1gora","robots":{"index":"index","follow":"follow","max-snippet":"max-snippet:-1","max-image-preview":"max-image-preview:large","max-video-preview":"max-video-preview:-1"},"canonical":"https:\/\/www.univa.mx\/agora\/la-dignidad-humana-el-corazon-de-la-justicia\/","og_locale":"es_ES","og_type":"article","og_title":"La dignidad humana: el coraz\u00f3n de la justicia - \u00c1gora","og_description":"Evelyn Eugenia Reyes Leal &#8211;...","og_url":"https:\/\/www.univa.mx\/agora\/la-dignidad-humana-el-corazon-de-la-justicia\/","og_site_name":"\u00c1gora","article_published_time":"2026-09-01T22:51:58+00:00","og_image":[{"width":1280,"height":720,"url":"https:\/\/www.univa.mx\/agora\/wp-content\/uploads\/sites\/14\/2026\/09\/Evelyn-Eugenia-Reyes-Leal-.gif","type":"image\/gif"}],"author":"Comunicaci\u00f3n Sistema UNIVA","twitter_card":"summary_large_image","twitter_misc":{"Escrito por":"Comunicaci\u00f3n Sistema UNIVA","Tiempo de lectura":"5 minutos"},"schema":{"@context":"https:\/\/schema.org","@graph":[{"@type":"Article","@id":"https:\/\/www.univa.mx\/agora\/la-dignidad-humana-el-corazon-de-la-justicia\/#article","isPartOf":{"@id":"https:\/\/www.univa.mx\/agora\/la-dignidad-humana-el-corazon-de-la-justicia\/"},"author":{"name":"Comunicaci\u00f3n Sistema UNIVA","@id":"https:\/\/www.univa.mx\/agora\/#\/schema\/person\/698af210c9a2ad5b61255af506d223e3"},"headline":"La dignidad humana: el coraz\u00f3n de la justicia","datePublished":"2026-09-01T22:51:58+00:00","mainEntityOfPage":{"@id":"https:\/\/www.univa.mx\/agora\/la-dignidad-humana-el-corazon-de-la-justicia\/"},"wordCount":926,"image":{"@id":"https:\/\/www.univa.mx\/agora\/la-dignidad-humana-el-corazon-de-la-justicia\/#primaryimage"},"thumbnailUrl":"https:\/\/www.univa.mx\/agora\/wp-content\/uploads\/sites\/14\/2026\/09\/Evelyn-Eugenia-Reyes-Leal-.gif","articleSection":["L\u00edderes Universitarios","Voces UNIVA"],"inLanguage":"es"},{"@type":"WebPage","@id":"https:\/\/www.univa.mx\/agora\/la-dignidad-humana-el-corazon-de-la-justicia\/","url":"https:\/\/www.univa.mx\/agora\/la-dignidad-humana-el-corazon-de-la-justicia\/","name":"La dignidad humana: el coraz\u00f3n de la justicia - \u00c1gora","isPartOf":{"@id":"https:\/\/www.univa.mx\/agora\/#website"},"primaryImageOfPage":{"@id":"https:\/\/www.univa.mx\/agora\/la-dignidad-humana-el-corazon-de-la-justicia\/#primaryimage"},"image":{"@id":"https:\/\/www.univa.mx\/agora\/la-dignidad-humana-el-corazon-de-la-justicia\/#primaryimage"},"thumbnailUrl":"https:\/\/www.univa.mx\/agora\/wp-content\/uploads\/sites\/14\/2026\/09\/Evelyn-Eugenia-Reyes-Leal-.gif","datePublished":"2026-09-01T22:51:58+00:00","author":{"@id":"https:\/\/www.univa.mx\/agora\/#\/schema\/person\/698af210c9a2ad5b61255af506d223e3"},"breadcrumb":{"@id":"https:\/\/www.univa.mx\/agora\/la-dignidad-humana-el-corazon-de-la-justicia\/#breadcrumb"},"inLanguage":"es","potentialAction":[{"@type":"ReadAction","target":["https:\/\/www.univa.mx\/agora\/la-dignidad-humana-el-corazon-de-la-justicia\/"]}]},{"@type":"ImageObject","inLanguage":"es","@id":"https:\/\/www.univa.mx\/agora\/la-dignidad-humana-el-corazon-de-la-justicia\/#primaryimage","url":"https:\/\/www.univa.mx\/agora\/wp-content\/uploads\/sites\/14\/2026\/09\/Evelyn-Eugenia-Reyes-Leal-.gif","contentUrl":"https:\/\/www.univa.mx\/agora\/wp-content\/uploads\/sites\/14\/2026\/09\/Evelyn-Eugenia-Reyes-Leal-.gif","width":1280,"height":720},{"@type":"BreadcrumbList","@id":"https:\/\/www.univa.mx\/agora\/la-dignidad-humana-el-corazon-de-la-justicia\/#breadcrumb","itemListElement":[{"@type":"ListItem","position":1,"name":"Portada","item":"https:\/\/www.univa.mx\/agora\/"},{"@type":"ListItem","position":2,"name":"La dignidad humana: el coraz\u00f3n de la justicia"}]},{"@type":"WebSite","@id":"https:\/\/www.univa.mx\/agora\/#website","url":"https:\/\/www.univa.mx\/agora\/","name":"\u00c1gora","description":"","potentialAction":[{"@type":"SearchAction","target":{"@type":"EntryPoint","urlTemplate":"https:\/\/www.univa.mx\/agora\/?s={search_term_string}"},"query-input":{"@type":"PropertyValueSpecification","valueRequired":true,"valueName":"search_term_string"}}],"inLanguage":"es"},{"@type":"Person","@id":"https:\/\/www.univa.mx\/agora\/#\/schema\/person\/698af210c9a2ad5b61255af506d223e3","name":"Comunicaci\u00f3n Sistema UNIVA","image":{"@type":"ImageObject","inLanguage":"es","@id":"https:\/\/secure.gravatar.com\/avatar\/6aa0bbdc2764d6dabb18e0075a849c5887b5f3f2c39e3b19384bfd22e55dba7c?s=96&d=mm&r=g","url":"https:\/\/secure.gravatar.com\/avatar\/6aa0bbdc2764d6dabb18e0075a849c5887b5f3f2c39e3b19384bfd22e55dba7c?s=96&d=mm&r=g","contentUrl":"https:\/\/secure.gravatar.com\/avatar\/6aa0bbdc2764d6dabb18e0075a849c5887b5f3f2c39e3b19384bfd22e55dba7c?s=96&d=mm&r=g","caption":"Comunicaci\u00f3n Sistema UNIVA"},"url":"https:\/\/www.univa.mx\/agora\/author\/gustavo\/"}]}},"_links":{"self":[{"href":"https:\/\/www.univa.mx\/agora\/wp-json\/wp\/v2\/posts\/6266","targetHints":{"allow":["GET"]}}],"collection":[{"href":"https:\/\/www.univa.mx\/agora\/wp-json\/wp\/v2\/posts"}],"about":[{"href":"https:\/\/www.univa.mx\/agora\/wp-json\/wp\/v2\/types\/post"}],"author":[{"embeddable":true,"href":"https:\/\/www.univa.mx\/agora\/wp-json\/wp\/v2\/users\/40"}],"replies":[{"embeddable":true,"href":"https:\/\/www.univa.mx\/agora\/wp-json\/wp\/v2\/comments?post=6266"}],"version-history":[{"count":1,"href":"https:\/\/www.univa.mx\/agora\/wp-json\/wp\/v2\/posts\/6266\/revisions"}],"predecessor-version":[{"id":6268,"href":"https:\/\/www.univa.mx\/agora\/wp-json\/wp\/v2\/posts\/6266\/revisions\/6268"}],"wp:featuredmedia":[{"embeddable":true,"href":"https:\/\/www.univa.mx\/agora\/wp-json\/wp\/v2\/media\/6267"}],"wp:attachment":[{"href":"https:\/\/www.univa.mx\/agora\/wp-json\/wp\/v2\/media?parent=6266"}],"wp:term":[{"taxonomy":"category","embeddable":true,"href":"https:\/\/www.univa.mx\/agora\/wp-json\/wp\/v2\/categories?post=6266"},{"taxonomy":"post_tag","embeddable":true,"href":"https:\/\/www.univa.mx\/agora\/wp-json\/wp\/v2\/tags?post=6266"}],"curies":[{"name":"wp","href":"https:\/\/api.w.org\/{rel}","templated":true}]}}