{"id":6263,"date":"2026-09-01T09:56:58","date_gmt":"2026-09-01T15:56:58","guid":{"rendered":"https:\/\/www.univa.mx\/agora\/?p=6263"},"modified":"2026-09-01T09:56:58","modified_gmt":"2026-09-01T15:56:58","slug":"encuentro-universitario-binacional","status":"publish","type":"post","link":"https:\/\/www.univa.mx\/agora\/encuentro-universitario-binacional\/","title":{"rendered":"Encuentro Universitario Binacional"},"content":{"rendered":"<p><em><strong>Alfredo Sainez &#8211; Docente de la Licenciatura en Derecho<\/strong><\/em><\/p>\n<p>El ser humano es un ente pol\u00edtico por naturaleza porque posee la palabra, a trav\u00e9s de la cual expresa sus ideas, pensamientos, experiencias, sentimientos y emociones. Pero, fundamentalmente porque vive e interact\u00faa con sus semejantes en comunidad; as\u00ed lo confirma la comunidad acad\u00e9mica que arranc\u00f3 ayer con un Encuentro Universitario Binacional entre los pa\u00edses de Costa Rica y M\u00e9xico en el \u201cSal\u00f3n de Actos\u201d de la Divisi\u00f3n de Derecho, Pol\u00edtica y Gobierno de la Universidad de Guanajuato, organizado por el Departamento de Gesti\u00f3n P\u00fablica, con el prop\u00f3sito de fortalecer lazos institucionales entre los programas acad\u00e9micos de ambas universidades, poner en marcha los convenios existentes y dinamizar las actividades de universidades de la Red Interamericana de Educaci\u00f3n en Administraci\u00f3n P\u00fablica, INPAE \u2212por sus siglas en ingl\u00e9s\u2212; espacio que da la oportunidad de intercambiar experiencias entre la comunidad estudiantil y compartir proyectos de investigaci\u00f3n entre profesores.<\/p>\n<p>La celebraci\u00f3n de este tipo de encuentros permite la visualizar la internacionalizaci\u00f3n de la educaci\u00f3n superior, que se devela con la movilidad acad\u00e9mica real con la ratificaci\u00f3n o celebraci\u00f3n de nuevos convenios, cursos y seminarios binacionales, estancias posdoctorales e investigaciones en proyectos conjuntos. Muestra de ello, son las conferencias, paneles y mesas de trabajo programadas durante los d\u00edas 25, 26 y 27 de agosto en la sede: Universidad de Guanajuato.<\/p>\n<p>Este Encuentro Universitario Binacional entre los pa\u00edses de Costa Rica y M\u00e9xico no es solo un s\u00edmbolo, constituye un espacio de construcci\u00f3n y cooperaci\u00f3n que transfiere conocimiento especializado, a trav\u00e9s del intercambio y confrontaci\u00f3n de ideas, experiencias, investigaciones e insumos acad\u00e9micos conjuntos entre estudiantes y el profesorado que proyectan a la Ciencia de la Administraci\u00f3n P\u00fablica no solo hacia el sector p\u00fablico, sino sector privado y a la sociedad en su conjunto. Esta visi\u00f3n hol\u00edstica posiciona a ambas instituciones como nodos regionales de formaci\u00f3n avanzada, algo que ninguna universidad podr\u00eda lograr sola dado el tama\u00f1o reducido de ambos sistemas educativos frente a potencias como Estados Unidos o Europa.<\/p>\n<p>La vinculaci\u00f3n entre la educaci\u00f3n y los sectores p\u00fablicos y privados son importantes porque permiten alinear la formaci\u00f3n universitaria y t\u00e9cnica con las necesidades reales del mercado laboral y ampliar las oportunidades de formaci\u00f3n para los estudiantes con el intercambio de \u201cbuenas pr\u00e1cticas\u201d que se convierten en un activo de aprendizaje que trasciende del saber-saber al saber-hacer.<\/p>\n<p>En suma, este tipo de Encuentro es especial y significativo acad\u00e9micamente por el intercambio de conocimientos, experiencias e investigaciones conjuntas entre estudiantes y docentes, porque construye \u201cdiplomacia de pueblos\u201d y capital social entre las juventudes de ambos pa\u00edses, con un componente formativo que trasciende lo estrictamente universitario en raz\u00f3n de que la administraci\u00f3n p\u00fablica no solo es ciencia y t\u00e9cnica, sino tiene una dimensi\u00f3n de cohesi\u00f3n cultural y educativa, que posiciona geopol\u00edtica y regionalmente a ambos pa\u00edses: Costa Rica y M\u00e9xico.<\/p>\n<p>Enhorabuena.<\/p>\n","protected":false},"excerpt":{"rendered":"<p>Alfredo Sainez &#8211; Docente de&#8230;<\/p>\n","protected":false},"author":40,"featured_media":6264,"comment_status":"closed","ping_status":"closed","sticky":false,"template":"","format":"standard","meta":{"footnotes":""},"categories":[6,17],"tags":[],"class_list":["post-6263","post","type-post","status-publish","format-standard","has-post-thumbnail","category-lideres-de-opinion","category-voces-univa"],"yoast_head":"<!-- This site is optimized with the Yoast SEO plugin v28.0 - https:\/\/yoast.com\/product\/yoast-seo-wordpress\/ -->\n<title>Encuentro Universitario Binacional - \u00c1gora<\/title>\n<meta name=\"description\" content=\"El ser humano es un ente pol\u00edtico por naturaleza porque posee la palabra, a trav\u00e9s de la cual expresa sus ideas, pensamientos, experiencias, sentimientos y emociones. Pero, fundamentalmente porque vive e interact\u00faa con sus semejantes en comunidad; as\u00ed lo confirma la comunidad acad\u00e9mica que arranc\u00f3 ayer con un Encuentro Universitario Binacional entre los pa\u00edses de Costa Rica y M\u00e9xico\" \/>\n<meta name=\"robots\" content=\"index, follow, max-snippet:-1, max-image-preview:large, max-video-preview:-1\" \/>\n<link rel=\"canonical\" href=\"https:\/\/www.univa.mx\/agora\/encuentro-universitario-binacional\/\" \/>\n<meta property=\"og:locale\" content=\"es_ES\" \/>\n<meta property=\"og:type\" content=\"article\" \/>\n<meta property=\"og:title\" content=\"Encuentro Universitario Binacional - \u00c1gora\" \/>\n<meta property=\"og:description\" content=\"El ser humano es un ente pol\u00edtico por naturaleza porque posee la palabra, a trav\u00e9s de la cual expresa sus ideas, pensamientos, experiencias, sentimientos y emociones. Pero, fundamentalmente porque vive e interact\u00faa con sus semejantes en comunidad; as\u00ed lo confirma la comunidad acad\u00e9mica que arranc\u00f3 ayer con un Encuentro Universitario Binacional entre los pa\u00edses de Costa Rica y M\u00e9xico\" \/>\n<meta property=\"og:url\" content=\"https:\/\/www.univa.mx\/agora\/encuentro-universitario-binacional\/\" \/>\n<meta property=\"og:site_name\" content=\"\u00c1gora\" \/>\n<meta property=\"article:published_time\" content=\"2026-09-01T15:56:58+00:00\" \/>\n<meta property=\"og:image\" content=\"https:\/\/www.univa.mx\/agora\/wp-content\/uploads\/sites\/14\/2026\/09\/6.gif\" \/>\n\t<meta property=\"og:image:width\" content=\"1280\" \/>\n\t<meta property=\"og:image:height\" content=\"720\" \/>\n\t<meta property=\"og:image:type\" content=\"image\/gif\" \/>\n<meta name=\"author\" content=\"Comunicaci\u00f3n Sistema UNIVA\" \/>\n<meta name=\"twitter:card\" content=\"summary_large_image\" \/>\n<meta name=\"twitter:label1\" content=\"Escrito por\" \/>\n\t<meta name=\"twitter:data1\" content=\"Comunicaci\u00f3n Sistema UNIVA\" \/>\n\t<meta name=\"twitter:label2\" content=\"Tiempo de lectura\" \/>\n\t<meta name=\"twitter:data2\" content=\"3 minutos\" \/>\n<script type=\"application\/ld+json\" class=\"yoast-schema-graph\">{\"@context\":\"https:\\\/\\\/schema.org\",\"@graph\":[{\"@type\":\"Article\",\"@id\":\"https:\\\/\\\/www.univa.mx\\\/agora\\\/encuentro-universitario-binacional\\\/#article\",\"isPartOf\":{\"@id\":\"https:\\\/\\\/www.univa.mx\\\/agora\\\/encuentro-universitario-binacional\\\/\"},\"author\":{\"name\":\"Comunicaci\u00f3n Sistema UNIVA\",\"@id\":\"https:\\\/\\\/www.univa.mx\\\/agora\\\/#\\\/schema\\\/person\\\/698af210c9a2ad5b61255af506d223e3\"},\"headline\":\"Encuentro Universitario Binacional\",\"datePublished\":\"2026-09-01T15:56:58+00:00\",\"mainEntityOfPage\":{\"@id\":\"https:\\\/\\\/www.univa.mx\\\/agora\\\/encuentro-universitario-binacional\\\/\"},\"wordCount\":529,\"image\":{\"@id\":\"https:\\\/\\\/www.univa.mx\\\/agora\\\/encuentro-universitario-binacional\\\/#primaryimage\"},\"thumbnailUrl\":\"https:\\\/\\\/www.univa.mx\\\/agora\\\/wp-content\\\/uploads\\\/sites\\\/14\\\/2026\\\/09\\\/6.gif\",\"articleSection\":[\"L\u00edderes de Opini\u00f3n\",\"Voces UNIVA\"],\"inLanguage\":\"es\"},{\"@type\":\"WebPage\",\"@id\":\"https:\\\/\\\/www.univa.mx\\\/agora\\\/encuentro-universitario-binacional\\\/\",\"url\":\"https:\\\/\\\/www.univa.mx\\\/agora\\\/encuentro-universitario-binacional\\\/\",\"name\":\"Encuentro Universitario Binacional - \u00c1gora\",\"isPartOf\":{\"@id\":\"https:\\\/\\\/www.univa.mx\\\/agora\\\/#website\"},\"primaryImageOfPage\":{\"@id\":\"https:\\\/\\\/www.univa.mx\\\/agora\\\/encuentro-universitario-binacional\\\/#primaryimage\"},\"image\":{\"@id\":\"https:\\\/\\\/www.univa.mx\\\/agora\\\/encuentro-universitario-binacional\\\/#primaryimage\"},\"thumbnailUrl\":\"https:\\\/\\\/www.univa.mx\\\/agora\\\/wp-content\\\/uploads\\\/sites\\\/14\\\/2026\\\/09\\\/6.gif\",\"datePublished\":\"2026-09-01T15:56:58+00:00\",\"author\":{\"@id\":\"https:\\\/\\\/www.univa.mx\\\/agora\\\/#\\\/schema\\\/person\\\/698af210c9a2ad5b61255af506d223e3\"},\"description\":\"El ser humano es un ente pol\u00edtico por naturaleza porque posee la palabra, a trav\u00e9s de la cual expresa sus ideas, pensamientos, experiencias, sentimientos y emociones. Pero, fundamentalmente porque vive e interact\u00faa con sus semejantes en comunidad; as\u00ed lo confirma la comunidad acad\u00e9mica que arranc\u00f3 ayer con un Encuentro Universitario Binacional entre los pa\u00edses de Costa Rica y M\u00e9xico\",\"breadcrumb\":{\"@id\":\"https:\\\/\\\/www.univa.mx\\\/agora\\\/encuentro-universitario-binacional\\\/#breadcrumb\"},\"inLanguage\":\"es\",\"potentialAction\":[{\"@type\":\"ReadAction\",\"target\":[\"https:\\\/\\\/www.univa.mx\\\/agora\\\/encuentro-universitario-binacional\\\/\"]}]},{\"@type\":\"ImageObject\",\"inLanguage\":\"es\",\"@id\":\"https:\\\/\\\/www.univa.mx\\\/agora\\\/encuentro-universitario-binacional\\\/#primaryimage\",\"url\":\"https:\\\/\\\/www.univa.mx\\\/agora\\\/wp-content\\\/uploads\\\/sites\\\/14\\\/2026\\\/09\\\/6.gif\",\"contentUrl\":\"https:\\\/\\\/www.univa.mx\\\/agora\\\/wp-content\\\/uploads\\\/sites\\\/14\\\/2026\\\/09\\\/6.gif\",\"width\":1280,\"height\":720},{\"@type\":\"BreadcrumbList\",\"@id\":\"https:\\\/\\\/www.univa.mx\\\/agora\\\/encuentro-universitario-binacional\\\/#breadcrumb\",\"itemListElement\":[{\"@type\":\"ListItem\",\"position\":1,\"name\":\"Portada\",\"item\":\"https:\\\/\\\/www.univa.mx\\\/agora\\\/\"},{\"@type\":\"ListItem\",\"position\":2,\"name\":\"Encuentro Universitario Binacional\"}]},{\"@type\":\"WebSite\",\"@id\":\"https:\\\/\\\/www.univa.mx\\\/agora\\\/#website\",\"url\":\"https:\\\/\\\/www.univa.mx\\\/agora\\\/\",\"name\":\"\u00c1gora\",\"description\":\"\",\"potentialAction\":[{\"@type\":\"SearchAction\",\"target\":{\"@type\":\"EntryPoint\",\"urlTemplate\":\"https:\\\/\\\/www.univa.mx\\\/agora\\\/?s={search_term_string}\"},\"query-input\":{\"@type\":\"PropertyValueSpecification\",\"valueRequired\":true,\"valueName\":\"search_term_string\"}}],\"inLanguage\":\"es\"},{\"@type\":\"Person\",\"@id\":\"https:\\\/\\\/www.univa.mx\\\/agora\\\/#\\\/schema\\\/person\\\/698af210c9a2ad5b61255af506d223e3\",\"name\":\"Comunicaci\u00f3n Sistema UNIVA\",\"image\":{\"@type\":\"ImageObject\",\"inLanguage\":\"es\",\"@id\":\"https:\\\/\\\/secure.gravatar.com\\\/avatar\\\/6aa0bbdc2764d6dabb18e0075a849c5887b5f3f2c39e3b19384bfd22e55dba7c?s=96&d=mm&r=g\",\"url\":\"https:\\\/\\\/secure.gravatar.com\\\/avatar\\\/6aa0bbdc2764d6dabb18e0075a849c5887b5f3f2c39e3b19384bfd22e55dba7c?s=96&d=mm&r=g\",\"contentUrl\":\"https:\\\/\\\/secure.gravatar.com\\\/avatar\\\/6aa0bbdc2764d6dabb18e0075a849c5887b5f3f2c39e3b19384bfd22e55dba7c?s=96&d=mm&r=g\",\"caption\":\"Comunicaci\u00f3n Sistema UNIVA\"},\"url\":\"https:\\\/\\\/www.univa.mx\\\/agora\\\/author\\\/gustavo\\\/\"}]}<\/script>\n<!-- \/ Yoast SEO plugin. -->","yoast_head_json":{"title":"Encuentro Universitario Binacional - \u00c1gora","description":"El ser humano es un ente pol\u00edtico por naturaleza porque posee la palabra, a trav\u00e9s de la cual expresa sus ideas, pensamientos, experiencias, sentimientos y emociones. Pero, fundamentalmente porque vive e interact\u00faa con sus semejantes en comunidad; as\u00ed lo confirma la comunidad acad\u00e9mica que arranc\u00f3 ayer con un Encuentro Universitario Binacional entre los pa\u00edses de Costa Rica y M\u00e9xico","robots":{"index":"index","follow":"follow","max-snippet":"max-snippet:-1","max-image-preview":"max-image-preview:large","max-video-preview":"max-video-preview:-1"},"canonical":"https:\/\/www.univa.mx\/agora\/encuentro-universitario-binacional\/","og_locale":"es_ES","og_type":"article","og_title":"Encuentro Universitario Binacional - \u00c1gora","og_description":"El ser humano es un ente pol\u00edtico por naturaleza porque posee la palabra, a trav\u00e9s de la cual expresa sus ideas, pensamientos, experiencias, sentimientos y emociones. Pero, fundamentalmente porque vive e interact\u00faa con sus semejantes en comunidad; as\u00ed lo confirma la comunidad acad\u00e9mica que arranc\u00f3 ayer con un Encuentro Universitario Binacional entre los pa\u00edses de Costa Rica y M\u00e9xico","og_url":"https:\/\/www.univa.mx\/agora\/encuentro-universitario-binacional\/","og_site_name":"\u00c1gora","article_published_time":"2026-09-01T15:56:58+00:00","og_image":[{"width":1280,"height":720,"url":"https:\/\/www.univa.mx\/agora\/wp-content\/uploads\/sites\/14\/2026\/09\/6.gif","type":"image\/gif"}],"author":"Comunicaci\u00f3n Sistema UNIVA","twitter_card":"summary_large_image","twitter_misc":{"Escrito por":"Comunicaci\u00f3n Sistema UNIVA","Tiempo de lectura":"3 minutos"},"schema":{"@context":"https:\/\/schema.org","@graph":[{"@type":"Article","@id":"https:\/\/www.univa.mx\/agora\/encuentro-universitario-binacional\/#article","isPartOf":{"@id":"https:\/\/www.univa.mx\/agora\/encuentro-universitario-binacional\/"},"author":{"name":"Comunicaci\u00f3n Sistema UNIVA","@id":"https:\/\/www.univa.mx\/agora\/#\/schema\/person\/698af210c9a2ad5b61255af506d223e3"},"headline":"Encuentro Universitario Binacional","datePublished":"2026-09-01T15:56:58+00:00","mainEntityOfPage":{"@id":"https:\/\/www.univa.mx\/agora\/encuentro-universitario-binacional\/"},"wordCount":529,"image":{"@id":"https:\/\/www.univa.mx\/agora\/encuentro-universitario-binacional\/#primaryimage"},"thumbnailUrl":"https:\/\/www.univa.mx\/agora\/wp-content\/uploads\/sites\/14\/2026\/09\/6.gif","articleSection":["L\u00edderes de Opini\u00f3n","Voces UNIVA"],"inLanguage":"es"},{"@type":"WebPage","@id":"https:\/\/www.univa.mx\/agora\/encuentro-universitario-binacional\/","url":"https:\/\/www.univa.mx\/agora\/encuentro-universitario-binacional\/","name":"Encuentro Universitario Binacional - \u00c1gora","isPartOf":{"@id":"https:\/\/www.univa.mx\/agora\/#website"},"primaryImageOfPage":{"@id":"https:\/\/www.univa.mx\/agora\/encuentro-universitario-binacional\/#primaryimage"},"image":{"@id":"https:\/\/www.univa.mx\/agora\/encuentro-universitario-binacional\/#primaryimage"},"thumbnailUrl":"https:\/\/www.univa.mx\/agora\/wp-content\/uploads\/sites\/14\/2026\/09\/6.gif","datePublished":"2026-09-01T15:56:58+00:00","author":{"@id":"https:\/\/www.univa.mx\/agora\/#\/schema\/person\/698af210c9a2ad5b61255af506d223e3"},"description":"El ser humano es un ente pol\u00edtico por naturaleza porque posee la palabra, a trav\u00e9s de la cual expresa sus ideas, pensamientos, experiencias, sentimientos y emociones. Pero, fundamentalmente porque vive e interact\u00faa con sus semejantes en comunidad; as\u00ed lo confirma la comunidad acad\u00e9mica que arranc\u00f3 ayer con un Encuentro Universitario Binacional entre los pa\u00edses de Costa Rica y M\u00e9xico","breadcrumb":{"@id":"https:\/\/www.univa.mx\/agora\/encuentro-universitario-binacional\/#breadcrumb"},"inLanguage":"es","potentialAction":[{"@type":"ReadAction","target":["https:\/\/www.univa.mx\/agora\/encuentro-universitario-binacional\/"]}]},{"@type":"ImageObject","inLanguage":"es","@id":"https:\/\/www.univa.mx\/agora\/encuentro-universitario-binacional\/#primaryimage","url":"https:\/\/www.univa.mx\/agora\/wp-content\/uploads\/sites\/14\/2026\/09\/6.gif","contentUrl":"https:\/\/www.univa.mx\/agora\/wp-content\/uploads\/sites\/14\/2026\/09\/6.gif","width":1280,"height":720},{"@type":"BreadcrumbList","@id":"https:\/\/www.univa.mx\/agora\/encuentro-universitario-binacional\/#breadcrumb","itemListElement":[{"@type":"ListItem","position":1,"name":"Portada","item":"https:\/\/www.univa.mx\/agora\/"},{"@type":"ListItem","position":2,"name":"Encuentro Universitario Binacional"}]},{"@type":"WebSite","@id":"https:\/\/www.univa.mx\/agora\/#website","url":"https:\/\/www.univa.mx\/agora\/","name":"\u00c1gora","description":"","potentialAction":[{"@type":"SearchAction","target":{"@type":"EntryPoint","urlTemplate":"https:\/\/www.univa.mx\/agora\/?s={search_term_string}"},"query-input":{"@type":"PropertyValueSpecification","valueRequired":true,"valueName":"search_term_string"}}],"inLanguage":"es"},{"@type":"Person","@id":"https:\/\/www.univa.mx\/agora\/#\/schema\/person\/698af210c9a2ad5b61255af506d223e3","name":"Comunicaci\u00f3n Sistema UNIVA","image":{"@type":"ImageObject","inLanguage":"es","@id":"https:\/\/secure.gravatar.com\/avatar\/6aa0bbdc2764d6dabb18e0075a849c5887b5f3f2c39e3b19384bfd22e55dba7c?s=96&d=mm&r=g","url":"https:\/\/secure.gravatar.com\/avatar\/6aa0bbdc2764d6dabb18e0075a849c5887b5f3f2c39e3b19384bfd22e55dba7c?s=96&d=mm&r=g","contentUrl":"https:\/\/secure.gravatar.com\/avatar\/6aa0bbdc2764d6dabb18e0075a849c5887b5f3f2c39e3b19384bfd22e55dba7c?s=96&d=mm&r=g","caption":"Comunicaci\u00f3n Sistema UNIVA"},"url":"https:\/\/www.univa.mx\/agora\/author\/gustavo\/"}]}},"_links":{"self":[{"href":"https:\/\/www.univa.mx\/agora\/wp-json\/wp\/v2\/posts\/6263","targetHints":{"allow":["GET"]}}],"collection":[{"href":"https:\/\/www.univa.mx\/agora\/wp-json\/wp\/v2\/posts"}],"about":[{"href":"https:\/\/www.univa.mx\/agora\/wp-json\/wp\/v2\/types\/post"}],"author":[{"embeddable":true,"href":"https:\/\/www.univa.mx\/agora\/wp-json\/wp\/v2\/users\/40"}],"replies":[{"embeddable":true,"href":"https:\/\/www.univa.mx\/agora\/wp-json\/wp\/v2\/comments?post=6263"}],"version-history":[{"count":1,"href":"https:\/\/www.univa.mx\/agora\/wp-json\/wp\/v2\/posts\/6263\/revisions"}],"predecessor-version":[{"id":6265,"href":"https:\/\/www.univa.mx\/agora\/wp-json\/wp\/v2\/posts\/6263\/revisions\/6265"}],"wp:featuredmedia":[{"embeddable":true,"href":"https:\/\/www.univa.mx\/agora\/wp-json\/wp\/v2\/media\/6264"}],"wp:attachment":[{"href":"https:\/\/www.univa.mx\/agora\/wp-json\/wp\/v2\/media?parent=6263"}],"wp:term":[{"taxonomy":"category","embeddable":true,"href":"https:\/\/www.univa.mx\/agora\/wp-json\/wp\/v2\/categories?post=6263"},{"taxonomy":"post_tag","embeddable":true,"href":"https:\/\/www.univa.mx\/agora\/wp-json\/wp\/v2\/tags?post=6263"}],"curies":[{"name":"wp","href":"https:\/\/api.w.org\/{rel}","templated":true}]}}