{"id":6260,"date":"2026-09-01T09:54:38","date_gmt":"2026-09-01T15:54:38","guid":{"rendered":"https:\/\/www.univa.mx\/agora\/?p=6260"},"modified":"2026-09-01T09:54:38","modified_gmt":"2026-09-01T15:54:38","slug":"la-carta-de-un-futuro-nutriologo","status":"publish","type":"post","link":"https:\/\/www.univa.mx\/agora\/la-carta-de-un-futuro-nutriologo\/","title":{"rendered":"LA CARTA DE UN FUTURO NUTRI\u00d3LOGO"},"content":{"rendered":"<p><em><strong>Jorge Jim\u00e9nez Mart\u00ednez &#8211; Estudiante de Licenciatura en Nutrici\u00f3n<\/strong><\/em><\/p>\n<p>Mi nombre es Jorge Jim\u00e9nez Mart\u00ednez y actualmente soy estudiante de la Licenciatura en Nutrici\u00f3n en la Universidad del Valle de Atemajac (UNIVA), campus Zamora.<\/p>\n<p>A lo largo de mi formaci\u00f3n universitaria he aprendido que el crecimiento personal y profesional no depende \u00fanicamente de los conocimientos adquiridos en el aula, sino tambi\u00e9n del compromiso, la disciplina y la constancia con los que enfrentamos cada reto. Mi paso por la universidad ha representado una etapa de grandes aprendizajes que han fortalecido tanto mi preparaci\u00f3n acad\u00e9mica como mi desarrollo personal.<\/p>\n<p>Desde que inici\u00e9 esta etapa universitaria me propuse dar siempre lo mejor de m\u00ed, procurando aprovechar cada oportunidad para aprender y crecer. Gracias a ese esfuerzo y dedicaci\u00f3n, durante mi primer a\u00f1o obtuve el Premio al M\u00e9rito Acad\u00e9mico al alcanzar un promedio general de 9.9. Este reconocimiento representa para m\u00ed mucho m\u00e1s que una calificaci\u00f3n; es el reflejo del compromiso, la responsabilidad y la perseverancia con los que he asumido mi formaci\u00f3n profesional.<\/p>\n<p>Adem\u00e1s de mi desempe\u00f1o acad\u00e9mico, el deporte ha sido un pilar fundamental en mi vida y en mi desarrollo personal. Durante mi trayectoria universitaria tuve el honor de asumir la capitan\u00eda del selectivo varonil de voleibol de la UNIVA, una responsabilidad que acept\u00e9 con orgullo y compromiso. Ser capit\u00e1n me permiti\u00f3 fortalecer habilidades de liderazgo, comunicaci\u00f3n y trabajo en equipo, adem\u00e1s de representar dignamente a mi universidad en cada competencia. Actualmente contin\u00fao desarrollando mis capacidades deportivas, convencido de que el deporte fomenta valores como la disciplina, la perseverancia, el respeto y la resiliencia, cualidades fundamentales para desempe\u00f1arme como futuro profesional de la salud.<\/p>\n<p>Cada una de estas experiencias ha contribuido a formar la persona que soy hoy. Mi formaci\u00f3n acad\u00e9mica y deportiva me ha ense\u00f1ado que el \u00e9xito no llega por casualidad, sino como resultado del esfuerzo constante, la dedicaci\u00f3n y la pasi\u00f3n con las que se persiguen los objetivos. Asimismo, he aprendido que cada reto representa una oportunidad de crecimiento y que cada logro es consecuencia del trabajo realizado con responsabilidad y compromiso.<\/p>\n<p>Me siento orgulloso del camino que he recorrido hasta ahora y, al mismo tiempo, consciente de que a\u00fan tengo mucho por aprender y aportar. Mi objetivo es continuar prepar\u00e1ndome para convertirme en un profesionista \u00edntegro, comprometido con la promoci\u00f3n de la salud y el bienestar de las personas, poniendo siempre en pr\u00e1ctica los valores que la universidad y el deporte me han inculcado.<\/p>\n<p>Estoy convencido de que la disciplina, el esfuerzo y la constancia seguir\u00e1n siendo la base de mi crecimiento personal y profesional. Por ello, continuar\u00e9 trabajando con entusiasmo para alcanzar nuevas metas, representar con orgullo a mi universidad y contribuir de manera positiva a la sociedad mediante mi formaci\u00f3n como futuro nutri\u00f3logo.<\/p>\n","protected":false},"excerpt":{"rendered":"<p>Jorge Jim\u00e9nez Mart\u00ednez &#8211; Estudiante&#8230;<\/p>\n","protected":false},"author":40,"featured_media":6261,"comment_status":"closed","ping_status":"closed","sticky":false,"template":"","format":"standard","meta":{"footnotes":""},"categories":[7,17],"tags":[],"class_list":["post-6260","post","type-post","status-publish","format-standard","has-post-thumbnail","category-lideres-universitarios","category-voces-univa"],"yoast_head":"<!-- This site is optimized with the Yoast SEO plugin v28.0 - https:\/\/yoast.com\/product\/yoast-seo-wordpress\/ -->\n<title>LA CARTA DE UN FUTURO NUTRI\u00d3LOGO - \u00c1gora<\/title>\n<meta name=\"description\" content=\"A lo largo de mi formaci\u00f3n universitaria he aprendido que el crecimiento personal y profesional no depende \u00fanicamente de los conocimientos adquiridos en el aula, sino tambi\u00e9n del compromiso, la disciplina y la constancia con los que enfrentamos cada reto. Mi paso por la universidad ha representado una etapa de grandes aprendizajes que han fortalecido tanto mi preparaci\u00f3n acad\u00e9mica como mi desarrollo personal.\" \/>\n<meta name=\"robots\" content=\"index, follow, max-snippet:-1, max-image-preview:large, max-video-preview:-1\" \/>\n<link rel=\"canonical\" href=\"https:\/\/www.univa.mx\/agora\/la-carta-de-un-futuro-nutriologo\/\" \/>\n<meta property=\"og:locale\" content=\"es_ES\" \/>\n<meta property=\"og:type\" content=\"article\" \/>\n<meta property=\"og:title\" content=\"LA CARTA DE UN FUTURO NUTRI\u00d3LOGO - \u00c1gora\" \/>\n<meta property=\"og:description\" content=\"A lo largo de mi formaci\u00f3n universitaria he aprendido que el crecimiento personal y profesional no depende \u00fanicamente de los conocimientos adquiridos en el aula, sino tambi\u00e9n del compromiso, la disciplina y la constancia con los que enfrentamos cada reto. Mi paso por la universidad ha representado una etapa de grandes aprendizajes que han fortalecido tanto mi preparaci\u00f3n acad\u00e9mica como mi desarrollo personal.\" \/>\n<meta property=\"og:url\" content=\"https:\/\/www.univa.mx\/agora\/la-carta-de-un-futuro-nutriologo\/\" \/>\n<meta property=\"og:site_name\" content=\"\u00c1gora\" \/>\n<meta property=\"article:published_time\" content=\"2026-09-01T15:54:38+00:00\" \/>\n<meta property=\"og:image\" content=\"https:\/\/www.univa.mx\/agora\/wp-content\/uploads\/sites\/14\/2026\/09\/Jorge-Jime\u0301nez-Marti\u0301nez.gif\" \/>\n\t<meta property=\"og:image:width\" content=\"1280\" \/>\n\t<meta property=\"og:image:height\" content=\"720\" \/>\n\t<meta property=\"og:image:type\" content=\"image\/gif\" \/>\n<meta name=\"author\" content=\"Comunicaci\u00f3n Sistema UNIVA\" \/>\n<meta name=\"twitter:card\" content=\"summary_large_image\" \/>\n<meta name=\"twitter:label1\" content=\"Escrito por\" \/>\n\t<meta name=\"twitter:data1\" content=\"Comunicaci\u00f3n Sistema UNIVA\" \/>\n\t<meta name=\"twitter:label2\" content=\"Tiempo de lectura\" \/>\n\t<meta name=\"twitter:data2\" content=\"3 minutos\" \/>\n<script type=\"application\/ld+json\" class=\"yoast-schema-graph\">{\"@context\":\"https:\\\/\\\/schema.org\",\"@graph\":[{\"@type\":\"Article\",\"@id\":\"https:\\\/\\\/www.univa.mx\\\/agora\\\/la-carta-de-un-futuro-nutriologo\\\/#article\",\"isPartOf\":{\"@id\":\"https:\\\/\\\/www.univa.mx\\\/agora\\\/la-carta-de-un-futuro-nutriologo\\\/\"},\"author\":{\"name\":\"Comunicaci\u00f3n Sistema UNIVA\",\"@id\":\"https:\\\/\\\/www.univa.mx\\\/agora\\\/#\\\/schema\\\/person\\\/698af210c9a2ad5b61255af506d223e3\"},\"headline\":\"LA CARTA DE UN FUTURO NUTRI\u00d3LOGO\",\"datePublished\":\"2026-09-01T15:54:38+00:00\",\"mainEntityOfPage\":{\"@id\":\"https:\\\/\\\/www.univa.mx\\\/agora\\\/la-carta-de-un-futuro-nutriologo\\\/\"},\"wordCount\":502,\"image\":{\"@id\":\"https:\\\/\\\/www.univa.mx\\\/agora\\\/la-carta-de-un-futuro-nutriologo\\\/#primaryimage\"},\"thumbnailUrl\":\"https:\\\/\\\/www.univa.mx\\\/agora\\\/wp-content\\\/uploads\\\/sites\\\/14\\\/2026\\\/09\\\/Jorge-Jime\u0301nez-Marti\u0301nez.gif\",\"articleSection\":[\"L\u00edderes Universitarios\",\"Voces UNIVA\"],\"inLanguage\":\"es\"},{\"@type\":\"WebPage\",\"@id\":\"https:\\\/\\\/www.univa.mx\\\/agora\\\/la-carta-de-un-futuro-nutriologo\\\/\",\"url\":\"https:\\\/\\\/www.univa.mx\\\/agora\\\/la-carta-de-un-futuro-nutriologo\\\/\",\"name\":\"LA CARTA DE UN FUTURO NUTRI\u00d3LOGO - \u00c1gora\",\"isPartOf\":{\"@id\":\"https:\\\/\\\/www.univa.mx\\\/agora\\\/#website\"},\"primaryImageOfPage\":{\"@id\":\"https:\\\/\\\/www.univa.mx\\\/agora\\\/la-carta-de-un-futuro-nutriologo\\\/#primaryimage\"},\"image\":{\"@id\":\"https:\\\/\\\/www.univa.mx\\\/agora\\\/la-carta-de-un-futuro-nutriologo\\\/#primaryimage\"},\"thumbnailUrl\":\"https:\\\/\\\/www.univa.mx\\\/agora\\\/wp-content\\\/uploads\\\/sites\\\/14\\\/2026\\\/09\\\/Jorge-Jime\u0301nez-Marti\u0301nez.gif\",\"datePublished\":\"2026-09-01T15:54:38+00:00\",\"author\":{\"@id\":\"https:\\\/\\\/www.univa.mx\\\/agora\\\/#\\\/schema\\\/person\\\/698af210c9a2ad5b61255af506d223e3\"},\"description\":\"A lo largo de mi formaci\u00f3n universitaria he aprendido que el crecimiento personal y profesional no depende \u00fanicamente de los conocimientos adquiridos en el aula, sino tambi\u00e9n del compromiso, la disciplina y la constancia con los que enfrentamos cada reto. Mi paso por la universidad ha representado una etapa de grandes aprendizajes que han fortalecido tanto mi preparaci\u00f3n acad\u00e9mica como mi desarrollo personal.\",\"breadcrumb\":{\"@id\":\"https:\\\/\\\/www.univa.mx\\\/agora\\\/la-carta-de-un-futuro-nutriologo\\\/#breadcrumb\"},\"inLanguage\":\"es\",\"potentialAction\":[{\"@type\":\"ReadAction\",\"target\":[\"https:\\\/\\\/www.univa.mx\\\/agora\\\/la-carta-de-un-futuro-nutriologo\\\/\"]}]},{\"@type\":\"ImageObject\",\"inLanguage\":\"es\",\"@id\":\"https:\\\/\\\/www.univa.mx\\\/agora\\\/la-carta-de-un-futuro-nutriologo\\\/#primaryimage\",\"url\":\"https:\\\/\\\/www.univa.mx\\\/agora\\\/wp-content\\\/uploads\\\/sites\\\/14\\\/2026\\\/09\\\/Jorge-Jime\u0301nez-Marti\u0301nez.gif\",\"contentUrl\":\"https:\\\/\\\/www.univa.mx\\\/agora\\\/wp-content\\\/uploads\\\/sites\\\/14\\\/2026\\\/09\\\/Jorge-Jime\u0301nez-Marti\u0301nez.gif\",\"width\":1280,\"height\":720},{\"@type\":\"BreadcrumbList\",\"@id\":\"https:\\\/\\\/www.univa.mx\\\/agora\\\/la-carta-de-un-futuro-nutriologo\\\/#breadcrumb\",\"itemListElement\":[{\"@type\":\"ListItem\",\"position\":1,\"name\":\"Portada\",\"item\":\"https:\\\/\\\/www.univa.mx\\\/agora\\\/\"},{\"@type\":\"ListItem\",\"position\":2,\"name\":\"LA CARTA DE UN FUTURO NUTRI\u00d3LOGO\"}]},{\"@type\":\"WebSite\",\"@id\":\"https:\\\/\\\/www.univa.mx\\\/agora\\\/#website\",\"url\":\"https:\\\/\\\/www.univa.mx\\\/agora\\\/\",\"name\":\"\u00c1gora\",\"description\":\"\",\"potentialAction\":[{\"@type\":\"SearchAction\",\"target\":{\"@type\":\"EntryPoint\",\"urlTemplate\":\"https:\\\/\\\/www.univa.mx\\\/agora\\\/?s={search_term_string}\"},\"query-input\":{\"@type\":\"PropertyValueSpecification\",\"valueRequired\":true,\"valueName\":\"search_term_string\"}}],\"inLanguage\":\"es\"},{\"@type\":\"Person\",\"@id\":\"https:\\\/\\\/www.univa.mx\\\/agora\\\/#\\\/schema\\\/person\\\/698af210c9a2ad5b61255af506d223e3\",\"name\":\"Comunicaci\u00f3n Sistema UNIVA\",\"image\":{\"@type\":\"ImageObject\",\"inLanguage\":\"es\",\"@id\":\"https:\\\/\\\/secure.gravatar.com\\\/avatar\\\/6aa0bbdc2764d6dabb18e0075a849c5887b5f3f2c39e3b19384bfd22e55dba7c?s=96&d=mm&r=g\",\"url\":\"https:\\\/\\\/secure.gravatar.com\\\/avatar\\\/6aa0bbdc2764d6dabb18e0075a849c5887b5f3f2c39e3b19384bfd22e55dba7c?s=96&d=mm&r=g\",\"contentUrl\":\"https:\\\/\\\/secure.gravatar.com\\\/avatar\\\/6aa0bbdc2764d6dabb18e0075a849c5887b5f3f2c39e3b19384bfd22e55dba7c?s=96&d=mm&r=g\",\"caption\":\"Comunicaci\u00f3n Sistema UNIVA\"},\"url\":\"https:\\\/\\\/www.univa.mx\\\/agora\\\/author\\\/gustavo\\\/\"}]}<\/script>\n<!-- \/ Yoast SEO plugin. -->","yoast_head_json":{"title":"LA CARTA DE UN FUTURO NUTRI\u00d3LOGO - \u00c1gora","description":"A lo largo de mi formaci\u00f3n universitaria he aprendido que el crecimiento personal y profesional no depende \u00fanicamente de los conocimientos adquiridos en el aula, sino tambi\u00e9n del compromiso, la disciplina y la constancia con los que enfrentamos cada reto. Mi paso por la universidad ha representado una etapa de grandes aprendizajes que han fortalecido tanto mi preparaci\u00f3n acad\u00e9mica como mi desarrollo personal.","robots":{"index":"index","follow":"follow","max-snippet":"max-snippet:-1","max-image-preview":"max-image-preview:large","max-video-preview":"max-video-preview:-1"},"canonical":"https:\/\/www.univa.mx\/agora\/la-carta-de-un-futuro-nutriologo\/","og_locale":"es_ES","og_type":"article","og_title":"LA CARTA DE UN FUTURO NUTRI\u00d3LOGO - \u00c1gora","og_description":"A lo largo de mi formaci\u00f3n universitaria he aprendido que el crecimiento personal y profesional no depende \u00fanicamente de los conocimientos adquiridos en el aula, sino tambi\u00e9n del compromiso, la disciplina y la constancia con los que enfrentamos cada reto. Mi paso por la universidad ha representado una etapa de grandes aprendizajes que han fortalecido tanto mi preparaci\u00f3n acad\u00e9mica como mi desarrollo personal.","og_url":"https:\/\/www.univa.mx\/agora\/la-carta-de-un-futuro-nutriologo\/","og_site_name":"\u00c1gora","article_published_time":"2026-09-01T15:54:38+00:00","og_image":[{"width":1280,"height":720,"url":"https:\/\/www.univa.mx\/agora\/wp-content\/uploads\/sites\/14\/2026\/09\/Jorge-Jime\u0301nez-Marti\u0301nez.gif","type":"image\/gif"}],"author":"Comunicaci\u00f3n Sistema UNIVA","twitter_card":"summary_large_image","twitter_misc":{"Escrito por":"Comunicaci\u00f3n Sistema UNIVA","Tiempo de lectura":"3 minutos"},"schema":{"@context":"https:\/\/schema.org","@graph":[{"@type":"Article","@id":"https:\/\/www.univa.mx\/agora\/la-carta-de-un-futuro-nutriologo\/#article","isPartOf":{"@id":"https:\/\/www.univa.mx\/agora\/la-carta-de-un-futuro-nutriologo\/"},"author":{"name":"Comunicaci\u00f3n Sistema UNIVA","@id":"https:\/\/www.univa.mx\/agora\/#\/schema\/person\/698af210c9a2ad5b61255af506d223e3"},"headline":"LA CARTA DE UN FUTURO NUTRI\u00d3LOGO","datePublished":"2026-09-01T15:54:38+00:00","mainEntityOfPage":{"@id":"https:\/\/www.univa.mx\/agora\/la-carta-de-un-futuro-nutriologo\/"},"wordCount":502,"image":{"@id":"https:\/\/www.univa.mx\/agora\/la-carta-de-un-futuro-nutriologo\/#primaryimage"},"thumbnailUrl":"https:\/\/www.univa.mx\/agora\/wp-content\/uploads\/sites\/14\/2026\/09\/Jorge-Jime\u0301nez-Marti\u0301nez.gif","articleSection":["L\u00edderes Universitarios","Voces UNIVA"],"inLanguage":"es"},{"@type":"WebPage","@id":"https:\/\/www.univa.mx\/agora\/la-carta-de-un-futuro-nutriologo\/","url":"https:\/\/www.univa.mx\/agora\/la-carta-de-un-futuro-nutriologo\/","name":"LA CARTA DE UN FUTURO NUTRI\u00d3LOGO - \u00c1gora","isPartOf":{"@id":"https:\/\/www.univa.mx\/agora\/#website"},"primaryImageOfPage":{"@id":"https:\/\/www.univa.mx\/agora\/la-carta-de-un-futuro-nutriologo\/#primaryimage"},"image":{"@id":"https:\/\/www.univa.mx\/agora\/la-carta-de-un-futuro-nutriologo\/#primaryimage"},"thumbnailUrl":"https:\/\/www.univa.mx\/agora\/wp-content\/uploads\/sites\/14\/2026\/09\/Jorge-Jime\u0301nez-Marti\u0301nez.gif","datePublished":"2026-09-01T15:54:38+00:00","author":{"@id":"https:\/\/www.univa.mx\/agora\/#\/schema\/person\/698af210c9a2ad5b61255af506d223e3"},"description":"A lo largo de mi formaci\u00f3n universitaria he aprendido que el crecimiento personal y profesional no depende \u00fanicamente de los conocimientos adquiridos en el aula, sino tambi\u00e9n del compromiso, la disciplina y la constancia con los que enfrentamos cada reto. Mi paso por la universidad ha representado una etapa de grandes aprendizajes que han fortalecido tanto mi preparaci\u00f3n acad\u00e9mica como mi desarrollo personal.","breadcrumb":{"@id":"https:\/\/www.univa.mx\/agora\/la-carta-de-un-futuro-nutriologo\/#breadcrumb"},"inLanguage":"es","potentialAction":[{"@type":"ReadAction","target":["https:\/\/www.univa.mx\/agora\/la-carta-de-un-futuro-nutriologo\/"]}]},{"@type":"ImageObject","inLanguage":"es","@id":"https:\/\/www.univa.mx\/agora\/la-carta-de-un-futuro-nutriologo\/#primaryimage","url":"https:\/\/www.univa.mx\/agora\/wp-content\/uploads\/sites\/14\/2026\/09\/Jorge-Jime\u0301nez-Marti\u0301nez.gif","contentUrl":"https:\/\/www.univa.mx\/agora\/wp-content\/uploads\/sites\/14\/2026\/09\/Jorge-Jime\u0301nez-Marti\u0301nez.gif","width":1280,"height":720},{"@type":"BreadcrumbList","@id":"https:\/\/www.univa.mx\/agora\/la-carta-de-un-futuro-nutriologo\/#breadcrumb","itemListElement":[{"@type":"ListItem","position":1,"name":"Portada","item":"https:\/\/www.univa.mx\/agora\/"},{"@type":"ListItem","position":2,"name":"LA CARTA DE UN FUTURO NUTRI\u00d3LOGO"}]},{"@type":"WebSite","@id":"https:\/\/www.univa.mx\/agora\/#website","url":"https:\/\/www.univa.mx\/agora\/","name":"\u00c1gora","description":"","potentialAction":[{"@type":"SearchAction","target":{"@type":"EntryPoint","urlTemplate":"https:\/\/www.univa.mx\/agora\/?s={search_term_string}"},"query-input":{"@type":"PropertyValueSpecification","valueRequired":true,"valueName":"search_term_string"}}],"inLanguage":"es"},{"@type":"Person","@id":"https:\/\/www.univa.mx\/agora\/#\/schema\/person\/698af210c9a2ad5b61255af506d223e3","name":"Comunicaci\u00f3n Sistema UNIVA","image":{"@type":"ImageObject","inLanguage":"es","@id":"https:\/\/secure.gravatar.com\/avatar\/6aa0bbdc2764d6dabb18e0075a849c5887b5f3f2c39e3b19384bfd22e55dba7c?s=96&d=mm&r=g","url":"https:\/\/secure.gravatar.com\/avatar\/6aa0bbdc2764d6dabb18e0075a849c5887b5f3f2c39e3b19384bfd22e55dba7c?s=96&d=mm&r=g","contentUrl":"https:\/\/secure.gravatar.com\/avatar\/6aa0bbdc2764d6dabb18e0075a849c5887b5f3f2c39e3b19384bfd22e55dba7c?s=96&d=mm&r=g","caption":"Comunicaci\u00f3n Sistema UNIVA"},"url":"https:\/\/www.univa.mx\/agora\/author\/gustavo\/"}]}},"_links":{"self":[{"href":"https:\/\/www.univa.mx\/agora\/wp-json\/wp\/v2\/posts\/6260","targetHints":{"allow":["GET"]}}],"collection":[{"href":"https:\/\/www.univa.mx\/agora\/wp-json\/wp\/v2\/posts"}],"about":[{"href":"https:\/\/www.univa.mx\/agora\/wp-json\/wp\/v2\/types\/post"}],"author":[{"embeddable":true,"href":"https:\/\/www.univa.mx\/agora\/wp-json\/wp\/v2\/users\/40"}],"replies":[{"embeddable":true,"href":"https:\/\/www.univa.mx\/agora\/wp-json\/wp\/v2\/comments?post=6260"}],"version-history":[{"count":1,"href":"https:\/\/www.univa.mx\/agora\/wp-json\/wp\/v2\/posts\/6260\/revisions"}],"predecessor-version":[{"id":6262,"href":"https:\/\/www.univa.mx\/agora\/wp-json\/wp\/v2\/posts\/6260\/revisions\/6262"}],"wp:featuredmedia":[{"embeddable":true,"href":"https:\/\/www.univa.mx\/agora\/wp-json\/wp\/v2\/media\/6261"}],"wp:attachment":[{"href":"https:\/\/www.univa.mx\/agora\/wp-json\/wp\/v2\/media?parent=6260"}],"wp:term":[{"taxonomy":"category","embeddable":true,"href":"https:\/\/www.univa.mx\/agora\/wp-json\/wp\/v2\/categories?post=6260"},{"taxonomy":"post_tag","embeddable":true,"href":"https:\/\/www.univa.mx\/agora\/wp-json\/wp\/v2\/tags?post=6260"}],"curies":[{"name":"wp","href":"https:\/\/api.w.org\/{rel}","templated":true}]}}