{"id":521,"date":"2021-10-19T11:36:44","date_gmt":"2021-10-19T16:36:44","guid":{"rendered":"https:\/\/www.univa.mx\/agora\/2021\/10\/19\/entendiendo-el-dolor-a-traves-del-amor\/"},"modified":"2021-10-19T11:36:44","modified_gmt":"2021-10-19T16:36:44","slug":"entendiendo-el-dolor-a-traves-del-amor","status":"publish","type":"post","link":"https:\/\/www.univa.mx\/agora\/entendiendo-el-dolor-a-traves-del-amor\/","title":{"rendered":"Entendiendo el dolor a trav\u00e9s del amor"},"content":{"rendered":"<p><em><strong>Julia Elizabeth Orozco Arce \u00b7 Pasante de la Licenciatura en Psicolog\u00eda<\/strong><\/em><\/p>\n<p>&nbsp;<\/p>\n<p>A lo largo de nuestra vida, hemos escuchado la frase \u201cno combatas fuego con fuego\u201d, siguiendo la l\u00f3gica, si intent\u00e1ramos apagar un incendio arrojando m\u00e1s fuego, no funcionar\u00eda, ya que se propagar\u00eda el incendio. En este a\u00f1o 2020 hemos vivido diferentes acontecimientos, me quisiera enfocar en aquellos que generan violencia hacia cualquier persona. \u00daltimamente, es com\u00fan despertar o dormir leyendo noticias que nos impactan mental y emocionalmente, aquellas en las cuales se habla acerca de huellas de violencia o privaci\u00f3n de la vida.<\/p>\n<p>Si pudiera rescatar algo positivo de estas vivencias, es que la angustia nos ha generado empat\u00eda, comenzamos a cuestionarnos el \u00bfQu\u00e9 pasar\u00eda si yo fuera esa persona? o \u00bfQu\u00e9 tal si alguien de mi familia o de mi c\u00edrculo social se ve envuelta en una situaci\u00f3n de este tipo? Pero, tambi\u00e9n existe el lado negativo, \u00bfcu\u00e1l es? Lo defino con la siguiente pregunta: \u00bfqu\u00e9 ocurre con nuestra humanidad? Es entendible que las protestas son por un bien com\u00fan, es para luchar por lo que se cree, es gratificante alzar la voz y no esperar a que alguien nos de permiso para alzarla, pero eso no significa tener derecho a herir a otro ser humano. En las recientes manifestaciones en la ciudad de Guadalajara, hubo una destinada a polic\u00edas, alguien tom\u00f3 a bien prender fuego a un polic\u00eda impulsado por las voces de \u201cjusticia\u201d y hubo quienes lo llamaron \u201ch\u00e9roe\u201d \u00bfD\u00f3nde comienza nuestra libertad y hasta d\u00f3nde puede llegar sin transgredir a alguien m\u00e1s? Comprendido esto, me enfocar\u00e9 en los ciclos de violencia, <em>Cycles of violence group<\/em> (2005) citado en (Gamarra, 2019) refiere que hay circunstancias como cometer actos violentos contra la familia o alguien querido, son la causa de que aumenten estos ciclos de violencia. As\u00ed mismo como (Galtung, 2004) nos habla del motivo de por qu\u00e9 la venganza es tan frecuente: \u201cEres culpable de lastimarme, soy culpable de lastimarte; t\u00fa y yo somos iguales\u201d (p\u00e1rr. 19), se llega a una supuesta igualdad.<\/p>\n<p>En una de mis series favoritas se menciona la siguiente frase: \u201cCuando te hieren aprendes a odiar, pero cuando hieres a alguien eres odiado, y te empiezas a sentir culpable, sin embargo\u2026 comprender tal dolor te deja ser amable hacia otros, entender el dolor nos ayuda a crecer\u2026\u201d (Kishimoto, 2007).<\/p>\n<p>\u00bfQu\u00e9 pasar\u00eda si hacemos cosas diferentes? (Rom\u00e1n, 2012) Citando a San Agust\u00edn de Hipona, quien refiere \u201cs\u00f3lo cuando miremos hacia el interior de nuestro coraz\u00f3n y descubramos nuestro amor, lograremos triunfar sobre el mal, restablecer el orden moral en nuestras vidas y alcanzar la verdadera felicidad\u201d (p. 6) As\u00ed como para Plat\u00f3n <em>El<\/em> <em>mundo de las ideas<\/em> era el ideal (v\u00e1lgame la redundancia) y no el mundo f\u00edsico, la manera de alcanzarlo era buscando la verdad, y eso es un reflejo de amor, el mismo que predica San Agust\u00edn, al decir que en el coraz\u00f3n humano es donde habita la verdad. Se supone que nosotros estamos luchando para que deje de existir o disminuya la violencia, en cambio, se est\u00e1 pagando con la misma moneda, estamos cayendo en la \u201cigualdad\u201d mencionada con anterioridad, por ende, estamos procreando un ciclo de violencia. Como olvidar cuando Antoine de Saint-Exup\u00e9ry, mencion\u00f3 en su libro El Principito la famosa frase \u201cLo esencial es invisible a los ojos\u201d, eso esencial es el amor. Nos falta amor para entender que el otro tambi\u00e9n siente, al otro tambi\u00e9n le duele, sufre, llora, ama, entiende; para entender que compartimos los mismos sentimientos humanos. No se trata de no alzar la voz, se trata de respetar al otro por el simple hecho de que es un humano como yo y merece el mismo tipo de amor que yo; aunque esa persona nos haya herido, es mejor desearle el amor que le hace falta. Es una tarea dif\u00edcil, es un trabajo personal complicado, pero no imposible de realizar. Quiz\u00e1 eso nos traiga la paz por la que tanto aclamamos y anhelamos.<\/p>\n<p>&nbsp;<\/p>\n<p>Citas<\/p>\n<p>Galtung, J. (2004). Violencia, guerra y su impacto. Sobre los efectos visibles e invisibles de la violencia. Polylog. Foro para la filosof\u00eda cultural, a\u00f1o 2014(n\u00famero 5). Recuperado de http:\/\/them.polylog.org\/5\/fgj-es.htm<\/p>\n<p>Gamarra, A. (2019). <em>El camino del dolor: el discurso sobre el ciclo b\u00e9lico de violencia representado en el anime sh\u014dnen Naruto Shipp\u016bden a partir del relato de Nagato\/Pain <\/em>(Tesis de pregado). PUCP, Lima.<\/p>\n<p>Kishimoto, M. (2007). Naruto: Shipp\u016bden [serie de televisi\u00f3n]. Tokio, Jap\u00f3n.: Pierrot.<\/p>\n<p>Rom\u00e1n, A. (2012).<em> La filosof\u00eda del amor de San Agust\u00edn de Hipona.<\/em><\/p>\n","protected":false},"excerpt":{"rendered":"<p>Julia Elizabeth Orozco Arce \u00b7&#8230;<\/p>\n","protected":false},"author":23,"featured_media":522,"comment_status":"open","ping_status":"open","sticky":false,"template":"","format":"standard","meta":{"footnotes":""},"categories":[7],"tags":[],"class_list":{"0":"post-521","1":"post","2":"type-post","3":"status-publish","4":"format-standard","5":"has-post-thumbnail","7":"category-lideres-universitarios"},"yoast_head":"<!-- This site is optimized with the Yoast SEO plugin v26.6 - https:\/\/yoast.com\/wordpress\/plugins\/seo\/ -->\n<title>Entendiendo el dolor a trav\u00e9s del amor - \u00c1gora<\/title>\n<meta name=\"robots\" content=\"index, follow, max-snippet:-1, max-image-preview:large, max-video-preview:-1\" \/>\n<link rel=\"canonical\" href=\"https:\/\/www.univa.mx\/agora\/entendiendo-el-dolor-a-traves-del-amor\/\" \/>\n<meta property=\"og:locale\" content=\"es_ES\" \/>\n<meta property=\"og:type\" content=\"article\" \/>\n<meta property=\"og:title\" content=\"Entendiendo el dolor a trav\u00e9s del amor - \u00c1gora\" \/>\n<meta property=\"og:description\" content=\"Julia Elizabeth Orozco Arce \u00b7...\" \/>\n<meta property=\"og:url\" content=\"https:\/\/www.univa.mx\/agora\/entendiendo-el-dolor-a-traves-del-amor\/\" \/>\n<meta property=\"og:site_name\" content=\"\u00c1gora\" \/>\n<meta property=\"article:published_time\" content=\"2021-10-19T16:36:44+00:00\" \/>\n<meta property=\"og:image\" content=\"https:\/\/www.univa.mx\/agora\/wp-content\/uploads\/sites\/14\/2021\/10\/UNIVA-Julia-Elizabeth-Orozco-Arce.jpg\" \/>\n\t<meta property=\"og:image:width\" content=\"1280\" \/>\n\t<meta property=\"og:image:height\" content=\"720\" \/>\n\t<meta property=\"og:image:type\" content=\"image\/jpeg\" \/>\n<meta name=\"author\" content=\"adminretorno\" \/>\n<meta name=\"twitter:card\" content=\"summary_large_image\" \/>\n<meta name=\"twitter:label1\" content=\"Escrito por\" \/>\n\t<meta name=\"twitter:data1\" content=\"adminretorno\" \/>\n\t<meta name=\"twitter:label2\" content=\"Tiempo de lectura\" \/>\n\t<meta name=\"twitter:data2\" content=\"4 minutos\" \/>\n<script type=\"application\/ld+json\" class=\"yoast-schema-graph\">{\"@context\":\"https:\/\/schema.org\",\"@graph\":[{\"@type\":\"WebPage\",\"@id\":\"https:\/\/www.univa.mx\/agora\/entendiendo-el-dolor-a-traves-del-amor\/\",\"url\":\"https:\/\/www.univa.mx\/agora\/entendiendo-el-dolor-a-traves-del-amor\/\",\"name\":\"Entendiendo el dolor a trav\u00e9s del amor - \u00c1gora\",\"isPartOf\":{\"@id\":\"https:\/\/www.univa.mx\/agora\/#website\"},\"primaryImageOfPage\":{\"@id\":\"https:\/\/www.univa.mx\/agora\/entendiendo-el-dolor-a-traves-del-amor\/#primaryimage\"},\"image\":{\"@id\":\"https:\/\/www.univa.mx\/agora\/entendiendo-el-dolor-a-traves-del-amor\/#primaryimage\"},\"thumbnailUrl\":\"https:\/\/www.univa.mx\/agora\/wp-content\/uploads\/sites\/14\/2021\/10\/UNIVA-Julia-Elizabeth-Orozco-Arce.jpg\",\"datePublished\":\"2021-10-19T16:36:44+00:00\",\"author\":{\"@id\":\"https:\/\/www.univa.mx\/agora\/#\/schema\/person\/3845b1b0bf50f368229716f0ece5d83e\"},\"breadcrumb\":{\"@id\":\"https:\/\/www.univa.mx\/agora\/entendiendo-el-dolor-a-traves-del-amor\/#breadcrumb\"},\"inLanguage\":\"es\",\"potentialAction\":[{\"@type\":\"ReadAction\",\"target\":[\"https:\/\/www.univa.mx\/agora\/entendiendo-el-dolor-a-traves-del-amor\/\"]}]},{\"@type\":\"ImageObject\",\"inLanguage\":\"es\",\"@id\":\"https:\/\/www.univa.mx\/agora\/entendiendo-el-dolor-a-traves-del-amor\/#primaryimage\",\"url\":\"https:\/\/www.univa.mx\/agora\/wp-content\/uploads\/sites\/14\/2021\/10\/UNIVA-Julia-Elizabeth-Orozco-Arce.jpg\",\"contentUrl\":\"https:\/\/www.univa.mx\/agora\/wp-content\/uploads\/sites\/14\/2021\/10\/UNIVA-Julia-Elizabeth-Orozco-Arce.jpg\",\"width\":1280,\"height\":720},{\"@type\":\"BreadcrumbList\",\"@id\":\"https:\/\/www.univa.mx\/agora\/entendiendo-el-dolor-a-traves-del-amor\/#breadcrumb\",\"itemListElement\":[{\"@type\":\"ListItem\",\"position\":1,\"name\":\"Portada\",\"item\":\"https:\/\/www.univa.mx\/agora\/\"},{\"@type\":\"ListItem\",\"position\":2,\"name\":\"Entendiendo el dolor a trav\u00e9s del amor\"}]},{\"@type\":\"WebSite\",\"@id\":\"https:\/\/www.univa.mx\/agora\/#website\",\"url\":\"https:\/\/www.univa.mx\/agora\/\",\"name\":\"\u00c1gora\",\"description\":\"\",\"potentialAction\":[{\"@type\":\"SearchAction\",\"target\":{\"@type\":\"EntryPoint\",\"urlTemplate\":\"https:\/\/www.univa.mx\/agora\/?s={search_term_string}\"},\"query-input\":{\"@type\":\"PropertyValueSpecification\",\"valueRequired\":true,\"valueName\":\"search_term_string\"}}],\"inLanguage\":\"es\"},{\"@type\":\"Person\",\"@id\":\"https:\/\/www.univa.mx\/agora\/#\/schema\/person\/3845b1b0bf50f368229716f0ece5d83e\",\"name\":\"adminretorno\",\"image\":{\"@type\":\"ImageObject\",\"inLanguage\":\"es\",\"@id\":\"https:\/\/www.univa.mx\/agora\/#\/schema\/person\/image\/\",\"url\":\"https:\/\/secure.gravatar.com\/avatar\/31e4c0ce97a1a5f168951f376c35a65a72a9f2c3c3d8234c586b3b68e46ee561?s=96&d=mm&r=g\",\"contentUrl\":\"https:\/\/secure.gravatar.com\/avatar\/31e4c0ce97a1a5f168951f376c35a65a72a9f2c3c3d8234c586b3b68e46ee561?s=96&d=mm&r=g\",\"caption\":\"adminretorno\"},\"url\":\"https:\/\/www.univa.mx\/agora\/author\/adminretorno\/\"}]}<\/script>\n<!-- \/ Yoast SEO plugin. -->","yoast_head_json":{"title":"Entendiendo el dolor a trav\u00e9s del amor - \u00c1gora","robots":{"index":"index","follow":"follow","max-snippet":"max-snippet:-1","max-image-preview":"max-image-preview:large","max-video-preview":"max-video-preview:-1"},"canonical":"https:\/\/www.univa.mx\/agora\/entendiendo-el-dolor-a-traves-del-amor\/","og_locale":"es_ES","og_type":"article","og_title":"Entendiendo el dolor a trav\u00e9s del amor - \u00c1gora","og_description":"Julia Elizabeth Orozco Arce \u00b7...","og_url":"https:\/\/www.univa.mx\/agora\/entendiendo-el-dolor-a-traves-del-amor\/","og_site_name":"\u00c1gora","article_published_time":"2021-10-19T16:36:44+00:00","og_image":[{"width":1280,"height":720,"url":"https:\/\/www.univa.mx\/agora\/wp-content\/uploads\/sites\/14\/2021\/10\/UNIVA-Julia-Elizabeth-Orozco-Arce.jpg","type":"image\/jpeg"}],"author":"adminretorno","twitter_card":"summary_large_image","twitter_misc":{"Escrito por":"adminretorno","Tiempo de lectura":"4 minutos"},"schema":{"@context":"https:\/\/schema.org","@graph":[{"@type":"WebPage","@id":"https:\/\/www.univa.mx\/agora\/entendiendo-el-dolor-a-traves-del-amor\/","url":"https:\/\/www.univa.mx\/agora\/entendiendo-el-dolor-a-traves-del-amor\/","name":"Entendiendo el dolor a trav\u00e9s del amor - \u00c1gora","isPartOf":{"@id":"https:\/\/www.univa.mx\/agora\/#website"},"primaryImageOfPage":{"@id":"https:\/\/www.univa.mx\/agora\/entendiendo-el-dolor-a-traves-del-amor\/#primaryimage"},"image":{"@id":"https:\/\/www.univa.mx\/agora\/entendiendo-el-dolor-a-traves-del-amor\/#primaryimage"},"thumbnailUrl":"https:\/\/www.univa.mx\/agora\/wp-content\/uploads\/sites\/14\/2021\/10\/UNIVA-Julia-Elizabeth-Orozco-Arce.jpg","datePublished":"2021-10-19T16:36:44+00:00","author":{"@id":"https:\/\/www.univa.mx\/agora\/#\/schema\/person\/3845b1b0bf50f368229716f0ece5d83e"},"breadcrumb":{"@id":"https:\/\/www.univa.mx\/agora\/entendiendo-el-dolor-a-traves-del-amor\/#breadcrumb"},"inLanguage":"es","potentialAction":[{"@type":"ReadAction","target":["https:\/\/www.univa.mx\/agora\/entendiendo-el-dolor-a-traves-del-amor\/"]}]},{"@type":"ImageObject","inLanguage":"es","@id":"https:\/\/www.univa.mx\/agora\/entendiendo-el-dolor-a-traves-del-amor\/#primaryimage","url":"https:\/\/www.univa.mx\/agora\/wp-content\/uploads\/sites\/14\/2021\/10\/UNIVA-Julia-Elizabeth-Orozco-Arce.jpg","contentUrl":"https:\/\/www.univa.mx\/agora\/wp-content\/uploads\/sites\/14\/2021\/10\/UNIVA-Julia-Elizabeth-Orozco-Arce.jpg","width":1280,"height":720},{"@type":"BreadcrumbList","@id":"https:\/\/www.univa.mx\/agora\/entendiendo-el-dolor-a-traves-del-amor\/#breadcrumb","itemListElement":[{"@type":"ListItem","position":1,"name":"Portada","item":"https:\/\/www.univa.mx\/agora\/"},{"@type":"ListItem","position":2,"name":"Entendiendo el dolor a trav\u00e9s del amor"}]},{"@type":"WebSite","@id":"https:\/\/www.univa.mx\/agora\/#website","url":"https:\/\/www.univa.mx\/agora\/","name":"\u00c1gora","description":"","potentialAction":[{"@type":"SearchAction","target":{"@type":"EntryPoint","urlTemplate":"https:\/\/www.univa.mx\/agora\/?s={search_term_string}"},"query-input":{"@type":"PropertyValueSpecification","valueRequired":true,"valueName":"search_term_string"}}],"inLanguage":"es"},{"@type":"Person","@id":"https:\/\/www.univa.mx\/agora\/#\/schema\/person\/3845b1b0bf50f368229716f0ece5d83e","name":"adminretorno","image":{"@type":"ImageObject","inLanguage":"es","@id":"https:\/\/www.univa.mx\/agora\/#\/schema\/person\/image\/","url":"https:\/\/secure.gravatar.com\/avatar\/31e4c0ce97a1a5f168951f376c35a65a72a9f2c3c3d8234c586b3b68e46ee561?s=96&d=mm&r=g","contentUrl":"https:\/\/secure.gravatar.com\/avatar\/31e4c0ce97a1a5f168951f376c35a65a72a9f2c3c3d8234c586b3b68e46ee561?s=96&d=mm&r=g","caption":"adminretorno"},"url":"https:\/\/www.univa.mx\/agora\/author\/adminretorno\/"}]}},"_links":{"self":[{"href":"https:\/\/www.univa.mx\/agora\/wp-json\/wp\/v2\/posts\/521","targetHints":{"allow":["GET"]}}],"collection":[{"href":"https:\/\/www.univa.mx\/agora\/wp-json\/wp\/v2\/posts"}],"about":[{"href":"https:\/\/www.univa.mx\/agora\/wp-json\/wp\/v2\/types\/post"}],"author":[{"embeddable":true,"href":"https:\/\/www.univa.mx\/agora\/wp-json\/wp\/v2\/users\/23"}],"replies":[{"embeddable":true,"href":"https:\/\/www.univa.mx\/agora\/wp-json\/wp\/v2\/comments?post=521"}],"version-history":[{"count":0,"href":"https:\/\/www.univa.mx\/agora\/wp-json\/wp\/v2\/posts\/521\/revisions"}],"wp:featuredmedia":[{"embeddable":true,"href":"https:\/\/www.univa.mx\/agora\/wp-json\/wp\/v2\/media\/522"}],"wp:attachment":[{"href":"https:\/\/www.univa.mx\/agora\/wp-json\/wp\/v2\/media?parent=521"}],"wp:term":[{"taxonomy":"category","embeddable":true,"href":"https:\/\/www.univa.mx\/agora\/wp-json\/wp\/v2\/categories?post=521"},{"taxonomy":"post_tag","embeddable":true,"href":"https:\/\/www.univa.mx\/agora\/wp-json\/wp\/v2\/tags?post=521"}],"curies":[{"name":"wp","href":"https:\/\/api.w.org\/{rel}","templated":true}]}}