{"id":519,"date":"2021-10-19T11:36:43","date_gmt":"2021-10-19T16:36:43","guid":{"rendered":"https:\/\/www.univa.mx\/agora\/2021\/10\/19\/trastornos-de-la-conducta-alimentaria\/"},"modified":"2021-10-19T11:36:43","modified_gmt":"2021-10-19T16:36:43","slug":"trastornos-de-la-conducta-alimentaria","status":"publish","type":"post","link":"https:\/\/www.univa.mx\/agora\/trastornos-de-la-conducta-alimentaria\/","title":{"rendered":"Trastornos de la conducta alimentaria"},"content":{"rendered":"<p><em><strong>Brenda Ahtziri Espinoza Mart\u00ednez \u2022 Pasante de la Licenciatura en Nutrici\u00f3n<\/strong><\/em><\/p>\n<p>&nbsp;<\/p>\n<p>Los trastornos de la conducta alimentaria se conocen como alteraciones en relaci\u00f3n con los alimentos, en personas que presentan distorsiones mentales relacionadas con los h\u00e1bitos de comida. Es una enfermedad que se clasifica en: anorexia nerviosa, bulimia nerviosa, trastornos alimenticios no especificados y trastorno por atrac\u00f3n. Estas distorsiones son m\u00e1s comunes en mujeres durante la adolescencia llegando volverse enfermedades cr\u00f3nicas. No se ha podido encontrar el origen preciso, no existen tratamientos farmacol\u00f3gicos o nutricionales efectivos con evidencia cient\u00edfica. La \u00fanica eficacia demostrada es mediante grupos interdisciplinarios: psic\u00f3logos, psiquiatras, m\u00e9dicos internistas, endocrin\u00f3logos y nutri\u00f3logos.<\/p>\n<p>&nbsp;<\/p>\n<p><em>Anorexia nerviosa:<\/em><\/p>\n<p>La anorexia nerviosa es el trastorno de la alimentaci\u00f3n m\u00e1s grave, es una enfermedad que se caracteriza con la obsesi\u00f3n e insatisfacci\u00f3n permanente con la delgadez, aun llegando a la emaciaci\u00f3n, los pacientes contin\u00faan desarrollando alteraciones como purgas, dietas, ejercicio excesivo o ayuno. El \u00fanico est\u00edmulo o motivaci\u00f3n es perder cada vez m\u00e1s peso. Al mismo tiempo, esta conducta provoca otras alteraciones: end\u00f3crinas, hidroel\u00e9ctricas, cardiovasculares, digestivas, hep\u00e1ticas, neurol\u00f3gicas y presencia de depresi\u00f3n.<\/p>\n<p><em>Bulimia nerviosa:<\/em><\/p>\n<p>La bulimia nerviosa se caracteriza por sufrir episodios de atracones compulsivos, preocupaci\u00f3n de no ganar peso, conductas compensatorias, sentimiento de culpa y sensaci\u00f3n de p\u00e9rdida de control. Se utilizan diferentes m\u00e9todos para compensar los atracones, siendo lo m\u00e1s habitual el v\u00f3mito, uso de laxantes, diur\u00e9ticos, ayuno, ejercicio f\u00edsico intenso, abstinencia de alimentos las primeras horas del d\u00eda y comer excesivamente por la tarde o por la noche. Este tipo de trastorno en muchas ocasiones presentan conductas de abuso de alcohol o drogas.<\/p>\n<p><em>Trastornos alimenticios no especificados:<\/em><\/p>\n<p>Los trastornos alimenticios no especificados no cumplen los criterios espec\u00edficos para el diagn\u00f3stico y se debe tomar en cuenta la relevancia cl\u00ednica de signos y s\u00edntomas para descartar criterios de anorexia o bulimia. Se deben detectar a tiempo, ya que es lo m\u00e1s com\u00fan en las cl\u00ednicas con una prevalencia del 60%.<\/p>\n<p><em>Trastorno por atrac\u00f3n:<\/em><\/p>\n<p>El trastorno por atrac\u00f3n se debe tomar en cuenta el contexto que lo produce, es decir, lo que se considera atrac\u00f3n normal no es lo mismo por ejemplo en una fiesta, los atracones pueden comenzar en un restaurante y continuar en casa, no se considera atrac\u00f3n al ir picando peque\u00f1as cantidades de comida a lo largo del d\u00eda, en los atracones se consumen alimentos con alto contenido cal\u00f3rico como dulces. Los atracones por lo general son a escondidas o disimuladamente, tambi\u00e9n se relacionan con la obsesi\u00f3n de la silueta y el peso.<\/p>\n<p>Para concluir, vale la pena observar a cada paciente sin ignorar las diferencias cl\u00ednicas que existen entre cada trastorno de la conducta alimentaria. Se trata de promover una percepci\u00f3n m\u00e1s din\u00e1mica de estos fen\u00f3menos. Un trato mucho m\u00e1s flexible y din\u00e1mico resulta de gran utilidad para comprender estos padecimientos.<\/p>\n","protected":false},"excerpt":{"rendered":"<p>Brenda Ahtziri Espinoza Mart\u00ednez \u2022&#8230;<\/p>\n","protected":false},"author":23,"featured_media":520,"comment_status":"open","ping_status":"open","sticky":false,"template":"","format":"standard","meta":{"footnotes":""},"categories":[7],"tags":[],"class_list":{"0":"post-519","1":"post","2":"type-post","3":"status-publish","4":"format-standard","5":"has-post-thumbnail","7":"category-lideres-universitarios"},"yoast_head":"<!-- This site is optimized with the Yoast SEO plugin v26.6 - https:\/\/yoast.com\/wordpress\/plugins\/seo\/ -->\n<title>Trastornos de la conducta alimentaria - \u00c1gora<\/title>\n<meta name=\"robots\" content=\"index, follow, max-snippet:-1, max-image-preview:large, max-video-preview:-1\" \/>\n<link rel=\"canonical\" href=\"https:\/\/www.univa.mx\/agora\/trastornos-de-la-conducta-alimentaria\/\" \/>\n<meta property=\"og:locale\" content=\"es_ES\" \/>\n<meta property=\"og:type\" content=\"article\" \/>\n<meta property=\"og:title\" content=\"Trastornos de la conducta alimentaria - \u00c1gora\" \/>\n<meta property=\"og:description\" content=\"Brenda Ahtziri Espinoza Mart\u00ednez \u2022...\" \/>\n<meta property=\"og:url\" content=\"https:\/\/www.univa.mx\/agora\/trastornos-de-la-conducta-alimentaria\/\" \/>\n<meta property=\"og:site_name\" content=\"\u00c1gora\" \/>\n<meta property=\"article:published_time\" content=\"2021-10-19T16:36:43+00:00\" \/>\n<meta property=\"og:image\" content=\"https:\/\/www.univa.mx\/agora\/wp-content\/uploads\/sites\/14\/2021\/10\/UNIVA-Brenda-A.-Espinoza-Marti\u0301nez.jpg\" \/>\n\t<meta property=\"og:image:width\" content=\"1280\" \/>\n\t<meta property=\"og:image:height\" content=\"720\" \/>\n\t<meta property=\"og:image:type\" content=\"image\/jpeg\" \/>\n<meta name=\"author\" content=\"adminretorno\" \/>\n<meta name=\"twitter:card\" content=\"summary_large_image\" \/>\n<meta name=\"twitter:label1\" content=\"Escrito por\" \/>\n\t<meta name=\"twitter:data1\" content=\"adminretorno\" \/>\n\t<meta name=\"twitter:label2\" content=\"Tiempo de lectura\" \/>\n\t<meta name=\"twitter:data2\" content=\"3 minutos\" \/>\n<script type=\"application\/ld+json\" class=\"yoast-schema-graph\">{\"@context\":\"https:\/\/schema.org\",\"@graph\":[{\"@type\":\"WebPage\",\"@id\":\"https:\/\/www.univa.mx\/agora\/trastornos-de-la-conducta-alimentaria\/\",\"url\":\"https:\/\/www.univa.mx\/agora\/trastornos-de-la-conducta-alimentaria\/\",\"name\":\"Trastornos de la conducta alimentaria - \u00c1gora\",\"isPartOf\":{\"@id\":\"https:\/\/www.univa.mx\/agora\/#website\"},\"primaryImageOfPage\":{\"@id\":\"https:\/\/www.univa.mx\/agora\/trastornos-de-la-conducta-alimentaria\/#primaryimage\"},\"image\":{\"@id\":\"https:\/\/www.univa.mx\/agora\/trastornos-de-la-conducta-alimentaria\/#primaryimage\"},\"thumbnailUrl\":\"https:\/\/www.univa.mx\/agora\/wp-content\/uploads\/sites\/14\/2021\/10\/UNIVA-Brenda-A.-Espinoza-Marti\u0301nez.jpg\",\"datePublished\":\"2021-10-19T16:36:43+00:00\",\"author\":{\"@id\":\"https:\/\/www.univa.mx\/agora\/#\/schema\/person\/3845b1b0bf50f368229716f0ece5d83e\"},\"breadcrumb\":{\"@id\":\"https:\/\/www.univa.mx\/agora\/trastornos-de-la-conducta-alimentaria\/#breadcrumb\"},\"inLanguage\":\"es\",\"potentialAction\":[{\"@type\":\"ReadAction\",\"target\":[\"https:\/\/www.univa.mx\/agora\/trastornos-de-la-conducta-alimentaria\/\"]}]},{\"@type\":\"ImageObject\",\"inLanguage\":\"es\",\"@id\":\"https:\/\/www.univa.mx\/agora\/trastornos-de-la-conducta-alimentaria\/#primaryimage\",\"url\":\"https:\/\/www.univa.mx\/agora\/wp-content\/uploads\/sites\/14\/2021\/10\/UNIVA-Brenda-A.-Espinoza-Marti\u0301nez.jpg\",\"contentUrl\":\"https:\/\/www.univa.mx\/agora\/wp-content\/uploads\/sites\/14\/2021\/10\/UNIVA-Brenda-A.-Espinoza-Marti\u0301nez.jpg\",\"width\":1280,\"height\":720},{\"@type\":\"BreadcrumbList\",\"@id\":\"https:\/\/www.univa.mx\/agora\/trastornos-de-la-conducta-alimentaria\/#breadcrumb\",\"itemListElement\":[{\"@type\":\"ListItem\",\"position\":1,\"name\":\"Portada\",\"item\":\"https:\/\/www.univa.mx\/agora\/\"},{\"@type\":\"ListItem\",\"position\":2,\"name\":\"Trastornos de la conducta alimentaria\"}]},{\"@type\":\"WebSite\",\"@id\":\"https:\/\/www.univa.mx\/agora\/#website\",\"url\":\"https:\/\/www.univa.mx\/agora\/\",\"name\":\"\u00c1gora\",\"description\":\"\",\"potentialAction\":[{\"@type\":\"SearchAction\",\"target\":{\"@type\":\"EntryPoint\",\"urlTemplate\":\"https:\/\/www.univa.mx\/agora\/?s={search_term_string}\"},\"query-input\":{\"@type\":\"PropertyValueSpecification\",\"valueRequired\":true,\"valueName\":\"search_term_string\"}}],\"inLanguage\":\"es\"},{\"@type\":\"Person\",\"@id\":\"https:\/\/www.univa.mx\/agora\/#\/schema\/person\/3845b1b0bf50f368229716f0ece5d83e\",\"name\":\"adminretorno\",\"image\":{\"@type\":\"ImageObject\",\"inLanguage\":\"es\",\"@id\":\"https:\/\/www.univa.mx\/agora\/#\/schema\/person\/image\/\",\"url\":\"https:\/\/secure.gravatar.com\/avatar\/31e4c0ce97a1a5f168951f376c35a65a72a9f2c3c3d8234c586b3b68e46ee561?s=96&d=mm&r=g\",\"contentUrl\":\"https:\/\/secure.gravatar.com\/avatar\/31e4c0ce97a1a5f168951f376c35a65a72a9f2c3c3d8234c586b3b68e46ee561?s=96&d=mm&r=g\",\"caption\":\"adminretorno\"},\"url\":\"https:\/\/www.univa.mx\/agora\/author\/adminretorno\/\"}]}<\/script>\n<!-- \/ Yoast SEO plugin. -->","yoast_head_json":{"title":"Trastornos de la conducta alimentaria - \u00c1gora","robots":{"index":"index","follow":"follow","max-snippet":"max-snippet:-1","max-image-preview":"max-image-preview:large","max-video-preview":"max-video-preview:-1"},"canonical":"https:\/\/www.univa.mx\/agora\/trastornos-de-la-conducta-alimentaria\/","og_locale":"es_ES","og_type":"article","og_title":"Trastornos de la conducta alimentaria - \u00c1gora","og_description":"Brenda Ahtziri Espinoza Mart\u00ednez \u2022...","og_url":"https:\/\/www.univa.mx\/agora\/trastornos-de-la-conducta-alimentaria\/","og_site_name":"\u00c1gora","article_published_time":"2021-10-19T16:36:43+00:00","og_image":[{"width":1280,"height":720,"url":"https:\/\/www.univa.mx\/agora\/wp-content\/uploads\/sites\/14\/2021\/10\/UNIVA-Brenda-A.-Espinoza-Marti\u0301nez.jpg","type":"image\/jpeg"}],"author":"adminretorno","twitter_card":"summary_large_image","twitter_misc":{"Escrito por":"adminretorno","Tiempo de lectura":"3 minutos"},"schema":{"@context":"https:\/\/schema.org","@graph":[{"@type":"WebPage","@id":"https:\/\/www.univa.mx\/agora\/trastornos-de-la-conducta-alimentaria\/","url":"https:\/\/www.univa.mx\/agora\/trastornos-de-la-conducta-alimentaria\/","name":"Trastornos de la conducta alimentaria - \u00c1gora","isPartOf":{"@id":"https:\/\/www.univa.mx\/agora\/#website"},"primaryImageOfPage":{"@id":"https:\/\/www.univa.mx\/agora\/trastornos-de-la-conducta-alimentaria\/#primaryimage"},"image":{"@id":"https:\/\/www.univa.mx\/agora\/trastornos-de-la-conducta-alimentaria\/#primaryimage"},"thumbnailUrl":"https:\/\/www.univa.mx\/agora\/wp-content\/uploads\/sites\/14\/2021\/10\/UNIVA-Brenda-A.-Espinoza-Marti\u0301nez.jpg","datePublished":"2021-10-19T16:36:43+00:00","author":{"@id":"https:\/\/www.univa.mx\/agora\/#\/schema\/person\/3845b1b0bf50f368229716f0ece5d83e"},"breadcrumb":{"@id":"https:\/\/www.univa.mx\/agora\/trastornos-de-la-conducta-alimentaria\/#breadcrumb"},"inLanguage":"es","potentialAction":[{"@type":"ReadAction","target":["https:\/\/www.univa.mx\/agora\/trastornos-de-la-conducta-alimentaria\/"]}]},{"@type":"ImageObject","inLanguage":"es","@id":"https:\/\/www.univa.mx\/agora\/trastornos-de-la-conducta-alimentaria\/#primaryimage","url":"https:\/\/www.univa.mx\/agora\/wp-content\/uploads\/sites\/14\/2021\/10\/UNIVA-Brenda-A.-Espinoza-Marti\u0301nez.jpg","contentUrl":"https:\/\/www.univa.mx\/agora\/wp-content\/uploads\/sites\/14\/2021\/10\/UNIVA-Brenda-A.-Espinoza-Marti\u0301nez.jpg","width":1280,"height":720},{"@type":"BreadcrumbList","@id":"https:\/\/www.univa.mx\/agora\/trastornos-de-la-conducta-alimentaria\/#breadcrumb","itemListElement":[{"@type":"ListItem","position":1,"name":"Portada","item":"https:\/\/www.univa.mx\/agora\/"},{"@type":"ListItem","position":2,"name":"Trastornos de la conducta alimentaria"}]},{"@type":"WebSite","@id":"https:\/\/www.univa.mx\/agora\/#website","url":"https:\/\/www.univa.mx\/agora\/","name":"\u00c1gora","description":"","potentialAction":[{"@type":"SearchAction","target":{"@type":"EntryPoint","urlTemplate":"https:\/\/www.univa.mx\/agora\/?s={search_term_string}"},"query-input":{"@type":"PropertyValueSpecification","valueRequired":true,"valueName":"search_term_string"}}],"inLanguage":"es"},{"@type":"Person","@id":"https:\/\/www.univa.mx\/agora\/#\/schema\/person\/3845b1b0bf50f368229716f0ece5d83e","name":"adminretorno","image":{"@type":"ImageObject","inLanguage":"es","@id":"https:\/\/www.univa.mx\/agora\/#\/schema\/person\/image\/","url":"https:\/\/secure.gravatar.com\/avatar\/31e4c0ce97a1a5f168951f376c35a65a72a9f2c3c3d8234c586b3b68e46ee561?s=96&d=mm&r=g","contentUrl":"https:\/\/secure.gravatar.com\/avatar\/31e4c0ce97a1a5f168951f376c35a65a72a9f2c3c3d8234c586b3b68e46ee561?s=96&d=mm&r=g","caption":"adminretorno"},"url":"https:\/\/www.univa.mx\/agora\/author\/adminretorno\/"}]}},"_links":{"self":[{"href":"https:\/\/www.univa.mx\/agora\/wp-json\/wp\/v2\/posts\/519","targetHints":{"allow":["GET"]}}],"collection":[{"href":"https:\/\/www.univa.mx\/agora\/wp-json\/wp\/v2\/posts"}],"about":[{"href":"https:\/\/www.univa.mx\/agora\/wp-json\/wp\/v2\/types\/post"}],"author":[{"embeddable":true,"href":"https:\/\/www.univa.mx\/agora\/wp-json\/wp\/v2\/users\/23"}],"replies":[{"embeddable":true,"href":"https:\/\/www.univa.mx\/agora\/wp-json\/wp\/v2\/comments?post=519"}],"version-history":[{"count":0,"href":"https:\/\/www.univa.mx\/agora\/wp-json\/wp\/v2\/posts\/519\/revisions"}],"wp:featuredmedia":[{"embeddable":true,"href":"https:\/\/www.univa.mx\/agora\/wp-json\/wp\/v2\/media\/520"}],"wp:attachment":[{"href":"https:\/\/www.univa.mx\/agora\/wp-json\/wp\/v2\/media?parent=519"}],"wp:term":[{"taxonomy":"category","embeddable":true,"href":"https:\/\/www.univa.mx\/agora\/wp-json\/wp\/v2\/categories?post=519"},{"taxonomy":"post_tag","embeddable":true,"href":"https:\/\/www.univa.mx\/agora\/wp-json\/wp\/v2\/tags?post=519"}],"curies":[{"name":"wp","href":"https:\/\/api.w.org\/{rel}","templated":true}]}}