{"id":4741,"date":"2025-04-30T09:00:06","date_gmt":"2025-04-30T15:00:06","guid":{"rendered":"https:\/\/www.univa.mx\/agora\/?p=4741"},"modified":"2025-04-29T16:14:59","modified_gmt":"2025-04-29T22:14:59","slug":"vision-del-ser-humano-segun-maria-zambrano","status":"publish","type":"post","link":"https:\/\/www.univa.mx\/agora\/vision-del-ser-humano-segun-maria-zambrano\/","title":{"rendered":"Visi\u00f3n del ser humano seg\u00fan Mar\u00eda Zambrano"},"content":{"rendered":"<div class=\"x_elementToProof\" data-olk-copy-source=\"MessageBody\"><em><strong>Mar\u00eda Magdalena Ram\u00edrez \u00b7 Estudiante en Nutrici\u00f3n Le\u00f3n<\/strong><\/em><\/div>\n<div data-olk-copy-source=\"MessageBody\"><\/div>\n<div data-olk-copy-source=\"MessageBody\">Las obras de Mar\u00eda Zambrano constituyen un referente fundamental y trascendental dentro de la filosof\u00eda contempor\u00e1nea, destacando por su capacidad de entrelazar lo filos\u00f3fico con lo po\u00e9tico y lo existencial. En El hombre y lo divino, la autora aborda una de las cuestiones m\u00e1s profundas de la experiencia humana: la relaci\u00f3n entre el ser humano y lo trascendente. A partir de una cr\u00edtica a las nociones tradicionales de lo divino, Zambrano propone una visi\u00f3n antropol\u00f3gica en la que la espiritualidad se erige como eje central para comprender la esencia del ser humano.<\/div>\n<div data-olk-copy-source=\"MessageBody\">\n<p>Este art\u00edculo tiene como prop\u00f3sito explorar la visi\u00f3n antropol\u00f3gica de Mar\u00eda Zambrano a trav\u00e9s de El hombre y lo divino, analizando c\u00f3mo comprende y articula la relaci\u00f3n entre lo sagrado, la subjetividad y la conciencia. A lo largo de la investigaci\u00f3n, se busca identificar las ideas clave de su pensamiento, resaltando c\u00f3mo la dimensi\u00f3n espiritual de la existencia se convierte en un punto de partida para comprender la totalidad del ser humano.<\/p>\n<p>La relevancia de esta investigaci\u00f3n radica en evidenciar c\u00f3mo la obra de Zambrano ofrece una propuesta singular e inmersiva dentro del marco de la antropolog\u00eda filos\u00f3fica contempor\u00e1nea. En un contexto hist\u00f3rico dominado por perspectivas materialistas y racionalistas, su pensamiento invita a repensar la naturaleza humana desde una visi\u00f3n integradora que incluye la raz\u00f3n, la emoci\u00f3n y la espiritualidad. Zambrano no concibe lo divino como una abstracci\u00f3n distante, sino como una experiencia vivida que constituye parte esencial de lo humano.<\/p>\n<p>As\u00ed, su propuesta nos invita a reflexionar, desde una perspectiva contempor\u00e1nea, sobre conceptos fundamentales como la identidad, la trascendencia y la subjetividad.<\/p>\n<p><strong>Marco Te\u00f3rico<\/strong><\/p>\n<\/div>\n<p>Mar\u00eda Zambrano Alarc\u00f3n Mar\u00eda Zambrano Alarc\u00f3n naci\u00f3 el 22 de abril de 1904 en V\u00e9lez-M\u00e1laga, Espa\u00f1a, y falleci\u00f3 el 6 de febrero de 1991. Proveniente de una familia con un profundo compromiso intelectual y social, creci\u00f3 en un entorno humanista marcado por la influencia de su padre, pedagogo de profesi\u00f3n, quien le inculc\u00f3 valores centrados en la reflexi\u00f3n cr\u00edtica y el pensamiento \u00e9tico.<\/p>\n<p>A los cuatro a\u00f1os, la familia se traslad\u00f3 a Segovia, donde Zambrano estuvo expuesta al pensamiento progresista de la \u00e9poca, experiencia que influy\u00f3 significativamente en la formaci\u00f3n de su pensamiento. Entre 1924 y 1927 curs\u00f3 estudios de Filosof\u00eda en la Universidad Central de Madrid, donde tuvo como profesores a figuras influyentes como Jos\u00e9 Ortega y Gasset \u2014quien dej\u00f3 una profunda huella en su pensamiento a trav\u00e9s de su filosof\u00eda vitalista\u2014, Manuel Garc\u00eda Morente, Juli\u00e1n Besteiro y Xavier Zubiri.<\/p>\n<p>Durante los a\u00f1os previos a la Guerra Civil Espa\u00f1ola, Mar\u00eda Zambrano se identific\u00f3 con el proyecto republicano, defendiendo una concepci\u00f3n de la educaci\u00f3n como herramienta de transformaci\u00f3n social. Esta etapa reforz\u00f3 su inter\u00e9s por el v\u00ednculo entre filosof\u00eda, pol\u00edtica y espiritualidad. En 1930 public\u00f3 su primera obra, Nuevo del liberalismo, y a partir de 1931 se desempe\u00f1\u00f3 como profesora auxiliar de la C\u00e1tedra de Metaf\u00edsica en la Universidad Central. En 1932 comenz\u00f3 a colaborar en destacadas publicaciones como Revista de Occidente, Cruz y Raya y Hora de Espa\u00f1a.<\/p>\n<p>El estallido de la Guerra Civil y su apoyo al bando republicano la llevaron al exilio, una experiencia que marc\u00f3 profundamente su pensamiento, en particular su visi\u00f3n sobre la identidad, la p\u00e9rdida y la trascendencia. Tras cruzar la frontera hacia Francia, vivi\u00f3 en ciudades como Par\u00eds, Nueva York y La Habana, hasta establecerse en M\u00e9xico. All\u00ed imparti\u00f3 clases de Filosof\u00eda en la Universidad de San Nicol\u00e1s de Hidalgo, en Morelia, y entabl\u00f3 relaci\u00f3n con figuras como Octavio Paz y Le\u00f3n Felipe. Durante su estancia en M\u00e9xico, inici\u00f3 una etapa de intensa actividad intelectual marcada por el exilio, y public\u00f3 obras clave como Pensamiento y poes\u00eda en la vida espa\u00f1ola y Filosof\u00eda y poes\u00eda.<\/p>\n<p>En 1946 regres\u00f3 a Europa y residi\u00f3 en pa\u00edses como Francia, Italia y Suiza. Este periodo result\u00f3 crucial para la consolidaci\u00f3n de su obra filos\u00f3fica, especialmente con la publicaci\u00f3n de El hombre y lo divino (1955), donde desarroll\u00f3 su visi\u00f3n sobre lo sagrado, lo divino y la trascendencia, conceptos centrales en su pensamiento.<\/p>\n<p>Durante este per\u00edodo, Zambrano desarroll\u00f3 su raz\u00f3n po\u00e9tica, en la cual expone que la raz\u00f3n no es meramente intelectual, sino que se ve afectada por la multifaceticidad del ser humano, siendo influida por la emoci\u00f3n, las relaciones y la espiritualidad.<\/p>\n<p>En 1981 recibi\u00f3 el Premio Pr\u00edncipe de Asturias y fue nombrada Doctora Honoris Causa por la Universidad de M\u00e1laga.<\/p>\n<p>Finalmente, en 1991, en la ciudad de Madrid, Espa\u00f1a, tuvo lugar su fallecimiento, dejando consigo un legado filos\u00f3fico que nos ofrece una visi\u00f3n que entrelaza lo po\u00e9tico, lo espiritual y lo existencial. Las obras y la visi\u00f3n de Mar\u00eda Zambrano influyen principalmente en \u00e1reas como la antropolog\u00eda y la filosof\u00eda.<\/p>\n<p><strong>An\u00e1lisis de su obra el hombre y lo divino<\/strong><\/p>\n<p>El libro el Publicado en 1955, El hombre y lo divino es una de las obras m\u00e1s importantes y profundas de Mar\u00eda Zambrano, en la que se refleja gran parte de su cr\u00edtica a la racionalidad moderna. A trav\u00e9s de esta obra, la autora plantea una reflexi\u00f3n filos\u00f3fica y po\u00e9tica sobre la experiencia humana, marcada por su propio exilio y su vivencia del sufrimiento, la p\u00e9rdida y la b\u00fasqueda de trascendencia.<\/p>\n<p>El exilio, consecuencia de su apoyo al bando republicano durante la Guerra Civil Espa\u00f1ola, fue un punto de inflexi\u00f3n en su vida y pensamiento. En ese contexto, Zambrano profundiz\u00f3 en temas como la identidad, la espiritualidad y la experiencia de lo sagrado. El hombre y lo divino se convierte as\u00ed en un espacio de exploraci\u00f3n donde lo divino se manifiesta no como una abstracci\u00f3n lejana, sino como una realidad vivida, \u00edntimamente vinculada a la existencia humana.<\/p>\n<p>En esta obra, Zambrano entrelaza conceptos clave de su pensamiento, como la raz\u00f3n po\u00e9tica, el existencialismo, la espiritualidad y el humanismo. Propone una forma de conocimiento que no se limita a la raz\u00f3n l\u00f3gica, sino que incorpora la vivencia, la emoci\u00f3n y la dimensi\u00f3n espiritual, explorando la compleja relaci\u00f3n entre lo humano y lo divino.<\/p>\n<p>Uno de los objetivos centrales de la autora es mostrar que lo divino no es una entidad abstracta y lejana, sino una presencia constante en la vida humana. A trav\u00e9s de esta perspectiva, nos invita a considerar c\u00f3mo el sufrimiento, la espiritualidad y el deseo de trascendencia forman parte esencial de nuestra experiencia y nos permiten comprender la esencia del ser.<\/p>\n<p>La obra plantea interrogantes filos\u00f3ficas fundamentales, tales como: \u00bfQu\u00e9 significa ser humano en relaci\u00f3n con lo divino? \u00bfCu\u00e1l es el papel de la espiritualidad en la vida? \u00bfC\u00f3mo puede el ser humano trascender su propia finitud a trav\u00e9s de lo sagrado? \u00bfEs lo divino algo accesible o completamente trascendente?<\/p>\n<p>Zambrano sugiere que la relaci\u00f3n entre lo humano y lo divino no es una simple oposici\u00f3n entre lo mundano y lo sagrado, sino una interacci\u00f3n constante que atraviesa y configura la experiencia humana. Lo divino, seg\u00fan ella, se manifiesta de manera tangible en los momentos de dolor, en la b\u00fasqueda de sentido y en el anhelo profundo de trascendencia.<\/p>\n<p>En cuanto a su estructura, la obra no se presenta en cap\u00edtulos r\u00edgidos, sino en secciones que desarrollan de forma progresiva y fluida los distintos aspectos de la relaci\u00f3n entre humanidad y divinidad, abordando temas como la espiritualidad, el sufrimiento y el sentido existencial.<\/p>\n<p>El hombre y lo divino tuvo un impacto considerable al introducir la noci\u00f3n de raz\u00f3n po\u00e9tica como v\u00eda leg\u00edtima para comprender lo divino y lo humano, influyendo no solo en la filosof\u00eda contempor\u00e1nea, sino tambi\u00e9n en disciplinas como la literatura, la teolog\u00eda y el pensamiento m\u00edstico.<\/p>\n<p>La obra ha sido reconocida por su enfoque integrador y su estilo po\u00e9tico, y ha influido en pensadores existencialistas, humanistas y en corrientes filos\u00f3ficas centradas en la espiritualidad. No obstante, algunos cr\u00edticos han se\u00f1alado ciertas ambig\u00fcedades en su concepci\u00f3n de lo divino, especialmente en cuanto a su accesibilidad y su naturaleza, lo que puede generar interpretaciones diversas.<\/p>\n<p>En conclusi\u00f3n, El hombre y lo divino representa una cr\u00edtica profunda a la visi\u00f3n racionalista de la realidad y una propuesta filos\u00f3fica vigente, que reivindica la espiritualidad, la emoci\u00f3n y la trascendencia como elementos esenciales para comprender la condici\u00f3n humana en toda su complejidad.<\/p>\n<p><strong>Comparaci\u00f3n con otras corrientes filos\u00f3ficas y antropol\u00f3gicas<\/strong><\/p>\n<p>El hombre y lo divino se distingue claramente de las corrientes tradicionales de la filosof\u00eda racionalista y empirista al incorporar la raz\u00f3n po\u00e9tica y la espiritualidad como elementos fundamentales de la reflexi\u00f3n filos\u00f3fica. Mientras que el racionalismo, representado por figuras como Ren\u00e9 Descartes, y el empirismo, con autores como John Locke, priorizan el uso de la raz\u00f3n l\u00f3gica y la experiencia sensorial como fuentes de conocimiento, Mar\u00eda Zambrano propone una comprensi\u00f3n m\u00e1s integral del ser humano. Su enfoque abarca no solo la raz\u00f3n, sino tambi\u00e9n la emoci\u00f3n, la intuici\u00f3n y lo trascendental, en un intento por captar la complejidad de la experiencia humana.<\/p>\n<p>En este sentido, su pensamiento guarda ciertos paralelismos con la filosof\u00eda existencial, especialmente con autores como Jean-Paul Sartre o Martin Heidegger, al compartir la preocupaci\u00f3n por la experiencia individual y la b\u00fasqueda de sentido. Sin embargo, a diferencia del existencialismo cl\u00e1sico, Zambrano incorpora una dimensi\u00f3n m\u00edstica y espiritual que no suele estar presente de manera expl\u00edcita en los existencialistas, lo cual da a su propuesta un matiz distintivo y profundamente po\u00e9tico.<\/p>\n<p>En el \u00e1mbito de la antropolog\u00eda, el pensamiento de Zambrano se aproxima a corrientes humanistas como las de V\u00edctor Turner y Clifford Geertz, al concebir lo divino no como una entidad abstracta y distante, sino como una dimensi\u00f3n imbricada en la vida cotidiana, la cultura y la subjetividad humana. Desde esta perspectiva, lo sagrado se manifiesta en las pr\u00e1cticas simb\u00f3licas, en las emociones profundas y en la forma en que el ser humano se relaciona con el mundo y consigo mismo.<\/p>\n<p>Por otro lado, su visi\u00f3n se distancia de las aproximaciones materialistas o estructuralistas, como las de Claude L\u00e9vi-Strauss, que analizan la cultura y los mitos desde una perspectiva l\u00f3gica y estructural. Mientras estas teor\u00edas privilegian el estudio de las estructuras sociales objetivas, Zambrano pone el \u00e9nfasis en la experiencia interior, subjetiva y espiritual, afirmando que es all\u00ed donde se encuentra la clave para comprender la condici\u00f3n humana en su totalidad.<\/p>\n<p><strong>CONCLUSIONES<\/strong><\/p>\n<p>En conclusi\u00f3n, El hombre y lo divino ofrece una profunda perspectiva del pensamiento desarrollado por su autora, Mar\u00eda Zambrano, especialmente a partir de su experiencia de exilio y su estancia en M\u00e9xico. Estas vivencias marcaron su obra y le permitieron entrelazar la raz\u00f3n con lo divino, lo emocional y lo existencial, proponiendo una visi\u00f3n m\u00e1s tangible y cercana de aquello que com\u00fanmente entendemos como \u201clo divino\u201d. A trav\u00e9s de su propuesta, Zambrano nos revela una manera m\u00e1s po\u00e9tica y humana de concebir lo trascendente, mostr\u00e1ndonos c\u00f3mo lo divino se manifiesta en lo cotidiano.<\/p>\n<p>La obra tuvo un impacto significativo en la filosof\u00eda contempor\u00e1nea al introducir el concepto de raz\u00f3n po\u00e9tica como medio para explorar la relaci\u00f3n entre lo humano y lo divino. Al hacerlo, desafi\u00f3 las perspectivas racionalistas y materialistas, proponiendo una visi\u00f3n m\u00e1s integradora de la experiencia humana.<\/p>\n<p>A d\u00eda de hoy, El hombre y lo divino sigue siendo una obra vigente, ya que aborda temas universales como la b\u00fasqueda de sentido, la espiritualidad y la relaci\u00f3n entre lo humano y lo trascendente. Su enfoque, que incorpora la dimensi\u00f3n emocional y espiritual del ser humano, ofrece una alternativa a los enfoques exclusivamente racionales, invitando a una reflexi\u00f3n profunda sobre la existencia, la trascendencia y el sentido de lo humano, aspectos que contin\u00faan siendo centrales en la filosof\u00eda y las ciencias humanas contempor\u00e1neas.<\/p>\n","protected":false},"excerpt":{"rendered":"<p>Mar\u00eda Magdalena Ram\u00edrez \u00b7 Estudiante&#8230;<\/p>\n","protected":false},"author":40,"featured_media":4742,"comment_status":"closed","ping_status":"closed","sticky":false,"template":"","format":"standard","meta":{"footnotes":""},"categories":[7,17],"tags":[],"class_list":["post-4741","post","type-post","status-publish","format-standard","has-post-thumbnail","category-lideres-universitarios","category-voces-univa"],"yoast_head":"<!-- This site is optimized with the Yoast SEO plugin v28.0 - https:\/\/yoast.com\/product\/yoast-seo-wordpress\/ -->\n<title>Visi\u00f3n del ser humano seg\u00fan Mar\u00eda Zambrano - \u00c1gora<\/title>\n<meta name=\"description\" content=\"Las obras de Mar\u00eda Zambrano constituyen un referente fundamental y trascendental dentro de la filosof\u00eda contempor\u00e1nea, destacando por su capacidad de entrelazar lo filos\u00f3fico con lo po\u00e9tico y lo existencial. En El hombre y lo divino, la autora aborda una de las cuestiones m\u00e1s profundas de la experiencia humana: la relaci\u00f3n entre el ser humano y lo trascendente. A partir de una cr\u00edtica a las nociones tradicionales de lo divino, Zambrano propone una visi\u00f3n antropol\u00f3gica en la que la espiritualidad se erige como eje central para comprender la esencia del ser humano.\" \/>\n<meta name=\"robots\" content=\"index, follow, max-snippet:-1, max-image-preview:large, max-video-preview:-1\" \/>\n<link rel=\"canonical\" href=\"https:\/\/www.univa.mx\/agora\/vision-del-ser-humano-segun-maria-zambrano\/\" \/>\n<meta property=\"og:locale\" content=\"es_ES\" \/>\n<meta property=\"og:type\" content=\"article\" \/>\n<meta property=\"og:title\" content=\"Visi\u00f3n del ser humano seg\u00fan Mar\u00eda Zambrano - \u00c1gora\" \/>\n<meta property=\"og:description\" content=\"Las obras de Mar\u00eda Zambrano constituyen un referente fundamental y trascendental dentro de la filosof\u00eda contempor\u00e1nea, destacando por su capacidad de entrelazar lo filos\u00f3fico con lo po\u00e9tico y lo existencial. En El hombre y lo divino, la autora aborda una de las cuestiones m\u00e1s profundas de la experiencia humana: la relaci\u00f3n entre el ser humano y lo trascendente. A partir de una cr\u00edtica a las nociones tradicionales de lo divino, Zambrano propone una visi\u00f3n antropol\u00f3gica en la que la espiritualidad se erige como eje central para comprender la esencia del ser humano.\" \/>\n<meta property=\"og:url\" content=\"https:\/\/www.univa.mx\/agora\/vision-del-ser-humano-segun-maria-zambrano\/\" \/>\n<meta property=\"og:site_name\" content=\"\u00c1gora\" \/>\n<meta property=\"article:published_time\" content=\"2025-04-30T15:00:06+00:00\" \/>\n<meta property=\"og:image\" content=\"https:\/\/www.univa.mx\/agora\/wp-content\/uploads\/sites\/14\/2025\/04\/Mari\u0301a-Magdalena-Rami\u0301rez-.gif\" \/>\n\t<meta property=\"og:image:width\" content=\"1280\" \/>\n\t<meta property=\"og:image:height\" content=\"720\" \/>\n\t<meta property=\"og:image:type\" content=\"image\/gif\" \/>\n<meta name=\"author\" content=\"Comunicaci\u00f3n Sistema UNIVA\" \/>\n<meta name=\"twitter:card\" content=\"summary_large_image\" \/>\n<meta name=\"twitter:label1\" content=\"Escrito por\" \/>\n\t<meta name=\"twitter:data1\" content=\"Comunicaci\u00f3n Sistema UNIVA\" \/>\n\t<meta name=\"twitter:label2\" content=\"Tiempo de lectura\" \/>\n\t<meta name=\"twitter:data2\" content=\"1 minuto\" \/>\n<script type=\"application\/ld+json\" class=\"yoast-schema-graph\">{\"@context\":\"https:\\\/\\\/schema.org\",\"@graph\":[{\"@type\":\"Article\",\"@id\":\"https:\\\/\\\/www.univa.mx\\\/agora\\\/vision-del-ser-humano-segun-maria-zambrano\\\/#article\",\"isPartOf\":{\"@id\":\"https:\\\/\\\/www.univa.mx\\\/agora\\\/vision-del-ser-humano-segun-maria-zambrano\\\/\"},\"author\":{\"name\":\"Comunicaci\u00f3n Sistema UNIVA\",\"@id\":\"https:\\\/\\\/www.univa.mx\\\/agora\\\/#\\\/schema\\\/person\\\/698af210c9a2ad5b61255af506d223e3\"},\"headline\":\"Visi\u00f3n del ser humano seg\u00fan Mar\u00eda Zambrano\",\"datePublished\":\"2025-04-30T15:00:06+00:00\",\"mainEntityOfPage\":{\"@id\":\"https:\\\/\\\/www.univa.mx\\\/agora\\\/vision-del-ser-humano-segun-maria-zambrano\\\/\"},\"wordCount\":2121,\"image\":{\"@id\":\"https:\\\/\\\/www.univa.mx\\\/agora\\\/vision-del-ser-humano-segun-maria-zambrano\\\/#primaryimage\"},\"thumbnailUrl\":\"https:\\\/\\\/www.univa.mx\\\/agora\\\/wp-content\\\/uploads\\\/sites\\\/14\\\/2025\\\/04\\\/Mari\u0301a-Magdalena-Rami\u0301rez-.gif\",\"articleSection\":[\"L\u00edderes Universitarios\",\"Voces UNIVA\"],\"inLanguage\":\"es\"},{\"@type\":\"WebPage\",\"@id\":\"https:\\\/\\\/www.univa.mx\\\/agora\\\/vision-del-ser-humano-segun-maria-zambrano\\\/\",\"url\":\"https:\\\/\\\/www.univa.mx\\\/agora\\\/vision-del-ser-humano-segun-maria-zambrano\\\/\",\"name\":\"Visi\u00f3n del ser humano seg\u00fan Mar\u00eda Zambrano - \u00c1gora\",\"isPartOf\":{\"@id\":\"https:\\\/\\\/www.univa.mx\\\/agora\\\/#website\"},\"primaryImageOfPage\":{\"@id\":\"https:\\\/\\\/www.univa.mx\\\/agora\\\/vision-del-ser-humano-segun-maria-zambrano\\\/#primaryimage\"},\"image\":{\"@id\":\"https:\\\/\\\/www.univa.mx\\\/agora\\\/vision-del-ser-humano-segun-maria-zambrano\\\/#primaryimage\"},\"thumbnailUrl\":\"https:\\\/\\\/www.univa.mx\\\/agora\\\/wp-content\\\/uploads\\\/sites\\\/14\\\/2025\\\/04\\\/Mari\u0301a-Magdalena-Rami\u0301rez-.gif\",\"datePublished\":\"2025-04-30T15:00:06+00:00\",\"author\":{\"@id\":\"https:\\\/\\\/www.univa.mx\\\/agora\\\/#\\\/schema\\\/person\\\/698af210c9a2ad5b61255af506d223e3\"},\"description\":\"Las obras de Mar\u00eda Zambrano constituyen un referente fundamental y trascendental dentro de la filosof\u00eda contempor\u00e1nea, destacando por su capacidad de entrelazar lo filos\u00f3fico con lo po\u00e9tico y lo existencial. En El hombre y lo divino, la autora aborda una de las cuestiones m\u00e1s profundas de la experiencia humana: la relaci\u00f3n entre el ser humano y lo trascendente. A partir de una cr\u00edtica a las nociones tradicionales de lo divino, Zambrano propone una visi\u00f3n antropol\u00f3gica en la que la espiritualidad se erige como eje central para comprender la esencia del ser humano.\",\"breadcrumb\":{\"@id\":\"https:\\\/\\\/www.univa.mx\\\/agora\\\/vision-del-ser-humano-segun-maria-zambrano\\\/#breadcrumb\"},\"inLanguage\":\"es\",\"potentialAction\":[{\"@type\":\"ReadAction\",\"target\":[\"https:\\\/\\\/www.univa.mx\\\/agora\\\/vision-del-ser-humano-segun-maria-zambrano\\\/\"]}]},{\"@type\":\"ImageObject\",\"inLanguage\":\"es\",\"@id\":\"https:\\\/\\\/www.univa.mx\\\/agora\\\/vision-del-ser-humano-segun-maria-zambrano\\\/#primaryimage\",\"url\":\"https:\\\/\\\/www.univa.mx\\\/agora\\\/wp-content\\\/uploads\\\/sites\\\/14\\\/2025\\\/04\\\/Mari\u0301a-Magdalena-Rami\u0301rez-.gif\",\"contentUrl\":\"https:\\\/\\\/www.univa.mx\\\/agora\\\/wp-content\\\/uploads\\\/sites\\\/14\\\/2025\\\/04\\\/Mari\u0301a-Magdalena-Rami\u0301rez-.gif\",\"width\":1280,\"height\":720},{\"@type\":\"BreadcrumbList\",\"@id\":\"https:\\\/\\\/www.univa.mx\\\/agora\\\/vision-del-ser-humano-segun-maria-zambrano\\\/#breadcrumb\",\"itemListElement\":[{\"@type\":\"ListItem\",\"position\":1,\"name\":\"Portada\",\"item\":\"https:\\\/\\\/www.univa.mx\\\/agora\\\/\"},{\"@type\":\"ListItem\",\"position\":2,\"name\":\"Visi\u00f3n del ser humano seg\u00fan Mar\u00eda Zambrano\"}]},{\"@type\":\"WebSite\",\"@id\":\"https:\\\/\\\/www.univa.mx\\\/agora\\\/#website\",\"url\":\"https:\\\/\\\/www.univa.mx\\\/agora\\\/\",\"name\":\"\u00c1gora\",\"description\":\"\",\"potentialAction\":[{\"@type\":\"SearchAction\",\"target\":{\"@type\":\"EntryPoint\",\"urlTemplate\":\"https:\\\/\\\/www.univa.mx\\\/agora\\\/?s={search_term_string}\"},\"query-input\":{\"@type\":\"PropertyValueSpecification\",\"valueRequired\":true,\"valueName\":\"search_term_string\"}}],\"inLanguage\":\"es\"},{\"@type\":\"Person\",\"@id\":\"https:\\\/\\\/www.univa.mx\\\/agora\\\/#\\\/schema\\\/person\\\/698af210c9a2ad5b61255af506d223e3\",\"name\":\"Comunicaci\u00f3n Sistema UNIVA\",\"image\":{\"@type\":\"ImageObject\",\"inLanguage\":\"es\",\"@id\":\"https:\\\/\\\/secure.gravatar.com\\\/avatar\\\/6aa0bbdc2764d6dabb18e0075a849c5887b5f3f2c39e3b19384bfd22e55dba7c?s=96&d=mm&r=g\",\"url\":\"https:\\\/\\\/secure.gravatar.com\\\/avatar\\\/6aa0bbdc2764d6dabb18e0075a849c5887b5f3f2c39e3b19384bfd22e55dba7c?s=96&d=mm&r=g\",\"contentUrl\":\"https:\\\/\\\/secure.gravatar.com\\\/avatar\\\/6aa0bbdc2764d6dabb18e0075a849c5887b5f3f2c39e3b19384bfd22e55dba7c?s=96&d=mm&r=g\",\"caption\":\"Comunicaci\u00f3n Sistema UNIVA\"},\"url\":\"https:\\\/\\\/www.univa.mx\\\/agora\\\/author\\\/gustavo\\\/\"}]}<\/script>\n<!-- \/ Yoast SEO plugin. -->","yoast_head_json":{"title":"Visi\u00f3n del ser humano seg\u00fan Mar\u00eda Zambrano - \u00c1gora","description":"Las obras de Mar\u00eda Zambrano constituyen un referente fundamental y trascendental dentro de la filosof\u00eda contempor\u00e1nea, destacando por su capacidad de entrelazar lo filos\u00f3fico con lo po\u00e9tico y lo existencial. En El hombre y lo divino, la autora aborda una de las cuestiones m\u00e1s profundas de la experiencia humana: la relaci\u00f3n entre el ser humano y lo trascendente. A partir de una cr\u00edtica a las nociones tradicionales de lo divino, Zambrano propone una visi\u00f3n antropol\u00f3gica en la que la espiritualidad se erige como eje central para comprender la esencia del ser humano.","robots":{"index":"index","follow":"follow","max-snippet":"max-snippet:-1","max-image-preview":"max-image-preview:large","max-video-preview":"max-video-preview:-1"},"canonical":"https:\/\/www.univa.mx\/agora\/vision-del-ser-humano-segun-maria-zambrano\/","og_locale":"es_ES","og_type":"article","og_title":"Visi\u00f3n del ser humano seg\u00fan Mar\u00eda Zambrano - \u00c1gora","og_description":"Las obras de Mar\u00eda Zambrano constituyen un referente fundamental y trascendental dentro de la filosof\u00eda contempor\u00e1nea, destacando por su capacidad de entrelazar lo filos\u00f3fico con lo po\u00e9tico y lo existencial. En El hombre y lo divino, la autora aborda una de las cuestiones m\u00e1s profundas de la experiencia humana: la relaci\u00f3n entre el ser humano y lo trascendente. A partir de una cr\u00edtica a las nociones tradicionales de lo divino, Zambrano propone una visi\u00f3n antropol\u00f3gica en la que la espiritualidad se erige como eje central para comprender la esencia del ser humano.","og_url":"https:\/\/www.univa.mx\/agora\/vision-del-ser-humano-segun-maria-zambrano\/","og_site_name":"\u00c1gora","article_published_time":"2025-04-30T15:00:06+00:00","og_image":[{"width":1280,"height":720,"url":"https:\/\/www.univa.mx\/agora\/wp-content\/uploads\/sites\/14\/2025\/04\/Mari\u0301a-Magdalena-Rami\u0301rez-.gif","type":"image\/gif"}],"author":"Comunicaci\u00f3n Sistema UNIVA","twitter_card":"summary_large_image","twitter_misc":{"Escrito por":"Comunicaci\u00f3n Sistema UNIVA","Tiempo de lectura":"1 minuto"},"schema":{"@context":"https:\/\/schema.org","@graph":[{"@type":"Article","@id":"https:\/\/www.univa.mx\/agora\/vision-del-ser-humano-segun-maria-zambrano\/#article","isPartOf":{"@id":"https:\/\/www.univa.mx\/agora\/vision-del-ser-humano-segun-maria-zambrano\/"},"author":{"name":"Comunicaci\u00f3n Sistema UNIVA","@id":"https:\/\/www.univa.mx\/agora\/#\/schema\/person\/698af210c9a2ad5b61255af506d223e3"},"headline":"Visi\u00f3n del ser humano seg\u00fan Mar\u00eda Zambrano","datePublished":"2025-04-30T15:00:06+00:00","mainEntityOfPage":{"@id":"https:\/\/www.univa.mx\/agora\/vision-del-ser-humano-segun-maria-zambrano\/"},"wordCount":2121,"image":{"@id":"https:\/\/www.univa.mx\/agora\/vision-del-ser-humano-segun-maria-zambrano\/#primaryimage"},"thumbnailUrl":"https:\/\/www.univa.mx\/agora\/wp-content\/uploads\/sites\/14\/2025\/04\/Mari\u0301a-Magdalena-Rami\u0301rez-.gif","articleSection":["L\u00edderes Universitarios","Voces UNIVA"],"inLanguage":"es"},{"@type":"WebPage","@id":"https:\/\/www.univa.mx\/agora\/vision-del-ser-humano-segun-maria-zambrano\/","url":"https:\/\/www.univa.mx\/agora\/vision-del-ser-humano-segun-maria-zambrano\/","name":"Visi\u00f3n del ser humano seg\u00fan Mar\u00eda Zambrano - \u00c1gora","isPartOf":{"@id":"https:\/\/www.univa.mx\/agora\/#website"},"primaryImageOfPage":{"@id":"https:\/\/www.univa.mx\/agora\/vision-del-ser-humano-segun-maria-zambrano\/#primaryimage"},"image":{"@id":"https:\/\/www.univa.mx\/agora\/vision-del-ser-humano-segun-maria-zambrano\/#primaryimage"},"thumbnailUrl":"https:\/\/www.univa.mx\/agora\/wp-content\/uploads\/sites\/14\/2025\/04\/Mari\u0301a-Magdalena-Rami\u0301rez-.gif","datePublished":"2025-04-30T15:00:06+00:00","author":{"@id":"https:\/\/www.univa.mx\/agora\/#\/schema\/person\/698af210c9a2ad5b61255af506d223e3"},"description":"Las obras de Mar\u00eda Zambrano constituyen un referente fundamental y trascendental dentro de la filosof\u00eda contempor\u00e1nea, destacando por su capacidad de entrelazar lo filos\u00f3fico con lo po\u00e9tico y lo existencial. En El hombre y lo divino, la autora aborda una de las cuestiones m\u00e1s profundas de la experiencia humana: la relaci\u00f3n entre el ser humano y lo trascendente. A partir de una cr\u00edtica a las nociones tradicionales de lo divino, Zambrano propone una visi\u00f3n antropol\u00f3gica en la que la espiritualidad se erige como eje central para comprender la esencia del ser humano.","breadcrumb":{"@id":"https:\/\/www.univa.mx\/agora\/vision-del-ser-humano-segun-maria-zambrano\/#breadcrumb"},"inLanguage":"es","potentialAction":[{"@type":"ReadAction","target":["https:\/\/www.univa.mx\/agora\/vision-del-ser-humano-segun-maria-zambrano\/"]}]},{"@type":"ImageObject","inLanguage":"es","@id":"https:\/\/www.univa.mx\/agora\/vision-del-ser-humano-segun-maria-zambrano\/#primaryimage","url":"https:\/\/www.univa.mx\/agora\/wp-content\/uploads\/sites\/14\/2025\/04\/Mari\u0301a-Magdalena-Rami\u0301rez-.gif","contentUrl":"https:\/\/www.univa.mx\/agora\/wp-content\/uploads\/sites\/14\/2025\/04\/Mari\u0301a-Magdalena-Rami\u0301rez-.gif","width":1280,"height":720},{"@type":"BreadcrumbList","@id":"https:\/\/www.univa.mx\/agora\/vision-del-ser-humano-segun-maria-zambrano\/#breadcrumb","itemListElement":[{"@type":"ListItem","position":1,"name":"Portada","item":"https:\/\/www.univa.mx\/agora\/"},{"@type":"ListItem","position":2,"name":"Visi\u00f3n del ser humano seg\u00fan Mar\u00eda Zambrano"}]},{"@type":"WebSite","@id":"https:\/\/www.univa.mx\/agora\/#website","url":"https:\/\/www.univa.mx\/agora\/","name":"\u00c1gora","description":"","potentialAction":[{"@type":"SearchAction","target":{"@type":"EntryPoint","urlTemplate":"https:\/\/www.univa.mx\/agora\/?s={search_term_string}"},"query-input":{"@type":"PropertyValueSpecification","valueRequired":true,"valueName":"search_term_string"}}],"inLanguage":"es"},{"@type":"Person","@id":"https:\/\/www.univa.mx\/agora\/#\/schema\/person\/698af210c9a2ad5b61255af506d223e3","name":"Comunicaci\u00f3n Sistema UNIVA","image":{"@type":"ImageObject","inLanguage":"es","@id":"https:\/\/secure.gravatar.com\/avatar\/6aa0bbdc2764d6dabb18e0075a849c5887b5f3f2c39e3b19384bfd22e55dba7c?s=96&d=mm&r=g","url":"https:\/\/secure.gravatar.com\/avatar\/6aa0bbdc2764d6dabb18e0075a849c5887b5f3f2c39e3b19384bfd22e55dba7c?s=96&d=mm&r=g","contentUrl":"https:\/\/secure.gravatar.com\/avatar\/6aa0bbdc2764d6dabb18e0075a849c5887b5f3f2c39e3b19384bfd22e55dba7c?s=96&d=mm&r=g","caption":"Comunicaci\u00f3n Sistema UNIVA"},"url":"https:\/\/www.univa.mx\/agora\/author\/gustavo\/"}]}},"_links":{"self":[{"href":"https:\/\/www.univa.mx\/agora\/wp-json\/wp\/v2\/posts\/4741","targetHints":{"allow":["GET"]}}],"collection":[{"href":"https:\/\/www.univa.mx\/agora\/wp-json\/wp\/v2\/posts"}],"about":[{"href":"https:\/\/www.univa.mx\/agora\/wp-json\/wp\/v2\/types\/post"}],"author":[{"embeddable":true,"href":"https:\/\/www.univa.mx\/agora\/wp-json\/wp\/v2\/users\/40"}],"replies":[{"embeddable":true,"href":"https:\/\/www.univa.mx\/agora\/wp-json\/wp\/v2\/comments?post=4741"}],"version-history":[{"count":1,"href":"https:\/\/www.univa.mx\/agora\/wp-json\/wp\/v2\/posts\/4741\/revisions"}],"predecessor-version":[{"id":4743,"href":"https:\/\/www.univa.mx\/agora\/wp-json\/wp\/v2\/posts\/4741\/revisions\/4743"}],"wp:featuredmedia":[{"embeddable":true,"href":"https:\/\/www.univa.mx\/agora\/wp-json\/wp\/v2\/media\/4742"}],"wp:attachment":[{"href":"https:\/\/www.univa.mx\/agora\/wp-json\/wp\/v2\/media?parent=4741"}],"wp:term":[{"taxonomy":"category","embeddable":true,"href":"https:\/\/www.univa.mx\/agora\/wp-json\/wp\/v2\/categories?post=4741"},{"taxonomy":"post_tag","embeddable":true,"href":"https:\/\/www.univa.mx\/agora\/wp-json\/wp\/v2\/tags?post=4741"}],"curies":[{"name":"wp","href":"https:\/\/api.w.org\/{rel}","templated":true}]}}