{"id":4735,"date":"2025-04-28T13:23:35","date_gmt":"2025-04-28T19:23:35","guid":{"rendered":"https:\/\/www.univa.mx\/agora\/?p=4735"},"modified":"2025-04-28T13:23:35","modified_gmt":"2025-04-28T19:23:35","slug":"del-habemus-papam-en-el-2013-a-la-sede-vacante-en-el-2025","status":"publish","type":"post","link":"https:\/\/www.univa.mx\/agora\/del-habemus-papam-en-el-2013-a-la-sede-vacante-en-el-2025\/","title":{"rendered":"Del Habemus Papam en el 2013 a la Sede Vacante en el 2025"},"content":{"rendered":"<p><em><strong>Mtro. \u00d3scar Jim\u00e9nez Mayorga \u2022 Coordinador Acad\u00e9mico de Posgrados CEA<\/strong><\/em><\/p>\n<p>Han pasado ya doce a\u00f1os desde que, en el balc\u00f3n central de la Bas\u00edlica de San Pedro, el entonces protodi\u00e1cono Jean-Louis Tauran anunciara a la cristiandad y al mundo que el tim\u00f3n de la barca de San Pedro ser\u00eda asumido por el cardenal Jorge Mario Bergoglio: un religioso jesuita tra\u00eddo desde el Continente Americano, como \u00e9l mismo lo expres\u00f3, \u00abdesde el fin del mundo\u00bb para ser obispo de Roma y pastor universal.<\/p>\n<p>Su elecci\u00f3n fue sorpresiva para muchos; sin embargo, en el c\u00f3nclave anterior \u2014en el que result\u00f3 electo quien ser\u00eda el papa Benedicto XVI\u2014, ya se le consideraba uno de los candidatos m\u00e1s fuertes y sonados dentro del Colegio Cardenalicio para dirigir a la Iglesia Cat\u00f3lica.<\/p>\n<p>A\u00fan m\u00e1s llamativo fue el nombre elegido por el cardenal Bergoglio como pont\u00edfice: Francisco; uno que ninguno de sus 265 predecesores hab\u00eda tomado, y que marcar\u00eda profundamente el rumbo de su pontificado.<\/p>\n<p>El cardenal Jorge Mario Bergoglio era un hombre sencillo, habituado a una vida sin ostentaciones, una persona com\u00fan que viajaba en autob\u00fas a su oficina, compraba su peri\u00f3dico en el puesto m\u00e1s cercano, tomaba mate (como buen sudamericano) o una cerveza, y segu\u00eda de cerca los partidos de su equipo azulgrana, el San Lorenzo de Almagro.<\/p>\n<p>Hijo de Mario Bergoglio y Mar\u00eda Regina S\u00edvori, primog\u00e9nito de un matrimonio del que tambi\u00e9n nacieron Alberto Horacio, \u00d3scar Adri\u00e1n, Marta Regina y Mar\u00eda Elena. Sus padres, inmigrantes originarios del Piamonte italiano, se asentaron en Buenos Aires: Mario, contador de profesi\u00f3n, trabaj\u00f3 para el ferrocarril, mientras que Mar\u00eda Regina se dedic\u00f3 a las labores del hogar y a la educaci\u00f3n de sus cinco hijos.<\/p>\n<p>Jorge Mario naci\u00f3 el 17 de diciembre de 1936 en Buenos Aires. Con el paso de los a\u00f1os, se diplom\u00f3 como t\u00e9cnico qu\u00edmico, aunque su verdadera vocaci\u00f3n lo llevar\u00eda a ingresar en la Compa\u00f1\u00eda de Jes\u00fas, optando por el camino del sacerdocio.<\/p>\n<p>Su capacidad de liderazgo lo llev\u00f3 a ser nombrado, en 1973, superior de los jesuitas en Argentina, con apenas 36 a\u00f1os. Durante esa etapa enfrent\u00f3 valientemente a la junta militar represiva que se hizo del poder en el pa\u00eds andino, responsable de la desaparici\u00f3n de al menos 30,000 personas. Aunque algunas voces lo acusaron \u2014incluso hasta su elecci\u00f3n papal\u2014 de haber colaborado con dicho r\u00e9gimen, su trayectoria pastoral siempre estuvo marcada por la defensa de los m\u00e1s vulnerables.<\/p>\n<p>Su labor como sacerdote, luego como obispo auxiliar de Buenos Aires y posteriormente como Primado de Argentina, gir\u00f3 en torno a la cercan\u00eda con los pobres y las periferias sociales.<\/p>\n<p>En 2013, al ser elegido como el sucesor n\u00famero 266 de San Pedro, tom\u00f3 el nombre del santo de As\u00eds \u2014el pobrecillo que, en los siglos XII y XIII, vivi\u00f3 como humilde servidor del romano<\/p>\n<p>pont\u00edfice y hermano de todas las criaturas de Dios\u2014 y continu\u00f3 trabajando bajo el mismo esp\u00edritu, ahora a nivel mundial.<\/p>\n<p>Desde el primer momento, al presentarse en el balc\u00f3n central de San Pedro, sorprendi\u00f3 al solicitar al pueblo congregado en la Plaza, y al mundo entero, que rezaran por \u00e9l y su nueva misi\u00f3n.<\/p>\n<p>Durante estos doce a\u00f1os al frente de la Iglesia Cat\u00f3lica, Francisco estableci\u00f3 las prioridades de su pontificado: la atenci\u00f3n a los migrantes, el cuidado del medio ambiente, constantes llamados a la construcci\u00f3n de la paz en la \u00abcasa com\u00fan\u00bb y una incansable lucha por reformar estructuras internas, resistidas en varias di\u00f3cesis. Entre estas reformas destac\u00f3 su empe\u00f1o por atender a las v\u00edctimas de abusos cometidos por cl\u00e9rigos y religiosos.<\/p>\n<p>En marzo de 2025, tras enfrentar durante cerca de cinco semanas problemas respiratorios y ser internado en el Policl\u00ednico Gemelli, Francisco fue dado de alta para convalecer en su apartamento de Santa Marta, donde hab\u00eda elegido vivir en lugar de los tradicionales apartamentos papales.<\/p>\n<p>Hizo breves apariciones al cierre de la Cuaresma y otorg\u00f3 su \u00faltima bendici\u00f3n Urbi et Orbi el Domingo de Resurrecci\u00f3n. Para las primeras horas del 21 de abril, falleci\u00f3 Su Santidad el papa Francisco, v\u00edctima de un ictus cerebral y colapso cardiovascular irreversible. Dej\u00f3 tras de s\u00ed un legado profundo dentro de la Iglesia y un gran desaf\u00edo para quien haya de sucederle.<\/p>\n<p>\u00a1Gracias a Dios por un Pont\u00edfice como Francisco! Bien pudo haberlo recibido el Se\u00f1or con un: \u201c\u00a1Buen trabajo, Jorge Mario, bienvenido a la casa de mi Padre!\u201d<\/p>\n","protected":false},"excerpt":{"rendered":"<p>Mtro. \u00d3scar Jim\u00e9nez Mayorga \u2022&#8230;<\/p>\n","protected":false},"author":40,"featured_media":4736,"comment_status":"closed","ping_status":"closed","sticky":false,"template":"","format":"standard","meta":{"footnotes":""},"categories":[6,17],"tags":[],"class_list":["post-4735","post","type-post","status-publish","format-standard","has-post-thumbnail","category-lideres-de-opinion","category-voces-univa"],"yoast_head":"<!-- This site is optimized with the Yoast SEO plugin v28.0 - https:\/\/yoast.com\/product\/yoast-seo-wordpress\/ -->\n<title>Del Habemus Papam en el 2013 a la Sede Vacante en el 2025 - \u00c1gora<\/title>\n<meta name=\"description\" content=\"Han pasado ya doce a\u00f1os desde que, en el balc\u00f3n central de la Bas\u00edlica de San Pedro, el entonces protodi\u00e1cono Jean-Louis Tauran anunciara a la cristiandad y al mundo que el tim\u00f3n de la barca de San Pedro ser\u00eda asumido por el cardenal Jorge Mario Bergoglio: un religioso jesuita tra\u00eddo desde el Continente Americano, como \u00e9l mismo lo expres\u00f3, &quot;desde el fin del mundo&quot; para ser obispo de Roma y pastor universal.\" \/>\n<meta name=\"robots\" content=\"index, follow, max-snippet:-1, max-image-preview:large, max-video-preview:-1\" \/>\n<link rel=\"canonical\" href=\"https:\/\/www.univa.mx\/agora\/del-habemus-papam-en-el-2013-a-la-sede-vacante-en-el-2025\/\" \/>\n<meta property=\"og:locale\" content=\"es_ES\" \/>\n<meta property=\"og:type\" content=\"article\" \/>\n<meta property=\"og:title\" content=\"Del Habemus Papam en el 2013 a la Sede Vacante en el 2025 - \u00c1gora\" \/>\n<meta property=\"og:description\" content=\"Han pasado ya doce a\u00f1os desde que, en el balc\u00f3n central de la Bas\u00edlica de San Pedro, el entonces protodi\u00e1cono Jean-Louis Tauran anunciara a la cristiandad y al mundo que el tim\u00f3n de la barca de San Pedro ser\u00eda asumido por el cardenal Jorge Mario Bergoglio: un religioso jesuita tra\u00eddo desde el Continente Americano, como \u00e9l mismo lo expres\u00f3, &quot;desde el fin del mundo&quot; para ser obispo de Roma y pastor universal.\" \/>\n<meta property=\"og:url\" content=\"https:\/\/www.univa.mx\/agora\/del-habemus-papam-en-el-2013-a-la-sede-vacante-en-el-2025\/\" \/>\n<meta property=\"og:site_name\" content=\"\u00c1gora\" \/>\n<meta property=\"article:published_time\" content=\"2025-04-28T19:23:35+00:00\" \/>\n<meta property=\"og:image\" content=\"https:\/\/www.univa.mx\/agora\/wp-content\/uploads\/sites\/14\/2025\/04\/Mtro.-O\u0301scar.gif\" \/>\n\t<meta property=\"og:image:width\" content=\"1280\" \/>\n\t<meta property=\"og:image:height\" content=\"720\" \/>\n\t<meta property=\"og:image:type\" content=\"image\/gif\" \/>\n<meta name=\"author\" content=\"Comunicaci\u00f3n Sistema UNIVA\" \/>\n<meta name=\"twitter:card\" content=\"summary_large_image\" \/>\n<meta name=\"twitter:label1\" content=\"Escrito por\" \/>\n\t<meta name=\"twitter:data1\" content=\"Comunicaci\u00f3n Sistema UNIVA\" \/>\n\t<meta name=\"twitter:label2\" content=\"Tiempo de lectura\" \/>\n\t<meta name=\"twitter:data2\" content=\"1 minuto\" \/>\n<script type=\"application\/ld+json\" class=\"yoast-schema-graph\">{\"@context\":\"https:\\\/\\\/schema.org\",\"@graph\":[{\"@type\":\"Article\",\"@id\":\"https:\\\/\\\/www.univa.mx\\\/agora\\\/del-habemus-papam-en-el-2013-a-la-sede-vacante-en-el-2025\\\/#article\",\"isPartOf\":{\"@id\":\"https:\\\/\\\/www.univa.mx\\\/agora\\\/del-habemus-papam-en-el-2013-a-la-sede-vacante-en-el-2025\\\/\"},\"author\":{\"name\":\"Comunicaci\u00f3n Sistema UNIVA\",\"@id\":\"https:\\\/\\\/www.univa.mx\\\/agora\\\/#\\\/schema\\\/person\\\/698af210c9a2ad5b61255af506d223e3\"},\"headline\":\"Del Habemus Papam en el 2013 a la Sede Vacante en el 2025\",\"datePublished\":\"2025-04-28T19:23:35+00:00\",\"mainEntityOfPage\":{\"@id\":\"https:\\\/\\\/www.univa.mx\\\/agora\\\/del-habemus-papam-en-el-2013-a-la-sede-vacante-en-el-2025\\\/\"},\"wordCount\":791,\"image\":{\"@id\":\"https:\\\/\\\/www.univa.mx\\\/agora\\\/del-habemus-papam-en-el-2013-a-la-sede-vacante-en-el-2025\\\/#primaryimage\"},\"thumbnailUrl\":\"https:\\\/\\\/www.univa.mx\\\/agora\\\/wp-content\\\/uploads\\\/sites\\\/14\\\/2025\\\/04\\\/Mtro.-O\u0301scar.gif\",\"articleSection\":[\"L\u00edderes de Opini\u00f3n\",\"Voces UNIVA\"],\"inLanguage\":\"es\"},{\"@type\":\"WebPage\",\"@id\":\"https:\\\/\\\/www.univa.mx\\\/agora\\\/del-habemus-papam-en-el-2013-a-la-sede-vacante-en-el-2025\\\/\",\"url\":\"https:\\\/\\\/www.univa.mx\\\/agora\\\/del-habemus-papam-en-el-2013-a-la-sede-vacante-en-el-2025\\\/\",\"name\":\"Del Habemus Papam en el 2013 a la Sede Vacante en el 2025 - \u00c1gora\",\"isPartOf\":{\"@id\":\"https:\\\/\\\/www.univa.mx\\\/agora\\\/#website\"},\"primaryImageOfPage\":{\"@id\":\"https:\\\/\\\/www.univa.mx\\\/agora\\\/del-habemus-papam-en-el-2013-a-la-sede-vacante-en-el-2025\\\/#primaryimage\"},\"image\":{\"@id\":\"https:\\\/\\\/www.univa.mx\\\/agora\\\/del-habemus-papam-en-el-2013-a-la-sede-vacante-en-el-2025\\\/#primaryimage\"},\"thumbnailUrl\":\"https:\\\/\\\/www.univa.mx\\\/agora\\\/wp-content\\\/uploads\\\/sites\\\/14\\\/2025\\\/04\\\/Mtro.-O\u0301scar.gif\",\"datePublished\":\"2025-04-28T19:23:35+00:00\",\"author\":{\"@id\":\"https:\\\/\\\/www.univa.mx\\\/agora\\\/#\\\/schema\\\/person\\\/698af210c9a2ad5b61255af506d223e3\"},\"description\":\"Han pasado ya doce a\u00f1os desde que, en el balc\u00f3n central de la Bas\u00edlica de San Pedro, el entonces protodi\u00e1cono Jean-Louis Tauran anunciara a la cristiandad y al mundo que el tim\u00f3n de la barca de San Pedro ser\u00eda asumido por el cardenal Jorge Mario Bergoglio: un religioso jesuita tra\u00eddo desde el Continente Americano, como \u00e9l mismo lo expres\u00f3, \\\"desde el fin del mundo\\\" para ser obispo de Roma y pastor universal.\",\"breadcrumb\":{\"@id\":\"https:\\\/\\\/www.univa.mx\\\/agora\\\/del-habemus-papam-en-el-2013-a-la-sede-vacante-en-el-2025\\\/#breadcrumb\"},\"inLanguage\":\"es\",\"potentialAction\":[{\"@type\":\"ReadAction\",\"target\":[\"https:\\\/\\\/www.univa.mx\\\/agora\\\/del-habemus-papam-en-el-2013-a-la-sede-vacante-en-el-2025\\\/\"]}]},{\"@type\":\"ImageObject\",\"inLanguage\":\"es\",\"@id\":\"https:\\\/\\\/www.univa.mx\\\/agora\\\/del-habemus-papam-en-el-2013-a-la-sede-vacante-en-el-2025\\\/#primaryimage\",\"url\":\"https:\\\/\\\/www.univa.mx\\\/agora\\\/wp-content\\\/uploads\\\/sites\\\/14\\\/2025\\\/04\\\/Mtro.-O\u0301scar.gif\",\"contentUrl\":\"https:\\\/\\\/www.univa.mx\\\/agora\\\/wp-content\\\/uploads\\\/sites\\\/14\\\/2025\\\/04\\\/Mtro.-O\u0301scar.gif\",\"width\":1280,\"height\":720},{\"@type\":\"BreadcrumbList\",\"@id\":\"https:\\\/\\\/www.univa.mx\\\/agora\\\/del-habemus-papam-en-el-2013-a-la-sede-vacante-en-el-2025\\\/#breadcrumb\",\"itemListElement\":[{\"@type\":\"ListItem\",\"position\":1,\"name\":\"Portada\",\"item\":\"https:\\\/\\\/www.univa.mx\\\/agora\\\/\"},{\"@type\":\"ListItem\",\"position\":2,\"name\":\"Del Habemus Papam en el 2013 a la Sede Vacante en el 2025\"}]},{\"@type\":\"WebSite\",\"@id\":\"https:\\\/\\\/www.univa.mx\\\/agora\\\/#website\",\"url\":\"https:\\\/\\\/www.univa.mx\\\/agora\\\/\",\"name\":\"\u00c1gora\",\"description\":\"\",\"potentialAction\":[{\"@type\":\"SearchAction\",\"target\":{\"@type\":\"EntryPoint\",\"urlTemplate\":\"https:\\\/\\\/www.univa.mx\\\/agora\\\/?s={search_term_string}\"},\"query-input\":{\"@type\":\"PropertyValueSpecification\",\"valueRequired\":true,\"valueName\":\"search_term_string\"}}],\"inLanguage\":\"es\"},{\"@type\":\"Person\",\"@id\":\"https:\\\/\\\/www.univa.mx\\\/agora\\\/#\\\/schema\\\/person\\\/698af210c9a2ad5b61255af506d223e3\",\"name\":\"Comunicaci\u00f3n Sistema UNIVA\",\"image\":{\"@type\":\"ImageObject\",\"inLanguage\":\"es\",\"@id\":\"https:\\\/\\\/secure.gravatar.com\\\/avatar\\\/6aa0bbdc2764d6dabb18e0075a849c5887b5f3f2c39e3b19384bfd22e55dba7c?s=96&d=mm&r=g\",\"url\":\"https:\\\/\\\/secure.gravatar.com\\\/avatar\\\/6aa0bbdc2764d6dabb18e0075a849c5887b5f3f2c39e3b19384bfd22e55dba7c?s=96&d=mm&r=g\",\"contentUrl\":\"https:\\\/\\\/secure.gravatar.com\\\/avatar\\\/6aa0bbdc2764d6dabb18e0075a849c5887b5f3f2c39e3b19384bfd22e55dba7c?s=96&d=mm&r=g\",\"caption\":\"Comunicaci\u00f3n Sistema UNIVA\"},\"url\":\"https:\\\/\\\/www.univa.mx\\\/agora\\\/author\\\/gustavo\\\/\"}]}<\/script>\n<!-- \/ Yoast SEO plugin. -->","yoast_head_json":{"title":"Del Habemus Papam en el 2013 a la Sede Vacante en el 2025 - \u00c1gora","description":"Han pasado ya doce a\u00f1os desde que, en el balc\u00f3n central de la Bas\u00edlica de San Pedro, el entonces protodi\u00e1cono Jean-Louis Tauran anunciara a la cristiandad y al mundo que el tim\u00f3n de la barca de San Pedro ser\u00eda asumido por el cardenal Jorge Mario Bergoglio: un religioso jesuita tra\u00eddo desde el Continente Americano, como \u00e9l mismo lo expres\u00f3, \"desde el fin del mundo\" para ser obispo de Roma y pastor universal.","robots":{"index":"index","follow":"follow","max-snippet":"max-snippet:-1","max-image-preview":"max-image-preview:large","max-video-preview":"max-video-preview:-1"},"canonical":"https:\/\/www.univa.mx\/agora\/del-habemus-papam-en-el-2013-a-la-sede-vacante-en-el-2025\/","og_locale":"es_ES","og_type":"article","og_title":"Del Habemus Papam en el 2013 a la Sede Vacante en el 2025 - \u00c1gora","og_description":"Han pasado ya doce a\u00f1os desde que, en el balc\u00f3n central de la Bas\u00edlica de San Pedro, el entonces protodi\u00e1cono Jean-Louis Tauran anunciara a la cristiandad y al mundo que el tim\u00f3n de la barca de San Pedro ser\u00eda asumido por el cardenal Jorge Mario Bergoglio: un religioso jesuita tra\u00eddo desde el Continente Americano, como \u00e9l mismo lo expres\u00f3, \"desde el fin del mundo\" para ser obispo de Roma y pastor universal.","og_url":"https:\/\/www.univa.mx\/agora\/del-habemus-papam-en-el-2013-a-la-sede-vacante-en-el-2025\/","og_site_name":"\u00c1gora","article_published_time":"2025-04-28T19:23:35+00:00","og_image":[{"width":1280,"height":720,"url":"https:\/\/www.univa.mx\/agora\/wp-content\/uploads\/sites\/14\/2025\/04\/Mtro.-O\u0301scar.gif","type":"image\/gif"}],"author":"Comunicaci\u00f3n Sistema UNIVA","twitter_card":"summary_large_image","twitter_misc":{"Escrito por":"Comunicaci\u00f3n Sistema UNIVA","Tiempo de lectura":"1 minuto"},"schema":{"@context":"https:\/\/schema.org","@graph":[{"@type":"Article","@id":"https:\/\/www.univa.mx\/agora\/del-habemus-papam-en-el-2013-a-la-sede-vacante-en-el-2025\/#article","isPartOf":{"@id":"https:\/\/www.univa.mx\/agora\/del-habemus-papam-en-el-2013-a-la-sede-vacante-en-el-2025\/"},"author":{"name":"Comunicaci\u00f3n Sistema UNIVA","@id":"https:\/\/www.univa.mx\/agora\/#\/schema\/person\/698af210c9a2ad5b61255af506d223e3"},"headline":"Del Habemus Papam en el 2013 a la Sede Vacante en el 2025","datePublished":"2025-04-28T19:23:35+00:00","mainEntityOfPage":{"@id":"https:\/\/www.univa.mx\/agora\/del-habemus-papam-en-el-2013-a-la-sede-vacante-en-el-2025\/"},"wordCount":791,"image":{"@id":"https:\/\/www.univa.mx\/agora\/del-habemus-papam-en-el-2013-a-la-sede-vacante-en-el-2025\/#primaryimage"},"thumbnailUrl":"https:\/\/www.univa.mx\/agora\/wp-content\/uploads\/sites\/14\/2025\/04\/Mtro.-O\u0301scar.gif","articleSection":["L\u00edderes de Opini\u00f3n","Voces UNIVA"],"inLanguage":"es"},{"@type":"WebPage","@id":"https:\/\/www.univa.mx\/agora\/del-habemus-papam-en-el-2013-a-la-sede-vacante-en-el-2025\/","url":"https:\/\/www.univa.mx\/agora\/del-habemus-papam-en-el-2013-a-la-sede-vacante-en-el-2025\/","name":"Del Habemus Papam en el 2013 a la Sede Vacante en el 2025 - \u00c1gora","isPartOf":{"@id":"https:\/\/www.univa.mx\/agora\/#website"},"primaryImageOfPage":{"@id":"https:\/\/www.univa.mx\/agora\/del-habemus-papam-en-el-2013-a-la-sede-vacante-en-el-2025\/#primaryimage"},"image":{"@id":"https:\/\/www.univa.mx\/agora\/del-habemus-papam-en-el-2013-a-la-sede-vacante-en-el-2025\/#primaryimage"},"thumbnailUrl":"https:\/\/www.univa.mx\/agora\/wp-content\/uploads\/sites\/14\/2025\/04\/Mtro.-O\u0301scar.gif","datePublished":"2025-04-28T19:23:35+00:00","author":{"@id":"https:\/\/www.univa.mx\/agora\/#\/schema\/person\/698af210c9a2ad5b61255af506d223e3"},"description":"Han pasado ya doce a\u00f1os desde que, en el balc\u00f3n central de la Bas\u00edlica de San Pedro, el entonces protodi\u00e1cono Jean-Louis Tauran anunciara a la cristiandad y al mundo que el tim\u00f3n de la barca de San Pedro ser\u00eda asumido por el cardenal Jorge Mario Bergoglio: un religioso jesuita tra\u00eddo desde el Continente Americano, como \u00e9l mismo lo expres\u00f3, \"desde el fin del mundo\" para ser obispo de Roma y pastor universal.","breadcrumb":{"@id":"https:\/\/www.univa.mx\/agora\/del-habemus-papam-en-el-2013-a-la-sede-vacante-en-el-2025\/#breadcrumb"},"inLanguage":"es","potentialAction":[{"@type":"ReadAction","target":["https:\/\/www.univa.mx\/agora\/del-habemus-papam-en-el-2013-a-la-sede-vacante-en-el-2025\/"]}]},{"@type":"ImageObject","inLanguage":"es","@id":"https:\/\/www.univa.mx\/agora\/del-habemus-papam-en-el-2013-a-la-sede-vacante-en-el-2025\/#primaryimage","url":"https:\/\/www.univa.mx\/agora\/wp-content\/uploads\/sites\/14\/2025\/04\/Mtro.-O\u0301scar.gif","contentUrl":"https:\/\/www.univa.mx\/agora\/wp-content\/uploads\/sites\/14\/2025\/04\/Mtro.-O\u0301scar.gif","width":1280,"height":720},{"@type":"BreadcrumbList","@id":"https:\/\/www.univa.mx\/agora\/del-habemus-papam-en-el-2013-a-la-sede-vacante-en-el-2025\/#breadcrumb","itemListElement":[{"@type":"ListItem","position":1,"name":"Portada","item":"https:\/\/www.univa.mx\/agora\/"},{"@type":"ListItem","position":2,"name":"Del Habemus Papam en el 2013 a la Sede Vacante en el 2025"}]},{"@type":"WebSite","@id":"https:\/\/www.univa.mx\/agora\/#website","url":"https:\/\/www.univa.mx\/agora\/","name":"\u00c1gora","description":"","potentialAction":[{"@type":"SearchAction","target":{"@type":"EntryPoint","urlTemplate":"https:\/\/www.univa.mx\/agora\/?s={search_term_string}"},"query-input":{"@type":"PropertyValueSpecification","valueRequired":true,"valueName":"search_term_string"}}],"inLanguage":"es"},{"@type":"Person","@id":"https:\/\/www.univa.mx\/agora\/#\/schema\/person\/698af210c9a2ad5b61255af506d223e3","name":"Comunicaci\u00f3n Sistema UNIVA","image":{"@type":"ImageObject","inLanguage":"es","@id":"https:\/\/secure.gravatar.com\/avatar\/6aa0bbdc2764d6dabb18e0075a849c5887b5f3f2c39e3b19384bfd22e55dba7c?s=96&d=mm&r=g","url":"https:\/\/secure.gravatar.com\/avatar\/6aa0bbdc2764d6dabb18e0075a849c5887b5f3f2c39e3b19384bfd22e55dba7c?s=96&d=mm&r=g","contentUrl":"https:\/\/secure.gravatar.com\/avatar\/6aa0bbdc2764d6dabb18e0075a849c5887b5f3f2c39e3b19384bfd22e55dba7c?s=96&d=mm&r=g","caption":"Comunicaci\u00f3n Sistema UNIVA"},"url":"https:\/\/www.univa.mx\/agora\/author\/gustavo\/"}]}},"_links":{"self":[{"href":"https:\/\/www.univa.mx\/agora\/wp-json\/wp\/v2\/posts\/4735","targetHints":{"allow":["GET"]}}],"collection":[{"href":"https:\/\/www.univa.mx\/agora\/wp-json\/wp\/v2\/posts"}],"about":[{"href":"https:\/\/www.univa.mx\/agora\/wp-json\/wp\/v2\/types\/post"}],"author":[{"embeddable":true,"href":"https:\/\/www.univa.mx\/agora\/wp-json\/wp\/v2\/users\/40"}],"replies":[{"embeddable":true,"href":"https:\/\/www.univa.mx\/agora\/wp-json\/wp\/v2\/comments?post=4735"}],"version-history":[{"count":1,"href":"https:\/\/www.univa.mx\/agora\/wp-json\/wp\/v2\/posts\/4735\/revisions"}],"predecessor-version":[{"id":4737,"href":"https:\/\/www.univa.mx\/agora\/wp-json\/wp\/v2\/posts\/4735\/revisions\/4737"}],"wp:featuredmedia":[{"embeddable":true,"href":"https:\/\/www.univa.mx\/agora\/wp-json\/wp\/v2\/media\/4736"}],"wp:attachment":[{"href":"https:\/\/www.univa.mx\/agora\/wp-json\/wp\/v2\/media?parent=4735"}],"wp:term":[{"taxonomy":"category","embeddable":true,"href":"https:\/\/www.univa.mx\/agora\/wp-json\/wp\/v2\/categories?post=4735"},{"taxonomy":"post_tag","embeddable":true,"href":"https:\/\/www.univa.mx\/agora\/wp-json\/wp\/v2\/tags?post=4735"}],"curies":[{"name":"wp","href":"https:\/\/api.w.org\/{rel}","templated":true}]}}