{"id":4580,"date":"2025-02-26T11:17:20","date_gmt":"2025-02-26T17:17:20","guid":{"rendered":"https:\/\/www.univa.mx\/agora\/?p=4580"},"modified":"2025-02-26T12:03:22","modified_gmt":"2025-02-26T18:03:22","slug":"comunicacion-educativa-un-motor-de-cambio-social","status":"publish","type":"post","link":"https:\/\/www.univa.mx\/agora\/comunicacion-educativa-un-motor-de-cambio-social\/","title":{"rendered":"Comunicaci\u00f3n educativa: Un motor de cambio social"},"content":{"rendered":"<p><em><strong>Jennifer \u00c1lvarez \u00c1ngel \u00b7 Encargada de Pastoral, UNIVA Zamora<\/strong><\/em><\/p>\n<p>La manera de comunicarse en las aulas, en redes sociales, as\u00ed como en la vida cotidiana, influye notoriamente en c\u00f3mo aprender y concebir al mundo. Evidentemente en esta era de la inmediatez no existe dificultad para transmitir informaci\u00f3n; donde radica el conflicto es en la construcci\u00f3n de conocimientos significativos de manera colectiva. Seg\u00fan Berlo (1969) los profesores dan inicio al proceso de la comunicaci\u00f3n, mientras que los alumnos cierran este c\u00edrculo, sin embargo, lograr que los \u00faltimos desarrollen el pensamiento cr\u00edtico es uno de los grandes desaf\u00edos que presenta la comunicaci\u00f3n educativa. Esto puede evidenciarse con el uso de la tecnolog\u00eda, particularmente de la IA, la cual facilita procesos y a su vez impide nuevas interconexiones o relaciones que permitan la aplicaci\u00f3n del conocimiento adquirido obstaculizando as\u00ed cambios reales en la sociedad.<\/p>\n<p>Cuando la educaci\u00f3n promueve el di\u00e1logo y la participaci\u00f3n, se generan momentos claves donde los estudiantes pueden analizar sus distintas realidades, debatir ideas y proponer soluciones a los problemas que suceden en su contexto. Paulo Freire (1970) destaca que la educaci\u00f3n no debe ser un proceso pasivo, m\u00e1s bien, un di\u00e1logo constante donde alumnos y docentes construyan juntos el conocimiento. Es as\u00ed como, la comunicaci\u00f3n dentro del sal\u00f3n de clases no debe reducirse a escuchar y memorizar, sino a debatir, compartir opiniones, preguntar y aplicar lo aprendido vincul\u00e1ndolo con sus experiencias de vida. En la actualidad, con el acceso a la tecnolog\u00eda y a la informaci\u00f3n, este proceso se torna m\u00e1s din\u00e1mico; el uso de las plataformas digitales, las redes sociales y los podcasts educativos favorecen para que el aprendizaje ocurra en cualquier momento y lugar, por supuesto que esto da pie a un cambio radical en la manera de relacionarse con el conocimiento.<\/p>\n<p>Colocando en un punto de equilibrio la tecnolog\u00eda y la comunicaci\u00f3n efectiva, deben estar en un foco de atenci\u00f3n diversos aspectos, entre ellos, aprender a distinguir entre fuentes confiables y noticias falsas; tambi\u00e9n es clave provocar espacios donde se escuchen todas las voces, promoviendo la inclusi\u00f3n y el respeto por la diversidad de ideas. Para lograrlo, es necesario apostar por estrategias que hagan de la comunicaci\u00f3n una herramienta para este anhelado cambio social.<\/p>\n<p>Por lo tanto, ser\u00e1 indispensable potenciar la comunicaci\u00f3n educativa, a fin de favorecer en el desarrollo integral de los estudiantes, con ello, podr\u00e1n mejorar su capacidad de expresi\u00f3n verbal y no verbal; mantendr\u00e1n esa escucha activa que tanto buscan los docentes frente a grupo, llegando as\u00ed a la verdadera construcci\u00f3n de un pensamiento cr\u00edtico. De manera colateral, existir\u00e1 el fortalecimiento de los v\u00ednculos profesionales entre docentes y alumnos, generando as\u00ed, un ambiente de aprendizaje m\u00e1s participativo e inclusivo. Lo anteriormente mencionado, contribuir\u00e1 a la formaci\u00f3n de buenos ciudadanos que sean reflexivos y comprometidos con sus realidades.<\/p>\n<p>Algunas estrategias que podr\u00edan permitir el logro de una buena comunicaci\u00f3n educativa se sugieren a continuaci\u00f3n:<\/p>\n<p>Aplicaci\u00f3n de metodolog\u00edas participativas las cuales generan que los estudiantes sean protagonistas de su propio aprendizaje a trav\u00e9s de estrategias interactivas, estudios de caso o aprendizaje basado en proyectos. Las metodolog\u00edas participativas animan al desarrollo del pensamiento cr\u00edtico, la resoluci\u00f3n de problemas y la creatividad, provocando un ambiente en el que las y los alumnos no solo reciben informaci\u00f3n, sino que la cuestionan y construyen conocimiento de manera colaborativa.<\/p>\n<p>Uso de herramientas digitales donde se incorporan plataformas en modalidad sincr\u00f3nica y asincr\u00f3nica las cuales proporcionan, chats, foros virtuales, videos educativos, podcasts y redes sociales para el proceso de ense\u00f1anza; estas herramientas favorecen el acceso a la informaci\u00f3n y a su vez, permiten que las y los estudiantes interact\u00faen en entornos digitales, desarrollando as\u00ed habilidades medi\u00e1ticas para el fortalecimiento de su capacidad al evaluar cr\u00edticamente los contenidos en l\u00ednea.<\/p>\n<p>Creaci\u00f3n de espacios de debate y asambleas para organizar discusiones dirigidas, mesas redondas y clubes de lectura que estimulen la argumentaci\u00f3n fundamentada y el respeto por diferentes opiniones; estas actividades fortalecen la capacidad de los estudiantes para comunicar sus ideas con claridad, escuchar activamente, incluso, construir discursos basados en evidencia.<\/p>\n<p>Capacitaci\u00f3n constante a docentes en comunicaci\u00f3n educativa; como docentes corresponde la formaci\u00f3n continua para continuar con el desarrollo de estrategias did\u00e1cticas basadas en una comunicaci\u00f3n efectiva. Un docente que domina las habilidades comunicativas puede generar un ambiente de aprendizaje m\u00e1s inclusivo y motivador, asegurando que todos los estudiantes tengan la oportunidad de expresar sus ideas y ser escuchados.<\/p>\n<p>Fomento de una cultura de di\u00e1logo en la educaci\u00f3n promoviendo la comunicaci\u00f3n asertiva y la escucha activa en el aula y en otros espacios educativos. Es fundamental la implementaci\u00f3n y seguimiento de programas de educaci\u00f3n emocional y mediaci\u00f3n escolar a fin de ayudar a las y los estudiantes a gestionar conflictos de una forma pac\u00edfica en aras de construir relaciones basadas en el respeto y la empat\u00eda.<\/p>\n<p>Aprovechamiento de eventos globales para fortalecer valores educativos viviendo el Jubileo 2025, con su mensaje de esperanza, reconciliaci\u00f3n y solidaridad, sin duda representa una gran oportunidad para reforzar la comunicaci\u00f3n educativa basada en valores. A trav\u00e9s de actividades que fomenten el di\u00e1logo intergeneracional, la reflexi\u00f3n y el compromiso con el bien com\u00fan, se pueden generar espacios de aprendizaje en los que los estudiantes no solo adquieran conocimientos, sino tambi\u00e9n desarrollen una conciencia social activa y un verdadero significado de la identidad cat\u00f3lica.<\/p>\n<p>Sin duda, la comunicaci\u00f3n educativa debe ser un factor clave que permita la formaci\u00f3n integral de ciudadanos cr\u00edticos, con compromiso y, sobre todo, capaces de transformar su realidad. Es indispensable, apostar por una educaci\u00f3n basada en el di\u00e1logo y la participaci\u00f3n, puesto que no solo abona al aprendizaje significativo, sino que fortalece las bases de una democracia participativa y, por ende, una buena convivencia social. Hoy m\u00e1s que nunca, es necesario aprovechar todas las herramientas a nuestro alcance para que la comunicaci\u00f3n sea un puente hacia un futuro m\u00e1s justo e inclusivo.<\/p>\n<p>&nbsp;<\/p>\n<p><em><strong>Referencias bibliogr\u00e1ficas<\/strong><\/em><\/p>\n<ul>\n<li>Berlo, David K., (1969). El proceso de la comunicaci\u00f3n. Introducci\u00f3n a la teor\u00eda y a la pr\u00e1ctica, 2\u00aa Edici\u00f3n, El Ateneo, Buenos Aires, 1969<\/li>\n<li>Freire, P. (1970). Pedagog\u00eda del oprimido. Siglo XXI Editores.<\/li>\n<li>Jenkins, H. (2009). Convergence Culture: La cultura de la convergencia de los medios de comunicaci\u00f3n. Paid\u00f3s.<\/li>\n<li>Pontificium Consilium de Nova Evangelizatione (2023). El camino del Jubileo 2025.<\/li>\n<li>UNESCO (2017). Educaci\u00f3n para los Objetivos de Desarrollo Sostenible: objetivos de aprendizaje.<\/li>\n<\/ul>\n","protected":false},"excerpt":{"rendered":"<p>Jennifer \u00c1lvarez \u00c1ngel \u00b7 Encargada&#8230;<\/p>\n","protected":false},"author":40,"featured_media":4581,"comment_status":"closed","ping_status":"closed","sticky":false,"template":"","format":"standard","meta":{"footnotes":""},"categories":[6,17],"tags":[],"class_list":{"0":"post-4580","1":"post","2":"type-post","3":"status-publish","4":"format-standard","5":"has-post-thumbnail","7":"category-lideres-de-opinion","8":"category-voces-univa"},"yoast_head":"<!-- This site is optimized with the Yoast SEO plugin v26.6 - https:\/\/yoast.com\/wordpress\/plugins\/seo\/ -->\n<title>Comunicaci\u00f3n educativa: Un motor de cambio social - \u00c1gora<\/title>\n<meta name=\"robots\" content=\"index, follow, max-snippet:-1, max-image-preview:large, max-video-preview:-1\" \/>\n<link rel=\"canonical\" href=\"https:\/\/www.univa.mx\/agora\/comunicacion-educativa-un-motor-de-cambio-social\/\" \/>\n<meta property=\"og:locale\" content=\"es_ES\" \/>\n<meta property=\"og:type\" content=\"article\" \/>\n<meta property=\"og:title\" content=\"Comunicaci\u00f3n educativa: Un motor de cambio social - \u00c1gora\" \/>\n<meta property=\"og:description\" content=\"Jennifer \u00c1lvarez \u00c1ngel \u00b7 Encargada...\" \/>\n<meta property=\"og:url\" content=\"https:\/\/www.univa.mx\/agora\/comunicacion-educativa-un-motor-de-cambio-social\/\" \/>\n<meta property=\"og:site_name\" content=\"\u00c1gora\" \/>\n<meta property=\"article:published_time\" content=\"2025-02-26T17:17:20+00:00\" \/>\n<meta property=\"article:modified_time\" content=\"2025-02-26T18:03:22+00:00\" \/>\n<meta property=\"og:image\" content=\"https:\/\/www.univa.mx\/agora\/wp-content\/uploads\/sites\/14\/2025\/02\/Jenifer-.gif\" \/>\n\t<meta property=\"og:image:width\" content=\"1280\" \/>\n\t<meta property=\"og:image:height\" content=\"720\" \/>\n\t<meta property=\"og:image:type\" content=\"image\/gif\" \/>\n<meta name=\"author\" content=\"Comunicaci\u00f3n Sistema UNIVA\" \/>\n<meta name=\"twitter:card\" content=\"summary_large_image\" \/>\n<meta name=\"twitter:label1\" content=\"Escrito por\" \/>\n\t<meta name=\"twitter:data1\" content=\"Comunicaci\u00f3n Sistema UNIVA\" \/>\n\t<meta name=\"twitter:label2\" content=\"Tiempo de lectura\" \/>\n\t<meta name=\"twitter:data2\" content=\"1 minuto\" \/>\n<script type=\"application\/ld+json\" class=\"yoast-schema-graph\">{\"@context\":\"https:\/\/schema.org\",\"@graph\":[{\"@type\":\"WebPage\",\"@id\":\"https:\/\/www.univa.mx\/agora\/comunicacion-educativa-un-motor-de-cambio-social\/\",\"url\":\"https:\/\/www.univa.mx\/agora\/comunicacion-educativa-un-motor-de-cambio-social\/\",\"name\":\"Comunicaci\u00f3n educativa: Un motor de cambio social - \u00c1gora\",\"isPartOf\":{\"@id\":\"https:\/\/www.univa.mx\/agora\/#website\"},\"primaryImageOfPage\":{\"@id\":\"https:\/\/www.univa.mx\/agora\/comunicacion-educativa-un-motor-de-cambio-social\/#primaryimage\"},\"image\":{\"@id\":\"https:\/\/www.univa.mx\/agora\/comunicacion-educativa-un-motor-de-cambio-social\/#primaryimage\"},\"thumbnailUrl\":\"https:\/\/www.univa.mx\/agora\/wp-content\/uploads\/sites\/14\/2025\/02\/Jenifer-.gif\",\"datePublished\":\"2025-02-26T17:17:20+00:00\",\"dateModified\":\"2025-02-26T18:03:22+00:00\",\"author\":{\"@id\":\"https:\/\/www.univa.mx\/agora\/#\/schema\/person\/257d6e84e733cd038299033a4e51daf8\"},\"breadcrumb\":{\"@id\":\"https:\/\/www.univa.mx\/agora\/comunicacion-educativa-un-motor-de-cambio-social\/#breadcrumb\"},\"inLanguage\":\"es\",\"potentialAction\":[{\"@type\":\"ReadAction\",\"target\":[\"https:\/\/www.univa.mx\/agora\/comunicacion-educativa-un-motor-de-cambio-social\/\"]}]},{\"@type\":\"ImageObject\",\"inLanguage\":\"es\",\"@id\":\"https:\/\/www.univa.mx\/agora\/comunicacion-educativa-un-motor-de-cambio-social\/#primaryimage\",\"url\":\"https:\/\/www.univa.mx\/agora\/wp-content\/uploads\/sites\/14\/2025\/02\/Jenifer-.gif\",\"contentUrl\":\"https:\/\/www.univa.mx\/agora\/wp-content\/uploads\/sites\/14\/2025\/02\/Jenifer-.gif\",\"width\":1280,\"height\":720},{\"@type\":\"BreadcrumbList\",\"@id\":\"https:\/\/www.univa.mx\/agora\/comunicacion-educativa-un-motor-de-cambio-social\/#breadcrumb\",\"itemListElement\":[{\"@type\":\"ListItem\",\"position\":1,\"name\":\"Portada\",\"item\":\"https:\/\/www.univa.mx\/agora\/\"},{\"@type\":\"ListItem\",\"position\":2,\"name\":\"Comunicaci\u00f3n educativa: Un motor de cambio social\"}]},{\"@type\":\"WebSite\",\"@id\":\"https:\/\/www.univa.mx\/agora\/#website\",\"url\":\"https:\/\/www.univa.mx\/agora\/\",\"name\":\"\u00c1gora\",\"description\":\"\",\"potentialAction\":[{\"@type\":\"SearchAction\",\"target\":{\"@type\":\"EntryPoint\",\"urlTemplate\":\"https:\/\/www.univa.mx\/agora\/?s={search_term_string}\"},\"query-input\":{\"@type\":\"PropertyValueSpecification\",\"valueRequired\":true,\"valueName\":\"search_term_string\"}}],\"inLanguage\":\"es\"},{\"@type\":\"Person\",\"@id\":\"https:\/\/www.univa.mx\/agora\/#\/schema\/person\/257d6e84e733cd038299033a4e51daf8\",\"name\":\"Comunicaci\u00f3n Sistema UNIVA\",\"image\":{\"@type\":\"ImageObject\",\"inLanguage\":\"es\",\"@id\":\"https:\/\/www.univa.mx\/agora\/#\/schema\/person\/image\/\",\"url\":\"https:\/\/secure.gravatar.com\/avatar\/6aa0bbdc2764d6dabb18e0075a849c5887b5f3f2c39e3b19384bfd22e55dba7c?s=96&d=mm&r=g\",\"contentUrl\":\"https:\/\/secure.gravatar.com\/avatar\/6aa0bbdc2764d6dabb18e0075a849c5887b5f3f2c39e3b19384bfd22e55dba7c?s=96&d=mm&r=g\",\"caption\":\"Comunicaci\u00f3n Sistema UNIVA\"},\"url\":\"https:\/\/www.univa.mx\/agora\/author\/gustavo\/\"}]}<\/script>\n<!-- \/ Yoast SEO plugin. -->","yoast_head_json":{"title":"Comunicaci\u00f3n educativa: Un motor de cambio social - \u00c1gora","robots":{"index":"index","follow":"follow","max-snippet":"max-snippet:-1","max-image-preview":"max-image-preview:large","max-video-preview":"max-video-preview:-1"},"canonical":"https:\/\/www.univa.mx\/agora\/comunicacion-educativa-un-motor-de-cambio-social\/","og_locale":"es_ES","og_type":"article","og_title":"Comunicaci\u00f3n educativa: Un motor de cambio social - \u00c1gora","og_description":"Jennifer \u00c1lvarez \u00c1ngel \u00b7 Encargada...","og_url":"https:\/\/www.univa.mx\/agora\/comunicacion-educativa-un-motor-de-cambio-social\/","og_site_name":"\u00c1gora","article_published_time":"2025-02-26T17:17:20+00:00","article_modified_time":"2025-02-26T18:03:22+00:00","og_image":[{"width":1280,"height":720,"url":"https:\/\/www.univa.mx\/agora\/wp-content\/uploads\/sites\/14\/2025\/02\/Jenifer-.gif","type":"image\/gif"}],"author":"Comunicaci\u00f3n Sistema UNIVA","twitter_card":"summary_large_image","twitter_misc":{"Escrito por":"Comunicaci\u00f3n Sistema UNIVA","Tiempo de lectura":"1 minuto"},"schema":{"@context":"https:\/\/schema.org","@graph":[{"@type":"WebPage","@id":"https:\/\/www.univa.mx\/agora\/comunicacion-educativa-un-motor-de-cambio-social\/","url":"https:\/\/www.univa.mx\/agora\/comunicacion-educativa-un-motor-de-cambio-social\/","name":"Comunicaci\u00f3n educativa: Un motor de cambio social - \u00c1gora","isPartOf":{"@id":"https:\/\/www.univa.mx\/agora\/#website"},"primaryImageOfPage":{"@id":"https:\/\/www.univa.mx\/agora\/comunicacion-educativa-un-motor-de-cambio-social\/#primaryimage"},"image":{"@id":"https:\/\/www.univa.mx\/agora\/comunicacion-educativa-un-motor-de-cambio-social\/#primaryimage"},"thumbnailUrl":"https:\/\/www.univa.mx\/agora\/wp-content\/uploads\/sites\/14\/2025\/02\/Jenifer-.gif","datePublished":"2025-02-26T17:17:20+00:00","dateModified":"2025-02-26T18:03:22+00:00","author":{"@id":"https:\/\/www.univa.mx\/agora\/#\/schema\/person\/257d6e84e733cd038299033a4e51daf8"},"breadcrumb":{"@id":"https:\/\/www.univa.mx\/agora\/comunicacion-educativa-un-motor-de-cambio-social\/#breadcrumb"},"inLanguage":"es","potentialAction":[{"@type":"ReadAction","target":["https:\/\/www.univa.mx\/agora\/comunicacion-educativa-un-motor-de-cambio-social\/"]}]},{"@type":"ImageObject","inLanguage":"es","@id":"https:\/\/www.univa.mx\/agora\/comunicacion-educativa-un-motor-de-cambio-social\/#primaryimage","url":"https:\/\/www.univa.mx\/agora\/wp-content\/uploads\/sites\/14\/2025\/02\/Jenifer-.gif","contentUrl":"https:\/\/www.univa.mx\/agora\/wp-content\/uploads\/sites\/14\/2025\/02\/Jenifer-.gif","width":1280,"height":720},{"@type":"BreadcrumbList","@id":"https:\/\/www.univa.mx\/agora\/comunicacion-educativa-un-motor-de-cambio-social\/#breadcrumb","itemListElement":[{"@type":"ListItem","position":1,"name":"Portada","item":"https:\/\/www.univa.mx\/agora\/"},{"@type":"ListItem","position":2,"name":"Comunicaci\u00f3n educativa: Un motor de cambio social"}]},{"@type":"WebSite","@id":"https:\/\/www.univa.mx\/agora\/#website","url":"https:\/\/www.univa.mx\/agora\/","name":"\u00c1gora","description":"","potentialAction":[{"@type":"SearchAction","target":{"@type":"EntryPoint","urlTemplate":"https:\/\/www.univa.mx\/agora\/?s={search_term_string}"},"query-input":{"@type":"PropertyValueSpecification","valueRequired":true,"valueName":"search_term_string"}}],"inLanguage":"es"},{"@type":"Person","@id":"https:\/\/www.univa.mx\/agora\/#\/schema\/person\/257d6e84e733cd038299033a4e51daf8","name":"Comunicaci\u00f3n Sistema UNIVA","image":{"@type":"ImageObject","inLanguage":"es","@id":"https:\/\/www.univa.mx\/agora\/#\/schema\/person\/image\/","url":"https:\/\/secure.gravatar.com\/avatar\/6aa0bbdc2764d6dabb18e0075a849c5887b5f3f2c39e3b19384bfd22e55dba7c?s=96&d=mm&r=g","contentUrl":"https:\/\/secure.gravatar.com\/avatar\/6aa0bbdc2764d6dabb18e0075a849c5887b5f3f2c39e3b19384bfd22e55dba7c?s=96&d=mm&r=g","caption":"Comunicaci\u00f3n Sistema UNIVA"},"url":"https:\/\/www.univa.mx\/agora\/author\/gustavo\/"}]}},"_links":{"self":[{"href":"https:\/\/www.univa.mx\/agora\/wp-json\/wp\/v2\/posts\/4580","targetHints":{"allow":["GET"]}}],"collection":[{"href":"https:\/\/www.univa.mx\/agora\/wp-json\/wp\/v2\/posts"}],"about":[{"href":"https:\/\/www.univa.mx\/agora\/wp-json\/wp\/v2\/types\/post"}],"author":[{"embeddable":true,"href":"https:\/\/www.univa.mx\/agora\/wp-json\/wp\/v2\/users\/40"}],"replies":[{"embeddable":true,"href":"https:\/\/www.univa.mx\/agora\/wp-json\/wp\/v2\/comments?post=4580"}],"version-history":[{"count":5,"href":"https:\/\/www.univa.mx\/agora\/wp-json\/wp\/v2\/posts\/4580\/revisions"}],"predecessor-version":[{"id":4587,"href":"https:\/\/www.univa.mx\/agora\/wp-json\/wp\/v2\/posts\/4580\/revisions\/4587"}],"wp:featuredmedia":[{"embeddable":true,"href":"https:\/\/www.univa.mx\/agora\/wp-json\/wp\/v2\/media\/4581"}],"wp:attachment":[{"href":"https:\/\/www.univa.mx\/agora\/wp-json\/wp\/v2\/media?parent=4580"}],"wp:term":[{"taxonomy":"category","embeddable":true,"href":"https:\/\/www.univa.mx\/agora\/wp-json\/wp\/v2\/categories?post=4580"},{"taxonomy":"post_tag","embeddable":true,"href":"https:\/\/www.univa.mx\/agora\/wp-json\/wp\/v2\/tags?post=4580"}],"curies":[{"name":"wp","href":"https:\/\/api.w.org\/{rel}","templated":true}]}}