{"id":4578,"date":"2025-02-26T11:12:15","date_gmt":"2025-02-26T17:12:15","guid":{"rendered":"https:\/\/www.univa.mx\/agora\/?p=4578"},"modified":"2025-02-26T11:12:15","modified_gmt":"2025-02-26T17:12:15","slug":"conclave-una-pelicula-que-retrata-los-entramados-de-la-politica-vaticana","status":"publish","type":"post","link":"https:\/\/www.univa.mx\/agora\/conclave-una-pelicula-que-retrata-los-entramados-de-la-politica-vaticana\/","title":{"rendered":"C\u00f3nclave una pel\u00edcula que retrata los entramados de la pol\u00edtica vaticana"},"content":{"rendered":"<p><em><strong>Fabi\u00e1n Acosta Rico \u00b7 Docente investigador<\/strong><\/em><\/p>\n<p>La Iglesia como instituci\u00f3n no es un todo unificado. Sin estar plenamente fragmentada en ella existen facciones, grupos de poder con visiones y proyectos distintos, antag\u00f3nicos o contrapuestos. As\u00ed ha sido desde siempre tanto entre el clero secular como con las congregaciones y \u00f3rdenes religiosas. Estas discrepancias y rivalidades han ocasionado cismas como el de 1054 cuando las dos Iglesias: la de Oriente y Occidente, la de Constantinopla y la de Roma se separaron por diferencias teol\u00f3gicas, pol\u00edticas y rituales; siglos despu\u00e9s, durante el Renacimiento vendr\u00e1n las rupturas protestantes al interior de la Iglesia iniciada por Mart\u00edn Lutero\u2026<\/p>\n<p>La pel\u00edcula C\u00f3nclave retrata estas divisiones pol\u00edticas y hasta doctrinales; entre hombres consagrados, dirigentes de la grey unidos en Cristo; pero difieren entre s\u00ed acerca de su interpretaci\u00f3n y pr\u00e1ctica de las verdades y valores del Evangelio. En nuestro tiempo tanto entre los ep\u00edscopos como entre los presb\u00edteros hay una polarizaci\u00f3n que delinea principalmente dos bandos: los neoconservadores y los progresistas. El creyente com\u00fan puede que no est\u00e9 muy familiarizado con estos intr\u00edngulis de la pol\u00edtica vaticana por esa raz\u00f3n la pel\u00edcula C\u00f3nclave sin duda lo puede llegar a sorprender.<\/p>\n<p>El evento que detona como ning\u00fan otro las divergencias pol\u00edticas de la Iglesia es el c\u00f3nclave o la elecci\u00f3n de un nuevo papa. Tras fenecer o dimitir un sucesor de San Pedro los pr\u00edncipes de la Iglesia, los cardenales, acuden a Roma para elegir, en c\u00f3nclave, a un nuevo pont\u00edfice. El ritual electivo pontificio data de la \u00e9poca medieval. Un c\u00f3nclave es b\u00e1sicamente una reuni\u00f3n privada en la que se toman decisiones importantes, y qu\u00e9 m\u00e1s importante que designar al titular del Vaticano y dirigente m\u00e1ximo de la grey cat\u00f3lica.<\/p>\n<p>Previa a la votaci\u00f3n, se celebran reuniones llamadas Congregaciones generales en las que se discuten las problem\u00e1ticas y desaf\u00edos de la Iglesia y se barajean los posibles candidatos al Trono de San Pedro. Con una catolicidad en vilo, una sede vacante y la fe puesta en los designios del Cielo viene entonces la reuni\u00f3n de los purpurados. Son por decirlo metaf\u00f3ricamente secuestrados en la Capilla Sixtina; aislados del mundo con el alma y la mente dispuestas a la inspiraci\u00f3n de Dios. Los cardenales electores y elegibles deber\u00e1n tener menos de 80 a\u00f1os. Sobre los debates y discusiones que ocurren durante esos d\u00edas al interior de la Capilla nada se sabe; guardan los convocados el mayor secreto por regla. Solo cardenales presentes, el recinto queda cerrado tras pronunciarse el Extra omnes (\u00a1Fuera todos!).<\/p>\n<p>Se pueden realizar hasta cuatro votaciones por d\u00eda, dos en la ma\u00f1ana y las restantes en la tarde. A cada cardenal se le da una papeleta en la que escribe el nombre de su candidato y la deposita en una urna. Si en el conteo de votos nadie obtiene dos tercios de los sufragios, las papeletas utilizadas se queman con qu\u00edmicos que producen humo negro que se\u00f1ala que no ha habido elecci\u00f3n de momento. El esperado es el humo blanco que indica que ya hay un nuevo papa.<\/p>\n<p>El nuevo papa es llevado a una sala privada llamada Sala de las L\u00e1grimas en la que ora y reflexiona acto seguido se le viste con los h\u00e1bitos pontificios. Luego se le pregunta: \u00bfAceptas tu elecci\u00f3n can\u00f3nica como sumo pont\u00edfice? Si acepta se le vuelve a cuestionar sobre qu\u00e9 nombre adoptar\u00e1 ahora como papa. Para anunciarlo al mundo, un cardenal se asoma por el balc\u00f3n de la Bas\u00edlica de San Pedro y pronuncia las esperadas palabras Habemus Papam (tenemos papa) seguida del nombre del nuevo pont\u00edfice. Para cerrar, el nuevo papa da su primera bendici\u00f3n Urbi et Orbi (a la ciudad y al mundo).<\/p>\n<p>La pol\u00edtica vaticana como la pol\u00edtica en general es compleja. T\u00f3mese en cuenta que todos los pontificados son distintos dependiendo del carisma y las orientaciones teol\u00f3gicas y pol\u00edticas de su titular. Como lo dijimos al comienzo de este art\u00edculo la pel\u00edcula C\u00f3nclave se toma la indiscreci\u00f3n, a trav\u00e9s de la ficci\u00f3n cinematogr\u00e1fica, de hurgar hipot\u00e9ticamente al interior de un c\u00f3nclave. Dirigida por Edwar Berger y escrita por Peter Straughan est\u00e1 basada en la novela Robert Harris, publicada en el 2016.<\/p>\n<p>Sin ser un rotundo \u00e9xito en taquilla tuvo una buena recaudaci\u00f3n de 82, 4 millones de d\u00f3lares en todo mundo. La pel\u00edcula promet\u00eda causar mucho revuelo sobre todo en sociedades como la mexicana con una mayor\u00eda de cat\u00f3licos a\u00fan respetuosos con la Iglesia. Estaba el precedente del C\u00f3digo Da Vinci (2006) una pel\u00edcula de misterio basada en la novela hom\u00f3nima de Dan Brown. La dirigi\u00f3 Ron Howard y la protagoniz\u00f3 Tom Hanks en el papel de Robert Langdon. Este filme retoma la vieja idea de una supuesta dinast\u00eda de reyes de linaje cr\u00edstico iniciada por Jes\u00fas y Mar\u00eda Magdalena, cuya existencia la Iglesia ha tratado de ocultar. El C\u00f3digo Da Vinci, tanto la pel\u00edcula como la novela, dieron mucho de qu\u00e9 hablar en su momento; pero con C\u00f3nclave la Iglesia y los cat\u00f3licos m\u00e1s militantes guardaron la discreci\u00f3n y no externaron casi quejas y desaprobaciones. En portales cat\u00f3licos como Aciprensa, Actuall o Catholic.Net no encontramos alguna rese\u00f1a descalificando a la pel\u00edcula a pesar de que esta deja mal parada a la jerarqu\u00eda cat\u00f3lica. De que va C\u00f3nclave, tras morir el papa, los cardenales se re\u00fanen en c\u00f3nclave, los favoritos para ocupar el trono de San Pedro son el ultraconservador cardenal Tedesco, el progresista y ultraliberal cardenal Bellini, el pragm\u00e1tico cardenal Trambley y el africano tambi\u00e9n conservador moderado Adeyemi. Otros dos cardenales se sumar\u00e1n a la contienda casi involuntariamente; el decano del Colegio Cardenalicio, Thomas Lawrence y otro que apareci\u00f3 sorpresivamente, el arzobispo de Kabul, nombrado en secreto por el anterior papa, el mexicano Ben\u00edtez.<\/p>\n<p>La pel\u00edcula retrata a los pr\u00edncipes de la Iglesia como hombres de magra religiosidad y escasa espiritualidad; grises y con severas crisis existenciales que bien los descalifican para estar al frente de la Iglesia. S\u00ed la pel\u00edcula no disimula su pretensi\u00f3n de desmitificar a la alta jerarqu\u00eda cat\u00f3lica entreg\u00e1ndonos un retrato de ella un tanto estereotipado en el que resaltan muchos de los lugares comunes de las descalificaciones al alto clero incluidos los esc\u00e1ndalos sexuales y financieros. El final de la pel\u00edcula resulta un tanto inesperado y le da raz\u00f3n a los corrientes progresistas de la Iglesia que se\u00f1alan, como lo recalca tambi\u00e9n el filme, que el si el catolicismo quiere sobrevivir tiene que renunciar a su tradici\u00f3n y abrirse a un reformismo radical de corte progresista e incluso woke.<\/p>\n<p>C\u00f3nclave es todo menos una pel\u00edcula imparcial, est\u00e1 bien realizada, nada que criticar sobre las actuaciones y menos sobre su direcci\u00f3n; pero en su descripci\u00f3n de la pol\u00edtica vaticana no da representaci\u00f3n a los moderados, como el papa Francisco, que no est\u00e1n<\/p>\n<p>entregados a la modernidad ni defienden a ultranza las viejas formas del pasado preconciliar.<\/p>\n","protected":false},"excerpt":{"rendered":"<p>Fabi\u00e1n Acosta Rico \u00b7 Docente&#8230;<\/p>\n","protected":false},"author":40,"featured_media":4473,"comment_status":"closed","ping_status":"closed","sticky":false,"template":"","format":"standard","meta":{"footnotes":""},"categories":[6,17],"tags":[],"class_list":{"0":"post-4578","1":"post","2":"type-post","3":"status-publish","4":"format-standard","5":"has-post-thumbnail","7":"category-lideres-de-opinion","8":"category-voces-univa"},"yoast_head":"<!-- This site is optimized with the Yoast SEO plugin v26.6 - https:\/\/yoast.com\/wordpress\/plugins\/seo\/ -->\n<title>C\u00f3nclave una pel\u00edcula que retrata los entramados de la pol\u00edtica vaticana - \u00c1gora<\/title>\n<meta name=\"description\" content=\"La Iglesia como instituci\u00f3n no es un todo unificado. Sin estar plenamente fragmentada en ella existen facciones, grupos de poder con visiones y proyectos distintos, antag\u00f3nicos o contrapuestos.\" \/>\n<meta name=\"robots\" content=\"index, follow, max-snippet:-1, max-image-preview:large, max-video-preview:-1\" \/>\n<link rel=\"canonical\" href=\"https:\/\/www.univa.mx\/agora\/conclave-una-pelicula-que-retrata-los-entramados-de-la-politica-vaticana\/\" \/>\n<meta property=\"og:locale\" content=\"es_ES\" \/>\n<meta property=\"og:type\" content=\"article\" \/>\n<meta property=\"og:title\" content=\"C\u00f3nclave una pel\u00edcula que retrata los entramados de la pol\u00edtica vaticana - \u00c1gora\" \/>\n<meta property=\"og:description\" content=\"La Iglesia como instituci\u00f3n no es un todo unificado. Sin estar plenamente fragmentada en ella existen facciones, grupos de poder con visiones y proyectos distintos, antag\u00f3nicos o contrapuestos.\" \/>\n<meta property=\"og:url\" content=\"https:\/\/www.univa.mx\/agora\/conclave-una-pelicula-que-retrata-los-entramados-de-la-politica-vaticana\/\" \/>\n<meta property=\"og:site_name\" content=\"\u00c1gora\" \/>\n<meta property=\"article:published_time\" content=\"2025-02-26T17:12:15+00:00\" \/>\n<meta property=\"og:image\" content=\"https:\/\/www.univa.mx\/agora\/wp-content\/uploads\/sites\/14\/2025\/01\/Fabian-Acosta-1-1.gif\" \/>\n\t<meta property=\"og:image:width\" content=\"1280\" \/>\n\t<meta property=\"og:image:height\" content=\"720\" \/>\n\t<meta property=\"og:image:type\" content=\"image\/gif\" \/>\n<meta name=\"author\" content=\"Comunicaci\u00f3n Sistema UNIVA\" \/>\n<meta name=\"twitter:card\" content=\"summary_large_image\" \/>\n<meta name=\"twitter:label1\" content=\"Escrito por\" \/>\n\t<meta name=\"twitter:data1\" content=\"Comunicaci\u00f3n Sistema UNIVA\" \/>\n\t<meta name=\"twitter:label2\" content=\"Tiempo de lectura\" \/>\n\t<meta name=\"twitter:data2\" content=\"1 minuto\" \/>\n<script type=\"application\/ld+json\" class=\"yoast-schema-graph\">{\"@context\":\"https:\/\/schema.org\",\"@graph\":[{\"@type\":\"WebPage\",\"@id\":\"https:\/\/www.univa.mx\/agora\/conclave-una-pelicula-que-retrata-los-entramados-de-la-politica-vaticana\/\",\"url\":\"https:\/\/www.univa.mx\/agora\/conclave-una-pelicula-que-retrata-los-entramados-de-la-politica-vaticana\/\",\"name\":\"C\u00f3nclave una pel\u00edcula que retrata los entramados de la pol\u00edtica vaticana - \u00c1gora\",\"isPartOf\":{\"@id\":\"https:\/\/www.univa.mx\/agora\/#website\"},\"primaryImageOfPage\":{\"@id\":\"https:\/\/www.univa.mx\/agora\/conclave-una-pelicula-que-retrata-los-entramados-de-la-politica-vaticana\/#primaryimage\"},\"image\":{\"@id\":\"https:\/\/www.univa.mx\/agora\/conclave-una-pelicula-que-retrata-los-entramados-de-la-politica-vaticana\/#primaryimage\"},\"thumbnailUrl\":\"https:\/\/www.univa.mx\/agora\/wp-content\/uploads\/sites\/14\/2025\/01\/Fabian-Acosta-1-1.gif\",\"datePublished\":\"2025-02-26T17:12:15+00:00\",\"author\":{\"@id\":\"https:\/\/www.univa.mx\/agora\/#\/schema\/person\/257d6e84e733cd038299033a4e51daf8\"},\"description\":\"La Iglesia como instituci\u00f3n no es un todo unificado. Sin estar plenamente fragmentada en ella existen facciones, grupos de poder con visiones y proyectos distintos, antag\u00f3nicos o contrapuestos.\",\"breadcrumb\":{\"@id\":\"https:\/\/www.univa.mx\/agora\/conclave-una-pelicula-que-retrata-los-entramados-de-la-politica-vaticana\/#breadcrumb\"},\"inLanguage\":\"es\",\"potentialAction\":[{\"@type\":\"ReadAction\",\"target\":[\"https:\/\/www.univa.mx\/agora\/conclave-una-pelicula-que-retrata-los-entramados-de-la-politica-vaticana\/\"]}]},{\"@type\":\"ImageObject\",\"inLanguage\":\"es\",\"@id\":\"https:\/\/www.univa.mx\/agora\/conclave-una-pelicula-que-retrata-los-entramados-de-la-politica-vaticana\/#primaryimage\",\"url\":\"https:\/\/www.univa.mx\/agora\/wp-content\/uploads\/sites\/14\/2025\/01\/Fabian-Acosta-1-1.gif\",\"contentUrl\":\"https:\/\/www.univa.mx\/agora\/wp-content\/uploads\/sites\/14\/2025\/01\/Fabian-Acosta-1-1.gif\",\"width\":1280,\"height\":720},{\"@type\":\"BreadcrumbList\",\"@id\":\"https:\/\/www.univa.mx\/agora\/conclave-una-pelicula-que-retrata-los-entramados-de-la-politica-vaticana\/#breadcrumb\",\"itemListElement\":[{\"@type\":\"ListItem\",\"position\":1,\"name\":\"Portada\",\"item\":\"https:\/\/www.univa.mx\/agora\/\"},{\"@type\":\"ListItem\",\"position\":2,\"name\":\"C\u00f3nclave una pel\u00edcula que retrata los entramados de la pol\u00edtica vaticana\"}]},{\"@type\":\"WebSite\",\"@id\":\"https:\/\/www.univa.mx\/agora\/#website\",\"url\":\"https:\/\/www.univa.mx\/agora\/\",\"name\":\"\u00c1gora\",\"description\":\"\",\"potentialAction\":[{\"@type\":\"SearchAction\",\"target\":{\"@type\":\"EntryPoint\",\"urlTemplate\":\"https:\/\/www.univa.mx\/agora\/?s={search_term_string}\"},\"query-input\":{\"@type\":\"PropertyValueSpecification\",\"valueRequired\":true,\"valueName\":\"search_term_string\"}}],\"inLanguage\":\"es\"},{\"@type\":\"Person\",\"@id\":\"https:\/\/www.univa.mx\/agora\/#\/schema\/person\/257d6e84e733cd038299033a4e51daf8\",\"name\":\"Comunicaci\u00f3n Sistema UNIVA\",\"image\":{\"@type\":\"ImageObject\",\"inLanguage\":\"es\",\"@id\":\"https:\/\/www.univa.mx\/agora\/#\/schema\/person\/image\/\",\"url\":\"https:\/\/secure.gravatar.com\/avatar\/6aa0bbdc2764d6dabb18e0075a849c5887b5f3f2c39e3b19384bfd22e55dba7c?s=96&d=mm&r=g\",\"contentUrl\":\"https:\/\/secure.gravatar.com\/avatar\/6aa0bbdc2764d6dabb18e0075a849c5887b5f3f2c39e3b19384bfd22e55dba7c?s=96&d=mm&r=g\",\"caption\":\"Comunicaci\u00f3n Sistema UNIVA\"},\"url\":\"https:\/\/www.univa.mx\/agora\/author\/gustavo\/\"}]}<\/script>\n<!-- \/ Yoast SEO plugin. -->","yoast_head_json":{"title":"C\u00f3nclave una pel\u00edcula que retrata los entramados de la pol\u00edtica vaticana - \u00c1gora","description":"La Iglesia como instituci\u00f3n no es un todo unificado. Sin estar plenamente fragmentada en ella existen facciones, grupos de poder con visiones y proyectos distintos, antag\u00f3nicos o contrapuestos.","robots":{"index":"index","follow":"follow","max-snippet":"max-snippet:-1","max-image-preview":"max-image-preview:large","max-video-preview":"max-video-preview:-1"},"canonical":"https:\/\/www.univa.mx\/agora\/conclave-una-pelicula-que-retrata-los-entramados-de-la-politica-vaticana\/","og_locale":"es_ES","og_type":"article","og_title":"C\u00f3nclave una pel\u00edcula que retrata los entramados de la pol\u00edtica vaticana - \u00c1gora","og_description":"La Iglesia como instituci\u00f3n no es un todo unificado. Sin estar plenamente fragmentada en ella existen facciones, grupos de poder con visiones y proyectos distintos, antag\u00f3nicos o contrapuestos.","og_url":"https:\/\/www.univa.mx\/agora\/conclave-una-pelicula-que-retrata-los-entramados-de-la-politica-vaticana\/","og_site_name":"\u00c1gora","article_published_time":"2025-02-26T17:12:15+00:00","og_image":[{"width":1280,"height":720,"url":"https:\/\/www.univa.mx\/agora\/wp-content\/uploads\/sites\/14\/2025\/01\/Fabian-Acosta-1-1.gif","type":"image\/gif"}],"author":"Comunicaci\u00f3n Sistema UNIVA","twitter_card":"summary_large_image","twitter_misc":{"Escrito por":"Comunicaci\u00f3n Sistema UNIVA","Tiempo de lectura":"1 minuto"},"schema":{"@context":"https:\/\/schema.org","@graph":[{"@type":"WebPage","@id":"https:\/\/www.univa.mx\/agora\/conclave-una-pelicula-que-retrata-los-entramados-de-la-politica-vaticana\/","url":"https:\/\/www.univa.mx\/agora\/conclave-una-pelicula-que-retrata-los-entramados-de-la-politica-vaticana\/","name":"C\u00f3nclave una pel\u00edcula que retrata los entramados de la pol\u00edtica vaticana - \u00c1gora","isPartOf":{"@id":"https:\/\/www.univa.mx\/agora\/#website"},"primaryImageOfPage":{"@id":"https:\/\/www.univa.mx\/agora\/conclave-una-pelicula-que-retrata-los-entramados-de-la-politica-vaticana\/#primaryimage"},"image":{"@id":"https:\/\/www.univa.mx\/agora\/conclave-una-pelicula-que-retrata-los-entramados-de-la-politica-vaticana\/#primaryimage"},"thumbnailUrl":"https:\/\/www.univa.mx\/agora\/wp-content\/uploads\/sites\/14\/2025\/01\/Fabian-Acosta-1-1.gif","datePublished":"2025-02-26T17:12:15+00:00","author":{"@id":"https:\/\/www.univa.mx\/agora\/#\/schema\/person\/257d6e84e733cd038299033a4e51daf8"},"description":"La Iglesia como instituci\u00f3n no es un todo unificado. Sin estar plenamente fragmentada en ella existen facciones, grupos de poder con visiones y proyectos distintos, antag\u00f3nicos o contrapuestos.","breadcrumb":{"@id":"https:\/\/www.univa.mx\/agora\/conclave-una-pelicula-que-retrata-los-entramados-de-la-politica-vaticana\/#breadcrumb"},"inLanguage":"es","potentialAction":[{"@type":"ReadAction","target":["https:\/\/www.univa.mx\/agora\/conclave-una-pelicula-que-retrata-los-entramados-de-la-politica-vaticana\/"]}]},{"@type":"ImageObject","inLanguage":"es","@id":"https:\/\/www.univa.mx\/agora\/conclave-una-pelicula-que-retrata-los-entramados-de-la-politica-vaticana\/#primaryimage","url":"https:\/\/www.univa.mx\/agora\/wp-content\/uploads\/sites\/14\/2025\/01\/Fabian-Acosta-1-1.gif","contentUrl":"https:\/\/www.univa.mx\/agora\/wp-content\/uploads\/sites\/14\/2025\/01\/Fabian-Acosta-1-1.gif","width":1280,"height":720},{"@type":"BreadcrumbList","@id":"https:\/\/www.univa.mx\/agora\/conclave-una-pelicula-que-retrata-los-entramados-de-la-politica-vaticana\/#breadcrumb","itemListElement":[{"@type":"ListItem","position":1,"name":"Portada","item":"https:\/\/www.univa.mx\/agora\/"},{"@type":"ListItem","position":2,"name":"C\u00f3nclave una pel\u00edcula que retrata los entramados de la pol\u00edtica vaticana"}]},{"@type":"WebSite","@id":"https:\/\/www.univa.mx\/agora\/#website","url":"https:\/\/www.univa.mx\/agora\/","name":"\u00c1gora","description":"","potentialAction":[{"@type":"SearchAction","target":{"@type":"EntryPoint","urlTemplate":"https:\/\/www.univa.mx\/agora\/?s={search_term_string}"},"query-input":{"@type":"PropertyValueSpecification","valueRequired":true,"valueName":"search_term_string"}}],"inLanguage":"es"},{"@type":"Person","@id":"https:\/\/www.univa.mx\/agora\/#\/schema\/person\/257d6e84e733cd038299033a4e51daf8","name":"Comunicaci\u00f3n Sistema UNIVA","image":{"@type":"ImageObject","inLanguage":"es","@id":"https:\/\/www.univa.mx\/agora\/#\/schema\/person\/image\/","url":"https:\/\/secure.gravatar.com\/avatar\/6aa0bbdc2764d6dabb18e0075a849c5887b5f3f2c39e3b19384bfd22e55dba7c?s=96&d=mm&r=g","contentUrl":"https:\/\/secure.gravatar.com\/avatar\/6aa0bbdc2764d6dabb18e0075a849c5887b5f3f2c39e3b19384bfd22e55dba7c?s=96&d=mm&r=g","caption":"Comunicaci\u00f3n Sistema UNIVA"},"url":"https:\/\/www.univa.mx\/agora\/author\/gustavo\/"}]}},"_links":{"self":[{"href":"https:\/\/www.univa.mx\/agora\/wp-json\/wp\/v2\/posts\/4578","targetHints":{"allow":["GET"]}}],"collection":[{"href":"https:\/\/www.univa.mx\/agora\/wp-json\/wp\/v2\/posts"}],"about":[{"href":"https:\/\/www.univa.mx\/agora\/wp-json\/wp\/v2\/types\/post"}],"author":[{"embeddable":true,"href":"https:\/\/www.univa.mx\/agora\/wp-json\/wp\/v2\/users\/40"}],"replies":[{"embeddable":true,"href":"https:\/\/www.univa.mx\/agora\/wp-json\/wp\/v2\/comments?post=4578"}],"version-history":[{"count":1,"href":"https:\/\/www.univa.mx\/agora\/wp-json\/wp\/v2\/posts\/4578\/revisions"}],"predecessor-version":[{"id":4579,"href":"https:\/\/www.univa.mx\/agora\/wp-json\/wp\/v2\/posts\/4578\/revisions\/4579"}],"wp:featuredmedia":[{"embeddable":true,"href":"https:\/\/www.univa.mx\/agora\/wp-json\/wp\/v2\/media\/4473"}],"wp:attachment":[{"href":"https:\/\/www.univa.mx\/agora\/wp-json\/wp\/v2\/media?parent=4578"}],"wp:term":[{"taxonomy":"category","embeddable":true,"href":"https:\/\/www.univa.mx\/agora\/wp-json\/wp\/v2\/categories?post=4578"},{"taxonomy":"post_tag","embeddable":true,"href":"https:\/\/www.univa.mx\/agora\/wp-json\/wp\/v2\/tags?post=4578"}],"curies":[{"name":"wp","href":"https:\/\/api.w.org\/{rel}","templated":true}]}}