{"id":4491,"date":"2025-01-22T11:09:53","date_gmt":"2025-01-22T17:09:53","guid":{"rendered":"https:\/\/www.univa.mx\/agora\/?p=4491"},"modified":"2025-01-22T11:09:53","modified_gmt":"2025-01-22T17:09:53","slug":"ceo-de-disney-anuncia-que-la-empresa-dejara-la-agenda-woke","status":"publish","type":"post","link":"https:\/\/www.univa.mx\/agora\/ceo-de-disney-anuncia-que-la-empresa-dejara-la-agenda-woke\/","title":{"rendered":"CEO de Disney anuncia que la empresa dejar\u00e1 la agenda woke"},"content":{"rendered":"<p><em><strong>Fabi\u00e1n Acosta Rico \u00b7 Docente investigador<\/strong><\/em><\/p>\n<p><span data-contrast=\"auto\">Combinar econom\u00eda con ideales culturales y pol\u00edticos no siempre resulta una estrategia acertada. Esta lecci\u00f3n la aprendi\u00f3 Disney, tambi\u00e9n conocida como la \u00abCasa del Rat\u00f3n\u00bb, cuando sus ingresos se vieron gravemente afectados. Defender los derechos de la comunidad LGBT, asumir consignas feministas y visibilizar a las minor\u00edas \u00e9tnicas son gestos loables que, aunque inspiradores, no han garantizado rentabilidad en la venta de suscripciones y boletos de cine.<\/span><span data-ccp-props=\"{&quot;201341983&quot;:0,&quot;335551550&quot;:6,&quot;335551620&quot;:6,&quot;335559731&quot;:708,&quot;335559740&quot;:360}\">\u00a0<\/span><\/p>\n<p><span data-contrast=\"auto\">Los n\u00fameros no tienen simpat\u00edas ni causas justas: son fr\u00edos y directos. Desde que Disney adopt\u00f3 un enfoque m\u00e1s inclusivo en sus producciones, sus ganancias han ca\u00eddo dr\u00e1sticamente. Pel\u00edculas como Lightyear, Strange World, Ant-Man y la Avispa: Quantuman\u00eda, Guardianes de la Galaxia Volumen 3, Thor: Love and Thunder, Black Panther: Wakanda Forever, Elemental y La Sirenita generaron p\u00e9rdidas significativas debido a su baja recaudaci\u00f3n en taquilla.<\/span><span data-ccp-props=\"{&quot;201341983&quot;:0,&quot;335551550&quot;:6,&quot;335551620&quot;:6,&quot;335559731&quot;:708,&quot;335559740&quot;:360}\">\u00a0<\/span><\/p>\n<p><span data-contrast=\"auto\">El costo total de estas ocho pel\u00edculas fue de 1,735 millones de d\u00f3lares, con 1,015 millones adicionales destinados al marketing, sumando un gasto total de 2,750 millones. Sin embargo, lo recaudado en cines apenas alcanz\u00f3 los 1,861 millones. Dado que las salas de cine retienen aproximadamente el 50 % de las ganancias (y hasta el 75 % en China), Disney enfrent\u00f3 una p\u00e9rdida estimada de 889 millones de d\u00f3lares.<\/span><span data-ccp-props=\"{&quot;201341983&quot;:0,&quot;335551550&quot;:6,&quot;335551620&quot;:6,&quot;335559731&quot;:708,&quot;335559740&quot;:360}\">\u00a0<\/span><\/p>\n<p><span data-contrast=\"auto\">Durante d\u00e9cadas, Disney se mantuvo como l\u00edder indiscutible del entretenimiento global gracias a su portafolio diversificado de series, parques tem\u00e1ticos y franquicias como Pixar, Star Wars y Fox. Pero en su apuesta por abrazar la agenda \u00abwoke\u00bb, buscando conectar con p\u00fablicos que valoran el empoderamiento femenino, la diversidad sexual y la descolonizaci\u00f3n cultural, algo sali\u00f3 mal: las audiencias rechazaron el cambio y se distanciaron de la compa\u00f1\u00eda.<\/span><span data-ccp-props=\"{&quot;201341983&quot;:0,&quot;335551550&quot;:6,&quot;335551620&quot;:6,&quot;335559731&quot;:708,&quot;335559740&quot;:360}\">\u00a0<\/span><\/p>\n<p><span data-contrast=\"auto\">Muchos antiguos seguidores de la cultura hollywoodense migraron al mundo otaku, buscando mangas y animes menos influenciados por discursos ideol\u00f3gicos. Mientras tanto, Disney se enfrent\u00f3 a cr\u00edticas por sacrificar buenas historias en favor de mensajes percibidos como adoctrinadores. Incluso su plataforma de streaming, Disney+, tuvo problemas con audiencias raqu\u00edticas para series como She-Hulk, Echo y The Acolyte.<\/span><span data-ccp-props=\"{&quot;201341983&quot;:0,&quot;335551550&quot;:6,&quot;335551620&quot;:6,&quot;335559731&quot;:708,&quot;335559740&quot;:360}\">\u00a0<\/span><\/p>\n<p><span data-contrast=\"auto\">Ante esta crisis, el CEO Bob Iger tom\u00f3 la decisi\u00f3n de reorientar la estrategia. En una reuni\u00f3n con su junta directiva, se acord\u00f3 priorizar el entretenimiento sobre las agendas pol\u00edticas, buscando un equilibrio entre representaci\u00f3n y diversi\u00f3n. \u201cNuestra prioridad debe ser entretener, no promover agendas\u201d, expres\u00f3 Iger a los inversores.<\/span><span data-ccp-props=\"{&quot;201341983&quot;:0,&quot;335551550&quot;:6,&quot;335551620&quot;:6,&quot;335559731&quot;:708,&quot;335559740&quot;:360}\">\u00a0<\/span><\/p>\n<p><span data-contrast=\"auto\">Los cambios ya han comenzado. Un ejemplo es la eliminaci\u00f3n de un personaje trans en la pr\u00f3xima serie animada Ganar y Perder, una decisi\u00f3n basada en la preferencia de algunos padres por abordar estos temas seg\u00fan sus propios valores. Sin embargo, Iger dej\u00f3 en claro que la inclusi\u00f3n lleg\u00f3 para quedarse. Producciones exitosas como Coco, Moana y Pantera Negra demuestran que la representaci\u00f3n cultural y social tiene gran aceptaci\u00f3n entre el p\u00fablico.<\/span><span data-ccp-props=\"{&quot;201341983&quot;:0,&quot;335551550&quot;:6,&quot;335551620&quot;:6,&quot;335559731&quot;:708,&quot;335559740&quot;:360}\">\u00a0<\/span><\/p>\n<p><span data-contrast=\"auto\">\u201cEl p\u00fablico es diverso, y debemos ser cuidadosos para no dividir a nuestra audiencia\u201d, subray\u00f3 Iger. La clave estar\u00e1 en ofrecer una amplia variedad de tem\u00e1ticas e historias sin descuidar las ra\u00edces culturales ni imponer representaciones forzadas. Respetar los contextos \u00e9tnicos y culturales en narrativas hist\u00f3ricas, como mantener un elenco asi\u00e1tico para una pel\u00edcula de samur\u00e1is o uno cauc\u00e1sico para una historia de vikingos, no debe ser visto como reprobable, sino como un ejercicio de autenticidad narrativa.<\/span><span data-ccp-props=\"{&quot;201341983&quot;:0,&quot;335551550&quot;:6,&quot;335551620&quot;:6,&quot;335559731&quot;:708,&quot;335559740&quot;:360}\">\u00a0<\/span><\/p>\n<p><span data-contrast=\"auto\">Disney parece haber aprendido una lecci\u00f3n crucial: el equilibrio entre inclusi\u00f3n y entretenimiento es el camino para reconquistar a su p\u00fablico.<\/span><span data-ccp-props=\"{&quot;201341983&quot;:0,&quot;335551550&quot;:6,&quot;335551620&quot;:6,&quot;335559731&quot;:708,&quot;335559740&quot;:360}\">\u00a0<\/span><\/p>\n","protected":false},"excerpt":{"rendered":"<p>Fabi\u00e1n Acosta Rico \u00b7 Docente&#8230;<\/p>\n","protected":false},"author":40,"featured_media":4473,"comment_status":"closed","ping_status":"closed","sticky":false,"template":"","format":"standard","meta":{"footnotes":""},"categories":[6,17],"tags":[],"class_list":["post-4491","post","type-post","status-publish","format-standard","has-post-thumbnail","category-lideres-de-opinion","category-voces-univa"],"yoast_head":"<!-- This site is optimized with the Yoast SEO plugin v28.0 - https:\/\/yoast.com\/product\/yoast-seo-wordpress\/ -->\n<title>CEO de Disney anuncia que la empresa dejar\u00e1 la agenda woke - \u00c1gora<\/title>\n<meta name=\"description\" content=\"Combinar econom\u00eda con ideales culturales y pol\u00edticos no siempre resulta una estrategia acertada. Esta lecci\u00f3n la aprendi\u00f3 Disney, tambi\u00e9n conocida como la &quot;Casa del Rat\u00f3n&quot;, cuando sus ingresos se vieron gravemente afectados. Defender los derechos de la comunidad LGBT, asumir consignas feministas y visibilizar a las minor\u00edas \u00e9tnicas son gestos loables que, aunque inspiradores, no han garantizado rentabilidad en la venta de suscripciones y boletos de cine.\u00a0\" \/>\n<meta name=\"robots\" content=\"index, follow, max-snippet:-1, max-image-preview:large, max-video-preview:-1\" \/>\n<link rel=\"canonical\" href=\"https:\/\/www.univa.mx\/agora\/ceo-de-disney-anuncia-que-la-empresa-dejara-la-agenda-woke\/\" \/>\n<meta property=\"og:locale\" content=\"es_ES\" \/>\n<meta property=\"og:type\" content=\"article\" \/>\n<meta property=\"og:title\" content=\"CEO de Disney anuncia que la empresa dejar\u00e1 la agenda woke - \u00c1gora\" \/>\n<meta property=\"og:description\" content=\"Combinar econom\u00eda con ideales culturales y pol\u00edticos no siempre resulta una estrategia acertada. Esta lecci\u00f3n la aprendi\u00f3 Disney, tambi\u00e9n conocida como la &quot;Casa del Rat\u00f3n&quot;, cuando sus ingresos se vieron gravemente afectados. Defender los derechos de la comunidad LGBT, asumir consignas feministas y visibilizar a las minor\u00edas \u00e9tnicas son gestos loables que, aunque inspiradores, no han garantizado rentabilidad en la venta de suscripciones y boletos de cine.\u00a0\" \/>\n<meta property=\"og:url\" content=\"https:\/\/www.univa.mx\/agora\/ceo-de-disney-anuncia-que-la-empresa-dejara-la-agenda-woke\/\" \/>\n<meta property=\"og:site_name\" content=\"\u00c1gora\" \/>\n<meta property=\"article:published_time\" content=\"2025-01-22T17:09:53+00:00\" \/>\n<meta property=\"og:image\" content=\"https:\/\/www.univa.mx\/agora\/wp-content\/uploads\/sites\/14\/2025\/01\/Fabian-Acosta-1-1.gif\" \/>\n\t<meta property=\"og:image:width\" content=\"1280\" \/>\n\t<meta property=\"og:image:height\" content=\"720\" \/>\n\t<meta property=\"og:image:type\" content=\"image\/gif\" \/>\n<meta name=\"author\" content=\"Comunicaci\u00f3n Sistema UNIVA\" \/>\n<meta name=\"twitter:card\" content=\"summary_large_image\" \/>\n<meta name=\"twitter:label1\" content=\"Escrito por\" \/>\n\t<meta name=\"twitter:data1\" content=\"Comunicaci\u00f3n Sistema UNIVA\" \/>\n\t<meta name=\"twitter:label2\" content=\"Tiempo de lectura\" \/>\n\t<meta name=\"twitter:data2\" content=\"1 minuto\" \/>\n<script type=\"application\/ld+json\" class=\"yoast-schema-graph\">{\"@context\":\"https:\\\/\\\/schema.org\",\"@graph\":[{\"@type\":\"Article\",\"@id\":\"https:\\\/\\\/www.univa.mx\\\/agora\\\/ceo-de-disney-anuncia-que-la-empresa-dejara-la-agenda-woke\\\/#article\",\"isPartOf\":{\"@id\":\"https:\\\/\\\/www.univa.mx\\\/agora\\\/ceo-de-disney-anuncia-que-la-empresa-dejara-la-agenda-woke\\\/\"},\"author\":{\"name\":\"Comunicaci\u00f3n Sistema UNIVA\",\"@id\":\"https:\\\/\\\/www.univa.mx\\\/agora\\\/#\\\/schema\\\/person\\\/698af210c9a2ad5b61255af506d223e3\"},\"headline\":\"CEO de Disney anuncia que la empresa dejar\u00e1 la agenda woke\",\"datePublished\":\"2025-01-22T17:09:53+00:00\",\"mainEntityOfPage\":{\"@id\":\"https:\\\/\\\/www.univa.mx\\\/agora\\\/ceo-de-disney-anuncia-que-la-empresa-dejara-la-agenda-woke\\\/\"},\"wordCount\":606,\"image\":{\"@id\":\"https:\\\/\\\/www.univa.mx\\\/agora\\\/ceo-de-disney-anuncia-que-la-empresa-dejara-la-agenda-woke\\\/#primaryimage\"},\"thumbnailUrl\":\"https:\\\/\\\/www.univa.mx\\\/agora\\\/wp-content\\\/uploads\\\/sites\\\/14\\\/2025\\\/01\\\/Fabian-Acosta-1-1.gif\",\"articleSection\":[\"L\u00edderes de Opini\u00f3n\",\"Voces UNIVA\"],\"inLanguage\":\"es\"},{\"@type\":\"WebPage\",\"@id\":\"https:\\\/\\\/www.univa.mx\\\/agora\\\/ceo-de-disney-anuncia-que-la-empresa-dejara-la-agenda-woke\\\/\",\"url\":\"https:\\\/\\\/www.univa.mx\\\/agora\\\/ceo-de-disney-anuncia-que-la-empresa-dejara-la-agenda-woke\\\/\",\"name\":\"CEO de Disney anuncia que la empresa dejar\u00e1 la agenda woke - \u00c1gora\",\"isPartOf\":{\"@id\":\"https:\\\/\\\/www.univa.mx\\\/agora\\\/#website\"},\"primaryImageOfPage\":{\"@id\":\"https:\\\/\\\/www.univa.mx\\\/agora\\\/ceo-de-disney-anuncia-que-la-empresa-dejara-la-agenda-woke\\\/#primaryimage\"},\"image\":{\"@id\":\"https:\\\/\\\/www.univa.mx\\\/agora\\\/ceo-de-disney-anuncia-que-la-empresa-dejara-la-agenda-woke\\\/#primaryimage\"},\"thumbnailUrl\":\"https:\\\/\\\/www.univa.mx\\\/agora\\\/wp-content\\\/uploads\\\/sites\\\/14\\\/2025\\\/01\\\/Fabian-Acosta-1-1.gif\",\"datePublished\":\"2025-01-22T17:09:53+00:00\",\"author\":{\"@id\":\"https:\\\/\\\/www.univa.mx\\\/agora\\\/#\\\/schema\\\/person\\\/698af210c9a2ad5b61255af506d223e3\"},\"description\":\"Combinar econom\u00eda con ideales culturales y pol\u00edticos no siempre resulta una estrategia acertada. Esta lecci\u00f3n la aprendi\u00f3 Disney, tambi\u00e9n conocida como la \\\"Casa del Rat\u00f3n\\\", cuando sus ingresos se vieron gravemente afectados. Defender los derechos de la comunidad LGBT, asumir consignas feministas y visibilizar a las minor\u00edas \u00e9tnicas son gestos loables que, aunque inspiradores, no han garantizado rentabilidad en la venta de suscripciones y boletos de cine.\u00a0\",\"breadcrumb\":{\"@id\":\"https:\\\/\\\/www.univa.mx\\\/agora\\\/ceo-de-disney-anuncia-que-la-empresa-dejara-la-agenda-woke\\\/#breadcrumb\"},\"inLanguage\":\"es\",\"potentialAction\":[{\"@type\":\"ReadAction\",\"target\":[\"https:\\\/\\\/www.univa.mx\\\/agora\\\/ceo-de-disney-anuncia-que-la-empresa-dejara-la-agenda-woke\\\/\"]}]},{\"@type\":\"ImageObject\",\"inLanguage\":\"es\",\"@id\":\"https:\\\/\\\/www.univa.mx\\\/agora\\\/ceo-de-disney-anuncia-que-la-empresa-dejara-la-agenda-woke\\\/#primaryimage\",\"url\":\"https:\\\/\\\/www.univa.mx\\\/agora\\\/wp-content\\\/uploads\\\/sites\\\/14\\\/2025\\\/01\\\/Fabian-Acosta-1-1.gif\",\"contentUrl\":\"https:\\\/\\\/www.univa.mx\\\/agora\\\/wp-content\\\/uploads\\\/sites\\\/14\\\/2025\\\/01\\\/Fabian-Acosta-1-1.gif\",\"width\":1280,\"height\":720},{\"@type\":\"BreadcrumbList\",\"@id\":\"https:\\\/\\\/www.univa.mx\\\/agora\\\/ceo-de-disney-anuncia-que-la-empresa-dejara-la-agenda-woke\\\/#breadcrumb\",\"itemListElement\":[{\"@type\":\"ListItem\",\"position\":1,\"name\":\"Portada\",\"item\":\"https:\\\/\\\/www.univa.mx\\\/agora\\\/\"},{\"@type\":\"ListItem\",\"position\":2,\"name\":\"CEO de Disney anuncia que la empresa dejar\u00e1 la agenda woke\"}]},{\"@type\":\"WebSite\",\"@id\":\"https:\\\/\\\/www.univa.mx\\\/agora\\\/#website\",\"url\":\"https:\\\/\\\/www.univa.mx\\\/agora\\\/\",\"name\":\"\u00c1gora\",\"description\":\"\",\"potentialAction\":[{\"@type\":\"SearchAction\",\"target\":{\"@type\":\"EntryPoint\",\"urlTemplate\":\"https:\\\/\\\/www.univa.mx\\\/agora\\\/?s={search_term_string}\"},\"query-input\":{\"@type\":\"PropertyValueSpecification\",\"valueRequired\":true,\"valueName\":\"search_term_string\"}}],\"inLanguage\":\"es\"},{\"@type\":\"Person\",\"@id\":\"https:\\\/\\\/www.univa.mx\\\/agora\\\/#\\\/schema\\\/person\\\/698af210c9a2ad5b61255af506d223e3\",\"name\":\"Comunicaci\u00f3n Sistema UNIVA\",\"image\":{\"@type\":\"ImageObject\",\"inLanguage\":\"es\",\"@id\":\"https:\\\/\\\/secure.gravatar.com\\\/avatar\\\/6aa0bbdc2764d6dabb18e0075a849c5887b5f3f2c39e3b19384bfd22e55dba7c?s=96&d=mm&r=g\",\"url\":\"https:\\\/\\\/secure.gravatar.com\\\/avatar\\\/6aa0bbdc2764d6dabb18e0075a849c5887b5f3f2c39e3b19384bfd22e55dba7c?s=96&d=mm&r=g\",\"contentUrl\":\"https:\\\/\\\/secure.gravatar.com\\\/avatar\\\/6aa0bbdc2764d6dabb18e0075a849c5887b5f3f2c39e3b19384bfd22e55dba7c?s=96&d=mm&r=g\",\"caption\":\"Comunicaci\u00f3n Sistema UNIVA\"},\"url\":\"https:\\\/\\\/www.univa.mx\\\/agora\\\/author\\\/gustavo\\\/\"}]}<\/script>\n<!-- \/ Yoast SEO plugin. -->","yoast_head_json":{"title":"CEO de Disney anuncia que la empresa dejar\u00e1 la agenda woke - \u00c1gora","description":"Combinar econom\u00eda con ideales culturales y pol\u00edticos no siempre resulta una estrategia acertada. Esta lecci\u00f3n la aprendi\u00f3 Disney, tambi\u00e9n conocida como la \"Casa del Rat\u00f3n\", cuando sus ingresos se vieron gravemente afectados. Defender los derechos de la comunidad LGBT, asumir consignas feministas y visibilizar a las minor\u00edas \u00e9tnicas son gestos loables que, aunque inspiradores, no han garantizado rentabilidad en la venta de suscripciones y boletos de cine.\u00a0","robots":{"index":"index","follow":"follow","max-snippet":"max-snippet:-1","max-image-preview":"max-image-preview:large","max-video-preview":"max-video-preview:-1"},"canonical":"https:\/\/www.univa.mx\/agora\/ceo-de-disney-anuncia-que-la-empresa-dejara-la-agenda-woke\/","og_locale":"es_ES","og_type":"article","og_title":"CEO de Disney anuncia que la empresa dejar\u00e1 la agenda woke - \u00c1gora","og_description":"Combinar econom\u00eda con ideales culturales y pol\u00edticos no siempre resulta una estrategia acertada. Esta lecci\u00f3n la aprendi\u00f3 Disney, tambi\u00e9n conocida como la \"Casa del Rat\u00f3n\", cuando sus ingresos se vieron gravemente afectados. Defender los derechos de la comunidad LGBT, asumir consignas feministas y visibilizar a las minor\u00edas \u00e9tnicas son gestos loables que, aunque inspiradores, no han garantizado rentabilidad en la venta de suscripciones y boletos de cine.\u00a0","og_url":"https:\/\/www.univa.mx\/agora\/ceo-de-disney-anuncia-que-la-empresa-dejara-la-agenda-woke\/","og_site_name":"\u00c1gora","article_published_time":"2025-01-22T17:09:53+00:00","og_image":[{"width":1280,"height":720,"url":"https:\/\/www.univa.mx\/agora\/wp-content\/uploads\/sites\/14\/2025\/01\/Fabian-Acosta-1-1.gif","type":"image\/gif"}],"author":"Comunicaci\u00f3n Sistema UNIVA","twitter_card":"summary_large_image","twitter_misc":{"Escrito por":"Comunicaci\u00f3n Sistema UNIVA","Tiempo de lectura":"1 minuto"},"schema":{"@context":"https:\/\/schema.org","@graph":[{"@type":"Article","@id":"https:\/\/www.univa.mx\/agora\/ceo-de-disney-anuncia-que-la-empresa-dejara-la-agenda-woke\/#article","isPartOf":{"@id":"https:\/\/www.univa.mx\/agora\/ceo-de-disney-anuncia-que-la-empresa-dejara-la-agenda-woke\/"},"author":{"name":"Comunicaci\u00f3n Sistema UNIVA","@id":"https:\/\/www.univa.mx\/agora\/#\/schema\/person\/698af210c9a2ad5b61255af506d223e3"},"headline":"CEO de Disney anuncia que la empresa dejar\u00e1 la agenda woke","datePublished":"2025-01-22T17:09:53+00:00","mainEntityOfPage":{"@id":"https:\/\/www.univa.mx\/agora\/ceo-de-disney-anuncia-que-la-empresa-dejara-la-agenda-woke\/"},"wordCount":606,"image":{"@id":"https:\/\/www.univa.mx\/agora\/ceo-de-disney-anuncia-que-la-empresa-dejara-la-agenda-woke\/#primaryimage"},"thumbnailUrl":"https:\/\/www.univa.mx\/agora\/wp-content\/uploads\/sites\/14\/2025\/01\/Fabian-Acosta-1-1.gif","articleSection":["L\u00edderes de Opini\u00f3n","Voces UNIVA"],"inLanguage":"es"},{"@type":"WebPage","@id":"https:\/\/www.univa.mx\/agora\/ceo-de-disney-anuncia-que-la-empresa-dejara-la-agenda-woke\/","url":"https:\/\/www.univa.mx\/agora\/ceo-de-disney-anuncia-que-la-empresa-dejara-la-agenda-woke\/","name":"CEO de Disney anuncia que la empresa dejar\u00e1 la agenda woke - \u00c1gora","isPartOf":{"@id":"https:\/\/www.univa.mx\/agora\/#website"},"primaryImageOfPage":{"@id":"https:\/\/www.univa.mx\/agora\/ceo-de-disney-anuncia-que-la-empresa-dejara-la-agenda-woke\/#primaryimage"},"image":{"@id":"https:\/\/www.univa.mx\/agora\/ceo-de-disney-anuncia-que-la-empresa-dejara-la-agenda-woke\/#primaryimage"},"thumbnailUrl":"https:\/\/www.univa.mx\/agora\/wp-content\/uploads\/sites\/14\/2025\/01\/Fabian-Acosta-1-1.gif","datePublished":"2025-01-22T17:09:53+00:00","author":{"@id":"https:\/\/www.univa.mx\/agora\/#\/schema\/person\/698af210c9a2ad5b61255af506d223e3"},"description":"Combinar econom\u00eda con ideales culturales y pol\u00edticos no siempre resulta una estrategia acertada. Esta lecci\u00f3n la aprendi\u00f3 Disney, tambi\u00e9n conocida como la \"Casa del Rat\u00f3n\", cuando sus ingresos se vieron gravemente afectados. Defender los derechos de la comunidad LGBT, asumir consignas feministas y visibilizar a las minor\u00edas \u00e9tnicas son gestos loables que, aunque inspiradores, no han garantizado rentabilidad en la venta de suscripciones y boletos de cine.\u00a0","breadcrumb":{"@id":"https:\/\/www.univa.mx\/agora\/ceo-de-disney-anuncia-que-la-empresa-dejara-la-agenda-woke\/#breadcrumb"},"inLanguage":"es","potentialAction":[{"@type":"ReadAction","target":["https:\/\/www.univa.mx\/agora\/ceo-de-disney-anuncia-que-la-empresa-dejara-la-agenda-woke\/"]}]},{"@type":"ImageObject","inLanguage":"es","@id":"https:\/\/www.univa.mx\/agora\/ceo-de-disney-anuncia-que-la-empresa-dejara-la-agenda-woke\/#primaryimage","url":"https:\/\/www.univa.mx\/agora\/wp-content\/uploads\/sites\/14\/2025\/01\/Fabian-Acosta-1-1.gif","contentUrl":"https:\/\/www.univa.mx\/agora\/wp-content\/uploads\/sites\/14\/2025\/01\/Fabian-Acosta-1-1.gif","width":1280,"height":720},{"@type":"BreadcrumbList","@id":"https:\/\/www.univa.mx\/agora\/ceo-de-disney-anuncia-que-la-empresa-dejara-la-agenda-woke\/#breadcrumb","itemListElement":[{"@type":"ListItem","position":1,"name":"Portada","item":"https:\/\/www.univa.mx\/agora\/"},{"@type":"ListItem","position":2,"name":"CEO de Disney anuncia que la empresa dejar\u00e1 la agenda woke"}]},{"@type":"WebSite","@id":"https:\/\/www.univa.mx\/agora\/#website","url":"https:\/\/www.univa.mx\/agora\/","name":"\u00c1gora","description":"","potentialAction":[{"@type":"SearchAction","target":{"@type":"EntryPoint","urlTemplate":"https:\/\/www.univa.mx\/agora\/?s={search_term_string}"},"query-input":{"@type":"PropertyValueSpecification","valueRequired":true,"valueName":"search_term_string"}}],"inLanguage":"es"},{"@type":"Person","@id":"https:\/\/www.univa.mx\/agora\/#\/schema\/person\/698af210c9a2ad5b61255af506d223e3","name":"Comunicaci\u00f3n Sistema UNIVA","image":{"@type":"ImageObject","inLanguage":"es","@id":"https:\/\/secure.gravatar.com\/avatar\/6aa0bbdc2764d6dabb18e0075a849c5887b5f3f2c39e3b19384bfd22e55dba7c?s=96&d=mm&r=g","url":"https:\/\/secure.gravatar.com\/avatar\/6aa0bbdc2764d6dabb18e0075a849c5887b5f3f2c39e3b19384bfd22e55dba7c?s=96&d=mm&r=g","contentUrl":"https:\/\/secure.gravatar.com\/avatar\/6aa0bbdc2764d6dabb18e0075a849c5887b5f3f2c39e3b19384bfd22e55dba7c?s=96&d=mm&r=g","caption":"Comunicaci\u00f3n Sistema UNIVA"},"url":"https:\/\/www.univa.mx\/agora\/author\/gustavo\/"}]}},"_links":{"self":[{"href":"https:\/\/www.univa.mx\/agora\/wp-json\/wp\/v2\/posts\/4491","targetHints":{"allow":["GET"]}}],"collection":[{"href":"https:\/\/www.univa.mx\/agora\/wp-json\/wp\/v2\/posts"}],"about":[{"href":"https:\/\/www.univa.mx\/agora\/wp-json\/wp\/v2\/types\/post"}],"author":[{"embeddable":true,"href":"https:\/\/www.univa.mx\/agora\/wp-json\/wp\/v2\/users\/40"}],"replies":[{"embeddable":true,"href":"https:\/\/www.univa.mx\/agora\/wp-json\/wp\/v2\/comments?post=4491"}],"version-history":[{"count":1,"href":"https:\/\/www.univa.mx\/agora\/wp-json\/wp\/v2\/posts\/4491\/revisions"}],"predecessor-version":[{"id":4492,"href":"https:\/\/www.univa.mx\/agora\/wp-json\/wp\/v2\/posts\/4491\/revisions\/4492"}],"wp:featuredmedia":[{"embeddable":true,"href":"https:\/\/www.univa.mx\/agora\/wp-json\/wp\/v2\/media\/4473"}],"wp:attachment":[{"href":"https:\/\/www.univa.mx\/agora\/wp-json\/wp\/v2\/media?parent=4491"}],"wp:term":[{"taxonomy":"category","embeddable":true,"href":"https:\/\/www.univa.mx\/agora\/wp-json\/wp\/v2\/categories?post=4491"},{"taxonomy":"post_tag","embeddable":true,"href":"https:\/\/www.univa.mx\/agora\/wp-json\/wp\/v2\/tags?post=4491"}],"curies":[{"name":"wp","href":"https:\/\/api.w.org\/{rel}","templated":true}]}}