{"id":4488,"date":"2025-01-21T10:51:14","date_gmt":"2025-01-21T16:51:14","guid":{"rendered":"https:\/\/www.univa.mx\/agora\/?p=4488"},"modified":"2025-01-21T10:53:45","modified_gmt":"2025-01-21T16:53:45","slug":"mi-verdadero-origen","status":"publish","type":"post","link":"https:\/\/www.univa.mx\/agora\/mi-verdadero-origen\/","title":{"rendered":"Mi verdadero origen"},"content":{"rendered":"<p><em><strong>Blanca Estela Casi\u00e1n Sahag\u00fan \u00b7 Egresada en la Licenciatura de Filosof\u00eda.\u00a0<\/strong><\/em><\/p>\n<div class=\"x_elementToProof\"><em><strong>En colaboraci\u00f3n con Azul Ximena Santana Garc\u00eda.<\/strong><\/em><\/div>\n<p style=\"text-align: right\"><span data-contrast=\"auto\">\u201cTodos nos preguntamos de d\u00f3nde venimos, cu\u00e1l es nuestro origen. Pero existen casos especiales entrelazados de inc\u00f3gnitas y corrupci\u00f3n, que han dado lugar a esta historia\u201d.\u00a0<\/span><span data-ccp-props=\"{&quot;335551550&quot;:6,&quot;335551620&quot;:6,&quot;335559738&quot;:240,&quot;335559739&quot;:240}\">\u00a0<\/span><\/p>\n<p><span data-contrast=\"auto\">Hab\u00eda una vez, en un lugar muy lejano, un bosque apartado del mundo, lleno de misteriosas leyendas y criaturas m\u00edsticas, valles y escenarios m\u00e1gicos. En este bosque, dentro de un claro, hab\u00eda una peque\u00f1a villa. All\u00ed viv\u00eda una joven mujer que acababa de concebir a su hija, su querida hija <\/span><b><span data-contrast=\"auto\">Rose<\/span><\/b><span data-contrast=\"auto\">. Una ni\u00f1a de cabellos dorados como su madre y piel tan blanca como la nieve como su padre. Era tan bella que cualquiera que la mirara podr\u00eda arrebat\u00e1rsela de sus brazos.<\/span><span data-ccp-props=\"{&quot;335551550&quot;:6,&quot;335551620&quot;:6,&quot;335559738&quot;:240,&quot;335559739&quot;:240}\">\u00a0<\/span><\/p>\n<p><span data-contrast=\"auto\">Desde el momento en que su madre la vio, se prometi\u00f3 a s\u00ed misma cuidarla m\u00e1s all\u00e1 de cualquier cosa y mantenerse a su lado para siempre&#8230;<\/span><span data-ccp-props=\"{&quot;335551550&quot;:6,&quot;335551620&quot;:6,&quot;335559738&quot;:240,&quot;335559739&quot;:240}\">\u00a0<\/span><\/p>\n<p><span data-contrast=\"auto\">Pero una noche de luna llena, cuando parec\u00eda que los dragones dorm\u00edan en su eterno sue\u00f1o, despertaron y volaron hacia el lago de aguas cristalinas. Desde una peque\u00f1a choza, en las afueras de un poblado, una luz dorada les llamaba desde lejos, gui\u00e1ndolos hacia all\u00ed. Ellos llegaron en silencio y, en una peque\u00f1a cuna hecha con trozos de paja, encontraron a una ni\u00f1a tan linda que cualquiera que la viera quisiera llev\u00e1rsela.<\/span><span data-ccp-props=\"{&quot;335551550&quot;:6,&quot;335551620&quot;:6,&quot;335559738&quot;:240,&quot;335559739&quot;:240}\">\u00a0<\/span><\/p>\n<p><span data-contrast=\"auto\">Mientras los padres de Rose dorm\u00edan, los dragones intentaron entrar por la ventana, pero no era posible debido a sus enormes tama\u00f1os. Entonces decidieron acudir a una hechicera que los har\u00eda peque\u00f1os, pero manteniendo su incre\u00edble fuerza. Sin dudarlo ni un segundo, regresaron a aquella choza donde la luz era a\u00fan m\u00e1s brillante. Los cabellos dorados de la ni\u00f1a destellaban sin parar bajo la luz de la luna. Ya pronto amanecer\u00eda cuando los dragones se llevaron a la ni\u00f1a dormida hacia sus cuevas.<\/span><span data-ccp-props=\"{&quot;335551550&quot;:6,&quot;335551620&quot;:6,&quot;335559738&quot;:240,&quot;335559739&quot;:240}\">\u00a0<\/span><\/p>\n<p><span data-contrast=\"auto\">Hab\u00eda algo que los dragones hab\u00edan olvidado mencionar: no era la primera vez que se llevaban algo que no les pertenec\u00eda.<\/span><span data-ccp-props=\"{&quot;335551550&quot;:6,&quot;335551620&quot;:6,&quot;335559738&quot;:240,&quot;335559739&quot;:240}\">\u00a0<\/span><\/p>\n<p><span data-contrast=\"auto\">Dejaron a la ni\u00f1a en la cueva, con uno de los dragones cuid\u00e1ndola. Una vez a solas con ella, se dieron cuenta de que la ni\u00f1a no era una ni\u00f1a com\u00fan. El simple hecho de su presencia hac\u00eda que su salud y habilidades mejoraran, por lo que decidieron qued\u00e1rsela.<\/span><span data-ccp-props=\"{&quot;335551550&quot;:6,&quot;335551620&quot;:6,&quot;335559738&quot;:240,&quot;335559739&quot;:240}\">\u00a0<\/span><\/p>\n<p><span data-contrast=\"auto\">Algunos de los dragones fueron de nuevo con la hechicera, pero esta vez por algo diferente: una poci\u00f3n que los convertir\u00eda en humanos para que la ni\u00f1a creciera sin sospechas. Dos de los cinco dragones se encargar\u00edan de cuidarla y ser\u00edan sus supuestos padres mientras ella crec\u00eda, ya que podr\u00edan obtener beneficios de ella.<\/span><span data-ccp-props=\"{&quot;335551550&quot;:6,&quot;335551620&quot;:6,&quot;335559738&quot;:240,&quot;335559739&quot;:240}\">\u00a0<\/span><\/p>\n<p><span data-contrast=\"auto\">Y as\u00ed fue. La ni\u00f1a creci\u00f3; ya no era una beb\u00e9, era una ni\u00f1a que no iba a la escuela, que no iba a la tienda, que no iba al parque, que no sal\u00eda de su casa. Sus padres no la dejaban salir, pero ella los quer\u00eda mucho y nunca hab\u00eda dudado de que en realidad no eran sus verdaderos padres, pues ese \u201camor\u201d condicionado, era el \u00fanico amor que ella conoc\u00eda.\u00a0<\/span><span data-ccp-props=\"{&quot;335551550&quot;:6,&quot;335551620&quot;:6,&quot;335559738&quot;:240,&quot;335559739&quot;:240}\">\u00a0<\/span><\/p>\n<p><span data-contrast=\"auto\">Hasta que un d\u00eda, los dragones (es decir, \u201csus padres\u201d) decidieron ir de viaje y la dejaron sola en la cueva. Ella siempre hab\u00eda querido salir y conocer el mundo a su alrededor, conocer a m\u00e1s ni\u00f1os, conocer la vida fuera de la cueva. As\u00ed que, cuando vio que nadie la vigilaba y que todos se hab\u00edan ido, decidi\u00f3 salir. Preparar\u00eda su mochila con algunas cosas necesarias, pero la \u00fanica mochila de la casa estaba sobre un estante muy alto en el cuarto de sus padres. Tom\u00f3 una silla y comenz\u00f3 a escalar hasta la cima del mueble. De repente, el mueble comenz\u00f3 a caerse hacia adelante derrapando sobre la cama. Ella trat\u00f3 de levantarlo, pero no pudo.<\/span><span data-ccp-props=\"{&quot;335551550&quot;:6,&quot;335551620&quot;:6,&quot;335559738&quot;:240,&quot;335559739&quot;:240}\">\u00a0<\/span><\/p>\n<p><span data-contrast=\"auto\">Entonces, de dentro del mueble, cay\u00f3 una peque\u00f1a carta, o m\u00e1s bien una peque\u00f1a nota:<\/span><span data-ccp-props=\"{&quot;335551550&quot;:6,&quot;335551620&quot;:6,&quot;335559738&quot;:240,&quot;335559739&quot;:240}\">\u00a0<\/span><\/p>\n<p><span data-contrast=\"auto\">\u2014&#8212;&#8212;&#8212;&#8212;&#8212;&#8212;&#8212;-\u2014&#8212;&#8212;&#8212;&#8212;&#8212;&#8212;&#8212;-\u2014&#8212;&#8212;&#8212;&#8212;&#8212;&#8212;&#8212;-\u2014&#8212;&#8212;&#8212;&#8212;&#8212;&#8212;&#8212;-\u2014&#8212;&#8212;&#8212;&#8212;&#8212;&#8212;&#8212;-\u2014&#8212;&#8212;&#8212;&#8212;&#8212;&#8212;-<\/span><span data-ccp-props=\"{&quot;335551550&quot;:6,&quot;335551620&quot;:6}\">\u00a0<\/span><\/p>\n<p><b><span data-contrast=\"auto\">Para: Elvis Llama y Mary Flama<\/span><\/b><span data-ccp-props=\"{&quot;335551550&quot;:6,&quot;335551620&quot;:6,&quot;335559738&quot;:240,&quot;335559739&quot;:240}\">\u00a0<\/span><\/p>\n<p><span data-contrast=\"auto\">En caso de querer revertir el hechizo, digan:<\/span><span data-ccp-props=\"{&quot;335551550&quot;:6,&quot;335551620&quot;:6,&quot;335559738&quot;:240,&quot;335559739&quot;:240}\">\u00a0<\/span><\/p>\n<p><b><span data-contrast=\"auto\">\u00abAeternum Veritas, Dracones Revertitur.\u00bb<\/span><\/b><span data-ccp-props=\"{&quot;335551550&quot;:6,&quot;335551620&quot;:6,&quot;335559738&quot;:240,&quot;335559739&quot;:240}\">\u00a0<\/span><\/p>\n<p><span data-contrast=\"auto\">Si no funciona, vengan a mi choza y yo les ayudar\u00e9 a regresarlos a su forma drag\u00f3n. Por cierto, \u00bfc\u00f3mo encontraron a una ni\u00f1a en medio del bosque? Eso me dijo el ogro, me suena que no sucedi\u00f3 as\u00ed. \u00bfVolvieron a llevarse ni\u00f1os? No me sorprende. Pero en alg\u00fan futuro, \u00bfno le piensan decir?<\/span><br \/>\n<span data-contrast=\"auto\">Bueno, no me meter\u00e9 m\u00e1s. Gracias, y por cualquier cosa, vengan a la choza de esta vieja anciana.<\/span><span data-ccp-props=\"{&quot;335551550&quot;:6,&quot;335551620&quot;:6,&quot;335559738&quot;:240,&quot;335559739&quot;:240}\">\u00a0<\/span><\/p>\n<p><span data-contrast=\"auto\">\u00abGracias\u00bb de <\/span><b><span data-contrast=\"auto\">Pancracia Caldero.<\/span><\/b><span data-ccp-props=\"{&quot;335551550&quot;:6,&quot;335551620&quot;:6,&quot;335559738&quot;:240,&quot;335559739&quot;:240}\">\u00a0<\/span><\/p>\n<p><span data-contrast=\"auto\">\u2014&#8212;&#8212;&#8212;&#8212;&#8212;&#8212;&#8212;-\u2014&#8212;&#8212;&#8212;&#8212;&#8212;&#8212;&#8212;-\u2014&#8212;&#8212;&#8212;&#8212;&#8212;&#8212;&#8212;-\u2014&#8212;&#8212;&#8212;&#8212;&#8212;&#8212;&#8212;-\u2014&#8212;&#8212;&#8212;&#8212;&#8212;&#8212;&#8212;-\u2014&#8212;&#8212;&#8212;&#8212;&#8212;&#8212;-<\/span><span data-ccp-props=\"{&quot;335551550&quot;:6,&quot;335551620&quot;:6}\">\u00a0<\/span><\/p>\n<p><span data-contrast=\"auto\">Rose se qued\u00f3 helada, sabiendo que bien podr\u00eda ser ella. Sali\u00f3 sin m\u00e1s remedio que buscar a la bruja y descubrir lo sucedido.<\/span><span data-ccp-props=\"{&quot;335551550&quot;:6,&quot;335551620&quot;:6,&quot;335559738&quot;:240,&quot;335559739&quot;:240}\">\u00a0<\/span><\/p>\n<p><span data-contrast=\"auto\">Su coraz\u00f3n se part\u00eda al descubrir que toda su vida hab\u00eda sido enga\u00f1ada por sus \u201cpadres\u201d.<\/span><span data-ccp-props=\"{&quot;335551550&quot;:6,&quot;335551620&quot;:6,&quot;335559738&quot;:240,&quot;335559739&quot;:240}\">\u00a0<\/span><\/p>\n<p><span data-contrast=\"auto\">Trat\u00f3 de encontrar a la bruja, pero al parecer ya hab\u00eda fallecido, as\u00ed que se fue adentrando en lo profundo del bosque, estaba perdida y m\u00e1s sola que nunca y a la vez queriendo encontrar a sus verdaderos padres.<\/span><span data-ccp-props=\"{&quot;335551550&quot;:6,&quot;335551620&quot;:6,&quot;335559738&quot;:240,&quot;335559739&quot;:240}\">\u00a0<\/span><\/p>\n<p><span data-contrast=\"auto\">Y justo fue cuando comenz\u00f3 a ver algunos dragones volar en el cielo, ella ya conoc\u00eda la historia y no quer\u00eda volver a aquella fr\u00eda y aburrida vida, entonces decidi\u00f3 esconderse en un arbusto para no ser vista, de seguro ellos ya se hab\u00edan dado cuenta de su ausencia.<\/span><span data-ccp-props=\"{&quot;335551550&quot;:6,&quot;335551620&quot;:6,&quot;335559738&quot;:240,&quot;335559739&quot;:240}\">\u00a0<\/span><\/p>\n<p><span data-contrast=\"auto\">La noche llegaba y sab\u00eda que ten\u00eda una desventaja por la oscuridad, y era su glamuroso cabello que deslumbraba hasta a la estrella m\u00e1s brillante.\u00a0<\/span><span data-ccp-props=\"{&quot;335551550&quot;:6,&quot;335551620&quot;:6,&quot;335559738&quot;:240,&quot;335559739&quot;:240}\">\u00a0<\/span><\/p>\n<p><span data-contrast=\"auto\">Cuando el sol comenz\u00f3 a ocultarse, buscaba desesperadamente un lugar para esconder su cabello, a lo lejos encontr\u00f3 una muy peque\u00f1a y sencilla choza, donde luc\u00eda c\u00e1lido. Al llegar, toc\u00f3 la puerta, abri\u00f3 una mujer con un cabello dorado tan brillante como el sol y al ver a Rose su expresi\u00f3n fue la de una madre que recupera a su querida hija y la de Rose, como una hija que hab\u00eda encontrado el camino de vuelta a casa.<\/span><span data-ccp-props=\"{&quot;335551550&quot;:6,&quot;335551620&quot;:6,&quot;335559738&quot;:240,&quot;335559739&quot;:240}\">\u00a0<\/span><\/p>\n<p><span data-contrast=\"auto\">-\u00bfQui\u00e9n eres y de d\u00f3nde vienes?, le dijo la mujer.<\/span><span data-ccp-props=\"{&quot;335551550&quot;:6,&quot;335551620&quot;:6,&quot;335559738&quot;:240,&quot;335559739&quot;:240}\">\u00a0<\/span><\/p>\n<p><span data-contrast=\"auto\">Rose, comenz\u00f3 a contarle la historia, la mujer llor\u00f3 sin cesar y le habl\u00f3 a su marido, ambos lloraron abraz\u00e1ndola y de pronto ella comprendi\u00f3 lo que suced\u00eda. La pareja le cont\u00f3 su experiencia y desde ese d\u00eda Rose comenz\u00f3 a vivir con ellos. Un d\u00eda uno de los dragones toc\u00f3 la puerta de esa casa, la ni\u00f1a abri\u00f3 y se qued\u00f3 helada, la madre al ver dicha escena, pronunci\u00f3 unas palabras extra\u00f1as: \u201ciustitia nunc fiat\u201d, y al instante, el drag\u00f3n qued\u00f3 convertido en roca, vaya que hab\u00eda cosas de las que hablar y que explicar en una vida tan larga y feliz como la que tuvieron aquellos tres en aquella choza en medio del bosque.<\/span><span data-ccp-props=\"{&quot;335551550&quot;:6,&quot;335551620&quot;:6,&quot;335559738&quot;:240,&quot;335559739&quot;:240}\">\u00a0<\/span><\/p>\n<p><span data-contrast=\"auto\">FIN<\/span><span data-ccp-props=\"{&quot;335551550&quot;:6,&quot;335551620&quot;:6,&quot;335559738&quot;:240,&quot;335559739&quot;:240}\">\u00a0<\/span><\/p>\n<p><span data-contrast=\"auto\">\u201cRos\u00e2ngela Serra Paran\u00e1, fue adoptada en los a\u00f1os sesenta en Brasil de manera ilegal, actualmente busca a sus padres biol\u00f3gicos y lidia con nuevas incertidumbres de vida\u201d.\u00a0<\/span><span data-ccp-props=\"{&quot;335551550&quot;:6,&quot;335551620&quot;:6,&quot;335559738&quot;:240,&quot;335559739&quot;:240}\">\u00a0<\/span><\/p>\n<p><span data-ccp-props=\"{&quot;335551550&quot;:6,&quot;335551620&quot;:6,&quot;335559738&quot;:240,&quot;335559739&quot;:240}\">\u00a0<\/span><\/p>\n<p><span data-contrast=\"auto\">Referencias:<\/span><span data-ccp-props=\"{&quot;335551550&quot;:6,&quot;335551620&quot;:6,&quot;335559738&quot;:240,&quot;335559739&quot;:240}\">\u00a0<\/span><\/p>\n<p><span data-contrast=\"auto\">Reina, E. (2022, 4 mayo).\u202f<\/span><i><span data-contrast=\"auto\">Los desconocidos casos de beb\u00e9s y ni\u00f1os secuestrados durante el r\u00e9gimen militar de Brasil<\/span><\/i><span data-contrast=\"auto\">. <\/span><span data-contrast=\"auto\">BBC News Mundo.\u202fhttps:\/\/www.bbc.com\/mundo\/noticias-america-latina-61239241<\/span><span data-ccp-props=\"{&quot;335551550&quot;:6,&quot;335551620&quot;:6,&quot;335559738&quot;:240,&quot;335559739&quot;:240}\">\u00a0<\/span><\/p>\n<p><span data-ccp-props=\"{&quot;335551550&quot;:6,&quot;335551620&quot;:6}\">\u00a0<\/span><\/p>\n","protected":false},"excerpt":{"rendered":"<p>Blanca Estela Casi\u00e1n Sahag\u00fan \u00b7&#8230;<\/p>\n","protected":false},"author":40,"featured_media":4489,"comment_status":"closed","ping_status":"closed","sticky":false,"template":"","format":"standard","meta":{"footnotes":""},"categories":[8,17],"tags":[],"class_list":["post-4488","post","type-post","status-publish","format-standard","has-post-thumbnail","category-tendencias","category-voces-univa"],"yoast_head":"<!-- This site is optimized with the Yoast SEO plugin v28.0 - https:\/\/yoast.com\/product\/yoast-seo-wordpress\/ -->\n<title>Mi verdadero origen - \u00c1gora<\/title>\n<meta name=\"robots\" content=\"index, follow, max-snippet:-1, max-image-preview:large, max-video-preview:-1\" \/>\n<link rel=\"canonical\" href=\"https:\/\/www.univa.mx\/agora\/mi-verdadero-origen\/\" \/>\n<meta property=\"og:locale\" content=\"es_ES\" \/>\n<meta property=\"og:type\" content=\"article\" \/>\n<meta property=\"og:title\" content=\"Mi verdadero origen - \u00c1gora\" \/>\n<meta property=\"og:description\" content=\"Blanca Estela Casi\u00e1n Sahag\u00fan \u00b7...\" \/>\n<meta property=\"og:url\" content=\"https:\/\/www.univa.mx\/agora\/mi-verdadero-origen\/\" \/>\n<meta property=\"og:site_name\" content=\"\u00c1gora\" \/>\n<meta property=\"article:published_time\" content=\"2025-01-21T16:51:14+00:00\" \/>\n<meta property=\"article:modified_time\" content=\"2025-01-21T16:53:45+00:00\" \/>\n<meta property=\"og:image\" content=\"https:\/\/www.univa.mx\/agora\/wp-content\/uploads\/sites\/14\/2025\/01\/Blanca-Estela-Casia\u0301n-Sahagu\u0301n.png\" \/>\n\t<meta property=\"og:image:width\" content=\"1280\" \/>\n\t<meta property=\"og:image:height\" content=\"720\" \/>\n\t<meta property=\"og:image:type\" content=\"image\/png\" \/>\n<meta name=\"author\" content=\"Comunicaci\u00f3n Sistema UNIVA\" \/>\n<meta name=\"twitter:card\" content=\"summary_large_image\" \/>\n<meta name=\"twitter:label1\" content=\"Escrito por\" \/>\n\t<meta name=\"twitter:data1\" content=\"Comunicaci\u00f3n Sistema UNIVA\" \/>\n\t<meta name=\"twitter:label2\" content=\"Tiempo de lectura\" \/>\n\t<meta name=\"twitter:data2\" content=\"1 minuto\" \/>\n<script type=\"application\/ld+json\" class=\"yoast-schema-graph\">{\"@context\":\"https:\\\/\\\/schema.org\",\"@graph\":[{\"@type\":\"Article\",\"@id\":\"https:\\\/\\\/www.univa.mx\\\/agora\\\/mi-verdadero-origen\\\/#article\",\"isPartOf\":{\"@id\":\"https:\\\/\\\/www.univa.mx\\\/agora\\\/mi-verdadero-origen\\\/\"},\"author\":{\"name\":\"Comunicaci\u00f3n Sistema UNIVA\",\"@id\":\"https:\\\/\\\/www.univa.mx\\\/agora\\\/#\\\/schema\\\/person\\\/698af210c9a2ad5b61255af506d223e3\"},\"headline\":\"Mi verdadero origen\",\"datePublished\":\"2025-01-21T16:51:14+00:00\",\"dateModified\":\"2025-01-21T16:53:45+00:00\",\"mainEntityOfPage\":{\"@id\":\"https:\\\/\\\/www.univa.mx\\\/agora\\\/mi-verdadero-origen\\\/\"},\"wordCount\":1268,\"image\":{\"@id\":\"https:\\\/\\\/www.univa.mx\\\/agora\\\/mi-verdadero-origen\\\/#primaryimage\"},\"thumbnailUrl\":\"https:\\\/\\\/www.univa.mx\\\/agora\\\/wp-content\\\/uploads\\\/sites\\\/14\\\/2025\\\/01\\\/Blanca-Estela-Casia\u0301n-Sahagu\u0301n.png\",\"articleSection\":[\"Tendencias\",\"Voces UNIVA\"],\"inLanguage\":\"es\"},{\"@type\":\"WebPage\",\"@id\":\"https:\\\/\\\/www.univa.mx\\\/agora\\\/mi-verdadero-origen\\\/\",\"url\":\"https:\\\/\\\/www.univa.mx\\\/agora\\\/mi-verdadero-origen\\\/\",\"name\":\"Mi verdadero origen - \u00c1gora\",\"isPartOf\":{\"@id\":\"https:\\\/\\\/www.univa.mx\\\/agora\\\/#website\"},\"primaryImageOfPage\":{\"@id\":\"https:\\\/\\\/www.univa.mx\\\/agora\\\/mi-verdadero-origen\\\/#primaryimage\"},\"image\":{\"@id\":\"https:\\\/\\\/www.univa.mx\\\/agora\\\/mi-verdadero-origen\\\/#primaryimage\"},\"thumbnailUrl\":\"https:\\\/\\\/www.univa.mx\\\/agora\\\/wp-content\\\/uploads\\\/sites\\\/14\\\/2025\\\/01\\\/Blanca-Estela-Casia\u0301n-Sahagu\u0301n.png\",\"datePublished\":\"2025-01-21T16:51:14+00:00\",\"dateModified\":\"2025-01-21T16:53:45+00:00\",\"author\":{\"@id\":\"https:\\\/\\\/www.univa.mx\\\/agora\\\/#\\\/schema\\\/person\\\/698af210c9a2ad5b61255af506d223e3\"},\"breadcrumb\":{\"@id\":\"https:\\\/\\\/www.univa.mx\\\/agora\\\/mi-verdadero-origen\\\/#breadcrumb\"},\"inLanguage\":\"es\",\"potentialAction\":[{\"@type\":\"ReadAction\",\"target\":[\"https:\\\/\\\/www.univa.mx\\\/agora\\\/mi-verdadero-origen\\\/\"]}]},{\"@type\":\"ImageObject\",\"inLanguage\":\"es\",\"@id\":\"https:\\\/\\\/www.univa.mx\\\/agora\\\/mi-verdadero-origen\\\/#primaryimage\",\"url\":\"https:\\\/\\\/www.univa.mx\\\/agora\\\/wp-content\\\/uploads\\\/sites\\\/14\\\/2025\\\/01\\\/Blanca-Estela-Casia\u0301n-Sahagu\u0301n.png\",\"contentUrl\":\"https:\\\/\\\/www.univa.mx\\\/agora\\\/wp-content\\\/uploads\\\/sites\\\/14\\\/2025\\\/01\\\/Blanca-Estela-Casia\u0301n-Sahagu\u0301n.png\",\"width\":1280,\"height\":720},{\"@type\":\"BreadcrumbList\",\"@id\":\"https:\\\/\\\/www.univa.mx\\\/agora\\\/mi-verdadero-origen\\\/#breadcrumb\",\"itemListElement\":[{\"@type\":\"ListItem\",\"position\":1,\"name\":\"Portada\",\"item\":\"https:\\\/\\\/www.univa.mx\\\/agora\\\/\"},{\"@type\":\"ListItem\",\"position\":2,\"name\":\"Mi verdadero origen\"}]},{\"@type\":\"WebSite\",\"@id\":\"https:\\\/\\\/www.univa.mx\\\/agora\\\/#website\",\"url\":\"https:\\\/\\\/www.univa.mx\\\/agora\\\/\",\"name\":\"\u00c1gora\",\"description\":\"\",\"potentialAction\":[{\"@type\":\"SearchAction\",\"target\":{\"@type\":\"EntryPoint\",\"urlTemplate\":\"https:\\\/\\\/www.univa.mx\\\/agora\\\/?s={search_term_string}\"},\"query-input\":{\"@type\":\"PropertyValueSpecification\",\"valueRequired\":true,\"valueName\":\"search_term_string\"}}],\"inLanguage\":\"es\"},{\"@type\":\"Person\",\"@id\":\"https:\\\/\\\/www.univa.mx\\\/agora\\\/#\\\/schema\\\/person\\\/698af210c9a2ad5b61255af506d223e3\",\"name\":\"Comunicaci\u00f3n Sistema UNIVA\",\"image\":{\"@type\":\"ImageObject\",\"inLanguage\":\"es\",\"@id\":\"https:\\\/\\\/secure.gravatar.com\\\/avatar\\\/6aa0bbdc2764d6dabb18e0075a849c5887b5f3f2c39e3b19384bfd22e55dba7c?s=96&d=mm&r=g\",\"url\":\"https:\\\/\\\/secure.gravatar.com\\\/avatar\\\/6aa0bbdc2764d6dabb18e0075a849c5887b5f3f2c39e3b19384bfd22e55dba7c?s=96&d=mm&r=g\",\"contentUrl\":\"https:\\\/\\\/secure.gravatar.com\\\/avatar\\\/6aa0bbdc2764d6dabb18e0075a849c5887b5f3f2c39e3b19384bfd22e55dba7c?s=96&d=mm&r=g\",\"caption\":\"Comunicaci\u00f3n Sistema UNIVA\"},\"url\":\"https:\\\/\\\/www.univa.mx\\\/agora\\\/author\\\/gustavo\\\/\"}]}<\/script>\n<!-- \/ Yoast SEO plugin. -->","yoast_head_json":{"title":"Mi verdadero origen - \u00c1gora","robots":{"index":"index","follow":"follow","max-snippet":"max-snippet:-1","max-image-preview":"max-image-preview:large","max-video-preview":"max-video-preview:-1"},"canonical":"https:\/\/www.univa.mx\/agora\/mi-verdadero-origen\/","og_locale":"es_ES","og_type":"article","og_title":"Mi verdadero origen - \u00c1gora","og_description":"Blanca Estela Casi\u00e1n Sahag\u00fan \u00b7...","og_url":"https:\/\/www.univa.mx\/agora\/mi-verdadero-origen\/","og_site_name":"\u00c1gora","article_published_time":"2025-01-21T16:51:14+00:00","article_modified_time":"2025-01-21T16:53:45+00:00","og_image":[{"width":1280,"height":720,"url":"https:\/\/www.univa.mx\/agora\/wp-content\/uploads\/sites\/14\/2025\/01\/Blanca-Estela-Casia\u0301n-Sahagu\u0301n.png","type":"image\/png"}],"author":"Comunicaci\u00f3n Sistema UNIVA","twitter_card":"summary_large_image","twitter_misc":{"Escrito por":"Comunicaci\u00f3n Sistema UNIVA","Tiempo de lectura":"1 minuto"},"schema":{"@context":"https:\/\/schema.org","@graph":[{"@type":"Article","@id":"https:\/\/www.univa.mx\/agora\/mi-verdadero-origen\/#article","isPartOf":{"@id":"https:\/\/www.univa.mx\/agora\/mi-verdadero-origen\/"},"author":{"name":"Comunicaci\u00f3n Sistema UNIVA","@id":"https:\/\/www.univa.mx\/agora\/#\/schema\/person\/698af210c9a2ad5b61255af506d223e3"},"headline":"Mi verdadero origen","datePublished":"2025-01-21T16:51:14+00:00","dateModified":"2025-01-21T16:53:45+00:00","mainEntityOfPage":{"@id":"https:\/\/www.univa.mx\/agora\/mi-verdadero-origen\/"},"wordCount":1268,"image":{"@id":"https:\/\/www.univa.mx\/agora\/mi-verdadero-origen\/#primaryimage"},"thumbnailUrl":"https:\/\/www.univa.mx\/agora\/wp-content\/uploads\/sites\/14\/2025\/01\/Blanca-Estela-Casia\u0301n-Sahagu\u0301n.png","articleSection":["Tendencias","Voces UNIVA"],"inLanguage":"es"},{"@type":"WebPage","@id":"https:\/\/www.univa.mx\/agora\/mi-verdadero-origen\/","url":"https:\/\/www.univa.mx\/agora\/mi-verdadero-origen\/","name":"Mi verdadero origen - \u00c1gora","isPartOf":{"@id":"https:\/\/www.univa.mx\/agora\/#website"},"primaryImageOfPage":{"@id":"https:\/\/www.univa.mx\/agora\/mi-verdadero-origen\/#primaryimage"},"image":{"@id":"https:\/\/www.univa.mx\/agora\/mi-verdadero-origen\/#primaryimage"},"thumbnailUrl":"https:\/\/www.univa.mx\/agora\/wp-content\/uploads\/sites\/14\/2025\/01\/Blanca-Estela-Casia\u0301n-Sahagu\u0301n.png","datePublished":"2025-01-21T16:51:14+00:00","dateModified":"2025-01-21T16:53:45+00:00","author":{"@id":"https:\/\/www.univa.mx\/agora\/#\/schema\/person\/698af210c9a2ad5b61255af506d223e3"},"breadcrumb":{"@id":"https:\/\/www.univa.mx\/agora\/mi-verdadero-origen\/#breadcrumb"},"inLanguage":"es","potentialAction":[{"@type":"ReadAction","target":["https:\/\/www.univa.mx\/agora\/mi-verdadero-origen\/"]}]},{"@type":"ImageObject","inLanguage":"es","@id":"https:\/\/www.univa.mx\/agora\/mi-verdadero-origen\/#primaryimage","url":"https:\/\/www.univa.mx\/agora\/wp-content\/uploads\/sites\/14\/2025\/01\/Blanca-Estela-Casia\u0301n-Sahagu\u0301n.png","contentUrl":"https:\/\/www.univa.mx\/agora\/wp-content\/uploads\/sites\/14\/2025\/01\/Blanca-Estela-Casia\u0301n-Sahagu\u0301n.png","width":1280,"height":720},{"@type":"BreadcrumbList","@id":"https:\/\/www.univa.mx\/agora\/mi-verdadero-origen\/#breadcrumb","itemListElement":[{"@type":"ListItem","position":1,"name":"Portada","item":"https:\/\/www.univa.mx\/agora\/"},{"@type":"ListItem","position":2,"name":"Mi verdadero origen"}]},{"@type":"WebSite","@id":"https:\/\/www.univa.mx\/agora\/#website","url":"https:\/\/www.univa.mx\/agora\/","name":"\u00c1gora","description":"","potentialAction":[{"@type":"SearchAction","target":{"@type":"EntryPoint","urlTemplate":"https:\/\/www.univa.mx\/agora\/?s={search_term_string}"},"query-input":{"@type":"PropertyValueSpecification","valueRequired":true,"valueName":"search_term_string"}}],"inLanguage":"es"},{"@type":"Person","@id":"https:\/\/www.univa.mx\/agora\/#\/schema\/person\/698af210c9a2ad5b61255af506d223e3","name":"Comunicaci\u00f3n Sistema UNIVA","image":{"@type":"ImageObject","inLanguage":"es","@id":"https:\/\/secure.gravatar.com\/avatar\/6aa0bbdc2764d6dabb18e0075a849c5887b5f3f2c39e3b19384bfd22e55dba7c?s=96&d=mm&r=g","url":"https:\/\/secure.gravatar.com\/avatar\/6aa0bbdc2764d6dabb18e0075a849c5887b5f3f2c39e3b19384bfd22e55dba7c?s=96&d=mm&r=g","contentUrl":"https:\/\/secure.gravatar.com\/avatar\/6aa0bbdc2764d6dabb18e0075a849c5887b5f3f2c39e3b19384bfd22e55dba7c?s=96&d=mm&r=g","caption":"Comunicaci\u00f3n Sistema UNIVA"},"url":"https:\/\/www.univa.mx\/agora\/author\/gustavo\/"}]}},"_links":{"self":[{"href":"https:\/\/www.univa.mx\/agora\/wp-json\/wp\/v2\/posts\/4488","targetHints":{"allow":["GET"]}}],"collection":[{"href":"https:\/\/www.univa.mx\/agora\/wp-json\/wp\/v2\/posts"}],"about":[{"href":"https:\/\/www.univa.mx\/agora\/wp-json\/wp\/v2\/types\/post"}],"author":[{"embeddable":true,"href":"https:\/\/www.univa.mx\/agora\/wp-json\/wp\/v2\/users\/40"}],"replies":[{"embeddable":true,"href":"https:\/\/www.univa.mx\/agora\/wp-json\/wp\/v2\/comments?post=4488"}],"version-history":[{"count":1,"href":"https:\/\/www.univa.mx\/agora\/wp-json\/wp\/v2\/posts\/4488\/revisions"}],"predecessor-version":[{"id":4490,"href":"https:\/\/www.univa.mx\/agora\/wp-json\/wp\/v2\/posts\/4488\/revisions\/4490"}],"wp:featuredmedia":[{"embeddable":true,"href":"https:\/\/www.univa.mx\/agora\/wp-json\/wp\/v2\/media\/4489"}],"wp:attachment":[{"href":"https:\/\/www.univa.mx\/agora\/wp-json\/wp\/v2\/media?parent=4488"}],"wp:term":[{"taxonomy":"category","embeddable":true,"href":"https:\/\/www.univa.mx\/agora\/wp-json\/wp\/v2\/categories?post=4488"},{"taxonomy":"post_tag","embeddable":true,"href":"https:\/\/www.univa.mx\/agora\/wp-json\/wp\/v2\/tags?post=4488"}],"curies":[{"name":"wp","href":"https:\/\/api.w.org\/{rel}","templated":true}]}}