{"id":4486,"date":"2025-01-20T09:00:23","date_gmt":"2025-01-20T15:00:23","guid":{"rendered":"https:\/\/www.univa.mx\/agora\/?p=4486"},"modified":"2025-01-17T16:01:50","modified_gmt":"2025-01-17T22:01:50","slug":"pensandolo-bien-guadalajara-y-la-cultura","status":"publish","type":"post","link":"https:\/\/www.univa.mx\/agora\/pensandolo-bien-guadalajara-y-la-cultura\/","title":{"rendered":"Pens\u00e1ndolo bien: Guadalajara y la cultura"},"content":{"rendered":"<p><em><strong>Pbro. Lic. Armando Gonz\u00e1lez Escoto \u2219 Direcci\u00f3n de Publicaciones, Sistema UNIVA<\/strong><\/em><\/p>\n<p>Hay diversos conceptos de cultura hoy d\u00eda, aqu\u00ed me refiero a su sentido cl\u00e1sico, un espacio que incluye tanto la expresi\u00f3n de una inteligencia cultivada como las diversas manifestaciones de las artes, sus autores, sus exponentes, sus promotores y divulgadores, sus logros y sus alcances, as\u00ed como las estructuras p\u00fablicas o privadas asociadas a ella.<\/p>\n<p>En el t\u00edmpano del Teatro Degollado aparece en relieve Apolo y las nueve musas, junto con la famosa frase: \u201cQue nunca llegue el rumor de la discordia\u201d porque ya en los tiempos griegos tend\u00edan los \u201ccultos\u201d a pelearse entre s\u00ed, y lo han seguido haciendo, recordemos aquel famoso debate entre la pintura y la poes\u00eda, protagonizado nada menos que por Leonardo Da Vinci. Los ambientes \u201cculturales\u201d mexicanos no han sido ajenos a esta realidad, y la discordia ha llegado a sus exponentes eventualmente, algo acaso inevitable.<\/p>\n<p>Al margen de esta lucha, en Jalisco, y obvio, en Guadalajara, nuestros alcances en materia de cultura y aporte al desarrollo del pensamiento y de las ciencias siguen siendo limitados y parad\u00f3jicos: nunca hemos producido un solo premio Nobel. Tenemos una de las ferias del libro m\u00e1s importantes del mundo, pero nuestro \u00edndice de lectores es baj\u00edsimo. Poseemos sociedades, academias y seminarios, pero no todos sus integrantes son confiables, pues no est\u00e1n ah\u00ed con base a m\u00e9ritos objetivamente evaluados, algunos llegaron a esos prestigiosos espacios gracias a que eran amigos de un amigo, de otro amigo que igualmente hab\u00eda ingresado por recursos similares. Hay personas que se sienten fascinadas de pertenecer a dichos c\u00edrculos pues les aporta honor y distinci\u00f3n, y si no pueden entrar por la puerta, pues para eso est\u00e1n las ventanas.<\/p>\n<p>Con cada vez m\u00e1s frecuencia, quienes buscan este tipo de reconocimiento social sin tener curr\u00edculum para obtenerlo, encuentran en la pol\u00edtica un medio de alcanzarlo a costa de la calidad de la cultura y de los mismos grupos a los que de alg\u00fan modo ingresan. Inevitablemente, las median\u00edas intelectuales prosperan cuando act\u00faan ante un sector social que llama intelectual a cualquier persona que sepa leer de corrido y escribir en letra de molde. Ya posicionados y con base a sus habilidades politiqueras, se<\/p>\n<p>reproducen a s\u00ed mismos llamando a otros de igual o menor condici\u00f3n, bloqueando y ahuyentando a las personas valiosas ante el riesgo de las comparaciones y de las enormes sombras que les har\u00edan; por estas y seguramente otras razones, nuestros niveles acad\u00e9micos y culturales han venido a menos, dedic\u00e1ndonos en consecuencia a exaltar personalidades y obras del pasado que no hemos podido generar en el presente, no es asunto menor.<\/p>\n<p>Plagiar autores, comprar grados acad\u00e9micos, pedir nombramientos a trasmano, recibir reconocimientos inmerecidos, exhibir t\u00edtulos ap\u00f3crifos o ilegales, se ha vuelto tan com\u00fan que cuando un mexicano migra a un pa\u00eds desarrollado llevando sus t\u00edtulos, hay que ver el trabajo que le cuesta el que se los admitan, porque no somos confiables, porque en esos pa\u00edses si te dices doctor, hay que demostrarlo, no s\u00f3lo presumirlo.<\/p>\n<p>A las autoridades acad\u00e9micas y culturales corresponde el deber de vigilar e impedir que estas cosas sucedan, la responsabilidad de hacernos confiables, de exigir que las normas establecidas se cumplan, que se respeten los estatutos, que se sigan los protocolos, y desde luego, les corresponde el deber de verificar el respaldo genuino que avale grados, t\u00edtulos, cargos, premios y reconocimientos, no se trata de clasismo o discriminaci\u00f3n, sino de recuperar la honestidad para que podamos volver a ser confiables dentro y fuera del pa\u00eds.<\/p>\n<p>Armando Gonz\u00e1lez Escoto<\/p>\n<p>armando.gon@univa.mx<\/p>\n<p>&nbsp;<\/p>\n<p>Publicado en El Informador del domingo 19 de enero de 2025.<\/p>\n","protected":false},"excerpt":{"rendered":"<p>Pbro. Lic. Armando Gonz\u00e1lez Escoto&#8230;<\/p>\n","protected":false},"author":40,"featured_media":3593,"comment_status":"closed","ping_status":"closed","sticky":false,"template":"","format":"standard","meta":{"footnotes":""},"categories":[6,17],"tags":[],"class_list":["post-4486","post","type-post","status-publish","format-standard","has-post-thumbnail","category-lideres-de-opinion","category-voces-univa"],"yoast_head":"<!-- This site is optimized with the Yoast SEO plugin v28.0 - https:\/\/yoast.com\/product\/yoast-seo-wordpress\/ -->\n<title>Pens\u00e1ndolo bien: Guadalajara y la cultura - \u00c1gora<\/title>\n<meta name=\"description\" content=\"Hay diversos conceptos de cultura hoy d\u00eda, aqu\u00ed me refiero a su sentido cl\u00e1sico, un espacio que incluye tanto la expresi\u00f3n de una inteligencia cultivada como las diversas manifestaciones de las artes, sus autores, sus exponentes, sus promotores y divulgadores, sus logros y sus alcances, as\u00ed como las estructuras p\u00fablicas o privadas asociadas a ella.\" \/>\n<meta name=\"robots\" content=\"index, follow, max-snippet:-1, max-image-preview:large, max-video-preview:-1\" \/>\n<link rel=\"canonical\" href=\"https:\/\/www.univa.mx\/agora\/pensandolo-bien-guadalajara-y-la-cultura\/\" \/>\n<meta property=\"og:locale\" content=\"es_ES\" \/>\n<meta property=\"og:type\" content=\"article\" \/>\n<meta property=\"og:title\" content=\"Pens\u00e1ndolo bien: Guadalajara y la cultura - \u00c1gora\" \/>\n<meta property=\"og:description\" content=\"Hay diversos conceptos de cultura hoy d\u00eda, aqu\u00ed me refiero a su sentido cl\u00e1sico, un espacio que incluye tanto la expresi\u00f3n de una inteligencia cultivada como las diversas manifestaciones de las artes, sus autores, sus exponentes, sus promotores y divulgadores, sus logros y sus alcances, as\u00ed como las estructuras p\u00fablicas o privadas asociadas a ella.\" \/>\n<meta property=\"og:url\" content=\"https:\/\/www.univa.mx\/agora\/pensandolo-bien-guadalajara-y-la-cultura\/\" \/>\n<meta property=\"og:site_name\" content=\"\u00c1gora\" \/>\n<meta property=\"article:published_time\" content=\"2025-01-20T15:00:23+00:00\" \/>\n<meta property=\"og:image\" content=\"https:\/\/www.univa.mx\/agora\/wp-content\/uploads\/sites\/14\/2024\/05\/Untitled-1-1.gif\" \/>\n\t<meta property=\"og:image:width\" content=\"1280\" \/>\n\t<meta property=\"og:image:height\" content=\"720\" \/>\n\t<meta property=\"og:image:type\" content=\"image\/gif\" \/>\n<meta name=\"author\" content=\"Comunicaci\u00f3n Sistema UNIVA\" \/>\n<meta name=\"twitter:card\" content=\"summary_large_image\" \/>\n<meta name=\"twitter:label1\" content=\"Escrito por\" \/>\n\t<meta name=\"twitter:data1\" content=\"Comunicaci\u00f3n Sistema UNIVA\" \/>\n\t<meta name=\"twitter:label2\" content=\"Tiempo de lectura\" \/>\n\t<meta name=\"twitter:data2\" content=\"1 minuto\" \/>\n<script type=\"application\/ld+json\" class=\"yoast-schema-graph\">{\"@context\":\"https:\\\/\\\/schema.org\",\"@graph\":[{\"@type\":\"Article\",\"@id\":\"https:\\\/\\\/www.univa.mx\\\/agora\\\/pensandolo-bien-guadalajara-y-la-cultura\\\/#article\",\"isPartOf\":{\"@id\":\"https:\\\/\\\/www.univa.mx\\\/agora\\\/pensandolo-bien-guadalajara-y-la-cultura\\\/\"},\"author\":{\"name\":\"Comunicaci\u00f3n Sistema UNIVA\",\"@id\":\"https:\\\/\\\/www.univa.mx\\\/agora\\\/#\\\/schema\\\/person\\\/698af210c9a2ad5b61255af506d223e3\"},\"headline\":\"Pens\u00e1ndolo bien: Guadalajara y la cultura\",\"datePublished\":\"2025-01-20T15:00:23+00:00\",\"mainEntityOfPage\":{\"@id\":\"https:\\\/\\\/www.univa.mx\\\/agora\\\/pensandolo-bien-guadalajara-y-la-cultura\\\/\"},\"wordCount\":652,\"image\":{\"@id\":\"https:\\\/\\\/www.univa.mx\\\/agora\\\/pensandolo-bien-guadalajara-y-la-cultura\\\/#primaryimage\"},\"thumbnailUrl\":\"https:\\\/\\\/www.univa.mx\\\/agora\\\/wp-content\\\/uploads\\\/sites\\\/14\\\/2024\\\/05\\\/Untitled-1-1.gif\",\"articleSection\":[\"L\u00edderes de Opini\u00f3n\",\"Voces UNIVA\"],\"inLanguage\":\"es\"},{\"@type\":\"WebPage\",\"@id\":\"https:\\\/\\\/www.univa.mx\\\/agora\\\/pensandolo-bien-guadalajara-y-la-cultura\\\/\",\"url\":\"https:\\\/\\\/www.univa.mx\\\/agora\\\/pensandolo-bien-guadalajara-y-la-cultura\\\/\",\"name\":\"Pens\u00e1ndolo bien: Guadalajara y la cultura - \u00c1gora\",\"isPartOf\":{\"@id\":\"https:\\\/\\\/www.univa.mx\\\/agora\\\/#website\"},\"primaryImageOfPage\":{\"@id\":\"https:\\\/\\\/www.univa.mx\\\/agora\\\/pensandolo-bien-guadalajara-y-la-cultura\\\/#primaryimage\"},\"image\":{\"@id\":\"https:\\\/\\\/www.univa.mx\\\/agora\\\/pensandolo-bien-guadalajara-y-la-cultura\\\/#primaryimage\"},\"thumbnailUrl\":\"https:\\\/\\\/www.univa.mx\\\/agora\\\/wp-content\\\/uploads\\\/sites\\\/14\\\/2024\\\/05\\\/Untitled-1-1.gif\",\"datePublished\":\"2025-01-20T15:00:23+00:00\",\"author\":{\"@id\":\"https:\\\/\\\/www.univa.mx\\\/agora\\\/#\\\/schema\\\/person\\\/698af210c9a2ad5b61255af506d223e3\"},\"description\":\"Hay diversos conceptos de cultura hoy d\u00eda, aqu\u00ed me refiero a su sentido cl\u00e1sico, un espacio que incluye tanto la expresi\u00f3n de una inteligencia cultivada como las diversas manifestaciones de las artes, sus autores, sus exponentes, sus promotores y divulgadores, sus logros y sus alcances, as\u00ed como las estructuras p\u00fablicas o privadas asociadas a ella.\",\"breadcrumb\":{\"@id\":\"https:\\\/\\\/www.univa.mx\\\/agora\\\/pensandolo-bien-guadalajara-y-la-cultura\\\/#breadcrumb\"},\"inLanguage\":\"es\",\"potentialAction\":[{\"@type\":\"ReadAction\",\"target\":[\"https:\\\/\\\/www.univa.mx\\\/agora\\\/pensandolo-bien-guadalajara-y-la-cultura\\\/\"]}]},{\"@type\":\"ImageObject\",\"inLanguage\":\"es\",\"@id\":\"https:\\\/\\\/www.univa.mx\\\/agora\\\/pensandolo-bien-guadalajara-y-la-cultura\\\/#primaryimage\",\"url\":\"https:\\\/\\\/www.univa.mx\\\/agora\\\/wp-content\\\/uploads\\\/sites\\\/14\\\/2024\\\/05\\\/Untitled-1-1.gif\",\"contentUrl\":\"https:\\\/\\\/www.univa.mx\\\/agora\\\/wp-content\\\/uploads\\\/sites\\\/14\\\/2024\\\/05\\\/Untitled-1-1.gif\",\"width\":1280,\"height\":720},{\"@type\":\"BreadcrumbList\",\"@id\":\"https:\\\/\\\/www.univa.mx\\\/agora\\\/pensandolo-bien-guadalajara-y-la-cultura\\\/#breadcrumb\",\"itemListElement\":[{\"@type\":\"ListItem\",\"position\":1,\"name\":\"Portada\",\"item\":\"https:\\\/\\\/www.univa.mx\\\/agora\\\/\"},{\"@type\":\"ListItem\",\"position\":2,\"name\":\"Pens\u00e1ndolo bien: Guadalajara y la cultura\"}]},{\"@type\":\"WebSite\",\"@id\":\"https:\\\/\\\/www.univa.mx\\\/agora\\\/#website\",\"url\":\"https:\\\/\\\/www.univa.mx\\\/agora\\\/\",\"name\":\"\u00c1gora\",\"description\":\"\",\"potentialAction\":[{\"@type\":\"SearchAction\",\"target\":{\"@type\":\"EntryPoint\",\"urlTemplate\":\"https:\\\/\\\/www.univa.mx\\\/agora\\\/?s={search_term_string}\"},\"query-input\":{\"@type\":\"PropertyValueSpecification\",\"valueRequired\":true,\"valueName\":\"search_term_string\"}}],\"inLanguage\":\"es\"},{\"@type\":\"Person\",\"@id\":\"https:\\\/\\\/www.univa.mx\\\/agora\\\/#\\\/schema\\\/person\\\/698af210c9a2ad5b61255af506d223e3\",\"name\":\"Comunicaci\u00f3n Sistema UNIVA\",\"image\":{\"@type\":\"ImageObject\",\"inLanguage\":\"es\",\"@id\":\"https:\\\/\\\/secure.gravatar.com\\\/avatar\\\/6aa0bbdc2764d6dabb18e0075a849c5887b5f3f2c39e3b19384bfd22e55dba7c?s=96&d=mm&r=g\",\"url\":\"https:\\\/\\\/secure.gravatar.com\\\/avatar\\\/6aa0bbdc2764d6dabb18e0075a849c5887b5f3f2c39e3b19384bfd22e55dba7c?s=96&d=mm&r=g\",\"contentUrl\":\"https:\\\/\\\/secure.gravatar.com\\\/avatar\\\/6aa0bbdc2764d6dabb18e0075a849c5887b5f3f2c39e3b19384bfd22e55dba7c?s=96&d=mm&r=g\",\"caption\":\"Comunicaci\u00f3n Sistema UNIVA\"},\"url\":\"https:\\\/\\\/www.univa.mx\\\/agora\\\/author\\\/gustavo\\\/\"}]}<\/script>\n<!-- \/ Yoast SEO plugin. -->","yoast_head_json":{"title":"Pens\u00e1ndolo bien: Guadalajara y la cultura - \u00c1gora","description":"Hay diversos conceptos de cultura hoy d\u00eda, aqu\u00ed me refiero a su sentido cl\u00e1sico, un espacio que incluye tanto la expresi\u00f3n de una inteligencia cultivada como las diversas manifestaciones de las artes, sus autores, sus exponentes, sus promotores y divulgadores, sus logros y sus alcances, as\u00ed como las estructuras p\u00fablicas o privadas asociadas a ella.","robots":{"index":"index","follow":"follow","max-snippet":"max-snippet:-1","max-image-preview":"max-image-preview:large","max-video-preview":"max-video-preview:-1"},"canonical":"https:\/\/www.univa.mx\/agora\/pensandolo-bien-guadalajara-y-la-cultura\/","og_locale":"es_ES","og_type":"article","og_title":"Pens\u00e1ndolo bien: Guadalajara y la cultura - \u00c1gora","og_description":"Hay diversos conceptos de cultura hoy d\u00eda, aqu\u00ed me refiero a su sentido cl\u00e1sico, un espacio que incluye tanto la expresi\u00f3n de una inteligencia cultivada como las diversas manifestaciones de las artes, sus autores, sus exponentes, sus promotores y divulgadores, sus logros y sus alcances, as\u00ed como las estructuras p\u00fablicas o privadas asociadas a ella.","og_url":"https:\/\/www.univa.mx\/agora\/pensandolo-bien-guadalajara-y-la-cultura\/","og_site_name":"\u00c1gora","article_published_time":"2025-01-20T15:00:23+00:00","og_image":[{"width":1280,"height":720,"url":"https:\/\/www.univa.mx\/agora\/wp-content\/uploads\/sites\/14\/2024\/05\/Untitled-1-1.gif","type":"image\/gif"}],"author":"Comunicaci\u00f3n Sistema UNIVA","twitter_card":"summary_large_image","twitter_misc":{"Escrito por":"Comunicaci\u00f3n Sistema UNIVA","Tiempo de lectura":"1 minuto"},"schema":{"@context":"https:\/\/schema.org","@graph":[{"@type":"Article","@id":"https:\/\/www.univa.mx\/agora\/pensandolo-bien-guadalajara-y-la-cultura\/#article","isPartOf":{"@id":"https:\/\/www.univa.mx\/agora\/pensandolo-bien-guadalajara-y-la-cultura\/"},"author":{"name":"Comunicaci\u00f3n Sistema UNIVA","@id":"https:\/\/www.univa.mx\/agora\/#\/schema\/person\/698af210c9a2ad5b61255af506d223e3"},"headline":"Pens\u00e1ndolo bien: Guadalajara y la cultura","datePublished":"2025-01-20T15:00:23+00:00","mainEntityOfPage":{"@id":"https:\/\/www.univa.mx\/agora\/pensandolo-bien-guadalajara-y-la-cultura\/"},"wordCount":652,"image":{"@id":"https:\/\/www.univa.mx\/agora\/pensandolo-bien-guadalajara-y-la-cultura\/#primaryimage"},"thumbnailUrl":"https:\/\/www.univa.mx\/agora\/wp-content\/uploads\/sites\/14\/2024\/05\/Untitled-1-1.gif","articleSection":["L\u00edderes de Opini\u00f3n","Voces UNIVA"],"inLanguage":"es"},{"@type":"WebPage","@id":"https:\/\/www.univa.mx\/agora\/pensandolo-bien-guadalajara-y-la-cultura\/","url":"https:\/\/www.univa.mx\/agora\/pensandolo-bien-guadalajara-y-la-cultura\/","name":"Pens\u00e1ndolo bien: Guadalajara y la cultura - \u00c1gora","isPartOf":{"@id":"https:\/\/www.univa.mx\/agora\/#website"},"primaryImageOfPage":{"@id":"https:\/\/www.univa.mx\/agora\/pensandolo-bien-guadalajara-y-la-cultura\/#primaryimage"},"image":{"@id":"https:\/\/www.univa.mx\/agora\/pensandolo-bien-guadalajara-y-la-cultura\/#primaryimage"},"thumbnailUrl":"https:\/\/www.univa.mx\/agora\/wp-content\/uploads\/sites\/14\/2024\/05\/Untitled-1-1.gif","datePublished":"2025-01-20T15:00:23+00:00","author":{"@id":"https:\/\/www.univa.mx\/agora\/#\/schema\/person\/698af210c9a2ad5b61255af506d223e3"},"description":"Hay diversos conceptos de cultura hoy d\u00eda, aqu\u00ed me refiero a su sentido cl\u00e1sico, un espacio que incluye tanto la expresi\u00f3n de una inteligencia cultivada como las diversas manifestaciones de las artes, sus autores, sus exponentes, sus promotores y divulgadores, sus logros y sus alcances, as\u00ed como las estructuras p\u00fablicas o privadas asociadas a ella.","breadcrumb":{"@id":"https:\/\/www.univa.mx\/agora\/pensandolo-bien-guadalajara-y-la-cultura\/#breadcrumb"},"inLanguage":"es","potentialAction":[{"@type":"ReadAction","target":["https:\/\/www.univa.mx\/agora\/pensandolo-bien-guadalajara-y-la-cultura\/"]}]},{"@type":"ImageObject","inLanguage":"es","@id":"https:\/\/www.univa.mx\/agora\/pensandolo-bien-guadalajara-y-la-cultura\/#primaryimage","url":"https:\/\/www.univa.mx\/agora\/wp-content\/uploads\/sites\/14\/2024\/05\/Untitled-1-1.gif","contentUrl":"https:\/\/www.univa.mx\/agora\/wp-content\/uploads\/sites\/14\/2024\/05\/Untitled-1-1.gif","width":1280,"height":720},{"@type":"BreadcrumbList","@id":"https:\/\/www.univa.mx\/agora\/pensandolo-bien-guadalajara-y-la-cultura\/#breadcrumb","itemListElement":[{"@type":"ListItem","position":1,"name":"Portada","item":"https:\/\/www.univa.mx\/agora\/"},{"@type":"ListItem","position":2,"name":"Pens\u00e1ndolo bien: Guadalajara y la cultura"}]},{"@type":"WebSite","@id":"https:\/\/www.univa.mx\/agora\/#website","url":"https:\/\/www.univa.mx\/agora\/","name":"\u00c1gora","description":"","potentialAction":[{"@type":"SearchAction","target":{"@type":"EntryPoint","urlTemplate":"https:\/\/www.univa.mx\/agora\/?s={search_term_string}"},"query-input":{"@type":"PropertyValueSpecification","valueRequired":true,"valueName":"search_term_string"}}],"inLanguage":"es"},{"@type":"Person","@id":"https:\/\/www.univa.mx\/agora\/#\/schema\/person\/698af210c9a2ad5b61255af506d223e3","name":"Comunicaci\u00f3n Sistema UNIVA","image":{"@type":"ImageObject","inLanguage":"es","@id":"https:\/\/secure.gravatar.com\/avatar\/6aa0bbdc2764d6dabb18e0075a849c5887b5f3f2c39e3b19384bfd22e55dba7c?s=96&d=mm&r=g","url":"https:\/\/secure.gravatar.com\/avatar\/6aa0bbdc2764d6dabb18e0075a849c5887b5f3f2c39e3b19384bfd22e55dba7c?s=96&d=mm&r=g","contentUrl":"https:\/\/secure.gravatar.com\/avatar\/6aa0bbdc2764d6dabb18e0075a849c5887b5f3f2c39e3b19384bfd22e55dba7c?s=96&d=mm&r=g","caption":"Comunicaci\u00f3n Sistema UNIVA"},"url":"https:\/\/www.univa.mx\/agora\/author\/gustavo\/"}]}},"_links":{"self":[{"href":"https:\/\/www.univa.mx\/agora\/wp-json\/wp\/v2\/posts\/4486","targetHints":{"allow":["GET"]}}],"collection":[{"href":"https:\/\/www.univa.mx\/agora\/wp-json\/wp\/v2\/posts"}],"about":[{"href":"https:\/\/www.univa.mx\/agora\/wp-json\/wp\/v2\/types\/post"}],"author":[{"embeddable":true,"href":"https:\/\/www.univa.mx\/agora\/wp-json\/wp\/v2\/users\/40"}],"replies":[{"embeddable":true,"href":"https:\/\/www.univa.mx\/agora\/wp-json\/wp\/v2\/comments?post=4486"}],"version-history":[{"count":1,"href":"https:\/\/www.univa.mx\/agora\/wp-json\/wp\/v2\/posts\/4486\/revisions"}],"predecessor-version":[{"id":4487,"href":"https:\/\/www.univa.mx\/agora\/wp-json\/wp\/v2\/posts\/4486\/revisions\/4487"}],"wp:featuredmedia":[{"embeddable":true,"href":"https:\/\/www.univa.mx\/agora\/wp-json\/wp\/v2\/media\/3593"}],"wp:attachment":[{"href":"https:\/\/www.univa.mx\/agora\/wp-json\/wp\/v2\/media?parent=4486"}],"wp:term":[{"taxonomy":"category","embeddable":true,"href":"https:\/\/www.univa.mx\/agora\/wp-json\/wp\/v2\/categories?post=4486"},{"taxonomy":"post_tag","embeddable":true,"href":"https:\/\/www.univa.mx\/agora\/wp-json\/wp\/v2\/tags?post=4486"}],"curies":[{"name":"wp","href":"https:\/\/api.w.org\/{rel}","templated":true}]}}