{"id":4483,"date":"2025-01-17T10:08:16","date_gmt":"2025-01-17T16:08:16","guid":{"rendered":"https:\/\/www.univa.mx\/agora\/?p=4483"},"modified":"2025-01-17T10:08:16","modified_gmt":"2025-01-17T16:08:16","slug":"honestidad-un-pilar-para-comenzar-un-nuevo-ano","status":"publish","type":"post","link":"https:\/\/www.univa.mx\/agora\/honestidad-un-pilar-para-comenzar-un-nuevo-ano\/","title":{"rendered":"Honestidad: Un pilar para comenzar un nuevo a\u00f1o"},"content":{"rendered":"<p><span data-olk-copy-source=\"MessageBody\"><em><strong>J<\/strong><strong>es\u00fas Adri\u00e1n Vald\u00e9s Vargas \u00b7 Alumni y Centro de Empleabilidad UNIVA Zamora<\/strong><\/em><\/span><\/p>\n<p><span data-contrast=\"auto\">Enero nos invita a reflexionar sobre las metas y prop\u00f3sitos que marcan el inicio de un nuevo ciclo, cargado de emociones y expectativas. Para quienes vivimos nuestra fe cat\u00f3lica como br\u00fajula en el camino, la honestidad se convierte en un valor indispensable, no solo para relacionarnos con los dem\u00e1s, sino tambi\u00e9n para construirnos como personas \u00edntegras y coherentes con los principios de Cristo.<\/span><span data-ccp-props=\"{}\">\u00a0<\/span><\/p>\n<p><span data-contrast=\"auto\">Cuando pensamos en la honestidad, solemos asociarla con evitar la mentira, pero su esencia va m\u00e1s all\u00e1. Ser honestos implica mirar dentro de nosotros mismos, reconocer tanto nuestras debilidades como nuestras fortalezas, y aceptar la verdad que nos define. Como nos ense\u00f1a el Evangelio: \u201cCuando ustedes digan \u2018s\u00ed\u2019, que sea realmente s\u00ed; y cuando digan \u2018no\u2019, que sea no\u201d (Mateo 5,30-39). Esta ense\u00f1anza nos desaf\u00eda a vivir con transparencia en cada decisi\u00f3n y acci\u00f3n.<\/span><span data-ccp-props=\"{}\">\u00a0<\/span><\/p>\n<p><span data-contrast=\"auto\">Vivir con honestidad no siempre es f\u00e1cil. A menudo significa ir contracorriente, renunciar a lo f\u00e1cil o inmediato para optar por lo correcto. Sin embargo, es en esos momentos de desaf\u00edo cuando Dios nos fortalece y nos acompa\u00f1a, record\u00e1ndonos que no estamos solos en esta misi\u00f3n de construir confianza y comprometernos con la verdad.<\/span><span data-ccp-props=\"{}\">\u00a0<\/span><\/p>\n<p><span data-contrast=\"auto\">El inicio de un nuevo a\u00f1o puede manifestarse en peque\u00f1as acciones, como adoptar nuevos h\u00e1bitos, o en decisiones m\u00e1s profundas, como admitir cuando necesitamos ayuda, respetar las normas o mantener nuestra lealtad a la palabra dada. La verdadera grandeza no radica en la acumulaci\u00f3n de logros superficiales, sino en ser personas que inspiran confianza, cumplen sus promesas y viven con coherencia.<\/span><span data-ccp-props=\"{}\">\u00a0<\/span><\/p>\n<p><span data-contrast=\"auto\">Asumamos el desaf\u00edo de ser luz y ejemplo en todos los espacios donde estemos presentes. Que este nuevo a\u00f1o sea una oportunidad para crecer en honestidad, reflejando en cada acci\u00f3n el amor y la verdad que gu\u00edan nuestro esp\u00edritu.<\/span><span data-ccp-props=\"{}\">\u00a0<\/span><\/p>\n<p><span data-ccp-props=\"{}\">\u00a0<\/span><\/p>\n<p><b><span data-contrast=\"auto\">Referencias: <\/span><\/b><i><span data-contrast=\"auto\">La Biblia De Nuestro Pueblo Biblia del Peregrino Am\u00e9rica Latina<\/span><\/i><span data-contrast=\"auto\">\u202f(15<\/span><span data-contrast=\"auto\">a<\/span><span data-contrast=\"auto\">\u202fed.). (2011). Ediciones Mensajero, S.A.U. (Obra original publicada en 2006) Mateo 5,30-39, P\u00e1g. 1838<\/span><span data-ccp-props=\"{}\">\u00a0<\/span><\/p>\n","protected":false},"excerpt":{"rendered":"<p>Jes\u00fas Adri\u00e1n Vald\u00e9s Vargas \u00b7&#8230;<\/p>\n","protected":false},"author":40,"featured_media":4484,"comment_status":"closed","ping_status":"closed","sticky":false,"template":"","format":"standard","meta":{"footnotes":""},"categories":[6,17],"tags":[],"class_list":["post-4483","post","type-post","status-publish","format-standard","has-post-thumbnail","category-lideres-de-opinion","category-voces-univa"],"yoast_head":"<!-- This site is optimized with the Yoast SEO plugin v28.0 - https:\/\/yoast.com\/product\/yoast-seo-wordpress\/ -->\n<title>Honestidad: Un pilar para comenzar un nuevo a\u00f1o - \u00c1gora<\/title>\n<meta name=\"description\" content=\"Enero nos invita a reflexionar sobre las metas y prop\u00f3sitos que marcan el inicio de un nuevo ciclo, cargado de emociones y expectativas. Para quienes vivimos nuestra fe cat\u00f3lica como br\u00fajula en el camino, la honestidad se convierte en un valor indispensable, no solo para relacionarnos con los dem\u00e1s, sino tambi\u00e9n para construirnos como personas \u00edntegras y coherentes con los principios de Cristo.\u00a0\" \/>\n<meta name=\"robots\" content=\"index, follow, max-snippet:-1, max-image-preview:large, max-video-preview:-1\" \/>\n<link rel=\"canonical\" href=\"https:\/\/www.univa.mx\/agora\/honestidad-un-pilar-para-comenzar-un-nuevo-ano\/\" \/>\n<meta property=\"og:locale\" content=\"es_ES\" \/>\n<meta property=\"og:type\" content=\"article\" \/>\n<meta property=\"og:title\" content=\"Honestidad: Un pilar para comenzar un nuevo a\u00f1o - \u00c1gora\" \/>\n<meta property=\"og:description\" content=\"Enero nos invita a reflexionar sobre las metas y prop\u00f3sitos que marcan el inicio de un nuevo ciclo, cargado de emociones y expectativas. Para quienes vivimos nuestra fe cat\u00f3lica como br\u00fajula en el camino, la honestidad se convierte en un valor indispensable, no solo para relacionarnos con los dem\u00e1s, sino tambi\u00e9n para construirnos como personas \u00edntegras y coherentes con los principios de Cristo.\u00a0\" \/>\n<meta property=\"og:url\" content=\"https:\/\/www.univa.mx\/agora\/honestidad-un-pilar-para-comenzar-un-nuevo-ano\/\" \/>\n<meta property=\"og:site_name\" content=\"\u00c1gora\" \/>\n<meta property=\"article:published_time\" content=\"2025-01-17T16:08:16+00:00\" \/>\n<meta property=\"og:image\" content=\"https:\/\/www.univa.mx\/agora\/wp-content\/uploads\/sites\/14\/2025\/01\/Jesu\u0301s-Adria\u0301n-Valde\u0301s-Vargas.gif\" \/>\n\t<meta property=\"og:image:width\" content=\"1280\" \/>\n\t<meta property=\"og:image:height\" content=\"720\" \/>\n\t<meta property=\"og:image:type\" content=\"image\/gif\" \/>\n<meta name=\"author\" content=\"Comunicaci\u00f3n Sistema UNIVA\" \/>\n<meta name=\"twitter:card\" content=\"summary_large_image\" \/>\n<meta name=\"twitter:label1\" content=\"Escrito por\" \/>\n\t<meta name=\"twitter:data1\" content=\"Comunicaci\u00f3n Sistema UNIVA\" \/>\n\t<meta name=\"twitter:label2\" content=\"Tiempo de lectura\" \/>\n\t<meta name=\"twitter:data2\" content=\"1 minuto\" \/>\n<script type=\"application\/ld+json\" class=\"yoast-schema-graph\">{\"@context\":\"https:\\\/\\\/schema.org\",\"@graph\":[{\"@type\":\"Article\",\"@id\":\"https:\\\/\\\/www.univa.mx\\\/agora\\\/honestidad-un-pilar-para-comenzar-un-nuevo-ano\\\/#article\",\"isPartOf\":{\"@id\":\"https:\\\/\\\/www.univa.mx\\\/agora\\\/honestidad-un-pilar-para-comenzar-un-nuevo-ano\\\/\"},\"author\":{\"name\":\"Comunicaci\u00f3n Sistema UNIVA\",\"@id\":\"https:\\\/\\\/www.univa.mx\\\/agora\\\/#\\\/schema\\\/person\\\/698af210c9a2ad5b61255af506d223e3\"},\"headline\":\"Honestidad: Un pilar para comenzar un nuevo a\u00f1o\",\"datePublished\":\"2025-01-17T16:08:16+00:00\",\"mainEntityOfPage\":{\"@id\":\"https:\\\/\\\/www.univa.mx\\\/agora\\\/honestidad-un-pilar-para-comenzar-un-nuevo-ano\\\/\"},\"wordCount\":369,\"image\":{\"@id\":\"https:\\\/\\\/www.univa.mx\\\/agora\\\/honestidad-un-pilar-para-comenzar-un-nuevo-ano\\\/#primaryimage\"},\"thumbnailUrl\":\"https:\\\/\\\/www.univa.mx\\\/agora\\\/wp-content\\\/uploads\\\/sites\\\/14\\\/2025\\\/01\\\/Jesu\u0301s-Adria\u0301n-Valde\u0301s-Vargas.gif\",\"articleSection\":[\"L\u00edderes de Opini\u00f3n\",\"Voces UNIVA\"],\"inLanguage\":\"es\"},{\"@type\":\"WebPage\",\"@id\":\"https:\\\/\\\/www.univa.mx\\\/agora\\\/honestidad-un-pilar-para-comenzar-un-nuevo-ano\\\/\",\"url\":\"https:\\\/\\\/www.univa.mx\\\/agora\\\/honestidad-un-pilar-para-comenzar-un-nuevo-ano\\\/\",\"name\":\"Honestidad: Un pilar para comenzar un nuevo a\u00f1o - \u00c1gora\",\"isPartOf\":{\"@id\":\"https:\\\/\\\/www.univa.mx\\\/agora\\\/#website\"},\"primaryImageOfPage\":{\"@id\":\"https:\\\/\\\/www.univa.mx\\\/agora\\\/honestidad-un-pilar-para-comenzar-un-nuevo-ano\\\/#primaryimage\"},\"image\":{\"@id\":\"https:\\\/\\\/www.univa.mx\\\/agora\\\/honestidad-un-pilar-para-comenzar-un-nuevo-ano\\\/#primaryimage\"},\"thumbnailUrl\":\"https:\\\/\\\/www.univa.mx\\\/agora\\\/wp-content\\\/uploads\\\/sites\\\/14\\\/2025\\\/01\\\/Jesu\u0301s-Adria\u0301n-Valde\u0301s-Vargas.gif\",\"datePublished\":\"2025-01-17T16:08:16+00:00\",\"author\":{\"@id\":\"https:\\\/\\\/www.univa.mx\\\/agora\\\/#\\\/schema\\\/person\\\/698af210c9a2ad5b61255af506d223e3\"},\"description\":\"Enero nos invita a reflexionar sobre las metas y prop\u00f3sitos que marcan el inicio de un nuevo ciclo, cargado de emociones y expectativas. Para quienes vivimos nuestra fe cat\u00f3lica como br\u00fajula en el camino, la honestidad se convierte en un valor indispensable, no solo para relacionarnos con los dem\u00e1s, sino tambi\u00e9n para construirnos como personas \u00edntegras y coherentes con los principios de Cristo.\u00a0\",\"breadcrumb\":{\"@id\":\"https:\\\/\\\/www.univa.mx\\\/agora\\\/honestidad-un-pilar-para-comenzar-un-nuevo-ano\\\/#breadcrumb\"},\"inLanguage\":\"es\",\"potentialAction\":[{\"@type\":\"ReadAction\",\"target\":[\"https:\\\/\\\/www.univa.mx\\\/agora\\\/honestidad-un-pilar-para-comenzar-un-nuevo-ano\\\/\"]}]},{\"@type\":\"ImageObject\",\"inLanguage\":\"es\",\"@id\":\"https:\\\/\\\/www.univa.mx\\\/agora\\\/honestidad-un-pilar-para-comenzar-un-nuevo-ano\\\/#primaryimage\",\"url\":\"https:\\\/\\\/www.univa.mx\\\/agora\\\/wp-content\\\/uploads\\\/sites\\\/14\\\/2025\\\/01\\\/Jesu\u0301s-Adria\u0301n-Valde\u0301s-Vargas.gif\",\"contentUrl\":\"https:\\\/\\\/www.univa.mx\\\/agora\\\/wp-content\\\/uploads\\\/sites\\\/14\\\/2025\\\/01\\\/Jesu\u0301s-Adria\u0301n-Valde\u0301s-Vargas.gif\",\"width\":1280,\"height\":720},{\"@type\":\"BreadcrumbList\",\"@id\":\"https:\\\/\\\/www.univa.mx\\\/agora\\\/honestidad-un-pilar-para-comenzar-un-nuevo-ano\\\/#breadcrumb\",\"itemListElement\":[{\"@type\":\"ListItem\",\"position\":1,\"name\":\"Portada\",\"item\":\"https:\\\/\\\/www.univa.mx\\\/agora\\\/\"},{\"@type\":\"ListItem\",\"position\":2,\"name\":\"Honestidad: Un pilar para comenzar un nuevo a\u00f1o\"}]},{\"@type\":\"WebSite\",\"@id\":\"https:\\\/\\\/www.univa.mx\\\/agora\\\/#website\",\"url\":\"https:\\\/\\\/www.univa.mx\\\/agora\\\/\",\"name\":\"\u00c1gora\",\"description\":\"\",\"potentialAction\":[{\"@type\":\"SearchAction\",\"target\":{\"@type\":\"EntryPoint\",\"urlTemplate\":\"https:\\\/\\\/www.univa.mx\\\/agora\\\/?s={search_term_string}\"},\"query-input\":{\"@type\":\"PropertyValueSpecification\",\"valueRequired\":true,\"valueName\":\"search_term_string\"}}],\"inLanguage\":\"es\"},{\"@type\":\"Person\",\"@id\":\"https:\\\/\\\/www.univa.mx\\\/agora\\\/#\\\/schema\\\/person\\\/698af210c9a2ad5b61255af506d223e3\",\"name\":\"Comunicaci\u00f3n Sistema UNIVA\",\"image\":{\"@type\":\"ImageObject\",\"inLanguage\":\"es\",\"@id\":\"https:\\\/\\\/secure.gravatar.com\\\/avatar\\\/6aa0bbdc2764d6dabb18e0075a849c5887b5f3f2c39e3b19384bfd22e55dba7c?s=96&d=mm&r=g\",\"url\":\"https:\\\/\\\/secure.gravatar.com\\\/avatar\\\/6aa0bbdc2764d6dabb18e0075a849c5887b5f3f2c39e3b19384bfd22e55dba7c?s=96&d=mm&r=g\",\"contentUrl\":\"https:\\\/\\\/secure.gravatar.com\\\/avatar\\\/6aa0bbdc2764d6dabb18e0075a849c5887b5f3f2c39e3b19384bfd22e55dba7c?s=96&d=mm&r=g\",\"caption\":\"Comunicaci\u00f3n Sistema UNIVA\"},\"url\":\"https:\\\/\\\/www.univa.mx\\\/agora\\\/author\\\/gustavo\\\/\"}]}<\/script>\n<!-- \/ Yoast SEO plugin. -->","yoast_head_json":{"title":"Honestidad: Un pilar para comenzar un nuevo a\u00f1o - \u00c1gora","description":"Enero nos invita a reflexionar sobre las metas y prop\u00f3sitos que marcan el inicio de un nuevo ciclo, cargado de emociones y expectativas. Para quienes vivimos nuestra fe cat\u00f3lica como br\u00fajula en el camino, la honestidad se convierte en un valor indispensable, no solo para relacionarnos con los dem\u00e1s, sino tambi\u00e9n para construirnos como personas \u00edntegras y coherentes con los principios de Cristo.\u00a0","robots":{"index":"index","follow":"follow","max-snippet":"max-snippet:-1","max-image-preview":"max-image-preview:large","max-video-preview":"max-video-preview:-1"},"canonical":"https:\/\/www.univa.mx\/agora\/honestidad-un-pilar-para-comenzar-un-nuevo-ano\/","og_locale":"es_ES","og_type":"article","og_title":"Honestidad: Un pilar para comenzar un nuevo a\u00f1o - \u00c1gora","og_description":"Enero nos invita a reflexionar sobre las metas y prop\u00f3sitos que marcan el inicio de un nuevo ciclo, cargado de emociones y expectativas. Para quienes vivimos nuestra fe cat\u00f3lica como br\u00fajula en el camino, la honestidad se convierte en un valor indispensable, no solo para relacionarnos con los dem\u00e1s, sino tambi\u00e9n para construirnos como personas \u00edntegras y coherentes con los principios de Cristo.\u00a0","og_url":"https:\/\/www.univa.mx\/agora\/honestidad-un-pilar-para-comenzar-un-nuevo-ano\/","og_site_name":"\u00c1gora","article_published_time":"2025-01-17T16:08:16+00:00","og_image":[{"width":1280,"height":720,"url":"https:\/\/www.univa.mx\/agora\/wp-content\/uploads\/sites\/14\/2025\/01\/Jesu\u0301s-Adria\u0301n-Valde\u0301s-Vargas.gif","type":"image\/gif"}],"author":"Comunicaci\u00f3n Sistema UNIVA","twitter_card":"summary_large_image","twitter_misc":{"Escrito por":"Comunicaci\u00f3n Sistema UNIVA","Tiempo de lectura":"1 minuto"},"schema":{"@context":"https:\/\/schema.org","@graph":[{"@type":"Article","@id":"https:\/\/www.univa.mx\/agora\/honestidad-un-pilar-para-comenzar-un-nuevo-ano\/#article","isPartOf":{"@id":"https:\/\/www.univa.mx\/agora\/honestidad-un-pilar-para-comenzar-un-nuevo-ano\/"},"author":{"name":"Comunicaci\u00f3n Sistema UNIVA","@id":"https:\/\/www.univa.mx\/agora\/#\/schema\/person\/698af210c9a2ad5b61255af506d223e3"},"headline":"Honestidad: Un pilar para comenzar un nuevo a\u00f1o","datePublished":"2025-01-17T16:08:16+00:00","mainEntityOfPage":{"@id":"https:\/\/www.univa.mx\/agora\/honestidad-un-pilar-para-comenzar-un-nuevo-ano\/"},"wordCount":369,"image":{"@id":"https:\/\/www.univa.mx\/agora\/honestidad-un-pilar-para-comenzar-un-nuevo-ano\/#primaryimage"},"thumbnailUrl":"https:\/\/www.univa.mx\/agora\/wp-content\/uploads\/sites\/14\/2025\/01\/Jesu\u0301s-Adria\u0301n-Valde\u0301s-Vargas.gif","articleSection":["L\u00edderes de Opini\u00f3n","Voces UNIVA"],"inLanguage":"es"},{"@type":"WebPage","@id":"https:\/\/www.univa.mx\/agora\/honestidad-un-pilar-para-comenzar-un-nuevo-ano\/","url":"https:\/\/www.univa.mx\/agora\/honestidad-un-pilar-para-comenzar-un-nuevo-ano\/","name":"Honestidad: Un pilar para comenzar un nuevo a\u00f1o - \u00c1gora","isPartOf":{"@id":"https:\/\/www.univa.mx\/agora\/#website"},"primaryImageOfPage":{"@id":"https:\/\/www.univa.mx\/agora\/honestidad-un-pilar-para-comenzar-un-nuevo-ano\/#primaryimage"},"image":{"@id":"https:\/\/www.univa.mx\/agora\/honestidad-un-pilar-para-comenzar-un-nuevo-ano\/#primaryimage"},"thumbnailUrl":"https:\/\/www.univa.mx\/agora\/wp-content\/uploads\/sites\/14\/2025\/01\/Jesu\u0301s-Adria\u0301n-Valde\u0301s-Vargas.gif","datePublished":"2025-01-17T16:08:16+00:00","author":{"@id":"https:\/\/www.univa.mx\/agora\/#\/schema\/person\/698af210c9a2ad5b61255af506d223e3"},"description":"Enero nos invita a reflexionar sobre las metas y prop\u00f3sitos que marcan el inicio de un nuevo ciclo, cargado de emociones y expectativas. Para quienes vivimos nuestra fe cat\u00f3lica como br\u00fajula en el camino, la honestidad se convierte en un valor indispensable, no solo para relacionarnos con los dem\u00e1s, sino tambi\u00e9n para construirnos como personas \u00edntegras y coherentes con los principios de Cristo.\u00a0","breadcrumb":{"@id":"https:\/\/www.univa.mx\/agora\/honestidad-un-pilar-para-comenzar-un-nuevo-ano\/#breadcrumb"},"inLanguage":"es","potentialAction":[{"@type":"ReadAction","target":["https:\/\/www.univa.mx\/agora\/honestidad-un-pilar-para-comenzar-un-nuevo-ano\/"]}]},{"@type":"ImageObject","inLanguage":"es","@id":"https:\/\/www.univa.mx\/agora\/honestidad-un-pilar-para-comenzar-un-nuevo-ano\/#primaryimage","url":"https:\/\/www.univa.mx\/agora\/wp-content\/uploads\/sites\/14\/2025\/01\/Jesu\u0301s-Adria\u0301n-Valde\u0301s-Vargas.gif","contentUrl":"https:\/\/www.univa.mx\/agora\/wp-content\/uploads\/sites\/14\/2025\/01\/Jesu\u0301s-Adria\u0301n-Valde\u0301s-Vargas.gif","width":1280,"height":720},{"@type":"BreadcrumbList","@id":"https:\/\/www.univa.mx\/agora\/honestidad-un-pilar-para-comenzar-un-nuevo-ano\/#breadcrumb","itemListElement":[{"@type":"ListItem","position":1,"name":"Portada","item":"https:\/\/www.univa.mx\/agora\/"},{"@type":"ListItem","position":2,"name":"Honestidad: Un pilar para comenzar un nuevo a\u00f1o"}]},{"@type":"WebSite","@id":"https:\/\/www.univa.mx\/agora\/#website","url":"https:\/\/www.univa.mx\/agora\/","name":"\u00c1gora","description":"","potentialAction":[{"@type":"SearchAction","target":{"@type":"EntryPoint","urlTemplate":"https:\/\/www.univa.mx\/agora\/?s={search_term_string}"},"query-input":{"@type":"PropertyValueSpecification","valueRequired":true,"valueName":"search_term_string"}}],"inLanguage":"es"},{"@type":"Person","@id":"https:\/\/www.univa.mx\/agora\/#\/schema\/person\/698af210c9a2ad5b61255af506d223e3","name":"Comunicaci\u00f3n Sistema UNIVA","image":{"@type":"ImageObject","inLanguage":"es","@id":"https:\/\/secure.gravatar.com\/avatar\/6aa0bbdc2764d6dabb18e0075a849c5887b5f3f2c39e3b19384bfd22e55dba7c?s=96&d=mm&r=g","url":"https:\/\/secure.gravatar.com\/avatar\/6aa0bbdc2764d6dabb18e0075a849c5887b5f3f2c39e3b19384bfd22e55dba7c?s=96&d=mm&r=g","contentUrl":"https:\/\/secure.gravatar.com\/avatar\/6aa0bbdc2764d6dabb18e0075a849c5887b5f3f2c39e3b19384bfd22e55dba7c?s=96&d=mm&r=g","caption":"Comunicaci\u00f3n Sistema UNIVA"},"url":"https:\/\/www.univa.mx\/agora\/author\/gustavo\/"}]}},"_links":{"self":[{"href":"https:\/\/www.univa.mx\/agora\/wp-json\/wp\/v2\/posts\/4483","targetHints":{"allow":["GET"]}}],"collection":[{"href":"https:\/\/www.univa.mx\/agora\/wp-json\/wp\/v2\/posts"}],"about":[{"href":"https:\/\/www.univa.mx\/agora\/wp-json\/wp\/v2\/types\/post"}],"author":[{"embeddable":true,"href":"https:\/\/www.univa.mx\/agora\/wp-json\/wp\/v2\/users\/40"}],"replies":[{"embeddable":true,"href":"https:\/\/www.univa.mx\/agora\/wp-json\/wp\/v2\/comments?post=4483"}],"version-history":[{"count":1,"href":"https:\/\/www.univa.mx\/agora\/wp-json\/wp\/v2\/posts\/4483\/revisions"}],"predecessor-version":[{"id":4485,"href":"https:\/\/www.univa.mx\/agora\/wp-json\/wp\/v2\/posts\/4483\/revisions\/4485"}],"wp:featuredmedia":[{"embeddable":true,"href":"https:\/\/www.univa.mx\/agora\/wp-json\/wp\/v2\/media\/4484"}],"wp:attachment":[{"href":"https:\/\/www.univa.mx\/agora\/wp-json\/wp\/v2\/media?parent=4483"}],"wp:term":[{"taxonomy":"category","embeddable":true,"href":"https:\/\/www.univa.mx\/agora\/wp-json\/wp\/v2\/categories?post=4483"},{"taxonomy":"post_tag","embeddable":true,"href":"https:\/\/www.univa.mx\/agora\/wp-json\/wp\/v2\/tags?post=4483"}],"curies":[{"name":"wp","href":"https:\/\/api.w.org\/{rel}","templated":true}]}}