{"id":4481,"date":"2025-01-16T10:20:36","date_gmt":"2025-01-16T16:20:36","guid":{"rendered":"https:\/\/www.univa.mx\/agora\/?p=4481"},"modified":"2025-01-16T10:20:36","modified_gmt":"2025-01-16T16:20:36","slug":"la-dignidad-humana-y-el-compromiso-social","status":"publish","type":"post","link":"https:\/\/www.univa.mx\/agora\/la-dignidad-humana-y-el-compromiso-social\/","title":{"rendered":"La dignidad humana y el compromiso social"},"content":{"rendered":"<p><em><strong>Mar\u00eda Cristina Gonz\u00e1lez Mart\u00ednez \u00b7 Alumni de la Licenciatura en Filosof\u00eda, UNIVA Online<\/strong><\/em><\/p>\n<p>A lo largo de la historia, la comprensi\u00f3n de la dignidad humana ha sido objeto de numerosos malentendidos y distorsiones. En las primeras etapas de la humanidad, el hombre primitivo parec\u00eda tener menos conflictos al respecto. Las responsabilidades entre hombres y mujeres se divid\u00edan de manera natural, bas\u00e1ndose en las cualidades y capacidades de cada uno, en lo que parec\u00eda ser una cuesti\u00f3n de sentido com\u00fan. Sin embargo, con el desarrollo de las sociedades civilizadas, en lugar de avanzar hacia un mayor reconocimiento de la dignidad inherente a cada ser humano, se produjo un lamentable retroceso.<\/p>\n<p>Este retroceso llev\u00f3 a medir la dignidad de una persona por caracter\u00edsticas superficiales, como el color de la piel, lo que result\u00f3 en graves errores e injusticias. Uno de los ejemplos m\u00e1s flagrantes de esta equivocaci\u00f3n fue la esclavitud, que deshumaniz\u00f3 a las personas de piel negra e ind\u00edgenas, consider\u00e1ndolas seres inferiores. De manera similar, se someti\u00f3 a las mujeres, lleg\u00e1ndolas a tratar como inferiores a los hombres, priv\u00e1ndolas de derechos fundamentales.<\/p>\n<p>Los grupos de poder perpetuaron estas injusticias, relegando a la mujer al rol de objeto de pertenencia del hombre, limit\u00e1ndola a la procreaci\u00f3n y al \u00e1mbito dom\u00e9stico. En culturas como la china, la mujer estaba sujeta a \u00abtres obediencias\u00bb: al padre, al esposo y a los hijos varones. Su valor se med\u00eda a trav\u00e9s de cuatro virtudes: modestia, lenguaje adecuado, vestimenta correcta y habilidades dom\u00e9sticas.<\/p>\n<p>Con el paso del tiempo, otras personas y grupos tambi\u00e9n han visto negada su dignidad por no encajar en modelos sociales considerados aceptables. Este rechazo se ha extendido a homosexuales, drogadictos, personas en situaci\u00f3n de calle, delincuentes y quienes ejercen actividades como la prostituci\u00f3n. Estas actitudes son un grave error, ya que la dignidad de la persona no depende de sus actos o circunstancias, sino de su condici\u00f3n intr\u00ednseca como ser humano.<\/p>\n<p>La dignidad es inherente a toda persona simplemente por ser humana. No existe una jerarqu\u00eda de dignidad, ni siquiera en casos de comportamientos cuestionables. Si bien los actos pueden ser juzgados, la dignidad nunca debe ser menospreciada.<\/p>\n<p>Desde una perspectiva cristiana, la dignidad humana encuentra su fundamento en nuestra condici\u00f3n de hijos de Dios, criaturas llamadas a la comuni\u00f3n con su Creador y a la santidad. Como dice el Catecismo de la Iglesia Cat\u00f3lica:<\/p>\n<p>\u00abLa raz\u00f3n m\u00e1s alta de la dignidad humana consiste en la vocaci\u00f3n del hombre a la comuni\u00f3n con Dios\u00bb (CEC, n.\u00ba 27).<\/p>\n<p>Ante estas realidades, los cat\u00f3licos est\u00e1n llamados a responder imitando a Jesucristo, quien, en su tiempo, rompi\u00f3 con las normas sociales que desvalorizaban a ciertos grupos. Jes\u00fas trat\u00f3 a las mujeres, los ni\u00f1os, los leprosos, los cobradores de impuestos y otros marginados con respeto, compasi\u00f3n y dignidad. En un contexto donde las mujeres eran consideradas poco m\u00e1s que objetos de protecci\u00f3n, \u00c9l las dignific\u00f3 de manera extraordinaria.<\/p>\n<p>Siguiendo el ejemplo de Cristo, estamos llamados a construir una civilizaci\u00f3n basada en el amor, el respeto a la vida y el reconocimiento del valor intr\u00ednseco de cada persona. Nuestro compromiso social debe estar orientado a dignificar al pr\u00f3jimo en cualquier circunstancia y a ser reflejo del amor de Dios en nuestras condiciones concretas de vida.<\/p>\n<p>Referencias:<\/p>\n<p>Catecismo de la Iglesia Cat\u00f3lica (1993); Primera parte; La profesi\u00f3n de la fe, nos. 26-30; San Pablo; Santa Fe de Bogot\u00e1, D.C.<\/p>\n<p>HOAC DSI (2019). La dignidad de la persona [Video]. Recuperado de: https:\/\/www.youtube.com\/watch?v=rsvGSBjXu-k&amp;t=96s<\/p>\n<p>Jos\u00e9 Antonio Cinco Panes (2015). La dignidad de la persona, a la luz del DSI [Video]. Recuperado de: https:\/\/www.youtube.com\/watch?v=oODenx2503I&amp;t=127s<\/p>\n<p>Pontificio Consejo \u201cJusticia y Paz\u201d. (2005) Compendio de la Doctrina Social de la Iglesia. Madrid: B.A.C.<\/p>\n<p>V\u00edctor Deossa \u00bfLa dignidad se puede perder? Recuperado de: https:\/\/www.youtube.com\/watch?v=w_HTJQoXeR0<\/p>\n","protected":false},"excerpt":{"rendered":"<p>Mar\u00eda Cristina Gonz\u00e1lez Mart\u00ednez \u00b7&#8230;<\/p>\n","protected":false},"author":40,"featured_media":4143,"comment_status":"closed","ping_status":"closed","sticky":false,"template":"","format":"standard","meta":{"footnotes":""},"categories":[8,17],"tags":[],"class_list":["post-4481","post","type-post","status-publish","format-standard","has-post-thumbnail","category-tendencias","category-voces-univa"],"yoast_head":"<!-- This site is optimized with the Yoast SEO plugin v28.0 - https:\/\/yoast.com\/product\/yoast-seo-wordpress\/ -->\n<title>La dignidad humana y el compromiso social - \u00c1gora<\/title>\n<meta name=\"description\" content=\"A lo largo de la historia, la comprensi\u00f3n de la dignidad humana ha sido objeto de numerosos malentendidos y distorsiones. En las primeras etapas de la humanidad, el hombre primitivo parec\u00eda tener menos conflictos al respecto. Las responsabilidades entre hombres y mujeres se divid\u00edan de manera natural, bas\u00e1ndose en las cualidades y capacidades de cada uno, en lo que parec\u00eda ser una cuesti\u00f3n de sentido com\u00fan. Sin embargo, con el desarrollo de las sociedades civilizadas, en lugar de avanzar hacia un mayor reconocimiento de la dignidad inherente a cada ser humano, se produjo un lamentable retroceso.\" \/>\n<meta name=\"robots\" content=\"index, follow, max-snippet:-1, max-image-preview:large, max-video-preview:-1\" \/>\n<link rel=\"canonical\" href=\"https:\/\/www.univa.mx\/agora\/la-dignidad-humana-y-el-compromiso-social\/\" \/>\n<meta property=\"og:locale\" content=\"es_ES\" \/>\n<meta property=\"og:type\" content=\"article\" \/>\n<meta property=\"og:title\" content=\"La dignidad humana y el compromiso social - \u00c1gora\" \/>\n<meta property=\"og:description\" content=\"A lo largo de la historia, la comprensi\u00f3n de la dignidad humana ha sido objeto de numerosos malentendidos y distorsiones. En las primeras etapas de la humanidad, el hombre primitivo parec\u00eda tener menos conflictos al respecto. Las responsabilidades entre hombres y mujeres se divid\u00edan de manera natural, bas\u00e1ndose en las cualidades y capacidades de cada uno, en lo que parec\u00eda ser una cuesti\u00f3n de sentido com\u00fan. Sin embargo, con el desarrollo de las sociedades civilizadas, en lugar de avanzar hacia un mayor reconocimiento de la dignidad inherente a cada ser humano, se produjo un lamentable retroceso.\" \/>\n<meta property=\"og:url\" content=\"https:\/\/www.univa.mx\/agora\/la-dignidad-humana-y-el-compromiso-social\/\" \/>\n<meta property=\"og:site_name\" content=\"\u00c1gora\" \/>\n<meta property=\"article:published_time\" content=\"2025-01-16T16:20:36+00:00\" \/>\n<meta property=\"og:image\" content=\"https:\/\/www.univa.mx\/agora\/wp-content\/uploads\/sites\/14\/2024\/09\/8-Cristina-Gonza\u0301lez.gif\" \/>\n\t<meta property=\"og:image:width\" content=\"1280\" \/>\n\t<meta property=\"og:image:height\" content=\"720\" \/>\n\t<meta property=\"og:image:type\" content=\"image\/gif\" \/>\n<meta name=\"author\" content=\"Comunicaci\u00f3n Sistema UNIVA\" \/>\n<meta name=\"twitter:card\" content=\"summary_large_image\" \/>\n<meta name=\"twitter:label1\" content=\"Escrito por\" \/>\n\t<meta name=\"twitter:data1\" content=\"Comunicaci\u00f3n Sistema UNIVA\" \/>\n\t<meta name=\"twitter:label2\" content=\"Tiempo de lectura\" \/>\n\t<meta name=\"twitter:data2\" content=\"1 minuto\" \/>\n<script type=\"application\/ld+json\" class=\"yoast-schema-graph\">{\"@context\":\"https:\\\/\\\/schema.org\",\"@graph\":[{\"@type\":\"Article\",\"@id\":\"https:\\\/\\\/www.univa.mx\\\/agora\\\/la-dignidad-humana-y-el-compromiso-social\\\/#article\",\"isPartOf\":{\"@id\":\"https:\\\/\\\/www.univa.mx\\\/agora\\\/la-dignidad-humana-y-el-compromiso-social\\\/\"},\"author\":{\"name\":\"Comunicaci\u00f3n Sistema UNIVA\",\"@id\":\"https:\\\/\\\/www.univa.mx\\\/agora\\\/#\\\/schema\\\/person\\\/698af210c9a2ad5b61255af506d223e3\"},\"headline\":\"La dignidad humana y el compromiso social\",\"datePublished\":\"2025-01-16T16:20:36+00:00\",\"mainEntityOfPage\":{\"@id\":\"https:\\\/\\\/www.univa.mx\\\/agora\\\/la-dignidad-humana-y-el-compromiso-social\\\/\"},\"wordCount\":697,\"image\":{\"@id\":\"https:\\\/\\\/www.univa.mx\\\/agora\\\/la-dignidad-humana-y-el-compromiso-social\\\/#primaryimage\"},\"thumbnailUrl\":\"https:\\\/\\\/www.univa.mx\\\/agora\\\/wp-content\\\/uploads\\\/sites\\\/14\\\/2024\\\/09\\\/8-Cristina-Gonza\u0301lez.gif\",\"articleSection\":[\"Tendencias\",\"Voces UNIVA\"],\"inLanguage\":\"es\"},{\"@type\":\"WebPage\",\"@id\":\"https:\\\/\\\/www.univa.mx\\\/agora\\\/la-dignidad-humana-y-el-compromiso-social\\\/\",\"url\":\"https:\\\/\\\/www.univa.mx\\\/agora\\\/la-dignidad-humana-y-el-compromiso-social\\\/\",\"name\":\"La dignidad humana y el compromiso social - \u00c1gora\",\"isPartOf\":{\"@id\":\"https:\\\/\\\/www.univa.mx\\\/agora\\\/#website\"},\"primaryImageOfPage\":{\"@id\":\"https:\\\/\\\/www.univa.mx\\\/agora\\\/la-dignidad-humana-y-el-compromiso-social\\\/#primaryimage\"},\"image\":{\"@id\":\"https:\\\/\\\/www.univa.mx\\\/agora\\\/la-dignidad-humana-y-el-compromiso-social\\\/#primaryimage\"},\"thumbnailUrl\":\"https:\\\/\\\/www.univa.mx\\\/agora\\\/wp-content\\\/uploads\\\/sites\\\/14\\\/2024\\\/09\\\/8-Cristina-Gonza\u0301lez.gif\",\"datePublished\":\"2025-01-16T16:20:36+00:00\",\"author\":{\"@id\":\"https:\\\/\\\/www.univa.mx\\\/agora\\\/#\\\/schema\\\/person\\\/698af210c9a2ad5b61255af506d223e3\"},\"description\":\"A lo largo de la historia, la comprensi\u00f3n de la dignidad humana ha sido objeto de numerosos malentendidos y distorsiones. En las primeras etapas de la humanidad, el hombre primitivo parec\u00eda tener menos conflictos al respecto. Las responsabilidades entre hombres y mujeres se divid\u00edan de manera natural, bas\u00e1ndose en las cualidades y capacidades de cada uno, en lo que parec\u00eda ser una cuesti\u00f3n de sentido com\u00fan. Sin embargo, con el desarrollo de las sociedades civilizadas, en lugar de avanzar hacia un mayor reconocimiento de la dignidad inherente a cada ser humano, se produjo un lamentable retroceso.\",\"breadcrumb\":{\"@id\":\"https:\\\/\\\/www.univa.mx\\\/agora\\\/la-dignidad-humana-y-el-compromiso-social\\\/#breadcrumb\"},\"inLanguage\":\"es\",\"potentialAction\":[{\"@type\":\"ReadAction\",\"target\":[\"https:\\\/\\\/www.univa.mx\\\/agora\\\/la-dignidad-humana-y-el-compromiso-social\\\/\"]}]},{\"@type\":\"ImageObject\",\"inLanguage\":\"es\",\"@id\":\"https:\\\/\\\/www.univa.mx\\\/agora\\\/la-dignidad-humana-y-el-compromiso-social\\\/#primaryimage\",\"url\":\"https:\\\/\\\/www.univa.mx\\\/agora\\\/wp-content\\\/uploads\\\/sites\\\/14\\\/2024\\\/09\\\/8-Cristina-Gonza\u0301lez.gif\",\"contentUrl\":\"https:\\\/\\\/www.univa.mx\\\/agora\\\/wp-content\\\/uploads\\\/sites\\\/14\\\/2024\\\/09\\\/8-Cristina-Gonza\u0301lez.gif\",\"width\":1280,\"height\":720},{\"@type\":\"BreadcrumbList\",\"@id\":\"https:\\\/\\\/www.univa.mx\\\/agora\\\/la-dignidad-humana-y-el-compromiso-social\\\/#breadcrumb\",\"itemListElement\":[{\"@type\":\"ListItem\",\"position\":1,\"name\":\"Portada\",\"item\":\"https:\\\/\\\/www.univa.mx\\\/agora\\\/\"},{\"@type\":\"ListItem\",\"position\":2,\"name\":\"La dignidad humana y el compromiso social\"}]},{\"@type\":\"WebSite\",\"@id\":\"https:\\\/\\\/www.univa.mx\\\/agora\\\/#website\",\"url\":\"https:\\\/\\\/www.univa.mx\\\/agora\\\/\",\"name\":\"\u00c1gora\",\"description\":\"\",\"potentialAction\":[{\"@type\":\"SearchAction\",\"target\":{\"@type\":\"EntryPoint\",\"urlTemplate\":\"https:\\\/\\\/www.univa.mx\\\/agora\\\/?s={search_term_string}\"},\"query-input\":{\"@type\":\"PropertyValueSpecification\",\"valueRequired\":true,\"valueName\":\"search_term_string\"}}],\"inLanguage\":\"es\"},{\"@type\":\"Person\",\"@id\":\"https:\\\/\\\/www.univa.mx\\\/agora\\\/#\\\/schema\\\/person\\\/698af210c9a2ad5b61255af506d223e3\",\"name\":\"Comunicaci\u00f3n Sistema UNIVA\",\"image\":{\"@type\":\"ImageObject\",\"inLanguage\":\"es\",\"@id\":\"https:\\\/\\\/secure.gravatar.com\\\/avatar\\\/6aa0bbdc2764d6dabb18e0075a849c5887b5f3f2c39e3b19384bfd22e55dba7c?s=96&d=mm&r=g\",\"url\":\"https:\\\/\\\/secure.gravatar.com\\\/avatar\\\/6aa0bbdc2764d6dabb18e0075a849c5887b5f3f2c39e3b19384bfd22e55dba7c?s=96&d=mm&r=g\",\"contentUrl\":\"https:\\\/\\\/secure.gravatar.com\\\/avatar\\\/6aa0bbdc2764d6dabb18e0075a849c5887b5f3f2c39e3b19384bfd22e55dba7c?s=96&d=mm&r=g\",\"caption\":\"Comunicaci\u00f3n Sistema UNIVA\"},\"url\":\"https:\\\/\\\/www.univa.mx\\\/agora\\\/author\\\/gustavo\\\/\"}]}<\/script>\n<!-- \/ Yoast SEO plugin. -->","yoast_head_json":{"title":"La dignidad humana y el compromiso social - \u00c1gora","description":"A lo largo de la historia, la comprensi\u00f3n de la dignidad humana ha sido objeto de numerosos malentendidos y distorsiones. En las primeras etapas de la humanidad, el hombre primitivo parec\u00eda tener menos conflictos al respecto. Las responsabilidades entre hombres y mujeres se divid\u00edan de manera natural, bas\u00e1ndose en las cualidades y capacidades de cada uno, en lo que parec\u00eda ser una cuesti\u00f3n de sentido com\u00fan. Sin embargo, con el desarrollo de las sociedades civilizadas, en lugar de avanzar hacia un mayor reconocimiento de la dignidad inherente a cada ser humano, se produjo un lamentable retroceso.","robots":{"index":"index","follow":"follow","max-snippet":"max-snippet:-1","max-image-preview":"max-image-preview:large","max-video-preview":"max-video-preview:-1"},"canonical":"https:\/\/www.univa.mx\/agora\/la-dignidad-humana-y-el-compromiso-social\/","og_locale":"es_ES","og_type":"article","og_title":"La dignidad humana y el compromiso social - \u00c1gora","og_description":"A lo largo de la historia, la comprensi\u00f3n de la dignidad humana ha sido objeto de numerosos malentendidos y distorsiones. En las primeras etapas de la humanidad, el hombre primitivo parec\u00eda tener menos conflictos al respecto. Las responsabilidades entre hombres y mujeres se divid\u00edan de manera natural, bas\u00e1ndose en las cualidades y capacidades de cada uno, en lo que parec\u00eda ser una cuesti\u00f3n de sentido com\u00fan. Sin embargo, con el desarrollo de las sociedades civilizadas, en lugar de avanzar hacia un mayor reconocimiento de la dignidad inherente a cada ser humano, se produjo un lamentable retroceso.","og_url":"https:\/\/www.univa.mx\/agora\/la-dignidad-humana-y-el-compromiso-social\/","og_site_name":"\u00c1gora","article_published_time":"2025-01-16T16:20:36+00:00","og_image":[{"width":1280,"height":720,"url":"https:\/\/www.univa.mx\/agora\/wp-content\/uploads\/sites\/14\/2024\/09\/8-Cristina-Gonza\u0301lez.gif","type":"image\/gif"}],"author":"Comunicaci\u00f3n Sistema UNIVA","twitter_card":"summary_large_image","twitter_misc":{"Escrito por":"Comunicaci\u00f3n Sistema UNIVA","Tiempo de lectura":"1 minuto"},"schema":{"@context":"https:\/\/schema.org","@graph":[{"@type":"Article","@id":"https:\/\/www.univa.mx\/agora\/la-dignidad-humana-y-el-compromiso-social\/#article","isPartOf":{"@id":"https:\/\/www.univa.mx\/agora\/la-dignidad-humana-y-el-compromiso-social\/"},"author":{"name":"Comunicaci\u00f3n Sistema UNIVA","@id":"https:\/\/www.univa.mx\/agora\/#\/schema\/person\/698af210c9a2ad5b61255af506d223e3"},"headline":"La dignidad humana y el compromiso social","datePublished":"2025-01-16T16:20:36+00:00","mainEntityOfPage":{"@id":"https:\/\/www.univa.mx\/agora\/la-dignidad-humana-y-el-compromiso-social\/"},"wordCount":697,"image":{"@id":"https:\/\/www.univa.mx\/agora\/la-dignidad-humana-y-el-compromiso-social\/#primaryimage"},"thumbnailUrl":"https:\/\/www.univa.mx\/agora\/wp-content\/uploads\/sites\/14\/2024\/09\/8-Cristina-Gonza\u0301lez.gif","articleSection":["Tendencias","Voces UNIVA"],"inLanguage":"es"},{"@type":"WebPage","@id":"https:\/\/www.univa.mx\/agora\/la-dignidad-humana-y-el-compromiso-social\/","url":"https:\/\/www.univa.mx\/agora\/la-dignidad-humana-y-el-compromiso-social\/","name":"La dignidad humana y el compromiso social - \u00c1gora","isPartOf":{"@id":"https:\/\/www.univa.mx\/agora\/#website"},"primaryImageOfPage":{"@id":"https:\/\/www.univa.mx\/agora\/la-dignidad-humana-y-el-compromiso-social\/#primaryimage"},"image":{"@id":"https:\/\/www.univa.mx\/agora\/la-dignidad-humana-y-el-compromiso-social\/#primaryimage"},"thumbnailUrl":"https:\/\/www.univa.mx\/agora\/wp-content\/uploads\/sites\/14\/2024\/09\/8-Cristina-Gonza\u0301lez.gif","datePublished":"2025-01-16T16:20:36+00:00","author":{"@id":"https:\/\/www.univa.mx\/agora\/#\/schema\/person\/698af210c9a2ad5b61255af506d223e3"},"description":"A lo largo de la historia, la comprensi\u00f3n de la dignidad humana ha sido objeto de numerosos malentendidos y distorsiones. En las primeras etapas de la humanidad, el hombre primitivo parec\u00eda tener menos conflictos al respecto. Las responsabilidades entre hombres y mujeres se divid\u00edan de manera natural, bas\u00e1ndose en las cualidades y capacidades de cada uno, en lo que parec\u00eda ser una cuesti\u00f3n de sentido com\u00fan. Sin embargo, con el desarrollo de las sociedades civilizadas, en lugar de avanzar hacia un mayor reconocimiento de la dignidad inherente a cada ser humano, se produjo un lamentable retroceso.","breadcrumb":{"@id":"https:\/\/www.univa.mx\/agora\/la-dignidad-humana-y-el-compromiso-social\/#breadcrumb"},"inLanguage":"es","potentialAction":[{"@type":"ReadAction","target":["https:\/\/www.univa.mx\/agora\/la-dignidad-humana-y-el-compromiso-social\/"]}]},{"@type":"ImageObject","inLanguage":"es","@id":"https:\/\/www.univa.mx\/agora\/la-dignidad-humana-y-el-compromiso-social\/#primaryimage","url":"https:\/\/www.univa.mx\/agora\/wp-content\/uploads\/sites\/14\/2024\/09\/8-Cristina-Gonza\u0301lez.gif","contentUrl":"https:\/\/www.univa.mx\/agora\/wp-content\/uploads\/sites\/14\/2024\/09\/8-Cristina-Gonza\u0301lez.gif","width":1280,"height":720},{"@type":"BreadcrumbList","@id":"https:\/\/www.univa.mx\/agora\/la-dignidad-humana-y-el-compromiso-social\/#breadcrumb","itemListElement":[{"@type":"ListItem","position":1,"name":"Portada","item":"https:\/\/www.univa.mx\/agora\/"},{"@type":"ListItem","position":2,"name":"La dignidad humana y el compromiso social"}]},{"@type":"WebSite","@id":"https:\/\/www.univa.mx\/agora\/#website","url":"https:\/\/www.univa.mx\/agora\/","name":"\u00c1gora","description":"","potentialAction":[{"@type":"SearchAction","target":{"@type":"EntryPoint","urlTemplate":"https:\/\/www.univa.mx\/agora\/?s={search_term_string}"},"query-input":{"@type":"PropertyValueSpecification","valueRequired":true,"valueName":"search_term_string"}}],"inLanguage":"es"},{"@type":"Person","@id":"https:\/\/www.univa.mx\/agora\/#\/schema\/person\/698af210c9a2ad5b61255af506d223e3","name":"Comunicaci\u00f3n Sistema UNIVA","image":{"@type":"ImageObject","inLanguage":"es","@id":"https:\/\/secure.gravatar.com\/avatar\/6aa0bbdc2764d6dabb18e0075a849c5887b5f3f2c39e3b19384bfd22e55dba7c?s=96&d=mm&r=g","url":"https:\/\/secure.gravatar.com\/avatar\/6aa0bbdc2764d6dabb18e0075a849c5887b5f3f2c39e3b19384bfd22e55dba7c?s=96&d=mm&r=g","contentUrl":"https:\/\/secure.gravatar.com\/avatar\/6aa0bbdc2764d6dabb18e0075a849c5887b5f3f2c39e3b19384bfd22e55dba7c?s=96&d=mm&r=g","caption":"Comunicaci\u00f3n Sistema UNIVA"},"url":"https:\/\/www.univa.mx\/agora\/author\/gustavo\/"}]}},"_links":{"self":[{"href":"https:\/\/www.univa.mx\/agora\/wp-json\/wp\/v2\/posts\/4481","targetHints":{"allow":["GET"]}}],"collection":[{"href":"https:\/\/www.univa.mx\/agora\/wp-json\/wp\/v2\/posts"}],"about":[{"href":"https:\/\/www.univa.mx\/agora\/wp-json\/wp\/v2\/types\/post"}],"author":[{"embeddable":true,"href":"https:\/\/www.univa.mx\/agora\/wp-json\/wp\/v2\/users\/40"}],"replies":[{"embeddable":true,"href":"https:\/\/www.univa.mx\/agora\/wp-json\/wp\/v2\/comments?post=4481"}],"version-history":[{"count":1,"href":"https:\/\/www.univa.mx\/agora\/wp-json\/wp\/v2\/posts\/4481\/revisions"}],"predecessor-version":[{"id":4482,"href":"https:\/\/www.univa.mx\/agora\/wp-json\/wp\/v2\/posts\/4481\/revisions\/4482"}],"wp:featuredmedia":[{"embeddable":true,"href":"https:\/\/www.univa.mx\/agora\/wp-json\/wp\/v2\/media\/4143"}],"wp:attachment":[{"href":"https:\/\/www.univa.mx\/agora\/wp-json\/wp\/v2\/media?parent=4481"}],"wp:term":[{"taxonomy":"category","embeddable":true,"href":"https:\/\/www.univa.mx\/agora\/wp-json\/wp\/v2\/categories?post=4481"},{"taxonomy":"post_tag","embeddable":true,"href":"https:\/\/www.univa.mx\/agora\/wp-json\/wp\/v2\/tags?post=4481"}],"curies":[{"name":"wp","href":"https:\/\/api.w.org\/{rel}","templated":true}]}}