{"id":4478,"date":"2025-01-15T10:02:11","date_gmt":"2025-01-15T16:02:11","guid":{"rendered":"https:\/\/www.univa.mx\/agora\/?p=4478"},"modified":"2025-01-15T10:02:11","modified_gmt":"2025-01-15T16:02:11","slug":"cristo-como-figura-anticipada-en-la-historia-de-salvacion","status":"publish","type":"post","link":"https:\/\/www.univa.mx\/agora\/cristo-como-figura-anticipada-en-la-historia-de-salvacion\/","title":{"rendered":"Cristo como figura anticipada en la historia de Salvaci\u00f3n."},"content":{"rendered":"<p><em><strong><span class=\"TextRun SCXW190420811 BCX0\" lang=\"ES-MX\" xml:lang=\"ES-MX\" data-contrast=\"auto\"><span class=\"NormalTextRun SCXW190420811 BCX0\">Lucila Beltr\u00e1n <\/span><span class=\"NormalTextRun SCXW190420811 BCX0\">\u00b7 Estudiante<\/span><span class=\"NormalTextRun SCXW190420811 BCX0\">, <\/span><span class=\"NormalTextRun SCXW190420811 BCX0\">UNIVA Online<\/span><\/span><span class=\"EOP SCXW190420811 BCX0\" data-ccp-props=\"{&quot;335551550&quot;:1,&quot;335551620&quot;:1}\">\u00a0<\/span><\/strong><\/em><\/p>\n<p><span data-contrast=\"auto\">La figura de Cristo ocupa un lugar esencial en la tradici\u00f3n cristiana, simbolizando una conexi\u00f3n profunda entre las escrituras del Antiguo y Nuevo Testamento. Desde la primera misi\u00f3n encomendada a los profetas hasta la culminaci\u00f3n de esta labor en la figura del Mes\u00edas que aparece en el Nuevo Testamento.<\/span><span data-ccp-props=\"{&quot;335551550&quot;:6,&quot;335551620&quot;:6}\">\u00a0<\/span><\/p>\n<p><span data-ccp-props=\"{&quot;335551550&quot;:6,&quot;335551620&quot;:6}\">\u00a0<\/span><span data-contrast=\"auto\">El concepto de prefiguraci\u00f3n de Cristo en la historia de la Salvaci\u00f3n es crucial dentro de la Teolog\u00eda Cristiana, especialmente al analizar las escrituras de ambos testamentos. A trav\u00e9s de diferentes relatos y personajes b\u00edblicos, se anticipa la llegada de Cristo, quien no solo cumple, sino que tambi\u00e9n transforma estas figuras a lo largo de la historia sagrada. En este art\u00edculo, examinaremos como se prefigura la llegada de Cristo en el Antiguo Testamento y de qu\u00e9 manera el Nuevo Testamento proporciona fuentes tanto Teol\u00f3gicas como hist\u00f3ricas para comprender su misi\u00f3n en el contexto cultural.<\/span><span data-ccp-props=\"{&quot;335551550&quot;:6,&quot;335551620&quot;:6}\">\u00a0<\/span><\/p>\n<p><span data-contrast=\"auto\">La noci\u00f3n de prefiguraci\u00f3n tiene sus or\u00edgenes en los relatos del Antiguo Testamento, donde diversos personajes y eventos apuntan a la venida del Mes\u00edas. Por ejemplo, en G\u00e9nesis 3,15 encontramos la primera promesa de un Salvador: \u00abY pondr\u00e9 enemistad entre ti y la mujer, entre tu simiente y la simiente suya; esta te herir\u00e1 en la cabeza, y t\u00fa le herir\u00e1s en el calca\u00f1ar\u00bb. Esta declaraci\u00f3n se considera una profec\u00eda sobre la victoria de Jes\u00fas sobre Satan\u00e1s. La \u00absimiente de la mujer\u00bb se interpreta como la descendencia de Mar\u00eda, de la cual nacer\u00eda Jes\u00fas.\u00a0<\/span><span data-ccp-props=\"{&quot;335551550&quot;:6,&quot;335551620&quot;:6}\">\u00a0<\/span><\/p>\n<p><span data-contrast=\"auto\">O en G\u00e9nesis 2,9 \u00abY Yahv\u00e9 Dios hizo brotar de la tierra todo \u00e1rbol delicioso a la vista y bueno para comer; tambi\u00e9n el \u00e1rbol de la vida en medio del huerto, y el \u00e1rbol de la ciencia del bien y del mal.\u00bb Este \u00e1rbol es visto como una prefiguraci\u00f3n de Jes\u00fas, quien es descrito en el Nuevo Testamento como el \u00e1rbol de la vida. En Juan 14,6 se declara: \u201cYo soy el camino, la verdad y la vida\u201d.\u00a0<\/span><span data-ccp-props=\"{&quot;335551550&quot;:6,&quot;335551620&quot;:6}\">\u00a0<\/span><\/p>\n<p><span data-contrast=\"auto\">La desobediencia del hombre (Ad\u00e1n) caus\u00f3 el pecado, pero su obediencia fue necesaria para la justicia de muchos. As\u00ed como la muerte trajo el pecado, as\u00ed la justicia trajo la gracia para la vida eterna por medio de nuestro Se\u00f1or Jesucristo. (Romanos 5,14-21)<\/span><span data-ccp-props=\"{&quot;335551550&quot;:6,&quot;335551620&quot;:6}\">\u00a0<\/span><\/p>\n<p><span data-contrast=\"auto\">La historia de Mois\u00e9s puede interpretarse como una prefiguraci\u00f3n de Cristo. Mois\u00e9s, quien liber\u00f3 al pueblo de Israel de la esclavitud en Egipto, act\u00faa como mediador entre Dios y su pueblo, similar a Cristo, quien nos libera del pecado y nos reconcilia con Dios. (Dt.18, 15-19)(Mt. 17,5).<\/span><span data-ccp-props=\"{&quot;335551550&quot;:6,&quot;335551620&quot;:6}\">\u00a0<\/span><\/p>\n<p><span data-contrast=\"auto\">El Rey seg\u00fan el coraz\u00f3n de Dios, que prefigura el reinado de Cristo (Lc. 1,32-33)<\/span><span data-ccp-props=\"{&quot;335551550&quot;:6,&quot;335551620&quot;:6}\">\u00a0<\/span><\/p>\n<p><span data-contrast=\"auto\">Isaac es la figura de un hijo sacrificado en obediencia, obediencia que es premiada en bendiciones. (Gen. 22).<\/span><span data-ccp-props=\"{&quot;335551550&quot;:6,&quot;335551620&quot;:6}\">\u00a0<\/span><\/p>\n<p><span data-contrast=\"auto\">Adem\u00e1s, el sacrificio del cordero pascual, que protegi\u00f3 a los israelitas durante la \u00faltima plaga en Egipto, se entiende como un anticipo del sacrificio salvador de Jes\u00fas en la cruz que con su sangre paga nuestra deuda. (Ex. 2; Jn. 1,29)<\/span><span data-ccp-props=\"{&quot;335551550&quot;:6,&quot;335551620&quot;:6}\">\u00a0<\/span><\/p>\n<p><span data-contrast=\"auto\">Igualmente, las profec\u00edas de Isa\u00edas, que mencionan un \u201csiervo sufriente\u201d, delinean caracter\u00edsticas de la misi\u00f3n de Cristo. (Is.\u00a0 53, 3-5; Mt 8,17)<\/span><span data-ccp-props=\"{&quot;335551550&quot;:6,&quot;335551620&quot;:6}\">\u00a0<\/span><\/p>\n<p><span data-contrast=\"auto\">En este sentido, el Antiguo Testamento est\u00e1 repleto de prefiguraciones que apuntan hacia la llegada de Cristo.\u00a0<\/span><span data-ccp-props=\"{&quot;335551550&quot;:6,&quot;335551620&quot;:6}\">\u00a0<\/span><\/p>\n<p><span data-contrast=\"auto\">Con frecuencia encontramos s\u00edmbolos y acontecimientos que presagian su misi\u00f3n. Desde el sacrificio de Isaac en G\u00e9nesis 22, hasta la profec\u00eda de Isa\u00edas 9, 5-6, sobre un ni\u00f1o destinado a ser un gu\u00eda para las naciones, cada relaci\u00f3n resuena con la expectativa de lo que estaba por venir. \u201cLa econom\u00eda del Antiguo Testamento estaba ordenada, sobre todo, para preparar, anunciar prof\u00e9ticamente y significar con diversas figuras la venida de Cristo redentor universal y la del Reino Mesi\u00e1nico.\u201d (Pablo Obispo, 1965, p6). La revelaci\u00f3n divina se manifiesta continuamente, preparando as\u00ed el camino para el cumplimiento de las promesas divinas a su pueblo; no solo ofrece una narrativa hist\u00f3rica, sino que establece un marco teol\u00f3gico que revela un prop\u00f3sito divino que se culmina con la venida de Cristo.\u00a0<\/span><span data-ccp-props=\"{&quot;335551550&quot;:6,&quot;335551620&quot;:6}\">\u00a0<\/span><\/p>\n<p><b><span data-contrast=\"auto\">El Nuevo Testamento como Fuente Teol\u00f3gica<\/span><\/b><span data-contrast=\"auto\">.\u00a0<\/span><span data-ccp-props=\"{&quot;335551550&quot;:6,&quot;335551620&quot;:6}\">\u00a0<\/span><\/p>\n<p><span data-contrast=\"auto\">El Nuevo Testamento ofrece textos que demuestran y desarrollan las prefiguraciones observadas en el Antiguo Testamento.<\/span><span data-ccp-props=\"{&quot;335551550&quot;:6,&quot;335551620&quot;:6}\">\u00a0<\/span><\/p>\n<p><span data-contrast=\"auto\">Los Evangelios presentan a Jes\u00fas como el cumplimiento de las profec\u00edas mesi\u00e1nicas. A lo largo de su ministerio, Cristo no solo ense\u00f1a sobre el Reino de Dios, sino que tambi\u00e9n hace referencia a las escrituras hebreas para dar contexto a su misi\u00f3n.\u00a0<\/span><span data-ccp-props=\"{&quot;335551550&quot;:6,&quot;335551620&quot;:6}\">\u00a0<\/span><\/p>\n<p><span data-contrast=\"auto\">El Nuevo Testamento presenta a Cristo no solo como el cumplimiento de dichas profec\u00edas, sino tambi\u00e9n como el revelador del amor y la gracia de Dios. A trav\u00e9s de sus ense\u00f1anzas, milagros y, finalmente, su sacrificio, Cristo revela tanto el car\u00e1cter divino como su misi\u00f3n redentora. En este evangelio de amor, se informa de un Salvador que no vino solo para restaurar a Israel, sino para ofrecer salvaci\u00f3n a toda la humanidad.<\/span><span data-ccp-props=\"{&quot;335551550&quot;:6,&quot;335551620&quot;:6}\">\u00a0<\/span><\/p>\n<p><span data-contrast=\"auto\">La misi\u00f3n de Cristo se resume de manera perfecta en Jn. 3,16 donde se afirma que Dios envi\u00f3 a su Hijo al mundo para que aquellos que crean en \u00e9l no se pierdan, sino que tengan vida eterna. Esta afirmaci\u00f3n resume la esencia de su llegada: un acto de amor incondicional y salvaci\u00f3n para todos.<\/span><span data-ccp-props=\"{&quot;335551550&quot;:6,&quot;335551620&quot;:6}\">\u00a0<\/span><\/p>\n<p><span data-contrast=\"auto\">La carta a los hebreos es particularmente ilustrativa en este contexto, ya que establece una comparaci\u00f3n entre el sacerdocio lev\u00edtico y el sacerdocio eterno de Cristo. Esto no solo reafirma su divinidad, sino que tambi\u00e9n subraya la transformaci\u00f3n que su misi\u00f3n aporta a la comunidad de creyentes. A trav\u00e9s de la prefiguraci\u00f3n, el Nuevo Testamento nos invita a percibir la historia de la Salvaci\u00f3n como un relato continuo y coherente donde Cristo es el cl\u00edmax y la respuesta a las promesas divinas.\u00a0<\/span><span data-ccp-props=\"{&quot;335551550&quot;:6,&quot;335551620&quot;:6}\">\u00a0<\/span><\/p>\n<p><span data-ccp-props=\"{&quot;335551550&quot;:6,&quot;335551620&quot;:6}\">\u00a0<\/span><b><span data-contrast=\"auto\">Relaci\u00f3n entre el Antiguo y Nuevo Testamento: Un Solo Relato de Salvaci\u00f3n.<\/span><\/b><span data-ccp-props=\"{&quot;335551550&quot;:6,&quot;335551620&quot;:6}\">\u00a0<\/span><\/p>\n<p><span data-contrast=\"auto\">La conexi\u00f3n entre el Antiguo y el Nuevo Testamento presenta un relato de Salvaci\u00f3n singular y poderosa contemplada en el pasado; su realizaci\u00f3n en Cristo, creando un hilo conductor a lo largo de la narrativa b\u00edblica. Cada libro del Antiguo Testamento enriquece nuestra comprensi\u00f3n sobre qui\u00e9n es Cristo, mientras que el Nuevo Testamento ofrece un contexto integral para la revelaci\u00f3n final de Dios. \u201cLos autores del Nuevo Testamento reconocen al Antiguo Testamento valor de revelaci\u00f3n divina. Proclaman que la revelaci\u00f3n ha encontrado su cumplimiento en la vida, la ense\u00f1anza y sobre todo la muerte y resurrecci\u00f3n de Jes\u00fas, fuente de perd\u00f3n y vida eterna\u201d.<\/span><span data-contrast=\"auto\"> Joseph Ratzinger, 1993. p25<\/span><span data-ccp-props=\"{&quot;335551550&quot;:6,&quot;335551620&quot;:6}\">\u00a0<\/span><\/p>\n<p><span data-contrast=\"auto\">Las escrituras muestran que Cristo es la respuesta a las esperanzas y expectativas del pueblo de Israel, uniendo el pasado y el futuro en una narrativa unificada de redenci\u00f3n. Al leer las profec\u00edas y sus cumplimientos, es imposible no maravillarse ante la precisi\u00f3n con la que Dios ha elaborado su plan de\u00a0<\/span><span data-ccp-props=\"{&quot;335551550&quot;:6,&quot;335551620&quot;:6}\">\u00a0<\/span><\/p>\n<p><span data-contrast=\"auto\">Salvaci\u00f3n.\u00a0<\/span><span data-ccp-props=\"{&quot;335551550&quot;:6,&quot;335551620&quot;:6}\">\u00a0<\/span><\/p>\n<p><b><span data-contrast=\"auto\">Contexto Cultural de la Misi\u00f3n de Cristo.<\/span><\/b><span data-ccp-props=\"{&quot;335551550&quot;:6,&quot;335551620&quot;:6}\">\u00a0<\/span><\/p>\n<p><span data-contrast=\"auto\">Para comprender plenamente la misi\u00f3n de Cristo, es crucial tener en cuenta el contexto cultural en el cual se desarroll\u00f3. Durante la \u00e9poca de Jes\u00fas, las tensiones religiosas, pol\u00edticas y sociales eran evidentes. La opresi\u00f3n romana y la b\u00fasqueda de un liberador fueron factores clave en la formaci\u00f3n de la expectativa mesi\u00e1nica. As\u00ed, la ense\u00f1anza de Jes\u00fas irrumpe como una revoluci\u00f3n espiritual que va m\u00e1s all\u00e1 de estas circunstancias.\u00a0<\/span><span data-ccp-props=\"{&quot;335551550&quot;:6,&quot;335551620&quot;:6}\">\u00a0<\/span><\/p>\n<p><span data-contrast=\"auto\">El mensaje de amor, perd\u00f3n y redenci\u00f3n que Cristo presenta no solo aborda las necesidades de su tiempo, sino que tambi\u00e9n establece un nuevo paradigma cultural que desafi\u00f3 las normas existentes. En este sentido, la prefiguraci\u00f3n de Cristo se revela como un fen\u00f3meno no solo religioso, sino tambi\u00e9n como un proceso din\u00e1mico vinculado a la historia de la humanidad.<\/span><span data-ccp-props=\"{&quot;335551550&quot;:6,&quot;335551620&quot;:6}\">\u00a0<\/span><\/p>\n<p><span data-ccp-props=\"{&quot;335551550&quot;:6,&quot;335551620&quot;:6}\">\u00a0<\/span><b><span data-contrast=\"auto\">Conclusi\u00f3n.<\/span><\/b><span data-ccp-props=\"{&quot;335551550&quot;:6,&quot;335551620&quot;:6}\">\u00a0<\/span><\/p>\n<p><span data-contrast=\"auto\">En conclusi\u00f3n, Cristo se erige como el eje central de la revelaci\u00f3n divina en la Biblia. Su prefiguraci\u00f3n en el Antiguo Testamento, la realizaci\u00f3n de su misi\u00f3n en el Nuevo Testamento y su rol como Mes\u00edas son elementos fundamentales que enriquecen nuestra comprensi\u00f3n de la fe cristiana. A medida que exploramos las p\u00e1ginas de las escrituras, descubrimos que cada relaci\u00f3n, sacrificio y profec\u00eda nos acercan m\u00e1s a entender qui\u00e9n es verdaderamente Cristo y la profundidad de su amor hacia la humanidad. Su mensaje trasciende el tiempo, invit\u00e1ndonos a vivir en una relaci\u00f3n renovada con Dios, cultivando esperanza y prop\u00f3sito.<\/span><span data-ccp-props=\"{&quot;335551550&quot;:6,&quot;335551620&quot;:6}\">\u00a0<\/span><\/p>\n<p><span data-contrast=\"auto\">La prefiguraci\u00f3n de Cristo se manifiesta de forma profunda en la historia de la Salvaci\u00f3n, conectando, mediante hilos invisibles, los relatos del Antiguo Testamento con su cumplimiento en el Nuevo Testamento. A trav\u00e9s de fuentes teol\u00f3gicas y un entendimiento del contexto cultural, podemos apreciar la relevancia de la misi\u00f3n de Cristo, no solo en tiempos remotos, sino en nuestra realidad contempor\u00e1nea. As\u00ed, la historia sagrada se transforma en un di\u00e1logo vivo que contin\u00faa transformando corazones y comunidades en todo el mundo.<\/span><span data-ccp-props=\"{&quot;335551550&quot;:6,&quot;335551620&quot;:6}\">\u00a0<\/span><\/p>\n<p><span data-ccp-props=\"{&quot;335551550&quot;:6,&quot;335551620&quot;:6}\">\u00a0<\/span><\/p>\n<p><b><span data-contrast=\"auto\">Referencias<\/span><\/b><span data-ccp-props=\"{&quot;335551550&quot;:6,&quot;335551620&quot;:6}\">\u00a0<\/span><\/p>\n<p><span data-ccp-props=\"{&quot;335551550&quot;:6,&quot;335551620&quot;:6}\">\u00a0<\/span><span data-contrast=\"auto\">Pablo Obispo, (1965). Constituci\u00f3n Dogm\u00e1tica Dei Verbum, sobre la divina revelaci\u00f3n.<\/span><span data-ccp-props=\"{}\">\u00a0<\/span><\/p>\n<p><a href=\"https:\/\/www.vatican.va\/archive\/hist_councils\/ii_vatican_council\/documents\/vat-ii_const_19651118_dei-verbum_sp.html\"><span data-contrast=\"none\">https:\/\/www.vatican.va\/archive\/hist_councils\/ii_vatican_council\/documents\/vat-ii_const_19651118_dei-verbum_sp.html<\/span><\/a><span data-ccp-props=\"{}\">\u00a0<\/span><\/p>\n<p><span data-contrast=\"auto\">Joseph Ratzinger, (1993),<\/span><span data-contrast=\"auto\"> PONTIFICIA COMISION BIBLICA<\/span><span data-contrast=\"auto\"> \u201cLa interpretaci\u00f3n de la Biblia en la Iglesia\u201d p25\u00a0<\/span><span data-ccp-props=\"{&quot;335551550&quot;:6,&quot;335551620&quot;:6}\">\u00a0<\/span><\/p>\n<p><span data-contrast=\"auto\">Juan Pablo II, 1990. Carta Enc\u00edclica<\/span><span data-ccp-props=\"{}\">\u00a0<\/span><\/p>\n<p><span data-contrast=\"auto\">Redemptoris Missio, sobre la permanente validez del mandato misionero. <\/span><a href=\"https:\/\/www.vatican.va\/content\/john-paul-ii\/es\/encyclicals\/documents\/hf_jp-ii_enc_07121990_redemptoris-missio.html\"><span data-contrast=\"none\">https:\/\/www.vatican.va\/content\/john-paul-ii\/es\/encyclicals\/documents\/hf_jp-ii_enc_07121990_redemptoris-missio.html<\/span><\/a><span data-ccp-props=\"{}\">\u00a0<\/span><\/p>\n<p><span data-contrast=\"auto\">Biblia de Jerusal\u00e9n, 2009.\u00a0 Cuarta Edici\u00f3n, Espa\u00f1ola Editorial Descl\u00e9e de Brouwer.<\/span><span data-ccp-props=\"{}\">\u00a0<\/span><\/p>\n<p><span data-contrast=\"auto\">Jos\u00e9 H. Prado. Historia de Salvaci\u00f3n, Nuestra propia Historia, publicaciones Kerygma M\u00e9xico.<\/span><span data-ccp-props=\"{&quot;335551550&quot;:6,&quot;335551620&quot;:6}\">\u00a0<\/span><\/p>\n<p><span data-contrast=\"auto\">Joseph Cardenal Ratzinger, 2001.\u00a0\u00a0\u00a0\u00a0 Pontificia Comisi\u00f3n B\u00edblica, El Pueblo Jud\u00edo y sus Escrituras Sagradas en la Biblia Cristiana.<\/span><span data-ccp-props=\"{}\">\u00a0<\/span><\/p>\n<p><a href=\"https:\/\/www.vatican.va\/roman_curia\/congregations\/cfaith\/pcb_documents\/rc_con_cfaith_doc_20020212_popolo-ebraico_sp.html#PRESENTACI%C3%93N\"><span data-contrast=\"none\">https:\/\/www.vatican.va\/roman_curia\/congregations\/cfaith\/pcb_documents\/rc_con_cfaith_doc_20020212_popolo-ebraico_sp.html#PRESENTACI%C3%93N<\/span><\/a><span data-ccp-props=\"{}\">\u00a0<\/span><\/p>\n<p><span data-ccp-props=\"{}\">\u00a0<\/span><\/p>\n","protected":false},"excerpt":{"rendered":"<p>Lucila Beltr\u00e1n \u00b7 Estudiante, UNIVA&#8230;<\/p>\n","protected":false},"author":40,"featured_media":4479,"comment_status":"closed","ping_status":"closed","sticky":false,"template":"","format":"standard","meta":{"footnotes":""},"categories":[7,17],"tags":[],"class_list":["post-4478","post","type-post","status-publish","format-standard","has-post-thumbnail","category-lideres-universitarios","category-voces-univa"],"yoast_head":"<!-- This site is optimized with the Yoast SEO plugin v28.0 - https:\/\/yoast.com\/product\/yoast-seo-wordpress\/ -->\n<title>Cristo como figura anticipada en la historia de Salvaci\u00f3n. - \u00c1gora<\/title>\n<meta name=\"description\" content=\"La figura de Cristo ocupa un lugar esencial en la tradici\u00f3n cristiana, simbolizando una conexi\u00f3n profunda entre las escrituras del Antiguo y Nuevo Testamento. Desde la primera misi\u00f3n encomendada a los profetas hasta la culminaci\u00f3n de esta labor en la figura del Mes\u00edas que aparece en el Nuevo Testamento.\u00a0\" \/>\n<meta name=\"robots\" content=\"index, follow, max-snippet:-1, max-image-preview:large, max-video-preview:-1\" \/>\n<link rel=\"canonical\" href=\"https:\/\/www.univa.mx\/agora\/cristo-como-figura-anticipada-en-la-historia-de-salvacion\/\" \/>\n<meta property=\"og:locale\" content=\"es_ES\" \/>\n<meta property=\"og:type\" content=\"article\" \/>\n<meta property=\"og:title\" content=\"Cristo como figura anticipada en la historia de Salvaci\u00f3n. - \u00c1gora\" \/>\n<meta property=\"og:description\" content=\"La figura de Cristo ocupa un lugar esencial en la tradici\u00f3n cristiana, simbolizando una conexi\u00f3n profunda entre las escrituras del Antiguo y Nuevo Testamento. Desde la primera misi\u00f3n encomendada a los profetas hasta la culminaci\u00f3n de esta labor en la figura del Mes\u00edas que aparece en el Nuevo Testamento.\u00a0\" \/>\n<meta property=\"og:url\" content=\"https:\/\/www.univa.mx\/agora\/cristo-como-figura-anticipada-en-la-historia-de-salvacion\/\" \/>\n<meta property=\"og:site_name\" content=\"\u00c1gora\" \/>\n<meta property=\"article:published_time\" content=\"2025-01-15T16:02:11+00:00\" \/>\n<meta property=\"og:image\" content=\"https:\/\/www.univa.mx\/agora\/wp-content\/uploads\/sites\/14\/2025\/01\/Lucila-Beltran.gif\" \/>\n\t<meta property=\"og:image:width\" content=\"1280\" \/>\n\t<meta property=\"og:image:height\" content=\"720\" \/>\n\t<meta property=\"og:image:type\" content=\"image\/gif\" \/>\n<meta name=\"author\" content=\"Comunicaci\u00f3n Sistema UNIVA\" \/>\n<meta name=\"twitter:card\" content=\"summary_large_image\" \/>\n<meta name=\"twitter:label1\" content=\"Escrito por\" \/>\n\t<meta name=\"twitter:data1\" content=\"Comunicaci\u00f3n Sistema UNIVA\" \/>\n\t<meta name=\"twitter:label2\" content=\"Tiempo de lectura\" \/>\n\t<meta name=\"twitter:data2\" content=\"1 minuto\" \/>\n<script type=\"application\/ld+json\" class=\"yoast-schema-graph\">{\"@context\":\"https:\\\/\\\/schema.org\",\"@graph\":[{\"@type\":\"Article\",\"@id\":\"https:\\\/\\\/www.univa.mx\\\/agora\\\/cristo-como-figura-anticipada-en-la-historia-de-salvacion\\\/#article\",\"isPartOf\":{\"@id\":\"https:\\\/\\\/www.univa.mx\\\/agora\\\/cristo-como-figura-anticipada-en-la-historia-de-salvacion\\\/\"},\"author\":{\"name\":\"Comunicaci\u00f3n Sistema UNIVA\",\"@id\":\"https:\\\/\\\/www.univa.mx\\\/agora\\\/#\\\/schema\\\/person\\\/698af210c9a2ad5b61255af506d223e3\"},\"headline\":\"Cristo como figura anticipada en la historia de Salvaci\u00f3n.\",\"datePublished\":\"2025-01-15T16:02:11+00:00\",\"mainEntityOfPage\":{\"@id\":\"https:\\\/\\\/www.univa.mx\\\/agora\\\/cristo-como-figura-anticipada-en-la-historia-de-salvacion\\\/\"},\"wordCount\":1702,\"image\":{\"@id\":\"https:\\\/\\\/www.univa.mx\\\/agora\\\/cristo-como-figura-anticipada-en-la-historia-de-salvacion\\\/#primaryimage\"},\"thumbnailUrl\":\"https:\\\/\\\/www.univa.mx\\\/agora\\\/wp-content\\\/uploads\\\/sites\\\/14\\\/2025\\\/01\\\/Lucila-Beltran.gif\",\"articleSection\":[\"L\u00edderes Universitarios\",\"Voces UNIVA\"],\"inLanguage\":\"es\"},{\"@type\":\"WebPage\",\"@id\":\"https:\\\/\\\/www.univa.mx\\\/agora\\\/cristo-como-figura-anticipada-en-la-historia-de-salvacion\\\/\",\"url\":\"https:\\\/\\\/www.univa.mx\\\/agora\\\/cristo-como-figura-anticipada-en-la-historia-de-salvacion\\\/\",\"name\":\"Cristo como figura anticipada en la historia de Salvaci\u00f3n. - \u00c1gora\",\"isPartOf\":{\"@id\":\"https:\\\/\\\/www.univa.mx\\\/agora\\\/#website\"},\"primaryImageOfPage\":{\"@id\":\"https:\\\/\\\/www.univa.mx\\\/agora\\\/cristo-como-figura-anticipada-en-la-historia-de-salvacion\\\/#primaryimage\"},\"image\":{\"@id\":\"https:\\\/\\\/www.univa.mx\\\/agora\\\/cristo-como-figura-anticipada-en-la-historia-de-salvacion\\\/#primaryimage\"},\"thumbnailUrl\":\"https:\\\/\\\/www.univa.mx\\\/agora\\\/wp-content\\\/uploads\\\/sites\\\/14\\\/2025\\\/01\\\/Lucila-Beltran.gif\",\"datePublished\":\"2025-01-15T16:02:11+00:00\",\"author\":{\"@id\":\"https:\\\/\\\/www.univa.mx\\\/agora\\\/#\\\/schema\\\/person\\\/698af210c9a2ad5b61255af506d223e3\"},\"description\":\"La figura de Cristo ocupa un lugar esencial en la tradici\u00f3n cristiana, simbolizando una conexi\u00f3n profunda entre las escrituras del Antiguo y Nuevo Testamento. Desde la primera misi\u00f3n encomendada a los profetas hasta la culminaci\u00f3n de esta labor en la figura del Mes\u00edas que aparece en el Nuevo Testamento.\u00a0\",\"breadcrumb\":{\"@id\":\"https:\\\/\\\/www.univa.mx\\\/agora\\\/cristo-como-figura-anticipada-en-la-historia-de-salvacion\\\/#breadcrumb\"},\"inLanguage\":\"es\",\"potentialAction\":[{\"@type\":\"ReadAction\",\"target\":[\"https:\\\/\\\/www.univa.mx\\\/agora\\\/cristo-como-figura-anticipada-en-la-historia-de-salvacion\\\/\"]}]},{\"@type\":\"ImageObject\",\"inLanguage\":\"es\",\"@id\":\"https:\\\/\\\/www.univa.mx\\\/agora\\\/cristo-como-figura-anticipada-en-la-historia-de-salvacion\\\/#primaryimage\",\"url\":\"https:\\\/\\\/www.univa.mx\\\/agora\\\/wp-content\\\/uploads\\\/sites\\\/14\\\/2025\\\/01\\\/Lucila-Beltran.gif\",\"contentUrl\":\"https:\\\/\\\/www.univa.mx\\\/agora\\\/wp-content\\\/uploads\\\/sites\\\/14\\\/2025\\\/01\\\/Lucila-Beltran.gif\",\"width\":1280,\"height\":720},{\"@type\":\"BreadcrumbList\",\"@id\":\"https:\\\/\\\/www.univa.mx\\\/agora\\\/cristo-como-figura-anticipada-en-la-historia-de-salvacion\\\/#breadcrumb\",\"itemListElement\":[{\"@type\":\"ListItem\",\"position\":1,\"name\":\"Portada\",\"item\":\"https:\\\/\\\/www.univa.mx\\\/agora\\\/\"},{\"@type\":\"ListItem\",\"position\":2,\"name\":\"Cristo como figura anticipada en la historia de Salvaci\u00f3n.\"}]},{\"@type\":\"WebSite\",\"@id\":\"https:\\\/\\\/www.univa.mx\\\/agora\\\/#website\",\"url\":\"https:\\\/\\\/www.univa.mx\\\/agora\\\/\",\"name\":\"\u00c1gora\",\"description\":\"\",\"potentialAction\":[{\"@type\":\"SearchAction\",\"target\":{\"@type\":\"EntryPoint\",\"urlTemplate\":\"https:\\\/\\\/www.univa.mx\\\/agora\\\/?s={search_term_string}\"},\"query-input\":{\"@type\":\"PropertyValueSpecification\",\"valueRequired\":true,\"valueName\":\"search_term_string\"}}],\"inLanguage\":\"es\"},{\"@type\":\"Person\",\"@id\":\"https:\\\/\\\/www.univa.mx\\\/agora\\\/#\\\/schema\\\/person\\\/698af210c9a2ad5b61255af506d223e3\",\"name\":\"Comunicaci\u00f3n Sistema UNIVA\",\"image\":{\"@type\":\"ImageObject\",\"inLanguage\":\"es\",\"@id\":\"https:\\\/\\\/secure.gravatar.com\\\/avatar\\\/6aa0bbdc2764d6dabb18e0075a849c5887b5f3f2c39e3b19384bfd22e55dba7c?s=96&d=mm&r=g\",\"url\":\"https:\\\/\\\/secure.gravatar.com\\\/avatar\\\/6aa0bbdc2764d6dabb18e0075a849c5887b5f3f2c39e3b19384bfd22e55dba7c?s=96&d=mm&r=g\",\"contentUrl\":\"https:\\\/\\\/secure.gravatar.com\\\/avatar\\\/6aa0bbdc2764d6dabb18e0075a849c5887b5f3f2c39e3b19384bfd22e55dba7c?s=96&d=mm&r=g\",\"caption\":\"Comunicaci\u00f3n Sistema UNIVA\"},\"url\":\"https:\\\/\\\/www.univa.mx\\\/agora\\\/author\\\/gustavo\\\/\"}]}<\/script>\n<!-- \/ Yoast SEO plugin. -->","yoast_head_json":{"title":"Cristo como figura anticipada en la historia de Salvaci\u00f3n. - \u00c1gora","description":"La figura de Cristo ocupa un lugar esencial en la tradici\u00f3n cristiana, simbolizando una conexi\u00f3n profunda entre las escrituras del Antiguo y Nuevo Testamento. Desde la primera misi\u00f3n encomendada a los profetas hasta la culminaci\u00f3n de esta labor en la figura del Mes\u00edas que aparece en el Nuevo Testamento.\u00a0","robots":{"index":"index","follow":"follow","max-snippet":"max-snippet:-1","max-image-preview":"max-image-preview:large","max-video-preview":"max-video-preview:-1"},"canonical":"https:\/\/www.univa.mx\/agora\/cristo-como-figura-anticipada-en-la-historia-de-salvacion\/","og_locale":"es_ES","og_type":"article","og_title":"Cristo como figura anticipada en la historia de Salvaci\u00f3n. - \u00c1gora","og_description":"La figura de Cristo ocupa un lugar esencial en la tradici\u00f3n cristiana, simbolizando una conexi\u00f3n profunda entre las escrituras del Antiguo y Nuevo Testamento. Desde la primera misi\u00f3n encomendada a los profetas hasta la culminaci\u00f3n de esta labor en la figura del Mes\u00edas que aparece en el Nuevo Testamento.\u00a0","og_url":"https:\/\/www.univa.mx\/agora\/cristo-como-figura-anticipada-en-la-historia-de-salvacion\/","og_site_name":"\u00c1gora","article_published_time":"2025-01-15T16:02:11+00:00","og_image":[{"width":1280,"height":720,"url":"https:\/\/www.univa.mx\/agora\/wp-content\/uploads\/sites\/14\/2025\/01\/Lucila-Beltran.gif","type":"image\/gif"}],"author":"Comunicaci\u00f3n Sistema UNIVA","twitter_card":"summary_large_image","twitter_misc":{"Escrito por":"Comunicaci\u00f3n Sistema UNIVA","Tiempo de lectura":"1 minuto"},"schema":{"@context":"https:\/\/schema.org","@graph":[{"@type":"Article","@id":"https:\/\/www.univa.mx\/agora\/cristo-como-figura-anticipada-en-la-historia-de-salvacion\/#article","isPartOf":{"@id":"https:\/\/www.univa.mx\/agora\/cristo-como-figura-anticipada-en-la-historia-de-salvacion\/"},"author":{"name":"Comunicaci\u00f3n Sistema UNIVA","@id":"https:\/\/www.univa.mx\/agora\/#\/schema\/person\/698af210c9a2ad5b61255af506d223e3"},"headline":"Cristo como figura anticipada en la historia de Salvaci\u00f3n.","datePublished":"2025-01-15T16:02:11+00:00","mainEntityOfPage":{"@id":"https:\/\/www.univa.mx\/agora\/cristo-como-figura-anticipada-en-la-historia-de-salvacion\/"},"wordCount":1702,"image":{"@id":"https:\/\/www.univa.mx\/agora\/cristo-como-figura-anticipada-en-la-historia-de-salvacion\/#primaryimage"},"thumbnailUrl":"https:\/\/www.univa.mx\/agora\/wp-content\/uploads\/sites\/14\/2025\/01\/Lucila-Beltran.gif","articleSection":["L\u00edderes Universitarios","Voces UNIVA"],"inLanguage":"es"},{"@type":"WebPage","@id":"https:\/\/www.univa.mx\/agora\/cristo-como-figura-anticipada-en-la-historia-de-salvacion\/","url":"https:\/\/www.univa.mx\/agora\/cristo-como-figura-anticipada-en-la-historia-de-salvacion\/","name":"Cristo como figura anticipada en la historia de Salvaci\u00f3n. - \u00c1gora","isPartOf":{"@id":"https:\/\/www.univa.mx\/agora\/#website"},"primaryImageOfPage":{"@id":"https:\/\/www.univa.mx\/agora\/cristo-como-figura-anticipada-en-la-historia-de-salvacion\/#primaryimage"},"image":{"@id":"https:\/\/www.univa.mx\/agora\/cristo-como-figura-anticipada-en-la-historia-de-salvacion\/#primaryimage"},"thumbnailUrl":"https:\/\/www.univa.mx\/agora\/wp-content\/uploads\/sites\/14\/2025\/01\/Lucila-Beltran.gif","datePublished":"2025-01-15T16:02:11+00:00","author":{"@id":"https:\/\/www.univa.mx\/agora\/#\/schema\/person\/698af210c9a2ad5b61255af506d223e3"},"description":"La figura de Cristo ocupa un lugar esencial en la tradici\u00f3n cristiana, simbolizando una conexi\u00f3n profunda entre las escrituras del Antiguo y Nuevo Testamento. Desde la primera misi\u00f3n encomendada a los profetas hasta la culminaci\u00f3n de esta labor en la figura del Mes\u00edas que aparece en el Nuevo Testamento.\u00a0","breadcrumb":{"@id":"https:\/\/www.univa.mx\/agora\/cristo-como-figura-anticipada-en-la-historia-de-salvacion\/#breadcrumb"},"inLanguage":"es","potentialAction":[{"@type":"ReadAction","target":["https:\/\/www.univa.mx\/agora\/cristo-como-figura-anticipada-en-la-historia-de-salvacion\/"]}]},{"@type":"ImageObject","inLanguage":"es","@id":"https:\/\/www.univa.mx\/agora\/cristo-como-figura-anticipada-en-la-historia-de-salvacion\/#primaryimage","url":"https:\/\/www.univa.mx\/agora\/wp-content\/uploads\/sites\/14\/2025\/01\/Lucila-Beltran.gif","contentUrl":"https:\/\/www.univa.mx\/agora\/wp-content\/uploads\/sites\/14\/2025\/01\/Lucila-Beltran.gif","width":1280,"height":720},{"@type":"BreadcrumbList","@id":"https:\/\/www.univa.mx\/agora\/cristo-como-figura-anticipada-en-la-historia-de-salvacion\/#breadcrumb","itemListElement":[{"@type":"ListItem","position":1,"name":"Portada","item":"https:\/\/www.univa.mx\/agora\/"},{"@type":"ListItem","position":2,"name":"Cristo como figura anticipada en la historia de Salvaci\u00f3n."}]},{"@type":"WebSite","@id":"https:\/\/www.univa.mx\/agora\/#website","url":"https:\/\/www.univa.mx\/agora\/","name":"\u00c1gora","description":"","potentialAction":[{"@type":"SearchAction","target":{"@type":"EntryPoint","urlTemplate":"https:\/\/www.univa.mx\/agora\/?s={search_term_string}"},"query-input":{"@type":"PropertyValueSpecification","valueRequired":true,"valueName":"search_term_string"}}],"inLanguage":"es"},{"@type":"Person","@id":"https:\/\/www.univa.mx\/agora\/#\/schema\/person\/698af210c9a2ad5b61255af506d223e3","name":"Comunicaci\u00f3n Sistema UNIVA","image":{"@type":"ImageObject","inLanguage":"es","@id":"https:\/\/secure.gravatar.com\/avatar\/6aa0bbdc2764d6dabb18e0075a849c5887b5f3f2c39e3b19384bfd22e55dba7c?s=96&d=mm&r=g","url":"https:\/\/secure.gravatar.com\/avatar\/6aa0bbdc2764d6dabb18e0075a849c5887b5f3f2c39e3b19384bfd22e55dba7c?s=96&d=mm&r=g","contentUrl":"https:\/\/secure.gravatar.com\/avatar\/6aa0bbdc2764d6dabb18e0075a849c5887b5f3f2c39e3b19384bfd22e55dba7c?s=96&d=mm&r=g","caption":"Comunicaci\u00f3n Sistema UNIVA"},"url":"https:\/\/www.univa.mx\/agora\/author\/gustavo\/"}]}},"_links":{"self":[{"href":"https:\/\/www.univa.mx\/agora\/wp-json\/wp\/v2\/posts\/4478","targetHints":{"allow":["GET"]}}],"collection":[{"href":"https:\/\/www.univa.mx\/agora\/wp-json\/wp\/v2\/posts"}],"about":[{"href":"https:\/\/www.univa.mx\/agora\/wp-json\/wp\/v2\/types\/post"}],"author":[{"embeddable":true,"href":"https:\/\/www.univa.mx\/agora\/wp-json\/wp\/v2\/users\/40"}],"replies":[{"embeddable":true,"href":"https:\/\/www.univa.mx\/agora\/wp-json\/wp\/v2\/comments?post=4478"}],"version-history":[{"count":1,"href":"https:\/\/www.univa.mx\/agora\/wp-json\/wp\/v2\/posts\/4478\/revisions"}],"predecessor-version":[{"id":4480,"href":"https:\/\/www.univa.mx\/agora\/wp-json\/wp\/v2\/posts\/4478\/revisions\/4480"}],"wp:featuredmedia":[{"embeddable":true,"href":"https:\/\/www.univa.mx\/agora\/wp-json\/wp\/v2\/media\/4479"}],"wp:attachment":[{"href":"https:\/\/www.univa.mx\/agora\/wp-json\/wp\/v2\/media?parent=4478"}],"wp:term":[{"taxonomy":"category","embeddable":true,"href":"https:\/\/www.univa.mx\/agora\/wp-json\/wp\/v2\/categories?post=4478"},{"taxonomy":"post_tag","embeddable":true,"href":"https:\/\/www.univa.mx\/agora\/wp-json\/wp\/v2\/tags?post=4478"}],"curies":[{"name":"wp","href":"https:\/\/api.w.org\/{rel}","templated":true}]}}