{"id":4469,"date":"2025-01-11T10:00:03","date_gmt":"2025-01-11T16:00:03","guid":{"rendered":"https:\/\/www.univa.mx\/agora\/?p=4469"},"modified":"2025-01-10T17:30:10","modified_gmt":"2025-01-10T23:30:10","slug":"que-viene-%c2%b7-convergencia","status":"publish","type":"post","link":"https:\/\/www.univa.mx\/agora\/que-viene-%c2%b7-convergencia\/","title":{"rendered":"\u00bfQU\u00c9 VIENE? \u00b7 CONVERGENCIA"},"content":{"rendered":"<p><em><strong>Sean Osmid Hamud Ruiz \u00b7 Egresado de Maestr\u00eda en Fiscal, campus Colima<\/strong><\/em><\/p>\n<p>Me voy a permitir compartir un mensaje de a\u00f1o nuevo que envi\u00e9 a algunos amigos y que, en este espacio, de coraz\u00f3n, deseo a quien amablemente me lea:<\/p>\n<p style=\"text-align: right\"><em>Fe.<\/em><\/p>\n<p style=\"text-align: right\"><em>En cualquier momento y enfrentando cualquier circunstancia.<\/em><\/p>\n<p style=\"text-align: right\"><em>Sin considerar tus capacidades o defectos; tu suerte o infortunio, el presente o el futuro, cualquiera que sea su fuente; religiosa o existencialista, no importa, no la pierdas y en todo caso, encu\u00e9ntrala.<\/em><\/p>\n<p style=\"text-align: right\"><em>Eso deseo para ti este 2025, Fe.<\/em><\/p>\n<p>En d\u00edas pasados trascendi\u00f3 que la gobernadora del estado envi\u00f3 al congreso local una iniciativa de cambio constitucional y de ley que pretende emular lo modificado a nivel federal para que el poder judicial en el estado, jueces y magistrados, sean electos por el voto directo del pueblo.<\/p>\n<p>Ninguna sorpresa, las l\u00edneas de actuaci\u00f3n que todo el r\u00e9gimen morenista y aliados ha seguido son coherentes. Act\u00faan reivindicando, replicando, apropiando.<\/p>\n<p>Sin embargo, diputados y poder ejecutivo se encuentran ante una oportunidad especial. Lo que ha venido sucediendo en la federaci\u00f3n ha mostrado lados flacos que se pueden corregir y que, intentar mejorar estos aspectos, no necesariamente pondr\u00eda en conflicto o contra la idea de este profundo cambio.<\/p>\n<p>Desde la convocatoria que se emita buscando aspirantes, el n\u00famero de candidaturas por posici\u00f3n, el dise\u00f1o de un m\u00e9todo de selecci\u00f3n que permita tener perfiles adecuados; la asignaci\u00f3n de los recursos econ\u00f3micos, humanos y materiales para que sea un proceso electivo confiable y seguro; la calendarizaci\u00f3n del procedimiento y el respeto a los derechos laborales y credenciales de los actuales funcionarios. Todo lo anterior, ejemplo de puntos finos que se pudieran trabajar para generar un modelo optimizado.<\/p>\n<p>Colima podr\u00eda dar el ejemplo y, como en otras ocasiones, mostrarse como ese exitoso laboratorio de donde han surgido exitosamente m\u00e1s de una pol\u00edtica p\u00fablica nacional.<\/p>\n<p>Con los n\u00fameros de diputados y la armonizaci\u00f3n de dos de tres poderes en el estado, este cambio, como Tanos, es inevitable. Creo que los afanes tendr\u00e1n que enfocarse precisamente en que esta modalidad nazca mejorada localmente.<\/p>\n<p>El llamado es para la gobernadora, para todos los diputados locales, para todos los partidos; para la sociedad civil, tal como barras de abogados, sector acad\u00e9mico y otros interesados. Genuinamente creo que, envueltos en lo esperanzador de las fechas, vale la pena construir la CONVERGENCIA.<\/p>\n<p>&nbsp;<\/p>\n<p>MICROCUENTO<\/p>\n<p>Son\u00f3. Discretamente me asom\u00e9 y dud\u00e9 atender el llamado. Insisti\u00f3 y eso me hizo sentir inc\u00f3modo, la conciencia me mordi\u00f3 y remordi\u00f3. Se supone que empe\u00f1\u00e9 palabra y compromiso. El tercer timbrazo desmoron\u00f3 mi convicci\u00f3n. Me qued\u00e9 con dos de mole y uno de carnita en salsita verde.<\/p>\n","protected":false},"excerpt":{"rendered":"<p>Sean Osmid Hamud Ruiz \u00b7&#8230;<\/p>\n","protected":false},"author":40,"featured_media":4470,"comment_status":"closed","ping_status":"closed","sticky":false,"template":"","format":"standard","meta":{"footnotes":""},"categories":[8,17],"tags":[],"class_list":["post-4469","post","type-post","status-publish","format-standard","has-post-thumbnail","category-tendencias","category-voces-univa"],"yoast_head":"<!-- This site is optimized with the Yoast SEO plugin v28.0 - https:\/\/yoast.com\/product\/yoast-seo-wordpress\/ -->\n<title>\u00bfQU\u00c9 VIENE? \u00b7 CONVERGENCIA - \u00c1gora<\/title>\n<meta name=\"description\" content=\"Me voy a permitir compartir un mensaje de a\u00f1o nuevo que envi\u00e9 a algunos amigos y que, en este espacio, de coraz\u00f3n, deseo a quien amablemente me lea:\" \/>\n<meta name=\"robots\" content=\"index, follow, max-snippet:-1, max-image-preview:large, max-video-preview:-1\" \/>\n<link rel=\"canonical\" href=\"https:\/\/www.univa.mx\/agora\/que-viene-\u00b7-convergencia\/\" \/>\n<meta property=\"og:locale\" content=\"es_ES\" \/>\n<meta property=\"og:type\" content=\"article\" \/>\n<meta property=\"og:title\" content=\"\u00bfQU\u00c9 VIENE? \u00b7 CONVERGENCIA - \u00c1gora\" \/>\n<meta property=\"og:description\" content=\"Me voy a permitir compartir un mensaje de a\u00f1o nuevo que envi\u00e9 a algunos amigos y que, en este espacio, de coraz\u00f3n, deseo a quien amablemente me lea:\" \/>\n<meta property=\"og:url\" content=\"https:\/\/www.univa.mx\/agora\/que-viene-\u00b7-convergencia\/\" \/>\n<meta property=\"og:site_name\" content=\"\u00c1gora\" \/>\n<meta property=\"article:published_time\" content=\"2025-01-11T16:00:03+00:00\" \/>\n<meta property=\"og:image\" content=\"https:\/\/www.univa.mx\/agora\/wp-content\/uploads\/sites\/14\/2025\/01\/Sean-Hamud-1.gif\" \/>\n\t<meta property=\"og:image:width\" content=\"1280\" \/>\n\t<meta property=\"og:image:height\" content=\"720\" \/>\n\t<meta property=\"og:image:type\" content=\"image\/gif\" \/>\n<meta name=\"author\" content=\"Comunicaci\u00f3n Sistema UNIVA\" \/>\n<meta name=\"twitter:card\" content=\"summary_large_image\" \/>\n<meta name=\"twitter:label1\" content=\"Escrito por\" \/>\n\t<meta name=\"twitter:data1\" content=\"Comunicaci\u00f3n Sistema UNIVA\" \/>\n\t<meta name=\"twitter:label2\" content=\"Tiempo de lectura\" \/>\n\t<meta name=\"twitter:data2\" content=\"1 minuto\" \/>\n<script type=\"application\/ld+json\" class=\"yoast-schema-graph\">{\"@context\":\"https:\\\/\\\/schema.org\",\"@graph\":[{\"@type\":\"Article\",\"@id\":\"https:\\\/\\\/www.univa.mx\\\/agora\\\/que-viene-%c2%b7-convergencia\\\/#article\",\"isPartOf\":{\"@id\":\"https:\\\/\\\/www.univa.mx\\\/agora\\\/que-viene-%c2%b7-convergencia\\\/\"},\"author\":{\"name\":\"Comunicaci\u00f3n Sistema UNIVA\",\"@id\":\"https:\\\/\\\/www.univa.mx\\\/agora\\\/#\\\/schema\\\/person\\\/698af210c9a2ad5b61255af506d223e3\"},\"headline\":\"\u00bfQU\u00c9 VIENE? \u00b7 CONVERGENCIA\",\"datePublished\":\"2025-01-11T16:00:03+00:00\",\"mainEntityOfPage\":{\"@id\":\"https:\\\/\\\/www.univa.mx\\\/agora\\\/que-viene-%c2%b7-convergencia\\\/\"},\"wordCount\":469,\"image\":{\"@id\":\"https:\\\/\\\/www.univa.mx\\\/agora\\\/que-viene-%c2%b7-convergencia\\\/#primaryimage\"},\"thumbnailUrl\":\"https:\\\/\\\/www.univa.mx\\\/agora\\\/wp-content\\\/uploads\\\/sites\\\/14\\\/2025\\\/01\\\/Sean-Hamud-1.gif\",\"articleSection\":[\"Tendencias\",\"Voces UNIVA\"],\"inLanguage\":\"es\"},{\"@type\":\"WebPage\",\"@id\":\"https:\\\/\\\/www.univa.mx\\\/agora\\\/que-viene-%c2%b7-convergencia\\\/\",\"url\":\"https:\\\/\\\/www.univa.mx\\\/agora\\\/que-viene-%c2%b7-convergencia\\\/\",\"name\":\"\u00bfQU\u00c9 VIENE? \u00b7 CONVERGENCIA - \u00c1gora\",\"isPartOf\":{\"@id\":\"https:\\\/\\\/www.univa.mx\\\/agora\\\/#website\"},\"primaryImageOfPage\":{\"@id\":\"https:\\\/\\\/www.univa.mx\\\/agora\\\/que-viene-%c2%b7-convergencia\\\/#primaryimage\"},\"image\":{\"@id\":\"https:\\\/\\\/www.univa.mx\\\/agora\\\/que-viene-%c2%b7-convergencia\\\/#primaryimage\"},\"thumbnailUrl\":\"https:\\\/\\\/www.univa.mx\\\/agora\\\/wp-content\\\/uploads\\\/sites\\\/14\\\/2025\\\/01\\\/Sean-Hamud-1.gif\",\"datePublished\":\"2025-01-11T16:00:03+00:00\",\"author\":{\"@id\":\"https:\\\/\\\/www.univa.mx\\\/agora\\\/#\\\/schema\\\/person\\\/698af210c9a2ad5b61255af506d223e3\"},\"description\":\"Me voy a permitir compartir un mensaje de a\u00f1o nuevo que envi\u00e9 a algunos amigos y que, en este espacio, de coraz\u00f3n, deseo a quien amablemente me lea:\",\"breadcrumb\":{\"@id\":\"https:\\\/\\\/www.univa.mx\\\/agora\\\/que-viene-%c2%b7-convergencia\\\/#breadcrumb\"},\"inLanguage\":\"es\",\"potentialAction\":[{\"@type\":\"ReadAction\",\"target\":[\"https:\\\/\\\/www.univa.mx\\\/agora\\\/que-viene-%c2%b7-convergencia\\\/\"]}]},{\"@type\":\"ImageObject\",\"inLanguage\":\"es\",\"@id\":\"https:\\\/\\\/www.univa.mx\\\/agora\\\/que-viene-%c2%b7-convergencia\\\/#primaryimage\",\"url\":\"https:\\\/\\\/www.univa.mx\\\/agora\\\/wp-content\\\/uploads\\\/sites\\\/14\\\/2025\\\/01\\\/Sean-Hamud-1.gif\",\"contentUrl\":\"https:\\\/\\\/www.univa.mx\\\/agora\\\/wp-content\\\/uploads\\\/sites\\\/14\\\/2025\\\/01\\\/Sean-Hamud-1.gif\",\"width\":1280,\"height\":720},{\"@type\":\"BreadcrumbList\",\"@id\":\"https:\\\/\\\/www.univa.mx\\\/agora\\\/que-viene-%c2%b7-convergencia\\\/#breadcrumb\",\"itemListElement\":[{\"@type\":\"ListItem\",\"position\":1,\"name\":\"Portada\",\"item\":\"https:\\\/\\\/www.univa.mx\\\/agora\\\/\"},{\"@type\":\"ListItem\",\"position\":2,\"name\":\"\u00bfQU\u00c9 VIENE? \u00b7 CONVERGENCIA\"}]},{\"@type\":\"WebSite\",\"@id\":\"https:\\\/\\\/www.univa.mx\\\/agora\\\/#website\",\"url\":\"https:\\\/\\\/www.univa.mx\\\/agora\\\/\",\"name\":\"\u00c1gora\",\"description\":\"\",\"potentialAction\":[{\"@type\":\"SearchAction\",\"target\":{\"@type\":\"EntryPoint\",\"urlTemplate\":\"https:\\\/\\\/www.univa.mx\\\/agora\\\/?s={search_term_string}\"},\"query-input\":{\"@type\":\"PropertyValueSpecification\",\"valueRequired\":true,\"valueName\":\"search_term_string\"}}],\"inLanguage\":\"es\"},{\"@type\":\"Person\",\"@id\":\"https:\\\/\\\/www.univa.mx\\\/agora\\\/#\\\/schema\\\/person\\\/698af210c9a2ad5b61255af506d223e3\",\"name\":\"Comunicaci\u00f3n Sistema UNIVA\",\"image\":{\"@type\":\"ImageObject\",\"inLanguage\":\"es\",\"@id\":\"https:\\\/\\\/secure.gravatar.com\\\/avatar\\\/6aa0bbdc2764d6dabb18e0075a849c5887b5f3f2c39e3b19384bfd22e55dba7c?s=96&d=mm&r=g\",\"url\":\"https:\\\/\\\/secure.gravatar.com\\\/avatar\\\/6aa0bbdc2764d6dabb18e0075a849c5887b5f3f2c39e3b19384bfd22e55dba7c?s=96&d=mm&r=g\",\"contentUrl\":\"https:\\\/\\\/secure.gravatar.com\\\/avatar\\\/6aa0bbdc2764d6dabb18e0075a849c5887b5f3f2c39e3b19384bfd22e55dba7c?s=96&d=mm&r=g\",\"caption\":\"Comunicaci\u00f3n Sistema UNIVA\"},\"url\":\"https:\\\/\\\/www.univa.mx\\\/agora\\\/author\\\/gustavo\\\/\"}]}<\/script>\n<!-- \/ Yoast SEO plugin. -->","yoast_head_json":{"title":"\u00bfQU\u00c9 VIENE? \u00b7 CONVERGENCIA - \u00c1gora","description":"Me voy a permitir compartir un mensaje de a\u00f1o nuevo que envi\u00e9 a algunos amigos y que, en este espacio, de coraz\u00f3n, deseo a quien amablemente me lea:","robots":{"index":"index","follow":"follow","max-snippet":"max-snippet:-1","max-image-preview":"max-image-preview:large","max-video-preview":"max-video-preview:-1"},"canonical":"https:\/\/www.univa.mx\/agora\/que-viene-\u00b7-convergencia\/","og_locale":"es_ES","og_type":"article","og_title":"\u00bfQU\u00c9 VIENE? \u00b7 CONVERGENCIA - \u00c1gora","og_description":"Me voy a permitir compartir un mensaje de a\u00f1o nuevo que envi\u00e9 a algunos amigos y que, en este espacio, de coraz\u00f3n, deseo a quien amablemente me lea:","og_url":"https:\/\/www.univa.mx\/agora\/que-viene-\u00b7-convergencia\/","og_site_name":"\u00c1gora","article_published_time":"2025-01-11T16:00:03+00:00","og_image":[{"width":1280,"height":720,"url":"https:\/\/www.univa.mx\/agora\/wp-content\/uploads\/sites\/14\/2025\/01\/Sean-Hamud-1.gif","type":"image\/gif"}],"author":"Comunicaci\u00f3n Sistema UNIVA","twitter_card":"summary_large_image","twitter_misc":{"Escrito por":"Comunicaci\u00f3n Sistema UNIVA","Tiempo de lectura":"1 minuto"},"schema":{"@context":"https:\/\/schema.org","@graph":[{"@type":"Article","@id":"https:\/\/www.univa.mx\/agora\/que-viene-%c2%b7-convergencia\/#article","isPartOf":{"@id":"https:\/\/www.univa.mx\/agora\/que-viene-%c2%b7-convergencia\/"},"author":{"name":"Comunicaci\u00f3n Sistema UNIVA","@id":"https:\/\/www.univa.mx\/agora\/#\/schema\/person\/698af210c9a2ad5b61255af506d223e3"},"headline":"\u00bfQU\u00c9 VIENE? \u00b7 CONVERGENCIA","datePublished":"2025-01-11T16:00:03+00:00","mainEntityOfPage":{"@id":"https:\/\/www.univa.mx\/agora\/que-viene-%c2%b7-convergencia\/"},"wordCount":469,"image":{"@id":"https:\/\/www.univa.mx\/agora\/que-viene-%c2%b7-convergencia\/#primaryimage"},"thumbnailUrl":"https:\/\/www.univa.mx\/agora\/wp-content\/uploads\/sites\/14\/2025\/01\/Sean-Hamud-1.gif","articleSection":["Tendencias","Voces UNIVA"],"inLanguage":"es"},{"@type":"WebPage","@id":"https:\/\/www.univa.mx\/agora\/que-viene-%c2%b7-convergencia\/","url":"https:\/\/www.univa.mx\/agora\/que-viene-%c2%b7-convergencia\/","name":"\u00bfQU\u00c9 VIENE? \u00b7 CONVERGENCIA - \u00c1gora","isPartOf":{"@id":"https:\/\/www.univa.mx\/agora\/#website"},"primaryImageOfPage":{"@id":"https:\/\/www.univa.mx\/agora\/que-viene-%c2%b7-convergencia\/#primaryimage"},"image":{"@id":"https:\/\/www.univa.mx\/agora\/que-viene-%c2%b7-convergencia\/#primaryimage"},"thumbnailUrl":"https:\/\/www.univa.mx\/agora\/wp-content\/uploads\/sites\/14\/2025\/01\/Sean-Hamud-1.gif","datePublished":"2025-01-11T16:00:03+00:00","author":{"@id":"https:\/\/www.univa.mx\/agora\/#\/schema\/person\/698af210c9a2ad5b61255af506d223e3"},"description":"Me voy a permitir compartir un mensaje de a\u00f1o nuevo que envi\u00e9 a algunos amigos y que, en este espacio, de coraz\u00f3n, deseo a quien amablemente me lea:","breadcrumb":{"@id":"https:\/\/www.univa.mx\/agora\/que-viene-%c2%b7-convergencia\/#breadcrumb"},"inLanguage":"es","potentialAction":[{"@type":"ReadAction","target":["https:\/\/www.univa.mx\/agora\/que-viene-%c2%b7-convergencia\/"]}]},{"@type":"ImageObject","inLanguage":"es","@id":"https:\/\/www.univa.mx\/agora\/que-viene-%c2%b7-convergencia\/#primaryimage","url":"https:\/\/www.univa.mx\/agora\/wp-content\/uploads\/sites\/14\/2025\/01\/Sean-Hamud-1.gif","contentUrl":"https:\/\/www.univa.mx\/agora\/wp-content\/uploads\/sites\/14\/2025\/01\/Sean-Hamud-1.gif","width":1280,"height":720},{"@type":"BreadcrumbList","@id":"https:\/\/www.univa.mx\/agora\/que-viene-%c2%b7-convergencia\/#breadcrumb","itemListElement":[{"@type":"ListItem","position":1,"name":"Portada","item":"https:\/\/www.univa.mx\/agora\/"},{"@type":"ListItem","position":2,"name":"\u00bfQU\u00c9 VIENE? \u00b7 CONVERGENCIA"}]},{"@type":"WebSite","@id":"https:\/\/www.univa.mx\/agora\/#website","url":"https:\/\/www.univa.mx\/agora\/","name":"\u00c1gora","description":"","potentialAction":[{"@type":"SearchAction","target":{"@type":"EntryPoint","urlTemplate":"https:\/\/www.univa.mx\/agora\/?s={search_term_string}"},"query-input":{"@type":"PropertyValueSpecification","valueRequired":true,"valueName":"search_term_string"}}],"inLanguage":"es"},{"@type":"Person","@id":"https:\/\/www.univa.mx\/agora\/#\/schema\/person\/698af210c9a2ad5b61255af506d223e3","name":"Comunicaci\u00f3n Sistema UNIVA","image":{"@type":"ImageObject","inLanguage":"es","@id":"https:\/\/secure.gravatar.com\/avatar\/6aa0bbdc2764d6dabb18e0075a849c5887b5f3f2c39e3b19384bfd22e55dba7c?s=96&d=mm&r=g","url":"https:\/\/secure.gravatar.com\/avatar\/6aa0bbdc2764d6dabb18e0075a849c5887b5f3f2c39e3b19384bfd22e55dba7c?s=96&d=mm&r=g","contentUrl":"https:\/\/secure.gravatar.com\/avatar\/6aa0bbdc2764d6dabb18e0075a849c5887b5f3f2c39e3b19384bfd22e55dba7c?s=96&d=mm&r=g","caption":"Comunicaci\u00f3n Sistema UNIVA"},"url":"https:\/\/www.univa.mx\/agora\/author\/gustavo\/"}]}},"_links":{"self":[{"href":"https:\/\/www.univa.mx\/agora\/wp-json\/wp\/v2\/posts\/4469","targetHints":{"allow":["GET"]}}],"collection":[{"href":"https:\/\/www.univa.mx\/agora\/wp-json\/wp\/v2\/posts"}],"about":[{"href":"https:\/\/www.univa.mx\/agora\/wp-json\/wp\/v2\/types\/post"}],"author":[{"embeddable":true,"href":"https:\/\/www.univa.mx\/agora\/wp-json\/wp\/v2\/users\/40"}],"replies":[{"embeddable":true,"href":"https:\/\/www.univa.mx\/agora\/wp-json\/wp\/v2\/comments?post=4469"}],"version-history":[{"count":1,"href":"https:\/\/www.univa.mx\/agora\/wp-json\/wp\/v2\/posts\/4469\/revisions"}],"predecessor-version":[{"id":4471,"href":"https:\/\/www.univa.mx\/agora\/wp-json\/wp\/v2\/posts\/4469\/revisions\/4471"}],"wp:featuredmedia":[{"embeddable":true,"href":"https:\/\/www.univa.mx\/agora\/wp-json\/wp\/v2\/media\/4470"}],"wp:attachment":[{"href":"https:\/\/www.univa.mx\/agora\/wp-json\/wp\/v2\/media?parent=4469"}],"wp:term":[{"taxonomy":"category","embeddable":true,"href":"https:\/\/www.univa.mx\/agora\/wp-json\/wp\/v2\/categories?post=4469"},{"taxonomy":"post_tag","embeddable":true,"href":"https:\/\/www.univa.mx\/agora\/wp-json\/wp\/v2\/tags?post=4469"}],"curies":[{"name":"wp","href":"https:\/\/api.w.org\/{rel}","templated":true}]}}