{"id":4465,"date":"2025-01-13T08:00:48","date_gmt":"2025-01-13T14:00:48","guid":{"rendered":"https:\/\/www.univa.mx\/agora\/?p=4465"},"modified":"2025-01-10T16:10:53","modified_gmt":"2025-01-10T22:10:53","slug":"pensandolo-bien-el-sexenio-de-ayer","status":"publish","type":"post","link":"https:\/\/www.univa.mx\/agora\/pensandolo-bien-el-sexenio-de-ayer\/","title":{"rendered":"Pens\u00e1ndolo bien: El sexenio de ayer"},"content":{"rendered":"<p><em><strong>Pbro. Lic. Armando Gonz\u00e1lez Escoto \u2219 Direcci\u00f3n de Publicaciones, Sistema UNIVA<\/strong><\/em><\/p>\n<p>Termin\u00f3 el a\u00f1o, y a principios del \u00faltimo mes, termin\u00f3 tambi\u00e9n un sexenio estatal que nos ha dejado notables beneficios, pero pocos por m\u00e1s que muy festinados. El Macro Perif\u00e9rico, la L\u00ednea 4 del Tren Ligero, la infraestructura para aumentar el abasto de agua para Guadalajara, la conservaci\u00f3n de carreteras estatales por todas sus regiones, muy por encima de la situaci\u00f3n en que se hallan las federales, la construcci\u00f3n de nuevos hospitales, el rescate de parques olvidados, son algunos de los logros del sexenio que acab\u00f3.<\/p>\n<p>Quedaron pendientes que han estado pendientes desde hace sexenios, como es el caso del r\u00edo Santiago, y la enorme y crecida deuda ante el fen\u00f3meno de los desaparecidos, de la inseguridad y del empoderamiento de la delincuencia organizada por encima de la autoridad legalmente establecida.<\/p>\n<p>Muchas cosas se habr\u00edan logrado y otras m\u00e1s se habr\u00edan evitado, si la capacidad, inteligencia y voluntad del gobernador saliente hubiese estado sostenida por la mesura, el autocontrol verbal y f\u00edsico, la madurez pol\u00edtica y una conciencia objetiva de lo que se puede y de lo que no se puede hacer, esta falta de honestidad y sencillez fortaleci\u00f3 de inmediato una gruesa muralla que aisl\u00f3 al gobierno de la realidad y lo hizo cerrarse en un c\u00edrculo donde junto a colaboradores eficaces, abundaba una pl\u00e9yade de aduladores y saltimbanquis dispuestos todo el tiempo a endiosar el poder, y persuadirlo de que todo lo hac\u00eda bien. En consecuencia, el poder se volc\u00f3 en gratitudes hacia sus aplaudidores, cargos y m\u00e1s encargos, reconocimientos y premios que se degradaron en su esp\u00edritu y en su causa, desverg\u00fcenza p\u00fablica de quienes los recib\u00edan a sabiendas de su origen, y ofensa a quienes en otras \u00e9pocas los obtuvieron con sobrado m\u00e9rito y ahora los ve\u00edan en manos de gente cuyo \u00fanico logro era el servilismo, gratitudes del poder convertidas en puestos a granel con garant\u00eda de sobrepasar el sexenio, trampolines para brincar posiciones, y desde luego, una notable derrama econ\u00f3mica, porque los apoyos cuestan, tanto m\u00e1s cuanto m\u00e1s desmedidos son.<\/p>\n<p>El choque con algunos medios de comunicaci\u00f3n era inevitable, si la funci\u00f3n de \u00e9stos segu\u00eda siendo comunicar con objetividad e imparcialidad; la<\/p>\n<p>desavenencia con la Universidad igualmente se produjo con sube y bajas de v\u00e9rtigo, al menos mientras el \u201clicenciado\u201d vivi\u00f3; las madres buscadoras encontraron siempre negaci\u00f3n, evasivas, y abandono a su suerte, eran demasiado molestas en un sexenio que se publicitaba como perfecto. Y, no obstante, desapariciones forzadas sigui\u00f3 habiendo hasta el final; pero hay otro asunto: \u00bfc\u00f3mo y cu\u00e1nto creci\u00f3 la deuda del Estado? \u00bfEn d\u00f3nde se invirti\u00f3? \u00bfEstamos mejor que hace seis a\u00f1os? \u00bfEn qu\u00e9 s\u00ed y en qu\u00e9 no? \u00bfqu\u00e9 nos dir\u00eda al respecto \u201cJalisco, \u00bfc\u00f3mo vamos, o c\u00f3mo fuimos?\u201d<\/p>\n<p>Funcionarios valiosos s\u00ed que los hubo, en varias dependencias, como en todos los niveles de gobierno, pero el peor de los papeles lo desarroll\u00f3 a la perfecci\u00f3n el Congreso estatal, reducido a una oficina de secretarias tomando nota del dictado del Poder Ejecutivo sin chistar, como se espera de una buena secretaria. Del Poder Judicial no hay nada que decir, la realidad habla por s\u00ed misma, tambi\u00e9n la sangre de muchos polic\u00edas y agentes investigadores.<\/p>\n<p>No debemos esperar que el nuevo gobierno sea mejor, debemos trabajar todos para que as\u00ed sea, es compromiso de una ciudadan\u00eda que pasa de la f\u00e1cil cr\u00edtica o de la letal indiferencia, al compromiso compartido.<\/p>\n<p>Armando Gonz\u00e1lez Escoto<\/p>\n<p>armando.gon@univa.mx<\/p>\n<p>Publicado en El Informador del domingo 12 de enero de 2025.<\/p>\n","protected":false},"excerpt":{"rendered":"<p>Pbro. Lic. Armando Gonz\u00e1lez Escoto&#8230;<\/p>\n","protected":false},"author":40,"featured_media":4283,"comment_status":"closed","ping_status":"closed","sticky":false,"template":"","format":"standard","meta":{"footnotes":""},"categories":[6,17],"tags":[],"class_list":["post-4465","post","type-post","status-publish","format-standard","has-post-thumbnail","category-lideres-de-opinion","category-voces-univa"],"yoast_head":"<!-- This site is optimized with the Yoast SEO plugin v28.0 - https:\/\/yoast.com\/product\/yoast-seo-wordpress\/ -->\n<title>Pens\u00e1ndolo bien: El sexenio de ayer - \u00c1gora<\/title>\n<meta name=\"description\" content=\"Termin\u00f3 el a\u00f1o, y a principios del \u00faltimo mes, termin\u00f3 tambi\u00e9n un sexenio estatal que nos ha dejado notables beneficios, pero pocos por m\u00e1s que muy festinados.\" \/>\n<meta name=\"robots\" content=\"index, follow, max-snippet:-1, max-image-preview:large, max-video-preview:-1\" \/>\n<link rel=\"canonical\" href=\"https:\/\/www.univa.mx\/agora\/pensandolo-bien-el-sexenio-de-ayer\/\" \/>\n<meta property=\"og:locale\" content=\"es_ES\" \/>\n<meta property=\"og:type\" content=\"article\" \/>\n<meta property=\"og:title\" content=\"Pens\u00e1ndolo bien: El sexenio de ayer - \u00c1gora\" \/>\n<meta property=\"og:description\" content=\"Termin\u00f3 el a\u00f1o, y a principios del \u00faltimo mes, termin\u00f3 tambi\u00e9n un sexenio estatal que nos ha dejado notables beneficios, pero pocos por m\u00e1s que muy festinados.\" \/>\n<meta property=\"og:url\" content=\"https:\/\/www.univa.mx\/agora\/pensandolo-bien-el-sexenio-de-ayer\/\" \/>\n<meta property=\"og:site_name\" content=\"\u00c1gora\" \/>\n<meta property=\"article:published_time\" content=\"2025-01-13T14:00:48+00:00\" \/>\n<meta property=\"og:image\" content=\"https:\/\/www.univa.mx\/agora\/wp-content\/uploads\/sites\/14\/2024\/10\/Untitled-1-1-2.gif\" \/>\n\t<meta property=\"og:image:width\" content=\"1280\" \/>\n\t<meta property=\"og:image:height\" content=\"720\" \/>\n\t<meta property=\"og:image:type\" content=\"image\/gif\" \/>\n<meta name=\"author\" content=\"Comunicaci\u00f3n Sistema UNIVA\" \/>\n<meta name=\"twitter:card\" content=\"summary_large_image\" \/>\n<meta name=\"twitter:label1\" content=\"Escrito por\" \/>\n\t<meta name=\"twitter:data1\" content=\"Comunicaci\u00f3n Sistema UNIVA\" \/>\n\t<meta name=\"twitter:label2\" content=\"Tiempo de lectura\" \/>\n\t<meta name=\"twitter:data2\" content=\"1 minuto\" \/>\n<script type=\"application\/ld+json\" class=\"yoast-schema-graph\">{\"@context\":\"https:\\\/\\\/schema.org\",\"@graph\":[{\"@type\":\"Article\",\"@id\":\"https:\\\/\\\/www.univa.mx\\\/agora\\\/pensandolo-bien-el-sexenio-de-ayer\\\/#article\",\"isPartOf\":{\"@id\":\"https:\\\/\\\/www.univa.mx\\\/agora\\\/pensandolo-bien-el-sexenio-de-ayer\\\/\"},\"author\":{\"name\":\"Comunicaci\u00f3n Sistema UNIVA\",\"@id\":\"https:\\\/\\\/www.univa.mx\\\/agora\\\/#\\\/schema\\\/person\\\/698af210c9a2ad5b61255af506d223e3\"},\"headline\":\"Pens\u00e1ndolo bien: El sexenio de ayer\",\"datePublished\":\"2025-01-13T14:00:48+00:00\",\"mainEntityOfPage\":{\"@id\":\"https:\\\/\\\/www.univa.mx\\\/agora\\\/pensandolo-bien-el-sexenio-de-ayer\\\/\"},\"wordCount\":642,\"image\":{\"@id\":\"https:\\\/\\\/www.univa.mx\\\/agora\\\/pensandolo-bien-el-sexenio-de-ayer\\\/#primaryimage\"},\"thumbnailUrl\":\"https:\\\/\\\/www.univa.mx\\\/agora\\\/wp-content\\\/uploads\\\/sites\\\/14\\\/2024\\\/10\\\/Untitled-1-1-2.gif\",\"articleSection\":[\"L\u00edderes de Opini\u00f3n\",\"Voces UNIVA\"],\"inLanguage\":\"es\"},{\"@type\":\"WebPage\",\"@id\":\"https:\\\/\\\/www.univa.mx\\\/agora\\\/pensandolo-bien-el-sexenio-de-ayer\\\/\",\"url\":\"https:\\\/\\\/www.univa.mx\\\/agora\\\/pensandolo-bien-el-sexenio-de-ayer\\\/\",\"name\":\"Pens\u00e1ndolo bien: El sexenio de ayer - \u00c1gora\",\"isPartOf\":{\"@id\":\"https:\\\/\\\/www.univa.mx\\\/agora\\\/#website\"},\"primaryImageOfPage\":{\"@id\":\"https:\\\/\\\/www.univa.mx\\\/agora\\\/pensandolo-bien-el-sexenio-de-ayer\\\/#primaryimage\"},\"image\":{\"@id\":\"https:\\\/\\\/www.univa.mx\\\/agora\\\/pensandolo-bien-el-sexenio-de-ayer\\\/#primaryimage\"},\"thumbnailUrl\":\"https:\\\/\\\/www.univa.mx\\\/agora\\\/wp-content\\\/uploads\\\/sites\\\/14\\\/2024\\\/10\\\/Untitled-1-1-2.gif\",\"datePublished\":\"2025-01-13T14:00:48+00:00\",\"author\":{\"@id\":\"https:\\\/\\\/www.univa.mx\\\/agora\\\/#\\\/schema\\\/person\\\/698af210c9a2ad5b61255af506d223e3\"},\"description\":\"Termin\u00f3 el a\u00f1o, y a principios del \u00faltimo mes, termin\u00f3 tambi\u00e9n un sexenio estatal que nos ha dejado notables beneficios, pero pocos por m\u00e1s que muy festinados.\",\"breadcrumb\":{\"@id\":\"https:\\\/\\\/www.univa.mx\\\/agora\\\/pensandolo-bien-el-sexenio-de-ayer\\\/#breadcrumb\"},\"inLanguage\":\"es\",\"potentialAction\":[{\"@type\":\"ReadAction\",\"target\":[\"https:\\\/\\\/www.univa.mx\\\/agora\\\/pensandolo-bien-el-sexenio-de-ayer\\\/\"]}]},{\"@type\":\"ImageObject\",\"inLanguage\":\"es\",\"@id\":\"https:\\\/\\\/www.univa.mx\\\/agora\\\/pensandolo-bien-el-sexenio-de-ayer\\\/#primaryimage\",\"url\":\"https:\\\/\\\/www.univa.mx\\\/agora\\\/wp-content\\\/uploads\\\/sites\\\/14\\\/2024\\\/10\\\/Untitled-1-1-2.gif\",\"contentUrl\":\"https:\\\/\\\/www.univa.mx\\\/agora\\\/wp-content\\\/uploads\\\/sites\\\/14\\\/2024\\\/10\\\/Untitled-1-1-2.gif\",\"width\":1280,\"height\":720},{\"@type\":\"BreadcrumbList\",\"@id\":\"https:\\\/\\\/www.univa.mx\\\/agora\\\/pensandolo-bien-el-sexenio-de-ayer\\\/#breadcrumb\",\"itemListElement\":[{\"@type\":\"ListItem\",\"position\":1,\"name\":\"Portada\",\"item\":\"https:\\\/\\\/www.univa.mx\\\/agora\\\/\"},{\"@type\":\"ListItem\",\"position\":2,\"name\":\"Pens\u00e1ndolo bien: El sexenio de ayer\"}]},{\"@type\":\"WebSite\",\"@id\":\"https:\\\/\\\/www.univa.mx\\\/agora\\\/#website\",\"url\":\"https:\\\/\\\/www.univa.mx\\\/agora\\\/\",\"name\":\"\u00c1gora\",\"description\":\"\",\"potentialAction\":[{\"@type\":\"SearchAction\",\"target\":{\"@type\":\"EntryPoint\",\"urlTemplate\":\"https:\\\/\\\/www.univa.mx\\\/agora\\\/?s={search_term_string}\"},\"query-input\":{\"@type\":\"PropertyValueSpecification\",\"valueRequired\":true,\"valueName\":\"search_term_string\"}}],\"inLanguage\":\"es\"},{\"@type\":\"Person\",\"@id\":\"https:\\\/\\\/www.univa.mx\\\/agora\\\/#\\\/schema\\\/person\\\/698af210c9a2ad5b61255af506d223e3\",\"name\":\"Comunicaci\u00f3n Sistema UNIVA\",\"image\":{\"@type\":\"ImageObject\",\"inLanguage\":\"es\",\"@id\":\"https:\\\/\\\/secure.gravatar.com\\\/avatar\\\/6aa0bbdc2764d6dabb18e0075a849c5887b5f3f2c39e3b19384bfd22e55dba7c?s=96&d=mm&r=g\",\"url\":\"https:\\\/\\\/secure.gravatar.com\\\/avatar\\\/6aa0bbdc2764d6dabb18e0075a849c5887b5f3f2c39e3b19384bfd22e55dba7c?s=96&d=mm&r=g\",\"contentUrl\":\"https:\\\/\\\/secure.gravatar.com\\\/avatar\\\/6aa0bbdc2764d6dabb18e0075a849c5887b5f3f2c39e3b19384bfd22e55dba7c?s=96&d=mm&r=g\",\"caption\":\"Comunicaci\u00f3n Sistema UNIVA\"},\"url\":\"https:\\\/\\\/www.univa.mx\\\/agora\\\/author\\\/gustavo\\\/\"}]}<\/script>\n<!-- \/ Yoast SEO plugin. -->","yoast_head_json":{"title":"Pens\u00e1ndolo bien: El sexenio de ayer - \u00c1gora","description":"Termin\u00f3 el a\u00f1o, y a principios del \u00faltimo mes, termin\u00f3 tambi\u00e9n un sexenio estatal que nos ha dejado notables beneficios, pero pocos por m\u00e1s que muy festinados.","robots":{"index":"index","follow":"follow","max-snippet":"max-snippet:-1","max-image-preview":"max-image-preview:large","max-video-preview":"max-video-preview:-1"},"canonical":"https:\/\/www.univa.mx\/agora\/pensandolo-bien-el-sexenio-de-ayer\/","og_locale":"es_ES","og_type":"article","og_title":"Pens\u00e1ndolo bien: El sexenio de ayer - \u00c1gora","og_description":"Termin\u00f3 el a\u00f1o, y a principios del \u00faltimo mes, termin\u00f3 tambi\u00e9n un sexenio estatal que nos ha dejado notables beneficios, pero pocos por m\u00e1s que muy festinados.","og_url":"https:\/\/www.univa.mx\/agora\/pensandolo-bien-el-sexenio-de-ayer\/","og_site_name":"\u00c1gora","article_published_time":"2025-01-13T14:00:48+00:00","og_image":[{"width":1280,"height":720,"url":"https:\/\/www.univa.mx\/agora\/wp-content\/uploads\/sites\/14\/2024\/10\/Untitled-1-1-2.gif","type":"image\/gif"}],"author":"Comunicaci\u00f3n Sistema UNIVA","twitter_card":"summary_large_image","twitter_misc":{"Escrito por":"Comunicaci\u00f3n Sistema UNIVA","Tiempo de lectura":"1 minuto"},"schema":{"@context":"https:\/\/schema.org","@graph":[{"@type":"Article","@id":"https:\/\/www.univa.mx\/agora\/pensandolo-bien-el-sexenio-de-ayer\/#article","isPartOf":{"@id":"https:\/\/www.univa.mx\/agora\/pensandolo-bien-el-sexenio-de-ayer\/"},"author":{"name":"Comunicaci\u00f3n Sistema UNIVA","@id":"https:\/\/www.univa.mx\/agora\/#\/schema\/person\/698af210c9a2ad5b61255af506d223e3"},"headline":"Pens\u00e1ndolo bien: El sexenio de ayer","datePublished":"2025-01-13T14:00:48+00:00","mainEntityOfPage":{"@id":"https:\/\/www.univa.mx\/agora\/pensandolo-bien-el-sexenio-de-ayer\/"},"wordCount":642,"image":{"@id":"https:\/\/www.univa.mx\/agora\/pensandolo-bien-el-sexenio-de-ayer\/#primaryimage"},"thumbnailUrl":"https:\/\/www.univa.mx\/agora\/wp-content\/uploads\/sites\/14\/2024\/10\/Untitled-1-1-2.gif","articleSection":["L\u00edderes de Opini\u00f3n","Voces UNIVA"],"inLanguage":"es"},{"@type":"WebPage","@id":"https:\/\/www.univa.mx\/agora\/pensandolo-bien-el-sexenio-de-ayer\/","url":"https:\/\/www.univa.mx\/agora\/pensandolo-bien-el-sexenio-de-ayer\/","name":"Pens\u00e1ndolo bien: El sexenio de ayer - \u00c1gora","isPartOf":{"@id":"https:\/\/www.univa.mx\/agora\/#website"},"primaryImageOfPage":{"@id":"https:\/\/www.univa.mx\/agora\/pensandolo-bien-el-sexenio-de-ayer\/#primaryimage"},"image":{"@id":"https:\/\/www.univa.mx\/agora\/pensandolo-bien-el-sexenio-de-ayer\/#primaryimage"},"thumbnailUrl":"https:\/\/www.univa.mx\/agora\/wp-content\/uploads\/sites\/14\/2024\/10\/Untitled-1-1-2.gif","datePublished":"2025-01-13T14:00:48+00:00","author":{"@id":"https:\/\/www.univa.mx\/agora\/#\/schema\/person\/698af210c9a2ad5b61255af506d223e3"},"description":"Termin\u00f3 el a\u00f1o, y a principios del \u00faltimo mes, termin\u00f3 tambi\u00e9n un sexenio estatal que nos ha dejado notables beneficios, pero pocos por m\u00e1s que muy festinados.","breadcrumb":{"@id":"https:\/\/www.univa.mx\/agora\/pensandolo-bien-el-sexenio-de-ayer\/#breadcrumb"},"inLanguage":"es","potentialAction":[{"@type":"ReadAction","target":["https:\/\/www.univa.mx\/agora\/pensandolo-bien-el-sexenio-de-ayer\/"]}]},{"@type":"ImageObject","inLanguage":"es","@id":"https:\/\/www.univa.mx\/agora\/pensandolo-bien-el-sexenio-de-ayer\/#primaryimage","url":"https:\/\/www.univa.mx\/agora\/wp-content\/uploads\/sites\/14\/2024\/10\/Untitled-1-1-2.gif","contentUrl":"https:\/\/www.univa.mx\/agora\/wp-content\/uploads\/sites\/14\/2024\/10\/Untitled-1-1-2.gif","width":1280,"height":720},{"@type":"BreadcrumbList","@id":"https:\/\/www.univa.mx\/agora\/pensandolo-bien-el-sexenio-de-ayer\/#breadcrumb","itemListElement":[{"@type":"ListItem","position":1,"name":"Portada","item":"https:\/\/www.univa.mx\/agora\/"},{"@type":"ListItem","position":2,"name":"Pens\u00e1ndolo bien: El sexenio de ayer"}]},{"@type":"WebSite","@id":"https:\/\/www.univa.mx\/agora\/#website","url":"https:\/\/www.univa.mx\/agora\/","name":"\u00c1gora","description":"","potentialAction":[{"@type":"SearchAction","target":{"@type":"EntryPoint","urlTemplate":"https:\/\/www.univa.mx\/agora\/?s={search_term_string}"},"query-input":{"@type":"PropertyValueSpecification","valueRequired":true,"valueName":"search_term_string"}}],"inLanguage":"es"},{"@type":"Person","@id":"https:\/\/www.univa.mx\/agora\/#\/schema\/person\/698af210c9a2ad5b61255af506d223e3","name":"Comunicaci\u00f3n Sistema UNIVA","image":{"@type":"ImageObject","inLanguage":"es","@id":"https:\/\/secure.gravatar.com\/avatar\/6aa0bbdc2764d6dabb18e0075a849c5887b5f3f2c39e3b19384bfd22e55dba7c?s=96&d=mm&r=g","url":"https:\/\/secure.gravatar.com\/avatar\/6aa0bbdc2764d6dabb18e0075a849c5887b5f3f2c39e3b19384bfd22e55dba7c?s=96&d=mm&r=g","contentUrl":"https:\/\/secure.gravatar.com\/avatar\/6aa0bbdc2764d6dabb18e0075a849c5887b5f3f2c39e3b19384bfd22e55dba7c?s=96&d=mm&r=g","caption":"Comunicaci\u00f3n Sistema UNIVA"},"url":"https:\/\/www.univa.mx\/agora\/author\/gustavo\/"}]}},"_links":{"self":[{"href":"https:\/\/www.univa.mx\/agora\/wp-json\/wp\/v2\/posts\/4465","targetHints":{"allow":["GET"]}}],"collection":[{"href":"https:\/\/www.univa.mx\/agora\/wp-json\/wp\/v2\/posts"}],"about":[{"href":"https:\/\/www.univa.mx\/agora\/wp-json\/wp\/v2\/types\/post"}],"author":[{"embeddable":true,"href":"https:\/\/www.univa.mx\/agora\/wp-json\/wp\/v2\/users\/40"}],"replies":[{"embeddable":true,"href":"https:\/\/www.univa.mx\/agora\/wp-json\/wp\/v2\/comments?post=4465"}],"version-history":[{"count":1,"href":"https:\/\/www.univa.mx\/agora\/wp-json\/wp\/v2\/posts\/4465\/revisions"}],"predecessor-version":[{"id":4466,"href":"https:\/\/www.univa.mx\/agora\/wp-json\/wp\/v2\/posts\/4465\/revisions\/4466"}],"wp:featuredmedia":[{"embeddable":true,"href":"https:\/\/www.univa.mx\/agora\/wp-json\/wp\/v2\/media\/4283"}],"wp:attachment":[{"href":"https:\/\/www.univa.mx\/agora\/wp-json\/wp\/v2\/media?parent=4465"}],"wp:term":[{"taxonomy":"category","embeddable":true,"href":"https:\/\/www.univa.mx\/agora\/wp-json\/wp\/v2\/categories?post=4465"},{"taxonomy":"post_tag","embeddable":true,"href":"https:\/\/www.univa.mx\/agora\/wp-json\/wp\/v2\/tags?post=4465"}],"curies":[{"name":"wp","href":"https:\/\/api.w.org\/{rel}","templated":true}]}}