{"id":4463,"date":"2025-01-10T09:47:22","date_gmt":"2025-01-10T15:47:22","guid":{"rendered":"https:\/\/www.univa.mx\/agora\/?p=4463"},"modified":"2025-01-10T09:47:22","modified_gmt":"2025-01-10T15:47:22","slug":"cop29-retos-y-desafios-en-un-mundo-turbulento","status":"publish","type":"post","link":"https:\/\/www.univa.mx\/agora\/cop29-retos-y-desafios-en-un-mundo-turbulento\/","title":{"rendered":"COP29: retos y desaf\u00edos en un mundo turbulento"},"content":{"rendered":"<p><em><strong>Dr. Francisco Navarrete Ba\u00e9z \u00b7 Docente Investigador UNIVA Guadalajara<\/strong><\/em><\/p>\n<p><span data-contrast=\"auto\">En el contexto de un mundo marcado por turbulencias pol\u00edticas, econ\u00f3micas y sociales, del 11 al 22 de noviembre de este a\u00f1o se llev\u00f3 a cabo la COP29, la Conferencia de las Naciones Unidas sobre el Cambio Clim\u00e1tico, en Bak\u00fa, Azerbaiy\u00e1n. Esta edici\u00f3n, conocida como COP29 (por \u201cConference of Parties\u201d y su 29\u00aa edici\u00f3n), contin\u00faa una tradici\u00f3n iniciada en 1995 en Berl\u00edn, Alemania, con hitos como la COP16 en Canc\u00fan, M\u00e9xico. Estas conferencias nacen de los compromisos adquiridos desde 1992 en torno al cambio clim\u00e1tico y los Objetivos de Desarrollo Sostenible (ODS) establecidos en 2015.<\/span><span data-ccp-props=\"{&quot;201341983&quot;:0,&quot;335551550&quot;:6,&quot;335551620&quot;:6,&quot;335559740&quot;:360}\">\u00a0<\/span><\/p>\n<p><b><span data-contrast=\"auto\">Un foro decisivo en tiempos cr\u00edticos<\/span><\/b><span data-ccp-props=\"{&quot;201341983&quot;:0,&quot;335551550&quot;:6,&quot;335551620&quot;:6,&quot;335559740&quot;:360}\">\u00a0<\/span><\/p>\n<p><span data-contrast=\"auto\">La COP es un espacio multilateral donde se toman decisiones clave para enfrentar la crisis clim\u00e1tica que afecta a todo el planeta. Sus metas incluyen limitar el aumento de la temperatura global a no m\u00e1s de 1.5\u00b0C, apoyar a las comunidades m\u00e1s vulnerables frente a los impactos clim\u00e1ticos y alcanzar cero emisiones netas para el a\u00f1o 2050.<\/span><span data-ccp-props=\"{&quot;201341983&quot;:0,&quot;335551550&quot;:6,&quot;335551620&quot;:6,&quot;335559740&quot;:360}\">\u00a0<\/span><\/p>\n<p><span data-contrast=\"auto\">En un panorama global caracterizado por cambios de gobierno en pa\u00edses como M\u00e9xico, Estados Unidos y Alemania, as\u00ed como por conflictos armados como la guerra entre Rusia y Ucrania, el enfrentamiento entre Israel y Hamas, y otras crisis en Asia y \u00c1frica, la COP29 se centr\u00f3 en consolidar compromisos previos y abordar nuevos desaf\u00edos.<\/span><span data-ccp-props=\"{&quot;201341983&quot;:0,&quot;335551550&quot;:6,&quot;335551620&quot;:6,&quot;335559740&quot;:360}\">\u00a0<\/span><\/p>\n<p><b><span data-contrast=\"auto\">Prioridades y logros de la COP29<\/span><\/b><span data-ccp-props=\"{&quot;201341983&quot;:0,&quot;335551550&quot;:6,&quot;335551620&quot;:6,&quot;335559740&quot;:360}\">\u00a0<\/span><\/p>\n<p><span data-contrast=\"auto\">Uno de los puntos centrales de esta edici\u00f3n fue la financiaci\u00f3n clim\u00e1tica. Retomando un objetivo planteado en la COP28 en Dub\u00e1i, se busc\u00f3 garantizar recursos econ\u00f3micos para que todas las naciones puedan implementar las medidas acordadas, especialmente aquellas con menos recursos y mayor vulnerabilidad. Se lograron compromisos de 300 mil millones de d\u00f3lares anuales hasta 2035, aunque esta cifra est\u00e1 lejos del bill\u00f3n inicialmente solicitado. Sin financiamiento suficiente, los avances quedan limitados, a pesar de las mejores intenciones.<\/span><span data-ccp-props=\"{&quot;201341983&quot;:0,&quot;335551550&quot;:6,&quot;335551620&quot;:6,&quot;335559740&quot;:360}\">\u00a0<\/span><\/p>\n<p><span data-contrast=\"auto\">Otro progreso significativo se dio en los mercados de carbono. Este sistema permite a organizaciones y pa\u00edses comercializar certificados de emisiones, incentivando proyectos que reduzcan gases de efecto invernadero. Adem\u00e1s, se acord\u00f3 mayor transparencia en los reportes de emisiones por naci\u00f3n, lo que busca garantizar un seguimiento m\u00e1s objetivo y equitativo.<\/span><span data-ccp-props=\"{&quot;201341983&quot;:0,&quot;335551550&quot;:6,&quot;335551620&quot;:6,&quot;335559740&quot;:360}\">\u00a0<\/span><\/p>\n<p><span data-contrast=\"auto\">La COP29 tambi\u00e9n incluy\u00f3 un enfoque en equidad de g\u00e9nero, infancia, juventud y participaci\u00f3n de la sociedad civil. Asimismo, se destac\u00f3 el papel del sector privado, tradicionalmente rezagado en su compromiso clim\u00e1tico. Este aspecto ser\u00e1 evaluado en la COP30, que se llevar\u00e1 a cabo en Bel\u00e9m, Brasil, en 2025.<\/span><span data-ccp-props=\"{&quot;201341983&quot;:0,&quot;335551550&quot;:6,&quot;335551620&quot;:6,&quot;335559740&quot;:360}\">\u00a0<\/span><\/p>\n<p><b><span data-contrast=\"auto\">Contexto pol\u00edtico y econ\u00f3mico<\/span><\/b><span data-ccp-props=\"{&quot;201341983&quot;:0,&quot;335551550&quot;:6,&quot;335551620&quot;:6,&quot;335559740&quot;:360}\">\u00a0<\/span><\/p>\n<p><span data-contrast=\"auto\">Resulta parad\u00f3jico que las dos \u00faltimas ediciones de la COP se hayan celebrado en pa\u00edses cuya econom\u00eda depende en gran medida del petr\u00f3leo y el gas, como Emiratos \u00c1rabes Unidos y Azerbaiy\u00e1n. A esto se suma la postura de pa\u00edses como Brasil, que, pese a su tradici\u00f3n ambientalista, ha optado por retrasar su transici\u00f3n energ\u00e9tica para mantener el crecimiento econ\u00f3mico.<\/span><span data-ccp-props=\"{&quot;201341983&quot;:0,&quot;335551550&quot;:6,&quot;335551620&quot;:6,&quot;335559740&quot;:360}\">\u00a0<\/span><\/p>\n<p><span data-contrast=\"auto\">En el caso de Estados Unidos, la posible llegada de Donald Trump a la presidencia genera incertidumbre, dada su postura esc\u00e9ptica frente al cambio clim\u00e1tico. Por otro lado, China, siendo uno de los mayores emisores per c\u00e1pita de gases de efecto invernadero, enfrenta presi\u00f3n para asumir un rol de donador de fondos en lugar de receptor, dadas sus vastas capacidades econ\u00f3micas.<\/span><span data-ccp-props=\"{&quot;201341983&quot;:0,&quot;335551550&quot;:6,&quot;335551620&quot;:6,&quot;335559740&quot;:360}\">\u00a0<\/span><\/p>\n<p><b><span data-contrast=\"auto\">Reflexi\u00f3n final<\/span><\/b><span data-ccp-props=\"{&quot;201341983&quot;:0,&quot;335551550&quot;:6,&quot;335551620&quot;:6,&quot;335559740&quot;:360}\">\u00a0<\/span><\/p>\n<p><span data-contrast=\"auto\">A pesar de los logros obtenidos, queda por ver cu\u00e1nto de lo acordado en la COP29 se materializar\u00e1 en acciones concretas y resultados tangibles. El seguimiento en los pr\u00f3ximos meses ser\u00e1 crucial, especialmente en un contexto global tan incierto.<\/span><span data-ccp-props=\"{&quot;201341983&quot;:0,&quot;335551550&quot;:6,&quot;335551620&quot;:6,&quot;335559740&quot;:360}\">\u00a0<\/span><\/p>\n<p><span data-ccp-props=\"{&quot;201341983&quot;:0,&quot;335551550&quot;:6,&quot;335551620&quot;:6,&quot;335559740&quot;:360}\">\u00a0<\/span><span data-contrast=\"auto\">El \u00e9xito de estas iniciativas no solo afecta a las generaciones presentes, sino que define el futuro de toda la humanidad. Por ello, es imperativo mantener el enfoque en la implementaci\u00f3n y resultados de estos acuerdos clim\u00e1ticos.<\/span><span data-ccp-props=\"{&quot;201341983&quot;:0,&quot;335551550&quot;:6,&quot;335551620&quot;:6,&quot;335559740&quot;:360}\">\u00a0<\/span><\/p>\n","protected":false},"excerpt":{"rendered":"<p>Dr. Francisco Navarrete Ba\u00e9z \u00b7&#8230;<\/p>\n","protected":false},"author":40,"featured_media":4213,"comment_status":"closed","ping_status":"closed","sticky":false,"template":"","format":"standard","meta":{"footnotes":""},"categories":[6,17],"tags":[],"class_list":["post-4463","post","type-post","status-publish","format-standard","has-post-thumbnail","category-lideres-de-opinion","category-voces-univa"],"yoast_head":"<!-- This site is optimized with the Yoast SEO plugin v28.0 - https:\/\/yoast.com\/product\/yoast-seo-wordpress\/ -->\n<title>COP29: retos y desaf\u00edos en un mundo turbulento - \u00c1gora<\/title>\n<meta name=\"description\" content=\"En el contexto de un mundo marcado por turbulencias pol\u00edticas, econ\u00f3micas y sociales, del 11 al 22 de noviembre de este a\u00f1o se llev\u00f3 a cabo la COP29, la Conferencia de las Naciones Unidas sobre el Cambio Clim\u00e1tico, en Bak\u00fa, Azerbaiy\u00e1n.\" \/>\n<meta name=\"robots\" content=\"index, follow, max-snippet:-1, max-image-preview:large, max-video-preview:-1\" \/>\n<link rel=\"canonical\" href=\"https:\/\/www.univa.mx\/agora\/cop29-retos-y-desafios-en-un-mundo-turbulento\/\" \/>\n<meta property=\"og:locale\" content=\"es_ES\" \/>\n<meta property=\"og:type\" content=\"article\" \/>\n<meta property=\"og:title\" content=\"COP29: retos y desaf\u00edos en un mundo turbulento - \u00c1gora\" \/>\n<meta property=\"og:description\" content=\"En el contexto de un mundo marcado por turbulencias pol\u00edticas, econ\u00f3micas y sociales, del 11 al 22 de noviembre de este a\u00f1o se llev\u00f3 a cabo la COP29, la Conferencia de las Naciones Unidas sobre el Cambio Clim\u00e1tico, en Bak\u00fa, Azerbaiy\u00e1n.\" \/>\n<meta property=\"og:url\" content=\"https:\/\/www.univa.mx\/agora\/cop29-retos-y-desafios-en-un-mundo-turbulento\/\" \/>\n<meta property=\"og:site_name\" content=\"\u00c1gora\" \/>\n<meta property=\"article:published_time\" content=\"2025-01-10T15:47:22+00:00\" \/>\n<meta property=\"og:image\" content=\"https:\/\/www.univa.mx\/agora\/wp-content\/uploads\/sites\/14\/2024\/09\/Francisco-Navarrete-1.gif\" \/>\n\t<meta property=\"og:image:width\" content=\"1280\" \/>\n\t<meta property=\"og:image:height\" content=\"720\" \/>\n\t<meta property=\"og:image:type\" content=\"image\/gif\" \/>\n<meta name=\"author\" content=\"Comunicaci\u00f3n Sistema UNIVA\" \/>\n<meta name=\"twitter:card\" content=\"summary_large_image\" \/>\n<meta name=\"twitter:label1\" content=\"Escrito por\" \/>\n\t<meta name=\"twitter:data1\" content=\"Comunicaci\u00f3n Sistema UNIVA\" \/>\n\t<meta name=\"twitter:label2\" content=\"Tiempo de lectura\" \/>\n\t<meta name=\"twitter:data2\" content=\"1 minuto\" \/>\n<script type=\"application\/ld+json\" class=\"yoast-schema-graph\">{\"@context\":\"https:\\\/\\\/schema.org\",\"@graph\":[{\"@type\":\"Article\",\"@id\":\"https:\\\/\\\/www.univa.mx\\\/agora\\\/cop29-retos-y-desafios-en-un-mundo-turbulento\\\/#article\",\"isPartOf\":{\"@id\":\"https:\\\/\\\/www.univa.mx\\\/agora\\\/cop29-retos-y-desafios-en-un-mundo-turbulento\\\/\"},\"author\":{\"name\":\"Comunicaci\u00f3n Sistema UNIVA\",\"@id\":\"https:\\\/\\\/www.univa.mx\\\/agora\\\/#\\\/schema\\\/person\\\/698af210c9a2ad5b61255af506d223e3\"},\"headline\":\"COP29: retos y desaf\u00edos en un mundo turbulento\",\"datePublished\":\"2025-01-10T15:47:22+00:00\",\"mainEntityOfPage\":{\"@id\":\"https:\\\/\\\/www.univa.mx\\\/agora\\\/cop29-retos-y-desafios-en-un-mundo-turbulento\\\/\"},\"wordCount\":667,\"image\":{\"@id\":\"https:\\\/\\\/www.univa.mx\\\/agora\\\/cop29-retos-y-desafios-en-un-mundo-turbulento\\\/#primaryimage\"},\"thumbnailUrl\":\"https:\\\/\\\/www.univa.mx\\\/agora\\\/wp-content\\\/uploads\\\/sites\\\/14\\\/2024\\\/09\\\/Francisco-Navarrete-1.gif\",\"articleSection\":[\"L\u00edderes de Opini\u00f3n\",\"Voces UNIVA\"],\"inLanguage\":\"es\"},{\"@type\":\"WebPage\",\"@id\":\"https:\\\/\\\/www.univa.mx\\\/agora\\\/cop29-retos-y-desafios-en-un-mundo-turbulento\\\/\",\"url\":\"https:\\\/\\\/www.univa.mx\\\/agora\\\/cop29-retos-y-desafios-en-un-mundo-turbulento\\\/\",\"name\":\"COP29: retos y desaf\u00edos en un mundo turbulento - \u00c1gora\",\"isPartOf\":{\"@id\":\"https:\\\/\\\/www.univa.mx\\\/agora\\\/#website\"},\"primaryImageOfPage\":{\"@id\":\"https:\\\/\\\/www.univa.mx\\\/agora\\\/cop29-retos-y-desafios-en-un-mundo-turbulento\\\/#primaryimage\"},\"image\":{\"@id\":\"https:\\\/\\\/www.univa.mx\\\/agora\\\/cop29-retos-y-desafios-en-un-mundo-turbulento\\\/#primaryimage\"},\"thumbnailUrl\":\"https:\\\/\\\/www.univa.mx\\\/agora\\\/wp-content\\\/uploads\\\/sites\\\/14\\\/2024\\\/09\\\/Francisco-Navarrete-1.gif\",\"datePublished\":\"2025-01-10T15:47:22+00:00\",\"author\":{\"@id\":\"https:\\\/\\\/www.univa.mx\\\/agora\\\/#\\\/schema\\\/person\\\/698af210c9a2ad5b61255af506d223e3\"},\"description\":\"En el contexto de un mundo marcado por turbulencias pol\u00edticas, econ\u00f3micas y sociales, del 11 al 22 de noviembre de este a\u00f1o se llev\u00f3 a cabo la COP29, la Conferencia de las Naciones Unidas sobre el Cambio Clim\u00e1tico, en Bak\u00fa, Azerbaiy\u00e1n.\",\"breadcrumb\":{\"@id\":\"https:\\\/\\\/www.univa.mx\\\/agora\\\/cop29-retos-y-desafios-en-un-mundo-turbulento\\\/#breadcrumb\"},\"inLanguage\":\"es\",\"potentialAction\":[{\"@type\":\"ReadAction\",\"target\":[\"https:\\\/\\\/www.univa.mx\\\/agora\\\/cop29-retos-y-desafios-en-un-mundo-turbulento\\\/\"]}]},{\"@type\":\"ImageObject\",\"inLanguage\":\"es\",\"@id\":\"https:\\\/\\\/www.univa.mx\\\/agora\\\/cop29-retos-y-desafios-en-un-mundo-turbulento\\\/#primaryimage\",\"url\":\"https:\\\/\\\/www.univa.mx\\\/agora\\\/wp-content\\\/uploads\\\/sites\\\/14\\\/2024\\\/09\\\/Francisco-Navarrete-1.gif\",\"contentUrl\":\"https:\\\/\\\/www.univa.mx\\\/agora\\\/wp-content\\\/uploads\\\/sites\\\/14\\\/2024\\\/09\\\/Francisco-Navarrete-1.gif\",\"width\":1280,\"height\":720},{\"@type\":\"BreadcrumbList\",\"@id\":\"https:\\\/\\\/www.univa.mx\\\/agora\\\/cop29-retos-y-desafios-en-un-mundo-turbulento\\\/#breadcrumb\",\"itemListElement\":[{\"@type\":\"ListItem\",\"position\":1,\"name\":\"Portada\",\"item\":\"https:\\\/\\\/www.univa.mx\\\/agora\\\/\"},{\"@type\":\"ListItem\",\"position\":2,\"name\":\"COP29: retos y desaf\u00edos en un mundo turbulento\"}]},{\"@type\":\"WebSite\",\"@id\":\"https:\\\/\\\/www.univa.mx\\\/agora\\\/#website\",\"url\":\"https:\\\/\\\/www.univa.mx\\\/agora\\\/\",\"name\":\"\u00c1gora\",\"description\":\"\",\"potentialAction\":[{\"@type\":\"SearchAction\",\"target\":{\"@type\":\"EntryPoint\",\"urlTemplate\":\"https:\\\/\\\/www.univa.mx\\\/agora\\\/?s={search_term_string}\"},\"query-input\":{\"@type\":\"PropertyValueSpecification\",\"valueRequired\":true,\"valueName\":\"search_term_string\"}}],\"inLanguage\":\"es\"},{\"@type\":\"Person\",\"@id\":\"https:\\\/\\\/www.univa.mx\\\/agora\\\/#\\\/schema\\\/person\\\/698af210c9a2ad5b61255af506d223e3\",\"name\":\"Comunicaci\u00f3n Sistema UNIVA\",\"image\":{\"@type\":\"ImageObject\",\"inLanguage\":\"es\",\"@id\":\"https:\\\/\\\/secure.gravatar.com\\\/avatar\\\/6aa0bbdc2764d6dabb18e0075a849c5887b5f3f2c39e3b19384bfd22e55dba7c?s=96&d=mm&r=g\",\"url\":\"https:\\\/\\\/secure.gravatar.com\\\/avatar\\\/6aa0bbdc2764d6dabb18e0075a849c5887b5f3f2c39e3b19384bfd22e55dba7c?s=96&d=mm&r=g\",\"contentUrl\":\"https:\\\/\\\/secure.gravatar.com\\\/avatar\\\/6aa0bbdc2764d6dabb18e0075a849c5887b5f3f2c39e3b19384bfd22e55dba7c?s=96&d=mm&r=g\",\"caption\":\"Comunicaci\u00f3n Sistema UNIVA\"},\"url\":\"https:\\\/\\\/www.univa.mx\\\/agora\\\/author\\\/gustavo\\\/\"}]}<\/script>\n<!-- \/ Yoast SEO plugin. -->","yoast_head_json":{"title":"COP29: retos y desaf\u00edos en un mundo turbulento - \u00c1gora","description":"En el contexto de un mundo marcado por turbulencias pol\u00edticas, econ\u00f3micas y sociales, del 11 al 22 de noviembre de este a\u00f1o se llev\u00f3 a cabo la COP29, la Conferencia de las Naciones Unidas sobre el Cambio Clim\u00e1tico, en Bak\u00fa, Azerbaiy\u00e1n.","robots":{"index":"index","follow":"follow","max-snippet":"max-snippet:-1","max-image-preview":"max-image-preview:large","max-video-preview":"max-video-preview:-1"},"canonical":"https:\/\/www.univa.mx\/agora\/cop29-retos-y-desafios-en-un-mundo-turbulento\/","og_locale":"es_ES","og_type":"article","og_title":"COP29: retos y desaf\u00edos en un mundo turbulento - \u00c1gora","og_description":"En el contexto de un mundo marcado por turbulencias pol\u00edticas, econ\u00f3micas y sociales, del 11 al 22 de noviembre de este a\u00f1o se llev\u00f3 a cabo la COP29, la Conferencia de las Naciones Unidas sobre el Cambio Clim\u00e1tico, en Bak\u00fa, Azerbaiy\u00e1n.","og_url":"https:\/\/www.univa.mx\/agora\/cop29-retos-y-desafios-en-un-mundo-turbulento\/","og_site_name":"\u00c1gora","article_published_time":"2025-01-10T15:47:22+00:00","og_image":[{"width":1280,"height":720,"url":"https:\/\/www.univa.mx\/agora\/wp-content\/uploads\/sites\/14\/2024\/09\/Francisco-Navarrete-1.gif","type":"image\/gif"}],"author":"Comunicaci\u00f3n Sistema UNIVA","twitter_card":"summary_large_image","twitter_misc":{"Escrito por":"Comunicaci\u00f3n Sistema UNIVA","Tiempo de lectura":"1 minuto"},"schema":{"@context":"https:\/\/schema.org","@graph":[{"@type":"Article","@id":"https:\/\/www.univa.mx\/agora\/cop29-retos-y-desafios-en-un-mundo-turbulento\/#article","isPartOf":{"@id":"https:\/\/www.univa.mx\/agora\/cop29-retos-y-desafios-en-un-mundo-turbulento\/"},"author":{"name":"Comunicaci\u00f3n Sistema UNIVA","@id":"https:\/\/www.univa.mx\/agora\/#\/schema\/person\/698af210c9a2ad5b61255af506d223e3"},"headline":"COP29: retos y desaf\u00edos en un mundo turbulento","datePublished":"2025-01-10T15:47:22+00:00","mainEntityOfPage":{"@id":"https:\/\/www.univa.mx\/agora\/cop29-retos-y-desafios-en-un-mundo-turbulento\/"},"wordCount":667,"image":{"@id":"https:\/\/www.univa.mx\/agora\/cop29-retos-y-desafios-en-un-mundo-turbulento\/#primaryimage"},"thumbnailUrl":"https:\/\/www.univa.mx\/agora\/wp-content\/uploads\/sites\/14\/2024\/09\/Francisco-Navarrete-1.gif","articleSection":["L\u00edderes de Opini\u00f3n","Voces UNIVA"],"inLanguage":"es"},{"@type":"WebPage","@id":"https:\/\/www.univa.mx\/agora\/cop29-retos-y-desafios-en-un-mundo-turbulento\/","url":"https:\/\/www.univa.mx\/agora\/cop29-retos-y-desafios-en-un-mundo-turbulento\/","name":"COP29: retos y desaf\u00edos en un mundo turbulento - \u00c1gora","isPartOf":{"@id":"https:\/\/www.univa.mx\/agora\/#website"},"primaryImageOfPage":{"@id":"https:\/\/www.univa.mx\/agora\/cop29-retos-y-desafios-en-un-mundo-turbulento\/#primaryimage"},"image":{"@id":"https:\/\/www.univa.mx\/agora\/cop29-retos-y-desafios-en-un-mundo-turbulento\/#primaryimage"},"thumbnailUrl":"https:\/\/www.univa.mx\/agora\/wp-content\/uploads\/sites\/14\/2024\/09\/Francisco-Navarrete-1.gif","datePublished":"2025-01-10T15:47:22+00:00","author":{"@id":"https:\/\/www.univa.mx\/agora\/#\/schema\/person\/698af210c9a2ad5b61255af506d223e3"},"description":"En el contexto de un mundo marcado por turbulencias pol\u00edticas, econ\u00f3micas y sociales, del 11 al 22 de noviembre de este a\u00f1o se llev\u00f3 a cabo la COP29, la Conferencia de las Naciones Unidas sobre el Cambio Clim\u00e1tico, en Bak\u00fa, Azerbaiy\u00e1n.","breadcrumb":{"@id":"https:\/\/www.univa.mx\/agora\/cop29-retos-y-desafios-en-un-mundo-turbulento\/#breadcrumb"},"inLanguage":"es","potentialAction":[{"@type":"ReadAction","target":["https:\/\/www.univa.mx\/agora\/cop29-retos-y-desafios-en-un-mundo-turbulento\/"]}]},{"@type":"ImageObject","inLanguage":"es","@id":"https:\/\/www.univa.mx\/agora\/cop29-retos-y-desafios-en-un-mundo-turbulento\/#primaryimage","url":"https:\/\/www.univa.mx\/agora\/wp-content\/uploads\/sites\/14\/2024\/09\/Francisco-Navarrete-1.gif","contentUrl":"https:\/\/www.univa.mx\/agora\/wp-content\/uploads\/sites\/14\/2024\/09\/Francisco-Navarrete-1.gif","width":1280,"height":720},{"@type":"BreadcrumbList","@id":"https:\/\/www.univa.mx\/agora\/cop29-retos-y-desafios-en-un-mundo-turbulento\/#breadcrumb","itemListElement":[{"@type":"ListItem","position":1,"name":"Portada","item":"https:\/\/www.univa.mx\/agora\/"},{"@type":"ListItem","position":2,"name":"COP29: retos y desaf\u00edos en un mundo turbulento"}]},{"@type":"WebSite","@id":"https:\/\/www.univa.mx\/agora\/#website","url":"https:\/\/www.univa.mx\/agora\/","name":"\u00c1gora","description":"","potentialAction":[{"@type":"SearchAction","target":{"@type":"EntryPoint","urlTemplate":"https:\/\/www.univa.mx\/agora\/?s={search_term_string}"},"query-input":{"@type":"PropertyValueSpecification","valueRequired":true,"valueName":"search_term_string"}}],"inLanguage":"es"},{"@type":"Person","@id":"https:\/\/www.univa.mx\/agora\/#\/schema\/person\/698af210c9a2ad5b61255af506d223e3","name":"Comunicaci\u00f3n Sistema UNIVA","image":{"@type":"ImageObject","inLanguage":"es","@id":"https:\/\/secure.gravatar.com\/avatar\/6aa0bbdc2764d6dabb18e0075a849c5887b5f3f2c39e3b19384bfd22e55dba7c?s=96&d=mm&r=g","url":"https:\/\/secure.gravatar.com\/avatar\/6aa0bbdc2764d6dabb18e0075a849c5887b5f3f2c39e3b19384bfd22e55dba7c?s=96&d=mm&r=g","contentUrl":"https:\/\/secure.gravatar.com\/avatar\/6aa0bbdc2764d6dabb18e0075a849c5887b5f3f2c39e3b19384bfd22e55dba7c?s=96&d=mm&r=g","caption":"Comunicaci\u00f3n Sistema UNIVA"},"url":"https:\/\/www.univa.mx\/agora\/author\/gustavo\/"}]}},"_links":{"self":[{"href":"https:\/\/www.univa.mx\/agora\/wp-json\/wp\/v2\/posts\/4463","targetHints":{"allow":["GET"]}}],"collection":[{"href":"https:\/\/www.univa.mx\/agora\/wp-json\/wp\/v2\/posts"}],"about":[{"href":"https:\/\/www.univa.mx\/agora\/wp-json\/wp\/v2\/types\/post"}],"author":[{"embeddable":true,"href":"https:\/\/www.univa.mx\/agora\/wp-json\/wp\/v2\/users\/40"}],"replies":[{"embeddable":true,"href":"https:\/\/www.univa.mx\/agora\/wp-json\/wp\/v2\/comments?post=4463"}],"version-history":[{"count":1,"href":"https:\/\/www.univa.mx\/agora\/wp-json\/wp\/v2\/posts\/4463\/revisions"}],"predecessor-version":[{"id":4464,"href":"https:\/\/www.univa.mx\/agora\/wp-json\/wp\/v2\/posts\/4463\/revisions\/4464"}],"wp:featuredmedia":[{"embeddable":true,"href":"https:\/\/www.univa.mx\/agora\/wp-json\/wp\/v2\/media\/4213"}],"wp:attachment":[{"href":"https:\/\/www.univa.mx\/agora\/wp-json\/wp\/v2\/media?parent=4463"}],"wp:term":[{"taxonomy":"category","embeddable":true,"href":"https:\/\/www.univa.mx\/agora\/wp-json\/wp\/v2\/categories?post=4463"},{"taxonomy":"post_tag","embeddable":true,"href":"https:\/\/www.univa.mx\/agora\/wp-json\/wp\/v2\/tags?post=4463"}],"curies":[{"name":"wp","href":"https:\/\/api.w.org\/{rel}","templated":true}]}}